{"id":4249344,"date":"2022-09-24T18:57:15","date_gmt":"2022-09-24T17:57:15","guid":{"rendered":"https:\/\/kapitalis.com\/tunisie\/?p=4249344"},"modified":"2022-09-24T19:00:09","modified_gmt":"2022-09-24T18:00:09","slug":"sousse-arrestation-dune-mere-de-17-ans-apres-le-deces-suspect-de-son-bebe","status":"publish","type":"post","link":"https:\/\/kapitalis.com\/tunisie\/2022\/09\/24\/sousse-arrestation-dune-mere-de-17-ans-apres-le-deces-suspect-de-son-bebe\/","title":{"rendered":"Sousse : Arrestation d&rsquo;une m\u00e8re de 17 ans apr\u00e8s le d\u00e9c\u00e8s suspect de son b\u00e9b\u00e9"},"content":{"rendered":"\n<p><strong><em>Une jeune maman de 17 ans a \u00e9t\u00e9 plac\u00e9e en d\u00e9tention, ce samedi 24 septembre 2022 \u00e0 Sousse, suite au d\u00e9c\u00e8s suspect de son b\u00e9b\u00e9 \u00e2g\u00e9 de 13 mois.<\/em><\/strong><\/p>\n\n\n\n<!--more-->\n\n\n\n<p>C&rsquo;est ce qu&rsquo;a indiqu\u00e9 Moez Ben Abdallah Yousfi porte-parole du tribunal de premi\u00e8re instance de Sousse dans une d\u00e9claration \u00e0 Mosa\u00efque FM, en pr\u00e9cisant que selon les premiers \u00e9l\u00e9ments de l&rsquo;enqu\u00eate ont r\u00e9v\u00e9l\u00e9 que le b\u00e9b\u00e9 a succomb\u00e9 \u00e0 une h\u00e9morragie interne, qui aurait \u00e9t\u00e9 caus\u00e9e par des violences.<\/p>\n\n\n\n<p>La m\u00e8re, suspect\u00e9e d&rsquo;avoir violent\u00e9 son b\u00e9b\u00e9 a ainsi \u00e9t\u00e9 plac\u00e9e en d\u00e9tention, indique encore la m\u00eame source, en pr\u00e9cisant que le p\u00e8re purge, quant \u00e0 lui, d\u00e9j\u00e0 une peine de prison dans une autre affaire li\u00e9e \u00e0 des d\u00e9lits de droits commun.<\/p>\n\n\n\n<p class=\"has-text-align-right\"><strong>Y. N.<\/strong><\/p>\n","protected":false},"excerpt":{"rendered":"<p>Sousse : Arrestation d&rsquo;une m\u00e8re de 17 ans apr\u00e8s le d\u00e9c\u00e8s suspect de son b\u00e9b\u00e9<\/p>\n","protected":false},"author":6,"featured_media":1532114,"comment_status":"open","ping_status":"open","sticky":false,"template":"","format":"standard","meta":{"footnotes":""},"categories":[998,2433],"tags":[103082,3954,64263,95510,854,62643],"class_list":["post-4249344","post","type-post","status-publish","format-standard","has-post-thumbnail","hentry","category-societe","category-tunisie","tag-arrestation-mere","tag-bebe","tag-deces","tag-mort-suspecte","tag-sousse","tag-tunisie"],"yoast_head":"<!-- This site is optimized with the Yoast SEO plugin v26.6 - https:\/\/yoast.com\/wordpress\/plugins\/seo\/ -->\n<title>Sousse : Arrestation d&#039;une m\u00e8re de 17 ans apr\u00e8s le d\u00e9c\u00e8s suspect de son b\u00e9b\u00e9 - Kapitalis<\/title>\n<meta name=\"description\" content=\"Une jeune maman de 17 ans a \u00e9t\u00e9 plac\u00e9e en d\u00e9tention, ce samedi 24 septembre 2022 \u00e0 Sousse, suite au d\u00e9c\u00e8s suspect de son b\u00e9b\u00e9 \u00e2g\u00e9 de 13 mois.\" \/>\n<meta name=\"robots\" content=\"index, follow, max-snippet:-1, max-image-preview:large, max-video-preview:-1\" \/>\n<link rel=\"canonical\" href=\"https:\/\/kapitalis.com\/tunisie\/2022\/09\/24\/sousse-arrestation-dune-mere-de-17-ans-apres-le-deces-suspect-de-son-bebe\/\" \/>\n<meta property=\"og:locale\" content=\"fr_FR\" \/>\n<meta property=\"og:type\" content=\"article\" \/>\n<meta property=\"og:title\" content=\"Sousse : Arrestation d&#039;une m\u00e8re de 17 ans apr\u00e8s le d\u00e9c\u00e8s suspect de son b\u00e9b\u00e9 - Kapitalis\" \/>\n<meta property=\"og:description\" content=\"Une jeune maman de 17 ans a \u00e9t\u00e9 plac\u00e9e en d\u00e9tention, ce samedi 24 septembre 2022 \u00e0 Sousse, suite au d\u00e9c\u00e8s suspect de son b\u00e9b\u00e9 \u00e2g\u00e9 de 13 mois.\" \/>\n<meta property=\"og:url\" content=\"https:\/\/kapitalis.com\/tunisie\/2022\/09\/24\/sousse-arrestation-dune-mere-de-17-ans-apres-le-deces-suspect-de-son-bebe\/\" \/>\n<meta property=\"og:site_name\" content=\"Kapitalis\" \/>\n<meta property=\"article:publisher\" content=\"https:\/\/www.facebook.com\/KapitalisInfo\/\" \/>\n<meta property=\"article:published_time\" content=\"2022-09-24T17:57:15+00:00\" \/>\n<meta property=\"article:modified_time\" content=\"2022-09-24T18:00:09+00:00\" \/>\n<meta property=\"og:image\" content=\"https:\/\/kapitalis.com\/tunisie\/wp-content\/uploads\/2022\/06\/bebe-1.jpg\" \/>\n\t<meta property=\"og:image:width\" content=\"1200\" \/>\n\t<meta property=\"og:image:height\" content=\"630\" \/>\n\t<meta property=\"og:image:type\" content=\"image\/jpeg\" \/>\n<meta name=\"author\" content=\"Yusra NY\" \/>\n<meta name=\"twitter:card\" content=\"summary_large_image\" \/>\n<meta name=\"twitter:creator\" content=\"@KapitalisInfo\" \/>\n<meta name=\"twitter:site\" content=\"@KapitalisInfo\" \/>\n<meta name=\"twitter:label1\" content=\"\u00c9crit par\" \/>\n\t<meta name=\"twitter:data1\" content=\"Yusra NY\" \/>\n\t<meta name=\"twitter:label2\" content=\"Dur\u00e9e de lecture estim\u00e9e\" \/>\n\t<meta name=\"twitter:data2\" content=\"1 minute\" \/>\n<script type=\"application\/ld+json\" class=\"yoast-schema-graph\">{\"@context\":\"https:\/\/schema.org\",\"@graph\":[{\"@type\":\"Article\",\"@id\":\"https:\/\/kapitalis.com\/tunisie\/2022\/09\/24\/sousse-arrestation-dune-mere-de-17-ans-apres-le-deces-suspect-de-son-bebe\/#article\",\"isPartOf\":{\"@id\":\"https:\/\/kapitalis.com\/tunisie\/2022\/09\/24\/sousse-arrestation-dune-mere-de-17-ans-apres-le-deces-suspect-de-son-bebe\/\"},\"author\":{\"name\":\"Yusra NY\",\"@id\":\"https:\/\/kapitalis.com\/tunisie\/#\/schema\/person\/74bbde0154d49d790a92aaeac5bc01d5\"},\"headline\":\"Sousse : Arrestation d&rsquo;une m\u00e8re de 17 ans apr\u00e8s le d\u00e9c\u00e8s suspect de son b\u00e9b\u00e9\",\"datePublished\":\"2022-09-24T17:57:15+00:00\",\"dateModified\":\"2022-09-24T18:00:09+00:00\",\"mainEntityOfPage\":{\"@id\":\"https:\/\/kapitalis.com\/tunisie\/2022\/09\/24\/sousse-arrestation-dune-mere-de-17-ans-apres-le-deces-suspect-de-son-bebe\/\"},\"wordCount\":159,\"commentCount\":0,\"publisher\":{\"@id\":\"https:\/\/kapitalis.com\/tunisie\/#organization\"},\"image\":{\"@id\":\"https:\/\/kapitalis.com\/tunisie\/2022\/09\/24\/sousse-arrestation-dune-mere-de-17-ans-apres-le-deces-suspect-de-son-bebe\/#primaryimage\"},\"thumbnailUrl\":\"https:\/\/kapitalis.com\/tunisie\/wp-content\/uploads\/2022\/06\/bebe-1.jpg\",\"keywords\":[\"arrestation m\u00e8re\",\"b\u00e9b\u00e9\",\"d\u00e9c\u00e8s\",\"mort suspecte\",\"Sousse\",\"Tunisie\"],\"articleSection\":[\"SOCIETE\",\"Tunisie\"],\"inLanguage\":\"fr-FR\",\"potentialAction\":[{\"@type\":\"CommentAction\",\"name\":\"Comment\",\"target\":[\"https:\/\/kapitalis.com\/tunisie\/2022\/09\/24\/sousse-arrestation-dune-mere-de-17-ans-apres-le-deces-suspect-de-son-bebe\/#respond\"]}]},{\"@type\":\"WebPage\",\"@id\":\"https:\/\/kapitalis.com\/tunisie\/2022\/09\/24\/sousse-arrestation-dune-mere-de-17-ans-apres-le-deces-suspect-de-son-bebe\/\",\"url\":\"https:\/\/kapitalis.com\/tunisie\/2022\/09\/24\/sousse-arrestation-dune-mere-de-17-ans-apres-le-deces-suspect-de-son-bebe\/\",\"name\":\"Sousse : Arrestation d'une m\u00e8re de 17 ans apr\u00e8s le d\u00e9c\u00e8s suspect de son b\u00e9b\u00e9 - Kapitalis\",\"isPartOf\":{\"@id\":\"https:\/\/kapitalis.com\/tunisie\/#website\"},\"primaryImageOfPage\":{\"@id\":\"https:\/\/kapitalis.com\/tunisie\/2022\/09\/24\/sousse-arrestation-dune-mere-de-17-ans-apres-le-deces-suspect-de-son-bebe\/#primaryimage\"},\"image\":{\"@id\":\"https:\/\/kapitalis.com\/tunisie\/2022\/09\/24\/sousse-arrestation-dune-mere-de-17-ans-apres-le-deces-suspect-de-son-bebe\/#primaryimage\"},\"thumbnailUrl\":\"https:\/\/kapitalis.com\/tunisie\/wp-content\/uploads\/2022\/06\/bebe-1.jpg\",\"datePublished\":\"2022-09-24T17:57:15+00:00\",\"dateModified\":\"2022-09-24T18:00:09+00:00\",\"description\":\"Une jeune maman de 17 ans a \u00e9t\u00e9 plac\u00e9e en d\u00e9tention, ce samedi 24 septembre 2022 \u00e0 Sousse, suite au d\u00e9c\u00e8s suspect de son b\u00e9b\u00e9 \u00e2g\u00e9 de 13 mois.\",\"breadcrumb\":{\"@id\":\"https:\/\/kapitalis.com\/tunisie\/2022\/09\/24\/sousse-arrestation-dune-mere-de-17-ans-apres-le-deces-suspect-de-son-bebe\/#breadcrumb\"},\"inLanguage\":\"fr-FR\",\"potentialAction\":[{\"@type\":\"ReadAction\",\"target\":[\"https:\/\/kapitalis.com\/tunisie\/2022\/09\/24\/sousse-arrestation-dune-mere-de-17-ans-apres-le-deces-suspect-de-son-bebe\/\"]}]},{\"@type\":\"ImageObject\",\"inLanguage\":\"fr-FR\",\"@id\":\"https:\/\/kapitalis.com\/tunisie\/2022\/09\/24\/sousse-arrestation-dune-mere-de-17-ans-apres-le-deces-suspect-de-son-bebe\/#primaryimage\",\"url\":\"https:\/\/kapitalis.com\/tunisie\/wp-content\/uploads\/2022\/06\/bebe-1.jpg\",\"contentUrl\":\"https:\/\/kapitalis.com\/tunisie\/wp-content\/uploads\/2022\/06\/bebe-1.jpg\",\"width\":1200,\"height\":630},{\"@type\":\"BreadcrumbList\",\"@id\":\"https:\/\/kapitalis.com\/tunisie\/2022\/09\/24\/sousse-arrestation-dune-mere-de-17-ans-apres-le-deces-suspect-de-son-bebe\/#breadcrumb\",\"itemListElement\":[{\"@type\":\"ListItem\",\"position\":1,\"name\":\"Accueil\",\"item\":\"https:\/\/kapitalis.com\/tunisie\/\"},{\"@type\":\"ListItem\",\"position\":2,\"name\":\"Sousse : Arrestation d&rsquo;une m\u00e8re de 17 ans apr\u00e8s le d\u00e9c\u00e8s suspect de son b\u00e9b\u00e9\"}]},{\"@type\":\"WebSite\",\"@id\":\"https:\/\/kapitalis.com\/tunisie\/#website\",\"url\":\"https:\/\/kapitalis.com\/tunisie\/\",\"name\":\"Kapitalis\",\"description\":\"L&#039;actualit\u00e9 en Tunisie et dans le monde\",\"publisher\":{\"@id\":\"https:\/\/kapitalis.com\/tunisie\/#organization\"},\"potentialAction\":[{\"@type\":\"SearchAction\",\"target\":{\"@type\":\"EntryPoint\",\"urlTemplate\":\"https:\/\/kapitalis.com\/tunisie\/?s={search_term_string}\"},\"query-input\":{\"@type\":\"PropertyValueSpecification\",\"valueRequired\":true,\"valueName\":\"search_term_string\"}}],\"inLanguage\":\"fr-FR\"},{\"@type\":\"Organization\",\"@id\":\"https:\/\/kapitalis.com\/tunisie\/#organization\",\"name\":\"Kapitalis\",\"url\":\"https:\/\/kapitalis.com\/tunisie\/\",\"logo\":{\"@type\":\"ImageObject\",\"inLanguage\":\"fr-FR\",\"@id\":\"https:\/\/kapitalis.com\/tunisie\/#\/schema\/logo\/image\/\",\"url\":\"https:\/\/kapitalis.com\/tunisie\/wp-content\/uploads\/2022\/05\/Kapitalis-big-size.png\",\"contentUrl\":\"https:\/\/kapitalis.com\/tunisie\/wp-content\/uploads\/2022\/05\/Kapitalis-big-size.png\",\"width\":5000,\"height\":1500,\"caption\":\"Kapitalis\"},\"image\":{\"@id\":\"https:\/\/kapitalis.com\/tunisie\/#\/schema\/logo\/image\/\"},\"sameAs\":[\"https:\/\/www.facebook.com\/KapitalisInfo\/\",\"https:\/\/x.com\/KapitalisInfo\",\"https:\/\/www.youtube.com\/channel\/UC-yDYrHyfFBWWZaOw3FPg9Q\"]},{\"@type\":\"Person\",\"@id\":\"https:\/\/kapitalis.com\/tunisie\/#\/schema\/person\/74bbde0154d49d790a92aaeac5bc01d5\",\"name\":\"Yusra NY\",\"url\":\"https:\/\/kapitalis.com\/tunisie\/author\/yuza_adam\/\"}]}<\/script>\n<!-- \/ Yoast SEO plugin. -->","yoast_head_json":{"title":"Sousse : Arrestation d'une m\u00e8re de 17 ans apr\u00e8s le d\u00e9c\u00e8s suspect de son b\u00e9b\u00e9 - Kapitalis","description":"Une jeune maman de 17 ans a \u00e9t\u00e9 plac\u00e9e en d\u00e9tention, ce samedi 24 septembre 2022 \u00e0 Sousse, suite au d\u00e9c\u00e8s suspect de son b\u00e9b\u00e9 \u00e2g\u00e9 de 13 mois.","robots":{"index":"index","follow":"follow","max-snippet":"max-snippet:-1","max-image-preview":"max-image-preview:large","max-video-preview":"max-video-preview:-1"},"canonical":"https:\/\/kapitalis.com\/tunisie\/2022\/09\/24\/sousse-arrestation-dune-mere-de-17-ans-apres-le-deces-suspect-de-son-bebe\/","og_locale":"fr_FR","og_type":"article","og_title":"Sousse : Arrestation d'une m\u00e8re de 17 ans apr\u00e8s le d\u00e9c\u00e8s suspect de son b\u00e9b\u00e9 - Kapitalis","og_description":"Une jeune maman de 17 ans a \u00e9t\u00e9 plac\u00e9e en d\u00e9tention, ce samedi 24 septembre 2022 \u00e0 Sousse, suite au d\u00e9c\u00e8s suspect de son b\u00e9b\u00e9 \u00e2g\u00e9 de 13 mois.","og_url":"https:\/\/kapitalis.com\/tunisie\/2022\/09\/24\/sousse-arrestation-dune-mere-de-17-ans-apres-le-deces-suspect-de-son-bebe\/","og_site_name":"Kapitalis","article_publisher":"https:\/\/www.facebook.com\/KapitalisInfo\/","article_published_time":"2022-09-24T17:57:15+00:00","article_modified_time":"2022-09-24T18:00:09+00:00","og_image":[{"width":1200,"height":630,"url":"https:\/\/kapitalis.com\/tunisie\/wp-content\/uploads\/2022\/06\/bebe-1.jpg","type":"image\/jpeg"}],"author":"Yusra NY","twitter_card":"summary_large_image","twitter_creator":"@KapitalisInfo","twitter_site":"@KapitalisInfo","twitter_misc":{"\u00c9crit par":"Yusra NY","Dur\u00e9e de lecture estim\u00e9e":"1 minute"},"schema":{"@context":"https:\/\/schema.org","@graph":[{"@type":"Article","@id":"https:\/\/kapitalis.com\/tunisie\/2022\/09\/24\/sousse-arrestation-dune-mere-de-17-ans-apres-le-deces-suspect-de-son-bebe\/#article","isPartOf":{"@id":"https:\/\/kapitalis.com\/tunisie\/2022\/09\/24\/sousse-arrestation-dune-mere-de-17-ans-apres-le-deces-suspect-de-son-bebe\/"},"author":{"name":"Yusra NY","@id":"https:\/\/kapitalis.com\/tunisie\/#\/schema\/person\/74bbde0154d49d790a92aaeac5bc01d5"},"headline":"Sousse : Arrestation d&rsquo;une m\u00e8re de 17 ans apr\u00e8s le d\u00e9c\u00e8s suspect de son b\u00e9b\u00e9","datePublished":"2022-09-24T17:57:15+00:00","dateModified":"2022-09-24T18:00:09+00:00","mainEntityOfPage":{"@id":"https:\/\/kapitalis.com\/tunisie\/2022\/09\/24\/sousse-arrestation-dune-mere-de-17-ans-apres-le-deces-suspect-de-son-bebe\/"},"wordCount":159,"commentCount":0,"publisher":{"@id":"https:\/\/kapitalis.com\/tunisie\/#organization"},"image":{"@id":"https:\/\/kapitalis.com\/tunisie\/2022\/09\/24\/sousse-arrestation-dune-mere-de-17-ans-apres-le-deces-suspect-de-son-bebe\/#primaryimage"},"thumbnailUrl":"https:\/\/kapitalis.com\/tunisie\/wp-content\/uploads\/2022\/06\/bebe-1.jpg","keywords":["arrestation m\u00e8re","b\u00e9b\u00e9","d\u00e9c\u00e8s","mort suspecte","Sousse","Tunisie"],"articleSection":["SOCIETE","Tunisie"],"inLanguage":"fr-FR","potentialAction":[{"@type":"CommentAction","name":"Comment","target":["https:\/\/kapitalis.com\/tunisie\/2022\/09\/24\/sousse-arrestation-dune-mere-de-17-ans-apres-le-deces-suspect-de-son-bebe\/#respond"]}]},{"@type":"WebPage","@id":"https:\/\/kapitalis.com\/tunisie\/2022\/09\/24\/sousse-arrestation-dune-mere-de-17-ans-apres-le-deces-suspect-de-son-bebe\/","url":"https:\/\/kapitalis.com\/tunisie\/2022\/09\/24\/sousse-arrestation-dune-mere-de-17-ans-apres-le-deces-suspect-de-son-bebe\/","name":"Sousse : Arrestation d'une m\u00e8re de 17 ans apr\u00e8s le d\u00e9c\u00e8s suspect de son b\u00e9b\u00e9 - Kapitalis","isPartOf":{"@id":"https:\/\/kapitalis.com\/tunisie\/#website"},"primaryImageOfPage":{"@id":"https:\/\/kapitalis.com\/tunisie\/2022\/09\/24\/sousse-arrestation-dune-mere-de-17-ans-apres-le-deces-suspect-de-son-bebe\/#primaryimage"},"image":{"@id":"https:\/\/kapitalis.com\/tunisie\/2022\/09\/24\/sousse-arrestation-dune-mere-de-17-ans-apres-le-deces-suspect-de-son-bebe\/#primaryimage"},"thumbnailUrl":"https:\/\/kapitalis.com\/tunisie\/wp-content\/uploads\/2022\/06\/bebe-1.jpg","datePublished":"2022-09-24T17:57:15+00:00","dateModified":"2022-09-24T18:00:09+00:00","description":"Une jeune maman de 17 ans a \u00e9t\u00e9 plac\u00e9e en d\u00e9tention, ce samedi 24 septembre 2022 \u00e0 Sousse, suite au d\u00e9c\u00e8s suspect de son b\u00e9b\u00e9 \u00e2g\u00e9 de 13 mois.","breadcrumb":{"@id":"https:\/\/kapitalis.com\/tunisie\/2022\/09\/24\/sousse-arrestation-dune-mere-de-17-ans-apres-le-deces-suspect-de-son-bebe\/#breadcrumb"},"inLanguage":"fr-FR","potentialAction":[{"@type":"ReadAction","target":["https:\/\/kapitalis.com\/tunisie\/2022\/09\/24\/sousse-arrestation-dune-mere-de-17-ans-apres-le-deces-suspect-de-son-bebe\/"]}]},{"@type":"ImageObject","inLanguage":"fr-FR","@id":"https:\/\/kapitalis.com\/tunisie\/2022\/09\/24\/sousse-arrestation-dune-mere-de-17-ans-apres-le-deces-suspect-de-son-bebe\/#primaryimage","url":"https:\/\/kapitalis.com\/tunisie\/wp-content\/uploads\/2022\/06\/bebe-1.jpg","contentUrl":"https:\/\/kapitalis.com\/tunisie\/wp-content\/uploads\/2022\/06\/bebe-1.jpg","width":1200,"height":630},{"@type":"BreadcrumbList","@id":"https:\/\/kapitalis.com\/tunisie\/2022\/09\/24\/sousse-arrestation-dune-mere-de-17-ans-apres-le-deces-suspect-de-son-bebe\/#breadcrumb","itemListElement":[{"@type":"ListItem","position":1,"name":"Accueil","item":"https:\/\/kapitalis.com\/tunisie\/"},{"@type":"ListItem","position":2,"name":"Sousse : Arrestation d&rsquo;une m\u00e8re de 17 ans apr\u00e8s le d\u00e9c\u00e8s suspect de son b\u00e9b\u00e9"}]},{"@type":"WebSite","@id":"https:\/\/kapitalis.com\/tunisie\/#website","url":"https:\/\/kapitalis.com\/tunisie\/","name":"Kapitalis","description":"L&#039;actualit\u00e9 en Tunisie et dans le monde","publisher":{"@id":"https:\/\/kapitalis.com\/tunisie\/#organization"},"potentialAction":[{"@type":"SearchAction","target":{"@type":"EntryPoint","urlTemplate":"https:\/\/kapitalis.com\/tunisie\/?s={search_term_string}"},"query-input":{"@type":"PropertyValueSpecification","valueRequired":true,"valueName":"search_term_string"}}],"inLanguage":"fr-FR"},{"@type":"Organization","@id":"https:\/\/kapitalis.com\/tunisie\/#organization","name":"Kapitalis","url":"https:\/\/kapitalis.com\/tunisie\/","logo":{"@type":"ImageObject","inLanguage":"fr-FR","@id":"https:\/\/kapitalis.com\/tunisie\/#\/schema\/logo\/image\/","url":"https:\/\/kapitalis.com\/tunisie\/wp-content\/uploads\/2022\/05\/Kapitalis-big-size.png","contentUrl":"https:\/\/kapitalis.com\/tunisie\/wp-content\/uploads\/2022\/05\/Kapitalis-big-size.png","width":5000,"height":1500,"caption":"Kapitalis"},"image":{"@id":"https:\/\/kapitalis.com\/tunisie\/#\/schema\/logo\/image\/"},"sameAs":["https:\/\/www.facebook.com\/KapitalisInfo\/","https:\/\/x.com\/KapitalisInfo","https:\/\/www.youtube.com\/channel\/UC-yDYrHyfFBWWZaOw3FPg9Q"]},{"@type":"Person","@id":"https:\/\/kapitalis.com\/tunisie\/#\/schema\/person\/74bbde0154d49d790a92aaeac5bc01d5","name":"Yusra NY","url":"https:\/\/kapitalis.com\/tunisie\/author\/yuza_adam\/"}]}},"_links":{"self":[{"href":"https:\/\/kapitalis.com\/tunisie\/wp-json\/wp\/v2\/posts\/4249344","targetHints":{"allow":["GET"]}}],"collection":[{"href":"https:\/\/kapitalis.com\/tunisie\/wp-json\/wp\/v2\/posts"}],"about":[{"href":"https:\/\/kapitalis.com\/tunisie\/wp-json\/wp\/v2\/types\/post"}],"author":[{"embeddable":true,"href":"https:\/\/kapitalis.com\/tunisie\/wp-json\/wp\/v2\/users\/6"}],"replies":[{"embeddable":true,"href":"https:\/\/kapitalis.com\/tunisie\/wp-json\/wp\/v2\/comments?post=4249344"}],"version-history":[{"count":0,"href":"https:\/\/kapitalis.com\/tunisie\/wp-json\/wp\/v2\/posts\/4249344\/revisions"}],"wp:featuredmedia":[{"embeddable":true,"href":"https:\/\/kapitalis.com\/tunisie\/wp-json\/wp\/v2\/media\/1532114"}],"wp:attachment":[{"href":"https:\/\/kapitalis.com\/tunisie\/wp-json\/wp\/v2\/media?parent=4249344"}],"wp:term":[{"taxonomy":"category","embeddable":true,"href":"https:\/\/kapitalis.com\/tunisie\/wp-json\/wp\/v2\/categories?post=4249344"},{"taxonomy":"post_tag","embeddable":true,"href":"https:\/\/kapitalis.com\/tunisie\/wp-json\/wp\/v2\/tags?post=4249344"}],"curies":[{"name":"wp","href":"https:\/\/api.w.org\/{rel}","templated":true}]}}