{"id":4253962,"date":"2022-09-24T22:52:54","date_gmt":"2022-09-24T21:52:54","guid":{"rendered":"https:\/\/kapitalis.com\/tunisie\/?p=4253962"},"modified":"2022-09-24T22:55:24","modified_gmt":"2022-09-24T21:55:24","slug":"suicide-dun-vendeur-ambulant-a-mornag-precisions-du-ministere-de-linterieur","status":"publish","type":"post","link":"https:\/\/kapitalis.com\/tunisie\/2022\/09\/24\/suicide-dun-vendeur-ambulant-a-mornag-precisions-du-ministere-de-linterieur\/","title":{"rendered":"Suicide d&rsquo;un vendeur ambulant \u00e0 Mornag : Pr\u00e9cisions du minist\u00e8re de l&rsquo;Int\u00e9rieur"},"content":{"rendered":"\n<p><strong><em>Le minist\u00e8re de l\u2019Int\u00e9rieur a publi\u00e9 un communiqu\u00e9, dans la soir\u00e9e de ce samedi 24 septembre 2022, pour apporter des pr\u00e9cisions sur le drame de Mornag, o\u00f9 un vendeur ambulant de 25 ans s&rsquo;est suicid\u00e9 par pendaison, ce jour.<\/em><\/strong><\/p>\n\n\n\n<!--more-->\n\n\n\n<p>Selon la version du minist\u00e8re de l\u2019Int\u00e9rieur, la police a re\u00e7u un appel vers 11h, suite \u00e0 la d\u00e9couverte du corps pendu du jeune homme, chez lui \u00e0 la cit\u00e9 les jardins, \u00e0 Mornag (Ben Arous), ajoutant que le Parquet a autoris\u00e9 l&rsquo;ouverture d\u2019une enqu\u00eate pour \u00abmort suspecte\u00bb.<\/p>\n\n\n\n<p>D&rsquo;autre part, le minist\u00e8re a affirm\u00e9 que \u00ab<em>contrairement \u00e0 ce qui a \u00e9t\u00e9 diffus\u00e9 sur les r\u00e9seaux sociaux sur les circonstances et les raisons du suicide du d\u00e9funt, les investigations pr\u00e9liminaires ont r\u00e9v\u00e9l\u00e9, \u00e0 travers des auditions de t\u00e9moins, que ce dernier vivait de graves conflits familiaux\u00bb<\/em>, lit-on dans le communiqu\u00e9.<\/p>\n\n\n\n<p>Le d\u00e9partement de l&rsquo;Int\u00e9rieur est \u00e9galement revenu sur l&rsquo;affaire de la saisie, en affirmant que celle-ci remonte \u00e0 jeudi dernier et non pas aujourd&rsquo;hui, ajoutant que le concern\u00e9 avait install\u00e9 son \u00e9talage anarchique en dehors du march\u00e9 municipal de Mornag :<em> \u00abdans le cadre de l&rsquo;application de la d\u00e9cision municipale pour emp\u00eacher les \u00e9talages anarchiques, la police municipale avait saisi la balance \u00e9lectronique, en lui demandant de r\u00e9gulariser sa situation aupr\u00e8s des services municipaux\u00bb.<\/em><\/p>\n\n\n\n<p>La m\u00eame source a fait savoir que l&rsquo;enqu\u00eate se poursuit pour d\u00e9finir les circonstances exacte de ce drame qui a co\u00fbt\u00e9 la vie au jeune Mohamed Amine.<\/p>\n\n\n\n<p class=\"has-text-align-right\"><strong>Y. N.<\/strong><\/p>\n\n\n\n<figure class=\"wp-block-embed is-type-wp-embed is-provider-kapitalis wp-block-embed-kapitalis\"><div class=\"wp-block-embed__wrapper\">\n<blockquote class=\"wp-embedded-content\" data-secret=\"wSPgoufLIf\"><a href=\"https:\/\/kapitalis.com\/tunisie\/2022\/09\/24\/drame-a-mornag-un-vendeur-ambulant-se-suicide-apres-la-saisie-de-sa-marchandise-par-la-municipalite\/\">Drame \u00e0 Mornag : Un vendeur ambulant se suicide apr\u00e8s la saisie de sa marchandise par la municipalit\u00e9<\/a><\/blockquote><iframe loading=\"lazy\" class=\"wp-embedded-content\" sandbox=\"allow-scripts\" security=\"restricted\" style=\"position: absolute; clip: rect(1px, 1px, 1px, 1px);\" title=\"\u00ab\u00a0Drame \u00e0 Mornag : Un vendeur ambulant se suicide apr\u00e8s la saisie de sa marchandise par la municipalit\u00e9\u00a0\u00bb &#8212; Kapitalis\" src=\"https:\/\/kapitalis.com\/tunisie\/2022\/09\/24\/drame-a-mornag-un-vendeur-ambulant-se-suicide-apres-la-saisie-de-sa-marchandise-par-la-municipalite\/embed\/#?secret=V4ECCaeyAZ#?secret=wSPgoufLIf\" data-secret=\"wSPgoufLIf\" width=\"600\" height=\"338\" frameborder=\"0\" marginwidth=\"0\" marginheight=\"0\" scrolling=\"no\"><\/iframe>\n<\/div><\/figure>\n","protected":false},"excerpt":{"rendered":"<p>Suicide d&rsquo;un vendeur ambulant \u00e0 Mornag : Pr\u00e9cisions du minist\u00e8re de l&rsquo;Int\u00e9rieur<\/p>\n","protected":false},"author":6,"featured_media":4254022,"comment_status":"open","ping_status":"open","sticky":false,"template":"","format":"standard","meta":{"footnotes":""},"categories":[998,2433],"tags":[325,2614,1551,95510,865,62643,10401],"class_list":["post-4253962","post","type-post","status-publish","format-standard","has-post-thumbnail","hentry","category-societe","category-tunisie","tag-enquete","tag-marche","tag-mornag","tag-mort-suspecte","tag-suicide","tag-tunisie","tag-vendeur-ambulant"],"yoast_head":"<!-- This site is optimized with the Yoast SEO plugin v26.6 - https:\/\/yoast.com\/wordpress\/plugins\/seo\/ -->\n<title>Suicide d&#039;un vendeur ambulant \u00e0 Mornag : Pr\u00e9cisions du minist\u00e8re de l&#039;Int\u00e9rieur - Kapitalis<\/title>\n<meta name=\"description\" content=\"Le minist\u00e8re de l\u2019Int\u00e9rieur a publi\u00e9 un communiqu\u00e9, dans la soir\u00e9e de ce samedi 24 septembre 2022, pour apporter des pr\u00e9cisions sur l\u2019affaire de Mornag, o\u00f9 un vendeur ambulant de 25 ans s&#039;est suicid\u00e9 par pendaison, ce jours.\" \/>\n<meta name=\"robots\" content=\"index, follow, max-snippet:-1, max-image-preview:large, max-video-preview:-1\" \/>\n<link rel=\"canonical\" href=\"https:\/\/kapitalis.com\/tunisie\/2022\/09\/24\/suicide-dun-vendeur-ambulant-a-mornag-precisions-du-ministere-de-linterieur\/\" \/>\n<meta property=\"og:locale\" content=\"fr_FR\" \/>\n<meta property=\"og:type\" content=\"article\" \/>\n<meta property=\"og:title\" content=\"Suicide d&#039;un vendeur ambulant \u00e0 Mornag : Pr\u00e9cisions du minist\u00e8re de l&#039;Int\u00e9rieur - Kapitalis\" \/>\n<meta property=\"og:description\" content=\"Le minist\u00e8re de l\u2019Int\u00e9rieur a publi\u00e9 un communiqu\u00e9, dans la soir\u00e9e de ce samedi 24 septembre 2022, pour apporter des pr\u00e9cisions sur l\u2019affaire de Mornag, o\u00f9 un vendeur ambulant de 25 ans s&#039;est suicid\u00e9 par pendaison, ce jours.\" \/>\n<meta property=\"og:url\" content=\"https:\/\/kapitalis.com\/tunisie\/2022\/09\/24\/suicide-dun-vendeur-ambulant-a-mornag-precisions-du-ministere-de-linterieur\/\" \/>\n<meta property=\"og:site_name\" content=\"Kapitalis\" \/>\n<meta property=\"article:publisher\" content=\"https:\/\/www.facebook.com\/KapitalisInfo\/\" \/>\n<meta property=\"article:published_time\" content=\"2022-09-24T21:52:54+00:00\" \/>\n<meta property=\"article:modified_time\" content=\"2022-09-24T21:55:24+00:00\" \/>\n<meta property=\"og:image\" content=\"https:\/\/kapitalis.com\/tunisie\/wp-content\/uploads\/2022\/09\/suicide-Mornag-Ministere-Interieur.jpg\" \/>\n\t<meta property=\"og:image:width\" content=\"1200\" \/>\n\t<meta property=\"og:image:height\" content=\"630\" \/>\n\t<meta property=\"og:image:type\" content=\"image\/jpeg\" \/>\n<meta name=\"author\" content=\"Yusra NY\" \/>\n<meta name=\"twitter:card\" content=\"summary_large_image\" \/>\n<meta name=\"twitter:creator\" content=\"@KapitalisInfo\" \/>\n<meta name=\"twitter:site\" content=\"@KapitalisInfo\" \/>\n<meta name=\"twitter:label1\" content=\"\u00c9crit par\" \/>\n\t<meta name=\"twitter:data1\" content=\"Yusra NY\" \/>\n\t<meta name=\"twitter:label2\" content=\"Dur\u00e9e de lecture estim\u00e9e\" \/>\n\t<meta name=\"twitter:data2\" content=\"2 minutes\" \/>\n<script type=\"application\/ld+json\" class=\"yoast-schema-graph\">{\"@context\":\"https:\/\/schema.org\",\"@graph\":[{\"@type\":\"Article\",\"@id\":\"https:\/\/kapitalis.com\/tunisie\/2022\/09\/24\/suicide-dun-vendeur-ambulant-a-mornag-precisions-du-ministere-de-linterieur\/#article\",\"isPartOf\":{\"@id\":\"https:\/\/kapitalis.com\/tunisie\/2022\/09\/24\/suicide-dun-vendeur-ambulant-a-mornag-precisions-du-ministere-de-linterieur\/\"},\"author\":{\"name\":\"Yusra NY\",\"@id\":\"https:\/\/kapitalis.com\/tunisie\/#\/schema\/person\/74bbde0154d49d790a92aaeac5bc01d5\"},\"headline\":\"Suicide d&rsquo;un vendeur ambulant \u00e0 Mornag : Pr\u00e9cisions du minist\u00e8re de l&rsquo;Int\u00e9rieur\",\"datePublished\":\"2022-09-24T21:52:54+00:00\",\"dateModified\":\"2022-09-24T21:55:24+00:00\",\"mainEntityOfPage\":{\"@id\":\"https:\/\/kapitalis.com\/tunisie\/2022\/09\/24\/suicide-dun-vendeur-ambulant-a-mornag-precisions-du-ministere-de-linterieur\/\"},\"wordCount\":278,\"commentCount\":0,\"publisher\":{\"@id\":\"https:\/\/kapitalis.com\/tunisie\/#organization\"},\"image\":{\"@id\":\"https:\/\/kapitalis.com\/tunisie\/2022\/09\/24\/suicide-dun-vendeur-ambulant-a-mornag-precisions-du-ministere-de-linterieur\/#primaryimage\"},\"thumbnailUrl\":\"https:\/\/kapitalis.com\/tunisie\/wp-content\/uploads\/2022\/09\/suicide-Mornag-Ministere-Interieur.jpg\",\"keywords\":[\"enqu\u00eate\",\"march\u00e9\",\"Mornag\",\"mort suspecte\",\"suicide\",\"Tunisie\",\"vendeur ambulant\"],\"articleSection\":[\"SOCIETE\",\"Tunisie\"],\"inLanguage\":\"fr-FR\",\"potentialAction\":[{\"@type\":\"CommentAction\",\"name\":\"Comment\",\"target\":[\"https:\/\/kapitalis.com\/tunisie\/2022\/09\/24\/suicide-dun-vendeur-ambulant-a-mornag-precisions-du-ministere-de-linterieur\/#respond\"]}]},{\"@type\":\"WebPage\",\"@id\":\"https:\/\/kapitalis.com\/tunisie\/2022\/09\/24\/suicide-dun-vendeur-ambulant-a-mornag-precisions-du-ministere-de-linterieur\/\",\"url\":\"https:\/\/kapitalis.com\/tunisie\/2022\/09\/24\/suicide-dun-vendeur-ambulant-a-mornag-precisions-du-ministere-de-linterieur\/\",\"name\":\"Suicide d'un vendeur ambulant \u00e0 Mornag : Pr\u00e9cisions du minist\u00e8re de l'Int\u00e9rieur - Kapitalis\",\"isPartOf\":{\"@id\":\"https:\/\/kapitalis.com\/tunisie\/#website\"},\"primaryImageOfPage\":{\"@id\":\"https:\/\/kapitalis.com\/tunisie\/2022\/09\/24\/suicide-dun-vendeur-ambulant-a-mornag-precisions-du-ministere-de-linterieur\/#primaryimage\"},\"image\":{\"@id\":\"https:\/\/kapitalis.com\/tunisie\/2022\/09\/24\/suicide-dun-vendeur-ambulant-a-mornag-precisions-du-ministere-de-linterieur\/#primaryimage\"},\"thumbnailUrl\":\"https:\/\/kapitalis.com\/tunisie\/wp-content\/uploads\/2022\/09\/suicide-Mornag-Ministere-Interieur.jpg\",\"datePublished\":\"2022-09-24T21:52:54+00:00\",\"dateModified\":\"2022-09-24T21:55:24+00:00\",\"description\":\"Le minist\u00e8re de l\u2019Int\u00e9rieur a publi\u00e9 un communiqu\u00e9, dans la soir\u00e9e de ce samedi 24 septembre 2022, pour apporter des pr\u00e9cisions sur l\u2019affaire de Mornag, o\u00f9 un vendeur ambulant de 25 ans s'est suicid\u00e9 par pendaison, ce jours.\",\"breadcrumb\":{\"@id\":\"https:\/\/kapitalis.com\/tunisie\/2022\/09\/24\/suicide-dun-vendeur-ambulant-a-mornag-precisions-du-ministere-de-linterieur\/#breadcrumb\"},\"inLanguage\":\"fr-FR\",\"potentialAction\":[{\"@type\":\"ReadAction\",\"target\":[\"https:\/\/kapitalis.com\/tunisie\/2022\/09\/24\/suicide-dun-vendeur-ambulant-a-mornag-precisions-du-ministere-de-linterieur\/\"]}]},{\"@type\":\"ImageObject\",\"inLanguage\":\"fr-FR\",\"@id\":\"https:\/\/kapitalis.com\/tunisie\/2022\/09\/24\/suicide-dun-vendeur-ambulant-a-mornag-precisions-du-ministere-de-linterieur\/#primaryimage\",\"url\":\"https:\/\/kapitalis.com\/tunisie\/wp-content\/uploads\/2022\/09\/suicide-Mornag-Ministere-Interieur.jpg\",\"contentUrl\":\"https:\/\/kapitalis.com\/tunisie\/wp-content\/uploads\/2022\/09\/suicide-Mornag-Ministere-Interieur.jpg\",\"width\":1200,\"height\":630},{\"@type\":\"BreadcrumbList\",\"@id\":\"https:\/\/kapitalis.com\/tunisie\/2022\/09\/24\/suicide-dun-vendeur-ambulant-a-mornag-precisions-du-ministere-de-linterieur\/#breadcrumb\",\"itemListElement\":[{\"@type\":\"ListItem\",\"position\":1,\"name\":\"Accueil\",\"item\":\"https:\/\/kapitalis.com\/tunisie\/\"},{\"@type\":\"ListItem\",\"position\":2,\"name\":\"Suicide d&rsquo;un vendeur ambulant \u00e0 Mornag : Pr\u00e9cisions du minist\u00e8re de l&rsquo;Int\u00e9rieur\"}]},{\"@type\":\"WebSite\",\"@id\":\"https:\/\/kapitalis.com\/tunisie\/#website\",\"url\":\"https:\/\/kapitalis.com\/tunisie\/\",\"name\":\"Kapitalis\",\"description\":\"L&#039;actualit\u00e9 en Tunisie et dans le monde\",\"publisher\":{\"@id\":\"https:\/\/kapitalis.com\/tunisie\/#organization\"},\"potentialAction\":[{\"@type\":\"SearchAction\",\"target\":{\"@type\":\"EntryPoint\",\"urlTemplate\":\"https:\/\/kapitalis.com\/tunisie\/?s={search_term_string}\"},\"query-input\":{\"@type\":\"PropertyValueSpecification\",\"valueRequired\":true,\"valueName\":\"search_term_string\"}}],\"inLanguage\":\"fr-FR\"},{\"@type\":\"Organization\",\"@id\":\"https:\/\/kapitalis.com\/tunisie\/#organization\",\"name\":\"Kapitalis\",\"url\":\"https:\/\/kapitalis.com\/tunisie\/\",\"logo\":{\"@type\":\"ImageObject\",\"inLanguage\":\"fr-FR\",\"@id\":\"https:\/\/kapitalis.com\/tunisie\/#\/schema\/logo\/image\/\",\"url\":\"https:\/\/kapitalis.com\/tunisie\/wp-content\/uploads\/2022\/05\/Kapitalis-big-size.png\",\"contentUrl\":\"https:\/\/kapitalis.com\/tunisie\/wp-content\/uploads\/2022\/05\/Kapitalis-big-size.png\",\"width\":5000,\"height\":1500,\"caption\":\"Kapitalis\"},\"image\":{\"@id\":\"https:\/\/kapitalis.com\/tunisie\/#\/schema\/logo\/image\/\"},\"sameAs\":[\"https:\/\/www.facebook.com\/KapitalisInfo\/\",\"https:\/\/x.com\/KapitalisInfo\",\"https:\/\/www.youtube.com\/channel\/UC-yDYrHyfFBWWZaOw3FPg9Q\"]},{\"@type\":\"Person\",\"@id\":\"https:\/\/kapitalis.com\/tunisie\/#\/schema\/person\/74bbde0154d49d790a92aaeac5bc01d5\",\"name\":\"Yusra NY\",\"url\":\"https:\/\/kapitalis.com\/tunisie\/author\/yuza_adam\/\"}]}<\/script>\n<!-- \/ Yoast SEO plugin. -->","yoast_head_json":{"title":"Suicide d'un vendeur ambulant \u00e0 Mornag : Pr\u00e9cisions du minist\u00e8re de l'Int\u00e9rieur - Kapitalis","description":"Le minist\u00e8re de l\u2019Int\u00e9rieur a publi\u00e9 un communiqu\u00e9, dans la soir\u00e9e de ce samedi 24 septembre 2022, pour apporter des pr\u00e9cisions sur l\u2019affaire de Mornag, o\u00f9 un vendeur ambulant de 25 ans s'est suicid\u00e9 par pendaison, ce jours.","robots":{"index":"index","follow":"follow","max-snippet":"max-snippet:-1","max-image-preview":"max-image-preview:large","max-video-preview":"max-video-preview:-1"},"canonical":"https:\/\/kapitalis.com\/tunisie\/2022\/09\/24\/suicide-dun-vendeur-ambulant-a-mornag-precisions-du-ministere-de-linterieur\/","og_locale":"fr_FR","og_type":"article","og_title":"Suicide d'un vendeur ambulant \u00e0 Mornag : Pr\u00e9cisions du minist\u00e8re de l'Int\u00e9rieur - Kapitalis","og_description":"Le minist\u00e8re de l\u2019Int\u00e9rieur a publi\u00e9 un communiqu\u00e9, dans la soir\u00e9e de ce samedi 24 septembre 2022, pour apporter des pr\u00e9cisions sur l\u2019affaire de Mornag, o\u00f9 un vendeur ambulant de 25 ans s'est suicid\u00e9 par pendaison, ce jours.","og_url":"https:\/\/kapitalis.com\/tunisie\/2022\/09\/24\/suicide-dun-vendeur-ambulant-a-mornag-precisions-du-ministere-de-linterieur\/","og_site_name":"Kapitalis","article_publisher":"https:\/\/www.facebook.com\/KapitalisInfo\/","article_published_time":"2022-09-24T21:52:54+00:00","article_modified_time":"2022-09-24T21:55:24+00:00","og_image":[{"width":1200,"height":630,"url":"https:\/\/kapitalis.com\/tunisie\/wp-content\/uploads\/2022\/09\/suicide-Mornag-Ministere-Interieur.jpg","type":"image\/jpeg"}],"author":"Yusra NY","twitter_card":"summary_large_image","twitter_creator":"@KapitalisInfo","twitter_site":"@KapitalisInfo","twitter_misc":{"\u00c9crit par":"Yusra NY","Dur\u00e9e de lecture estim\u00e9e":"2 minutes"},"schema":{"@context":"https:\/\/schema.org","@graph":[{"@type":"Article","@id":"https:\/\/kapitalis.com\/tunisie\/2022\/09\/24\/suicide-dun-vendeur-ambulant-a-mornag-precisions-du-ministere-de-linterieur\/#article","isPartOf":{"@id":"https:\/\/kapitalis.com\/tunisie\/2022\/09\/24\/suicide-dun-vendeur-ambulant-a-mornag-precisions-du-ministere-de-linterieur\/"},"author":{"name":"Yusra NY","@id":"https:\/\/kapitalis.com\/tunisie\/#\/schema\/person\/74bbde0154d49d790a92aaeac5bc01d5"},"headline":"Suicide d&rsquo;un vendeur ambulant \u00e0 Mornag : Pr\u00e9cisions du minist\u00e8re de l&rsquo;Int\u00e9rieur","datePublished":"2022-09-24T21:52:54+00:00","dateModified":"2022-09-24T21:55:24+00:00","mainEntityOfPage":{"@id":"https:\/\/kapitalis.com\/tunisie\/2022\/09\/24\/suicide-dun-vendeur-ambulant-a-mornag-precisions-du-ministere-de-linterieur\/"},"wordCount":278,"commentCount":0,"publisher":{"@id":"https:\/\/kapitalis.com\/tunisie\/#organization"},"image":{"@id":"https:\/\/kapitalis.com\/tunisie\/2022\/09\/24\/suicide-dun-vendeur-ambulant-a-mornag-precisions-du-ministere-de-linterieur\/#primaryimage"},"thumbnailUrl":"https:\/\/kapitalis.com\/tunisie\/wp-content\/uploads\/2022\/09\/suicide-Mornag-Ministere-Interieur.jpg","keywords":["enqu\u00eate","march\u00e9","Mornag","mort suspecte","suicide","Tunisie","vendeur ambulant"],"articleSection":["SOCIETE","Tunisie"],"inLanguage":"fr-FR","potentialAction":[{"@type":"CommentAction","name":"Comment","target":["https:\/\/kapitalis.com\/tunisie\/2022\/09\/24\/suicide-dun-vendeur-ambulant-a-mornag-precisions-du-ministere-de-linterieur\/#respond"]}]},{"@type":"WebPage","@id":"https:\/\/kapitalis.com\/tunisie\/2022\/09\/24\/suicide-dun-vendeur-ambulant-a-mornag-precisions-du-ministere-de-linterieur\/","url":"https:\/\/kapitalis.com\/tunisie\/2022\/09\/24\/suicide-dun-vendeur-ambulant-a-mornag-precisions-du-ministere-de-linterieur\/","name":"Suicide d'un vendeur ambulant \u00e0 Mornag : Pr\u00e9cisions du minist\u00e8re de l'Int\u00e9rieur - Kapitalis","isPartOf":{"@id":"https:\/\/kapitalis.com\/tunisie\/#website"},"primaryImageOfPage":{"@id":"https:\/\/kapitalis.com\/tunisie\/2022\/09\/24\/suicide-dun-vendeur-ambulant-a-mornag-precisions-du-ministere-de-linterieur\/#primaryimage"},"image":{"@id":"https:\/\/kapitalis.com\/tunisie\/2022\/09\/24\/suicide-dun-vendeur-ambulant-a-mornag-precisions-du-ministere-de-linterieur\/#primaryimage"},"thumbnailUrl":"https:\/\/kapitalis.com\/tunisie\/wp-content\/uploads\/2022\/09\/suicide-Mornag-Ministere-Interieur.jpg","datePublished":"2022-09-24T21:52:54+00:00","dateModified":"2022-09-24T21:55:24+00:00","description":"Le minist\u00e8re de l\u2019Int\u00e9rieur a publi\u00e9 un communiqu\u00e9, dans la soir\u00e9e de ce samedi 24 septembre 2022, pour apporter des pr\u00e9cisions sur l\u2019affaire de Mornag, o\u00f9 un vendeur ambulant de 25 ans s'est suicid\u00e9 par pendaison, ce jours.","breadcrumb":{"@id":"https:\/\/kapitalis.com\/tunisie\/2022\/09\/24\/suicide-dun-vendeur-ambulant-a-mornag-precisions-du-ministere-de-linterieur\/#breadcrumb"},"inLanguage":"fr-FR","potentialAction":[{"@type":"ReadAction","target":["https:\/\/kapitalis.com\/tunisie\/2022\/09\/24\/suicide-dun-vendeur-ambulant-a-mornag-precisions-du-ministere-de-linterieur\/"]}]},{"@type":"ImageObject","inLanguage":"fr-FR","@id":"https:\/\/kapitalis.com\/tunisie\/2022\/09\/24\/suicide-dun-vendeur-ambulant-a-mornag-precisions-du-ministere-de-linterieur\/#primaryimage","url":"https:\/\/kapitalis.com\/tunisie\/wp-content\/uploads\/2022\/09\/suicide-Mornag-Ministere-Interieur.jpg","contentUrl":"https:\/\/kapitalis.com\/tunisie\/wp-content\/uploads\/2022\/09\/suicide-Mornag-Ministere-Interieur.jpg","width":1200,"height":630},{"@type":"BreadcrumbList","@id":"https:\/\/kapitalis.com\/tunisie\/2022\/09\/24\/suicide-dun-vendeur-ambulant-a-mornag-precisions-du-ministere-de-linterieur\/#breadcrumb","itemListElement":[{"@type":"ListItem","position":1,"name":"Accueil","item":"https:\/\/kapitalis.com\/tunisie\/"},{"@type":"ListItem","position":2,"name":"Suicide d&rsquo;un vendeur ambulant \u00e0 Mornag : Pr\u00e9cisions du minist\u00e8re de l&rsquo;Int\u00e9rieur"}]},{"@type":"WebSite","@id":"https:\/\/kapitalis.com\/tunisie\/#website","url":"https:\/\/kapitalis.com\/tunisie\/","name":"Kapitalis","description":"L&#039;actualit\u00e9 en Tunisie et dans le monde","publisher":{"@id":"https:\/\/kapitalis.com\/tunisie\/#organization"},"potentialAction":[{"@type":"SearchAction","target":{"@type":"EntryPoint","urlTemplate":"https:\/\/kapitalis.com\/tunisie\/?s={search_term_string}"},"query-input":{"@type":"PropertyValueSpecification","valueRequired":true,"valueName":"search_term_string"}}],"inLanguage":"fr-FR"},{"@type":"Organization","@id":"https:\/\/kapitalis.com\/tunisie\/#organization","name":"Kapitalis","url":"https:\/\/kapitalis.com\/tunisie\/","logo":{"@type":"ImageObject","inLanguage":"fr-FR","@id":"https:\/\/kapitalis.com\/tunisie\/#\/schema\/logo\/image\/","url":"https:\/\/kapitalis.com\/tunisie\/wp-content\/uploads\/2022\/05\/Kapitalis-big-size.png","contentUrl":"https:\/\/kapitalis.com\/tunisie\/wp-content\/uploads\/2022\/05\/Kapitalis-big-size.png","width":5000,"height":1500,"caption":"Kapitalis"},"image":{"@id":"https:\/\/kapitalis.com\/tunisie\/#\/schema\/logo\/image\/"},"sameAs":["https:\/\/www.facebook.com\/KapitalisInfo\/","https:\/\/x.com\/KapitalisInfo","https:\/\/www.youtube.com\/channel\/UC-yDYrHyfFBWWZaOw3FPg9Q"]},{"@type":"Person","@id":"https:\/\/kapitalis.com\/tunisie\/#\/schema\/person\/74bbde0154d49d790a92aaeac5bc01d5","name":"Yusra NY","url":"https:\/\/kapitalis.com\/tunisie\/author\/yuza_adam\/"}]}},"_links":{"self":[{"href":"https:\/\/kapitalis.com\/tunisie\/wp-json\/wp\/v2\/posts\/4253962","targetHints":{"allow":["GET"]}}],"collection":[{"href":"https:\/\/kapitalis.com\/tunisie\/wp-json\/wp\/v2\/posts"}],"about":[{"href":"https:\/\/kapitalis.com\/tunisie\/wp-json\/wp\/v2\/types\/post"}],"author":[{"embeddable":true,"href":"https:\/\/kapitalis.com\/tunisie\/wp-json\/wp\/v2\/users\/6"}],"replies":[{"embeddable":true,"href":"https:\/\/kapitalis.com\/tunisie\/wp-json\/wp\/v2\/comments?post=4253962"}],"version-history":[{"count":0,"href":"https:\/\/kapitalis.com\/tunisie\/wp-json\/wp\/v2\/posts\/4253962\/revisions"}],"wp:featuredmedia":[{"embeddable":true,"href":"https:\/\/kapitalis.com\/tunisie\/wp-json\/wp\/v2\/media\/4254022"}],"wp:attachment":[{"href":"https:\/\/kapitalis.com\/tunisie\/wp-json\/wp\/v2\/media?parent=4253962"}],"wp:term":[{"taxonomy":"category","embeddable":true,"href":"https:\/\/kapitalis.com\/tunisie\/wp-json\/wp\/v2\/categories?post=4253962"},{"taxonomy":"post_tag","embeddable":true,"href":"https:\/\/kapitalis.com\/tunisie\/wp-json\/wp\/v2\/tags?post=4253962"}],"curies":[{"name":"wp","href":"https:\/\/api.w.org\/{rel}","templated":true}]}}