{"id":42566,"date":"2016-03-08T08:38:43","date_gmt":"2016-03-08T07:38:43","guid":{"rendered":"http:\/\/kapitalis.com\/tunisie\/?p=42566"},"modified":"2016-03-08T08:38:43","modified_gmt":"2016-03-08T07:38:43","slug":"ben-guerdane-washington-condamne-lattaque-et-propose-son-assistance","status":"publish","type":"post","link":"https:\/\/kapitalis.com\/tunisie\/2016\/03\/08\/ben-guerdane-washington-condamne-lattaque-et-propose-son-assistance\/","title":{"rendered":"Ben Guerdane: Washington condamne l\u2019attaque et propose son assistance"},"content":{"rendered":"<p style=\"text-align: center;\"><img loading=\"lazy\" decoding=\"async\" class=\"alignnone size-full wp-image-24892\" src=\"http:\/\/kapitalis.com\/tunisie\/wp-content\/uploads\/2015\/11\/Tunisie-Etats-Unis.jpg\" alt=\"Tunisie-Etats-Unis\" width=\"626\" height=\"380\" \/><\/p>\n<p style=\"text-align: left;\"><em><strong>Les autorit\u00e9s am\u00e9ricaines ont \u00abcondamn\u00e9 avec force\u00bb les attaques terroristes de Ben Guerdane et offert, une fois de plus, leur aide au gouvernement tunisien.<\/strong><\/em><\/p>\n<p style=\"text-align: left;\"><!--more--><\/p>\n<p style=\"text-align: left;\">Le porte-parole du d\u00e9partement d&rsquo;Etat John Kirby a salu\u00e9 \u00abla r\u00e9ponse rapide et courageuse des forces de s\u00e9curit\u00e9 tunisiennes\u00bb aux attaques terroristes du lundi 7 mars 2016, \u00e0 Ben Guerdane, et r\u00e9affirm\u00e9 <em>\u00abl&rsquo;engagement des Etats-Unis pour la s\u00e9curit\u00e9 de la Tunisie et le partenariat strat\u00e9gique\u00bb<\/em> unissant les deux pays<br \/>\nIl a \u00e9galement d\u00e9clar\u00e9: <em>\u00abNous renouvelons notre offre d&rsquo;aide au gouvernement tunisien, apr\u00e8s l&rsquo;attaque l\u00e2che d&rsquo;aujourd&rsquo;hui.\u00bb<\/em><\/p>\n<p style=\"text-align: left;\">Le 13 novembre dernier, le chef de la diplomatie am\u00e9ricaine John Kerry, en visite en Tunisie, avait r\u00e9it\u00e9r\u00e9 l\u2019appui de l\u2019administration Obama \u00e0 la <em>\u00abstart-up d\u00e9mocratique tunisienne\u00bb<\/em> que Washington a toujours consid\u00e9r\u00e9e comme une <em>\u00abbalise d&rsquo;espoir\u00bb<\/em> pour les soul\u00e8vements du Printemps arabe.<\/p>\n<p style=\"text-align: left;\">De plus, depuis mai 2015, la Tunisie b\u00e9n\u00e9ficie du statut d\u2019<em>\u00aballi\u00e9 majeur non-membre de l&rsquo;Otan\u00bb<\/em>, c\u2019est-\u00e0-dire d\u2019un traitement de faveur qui lui accorde le droit \u00e0 une coop\u00e9ration militaire renforc\u00e9e avec les Etats-Unis.<\/p>\n<p style=\"text-align: left;\">En f\u00e9vrier dernier, un raid de l\u2019aviation am\u00e9ricaine avait pris pour cible un camp d\u2019entra\u00eenement du groupe terroriste de l\u2019Etat islamique (Da\u00each) \u00e0 Sabratha, en Libye, et tu\u00e9 plus d\u2019une quarantaine de combattants tunisiens qui, selon le Pentagone,<em> \u00abpr\u00e9paraient une attaque contre la Tunisie\u2026\u00bb<\/em><\/p>\n<p style=\"text-align: right;\"><strong>Marwan Chahla<\/strong><\/p>\n","protected":false},"excerpt":{"rendered":"<p>Les autorit\u00e9s am\u00e9ricaines ont \u00abcondamn\u00e9 avec force\u00bb les attaques terroristes de Ben Guerdane et offert, une fois de plus, leur aide au gouvernement tunisien.<\/p>\n","protected":false},"author":8,"featured_media":0,"comment_status":"open","ping_status":"open","sticky":false,"template":"","format":"standard","meta":{"footnotes":""},"categories":[997,2433],"tags":[2105,1818,349,3607,2777],"class_list":["post-42566","post","type-post","status-publish","format-standard","hentry","category-politique","category-tunisie","tag-attaques-terroristes","tag-ben-guerdane","tag-etats-unis","tag-partenariat-strategique","tag-sabratha"],"yoast_head":"<!-- This site is optimized with the Yoast SEO plugin v26.6 - https:\/\/yoast.com\/wordpress\/plugins\/seo\/ -->\n<title>Ben Guerdane: Washington condamne l\u2019attaque et propose son assistance - Kapitalis<\/title>\n<meta name=\"robots\" content=\"index, follow, max-snippet:-1, max-image-preview:large, max-video-preview:-1\" \/>\n<link rel=\"canonical\" href=\"https:\/\/kapitalis.com\/tunisie\/2016\/03\/08\/ben-guerdane-washington-condamne-lattaque-et-propose-son-assistance\/\" \/>\n<meta property=\"og:locale\" content=\"fr_FR\" \/>\n<meta property=\"og:type\" content=\"article\" \/>\n<meta property=\"og:title\" content=\"Ben Guerdane: Washington condamne l\u2019attaque et propose son assistance - Kapitalis\" \/>\n<meta property=\"og:description\" content=\"Les autorit\u00e9s am\u00e9ricaines ont \u00abcondamn\u00e9 avec force\u00bb les attaques terroristes de Ben Guerdane et offert, une fois de plus, leur aide au gouvernement tunisien.\" \/>\n<meta property=\"og:url\" content=\"https:\/\/kapitalis.com\/tunisie\/2016\/03\/08\/ben-guerdane-washington-condamne-lattaque-et-propose-son-assistance\/\" \/>\n<meta property=\"og:site_name\" content=\"Kapitalis\" \/>\n<meta property=\"article:publisher\" content=\"https:\/\/www.facebook.com\/KapitalisInfo\/\" \/>\n<meta property=\"article:published_time\" content=\"2016-03-08T07:38:43+00:00\" \/>\n<meta property=\"og:image\" content=\"http:\/\/kapitalis.com\/tunisie\/wp-content\/uploads\/2015\/11\/Tunisie-Etats-Unis.jpg\" \/>\n<meta name=\"author\" content=\"webmaster kapitalis\" \/>\n<meta name=\"twitter:card\" content=\"summary_large_image\" \/>\n<meta name=\"twitter:creator\" content=\"@KapitalisInfo\" \/>\n<meta name=\"twitter:site\" content=\"@KapitalisInfo\" \/>\n<meta name=\"twitter:label1\" content=\"\u00c9crit par\" \/>\n\t<meta name=\"twitter:data1\" content=\"webmaster kapitalis\" \/>\n\t<meta name=\"twitter:label2\" content=\"Dur\u00e9e de lecture estim\u00e9e\" \/>\n\t<meta name=\"twitter:data2\" content=\"1 minute\" \/>\n<script type=\"application\/ld+json\" class=\"yoast-schema-graph\">{\"@context\":\"https:\/\/schema.org\",\"@graph\":[{\"@type\":\"Article\",\"@id\":\"https:\/\/kapitalis.com\/tunisie\/2016\/03\/08\/ben-guerdane-washington-condamne-lattaque-et-propose-son-assistance\/#article\",\"isPartOf\":{\"@id\":\"https:\/\/kapitalis.com\/tunisie\/2016\/03\/08\/ben-guerdane-washington-condamne-lattaque-et-propose-son-assistance\/\"},\"author\":{\"name\":\"webmaster kapitalis\",\"@id\":\"https:\/\/kapitalis.com\/tunisie\/#\/schema\/person\/d71f33a9ca44f7bad4698210b480c8e9\"},\"headline\":\"Ben Guerdane: Washington condamne l\u2019attaque et propose son assistance\",\"datePublished\":\"2016-03-08T07:38:43+00:00\",\"mainEntityOfPage\":{\"@id\":\"https:\/\/kapitalis.com\/tunisie\/2016\/03\/08\/ben-guerdane-washington-condamne-lattaque-et-propose-son-assistance\/\"},\"wordCount\":249,\"commentCount\":11,\"publisher\":{\"@id\":\"https:\/\/kapitalis.com\/tunisie\/#organization\"},\"image\":{\"@id\":\"https:\/\/kapitalis.com\/tunisie\/2016\/03\/08\/ben-guerdane-washington-condamne-lattaque-et-propose-son-assistance\/#primaryimage\"},\"thumbnailUrl\":\"http:\/\/kapitalis.com\/tunisie\/wp-content\/uploads\/2015\/11\/Tunisie-Etats-Unis.jpg\",\"keywords\":[\"attaques terroristes\",\"Ben Guerdane\",\"Etats Unis\",\"partenariat strat\u00e9gique\",\"Sabratha\"],\"articleSection\":[\"POLITIQUE\",\"Tunisie\"],\"inLanguage\":\"fr-FR\",\"potentialAction\":[{\"@type\":\"CommentAction\",\"name\":\"Comment\",\"target\":[\"https:\/\/kapitalis.com\/tunisie\/2016\/03\/08\/ben-guerdane-washington-condamne-lattaque-et-propose-son-assistance\/#respond\"]}]},{\"@type\":\"WebPage\",\"@id\":\"https:\/\/kapitalis.com\/tunisie\/2016\/03\/08\/ben-guerdane-washington-condamne-lattaque-et-propose-son-assistance\/\",\"url\":\"https:\/\/kapitalis.com\/tunisie\/2016\/03\/08\/ben-guerdane-washington-condamne-lattaque-et-propose-son-assistance\/\",\"name\":\"Ben Guerdane: Washington condamne l\u2019attaque et propose son assistance - Kapitalis\",\"isPartOf\":{\"@id\":\"https:\/\/kapitalis.com\/tunisie\/#website\"},\"primaryImageOfPage\":{\"@id\":\"https:\/\/kapitalis.com\/tunisie\/2016\/03\/08\/ben-guerdane-washington-condamne-lattaque-et-propose-son-assistance\/#primaryimage\"},\"image\":{\"@id\":\"https:\/\/kapitalis.com\/tunisie\/2016\/03\/08\/ben-guerdane-washington-condamne-lattaque-et-propose-son-assistance\/#primaryimage\"},\"thumbnailUrl\":\"http:\/\/kapitalis.com\/tunisie\/wp-content\/uploads\/2015\/11\/Tunisie-Etats-Unis.jpg\",\"datePublished\":\"2016-03-08T07:38:43+00:00\",\"breadcrumb\":{\"@id\":\"https:\/\/kapitalis.com\/tunisie\/2016\/03\/08\/ben-guerdane-washington-condamne-lattaque-et-propose-son-assistance\/#breadcrumb\"},\"inLanguage\":\"fr-FR\",\"potentialAction\":[{\"@type\":\"ReadAction\",\"target\":[\"https:\/\/kapitalis.com\/tunisie\/2016\/03\/08\/ben-guerdane-washington-condamne-lattaque-et-propose-son-assistance\/\"]}]},{\"@type\":\"ImageObject\",\"inLanguage\":\"fr-FR\",\"@id\":\"https:\/\/kapitalis.com\/tunisie\/2016\/03\/08\/ben-guerdane-washington-condamne-lattaque-et-propose-son-assistance\/#primaryimage\",\"url\":\"http:\/\/kapitalis.com\/tunisie\/wp-content\/uploads\/2015\/11\/Tunisie-Etats-Unis.jpg\",\"contentUrl\":\"http:\/\/kapitalis.com\/tunisie\/wp-content\/uploads\/2015\/11\/Tunisie-Etats-Unis.jpg\"},{\"@type\":\"BreadcrumbList\",\"@id\":\"https:\/\/kapitalis.com\/tunisie\/2016\/03\/08\/ben-guerdane-washington-condamne-lattaque-et-propose-son-assistance\/#breadcrumb\",\"itemListElement\":[{\"@type\":\"ListItem\",\"position\":1,\"name\":\"Accueil\",\"item\":\"https:\/\/kapitalis.com\/tunisie\/\"},{\"@type\":\"ListItem\",\"position\":2,\"name\":\"Ben Guerdane: Washington condamne l\u2019attaque et propose son assistance\"}]},{\"@type\":\"WebSite\",\"@id\":\"https:\/\/kapitalis.com\/tunisie\/#website\",\"url\":\"https:\/\/kapitalis.com\/tunisie\/\",\"name\":\"Kapitalis\",\"description\":\"L&#039;actualit\u00e9 en Tunisie et dans le monde\",\"publisher\":{\"@id\":\"https:\/\/kapitalis.com\/tunisie\/#organization\"},\"potentialAction\":[{\"@type\":\"SearchAction\",\"target\":{\"@type\":\"EntryPoint\",\"urlTemplate\":\"https:\/\/kapitalis.com\/tunisie\/?s={search_term_string}\"},\"query-input\":{\"@type\":\"PropertyValueSpecification\",\"valueRequired\":true,\"valueName\":\"search_term_string\"}}],\"inLanguage\":\"fr-FR\"},{\"@type\":\"Organization\",\"@id\":\"https:\/\/kapitalis.com\/tunisie\/#organization\",\"name\":\"Kapitalis\",\"url\":\"https:\/\/kapitalis.com\/tunisie\/\",\"logo\":{\"@type\":\"ImageObject\",\"inLanguage\":\"fr-FR\",\"@id\":\"https:\/\/kapitalis.com\/tunisie\/#\/schema\/logo\/image\/\",\"url\":\"https:\/\/kapitalis.com\/tunisie\/wp-content\/uploads\/2022\/05\/Kapitalis-big-size.png\",\"contentUrl\":\"https:\/\/kapitalis.com\/tunisie\/wp-content\/uploads\/2022\/05\/Kapitalis-big-size.png\",\"width\":5000,\"height\":1500,\"caption\":\"Kapitalis\"},\"image\":{\"@id\":\"https:\/\/kapitalis.com\/tunisie\/#\/schema\/logo\/image\/\"},\"sameAs\":[\"https:\/\/www.facebook.com\/KapitalisInfo\/\",\"https:\/\/x.com\/KapitalisInfo\",\"https:\/\/www.youtube.com\/channel\/UC-yDYrHyfFBWWZaOw3FPg9Q\"]},{\"@type\":\"Person\",\"@id\":\"https:\/\/kapitalis.com\/tunisie\/#\/schema\/person\/d71f33a9ca44f7bad4698210b480c8e9\",\"name\":\"webmaster kapitalis\",\"url\":\"https:\/\/kapitalis.com\/tunisie\/author\/webmaster-kapitalis\/\"}]}<\/script>\n<!-- \/ Yoast SEO plugin. -->","yoast_head_json":{"title":"Ben Guerdane: Washington condamne l\u2019attaque et propose son assistance - Kapitalis","robots":{"index":"index","follow":"follow","max-snippet":"max-snippet:-1","max-image-preview":"max-image-preview:large","max-video-preview":"max-video-preview:-1"},"canonical":"https:\/\/kapitalis.com\/tunisie\/2016\/03\/08\/ben-guerdane-washington-condamne-lattaque-et-propose-son-assistance\/","og_locale":"fr_FR","og_type":"article","og_title":"Ben Guerdane: Washington condamne l\u2019attaque et propose son assistance - Kapitalis","og_description":"Les autorit\u00e9s am\u00e9ricaines ont \u00abcondamn\u00e9 avec force\u00bb les attaques terroristes de Ben Guerdane et offert, une fois de plus, leur aide au gouvernement tunisien.","og_url":"https:\/\/kapitalis.com\/tunisie\/2016\/03\/08\/ben-guerdane-washington-condamne-lattaque-et-propose-son-assistance\/","og_site_name":"Kapitalis","article_publisher":"https:\/\/www.facebook.com\/KapitalisInfo\/","article_published_time":"2016-03-08T07:38:43+00:00","og_image":[{"url":"http:\/\/kapitalis.com\/tunisie\/wp-content\/uploads\/2015\/11\/Tunisie-Etats-Unis.jpg","type":"","width":"","height":""}],"author":"webmaster kapitalis","twitter_card":"summary_large_image","twitter_creator":"@KapitalisInfo","twitter_site":"@KapitalisInfo","twitter_misc":{"\u00c9crit par":"webmaster kapitalis","Dur\u00e9e de lecture estim\u00e9e":"1 minute"},"schema":{"@context":"https:\/\/schema.org","@graph":[{"@type":"Article","@id":"https:\/\/kapitalis.com\/tunisie\/2016\/03\/08\/ben-guerdane-washington-condamne-lattaque-et-propose-son-assistance\/#article","isPartOf":{"@id":"https:\/\/kapitalis.com\/tunisie\/2016\/03\/08\/ben-guerdane-washington-condamne-lattaque-et-propose-son-assistance\/"},"author":{"name":"webmaster kapitalis","@id":"https:\/\/kapitalis.com\/tunisie\/#\/schema\/person\/d71f33a9ca44f7bad4698210b480c8e9"},"headline":"Ben Guerdane: Washington condamne l\u2019attaque et propose son assistance","datePublished":"2016-03-08T07:38:43+00:00","mainEntityOfPage":{"@id":"https:\/\/kapitalis.com\/tunisie\/2016\/03\/08\/ben-guerdane-washington-condamne-lattaque-et-propose-son-assistance\/"},"wordCount":249,"commentCount":11,"publisher":{"@id":"https:\/\/kapitalis.com\/tunisie\/#organization"},"image":{"@id":"https:\/\/kapitalis.com\/tunisie\/2016\/03\/08\/ben-guerdane-washington-condamne-lattaque-et-propose-son-assistance\/#primaryimage"},"thumbnailUrl":"http:\/\/kapitalis.com\/tunisie\/wp-content\/uploads\/2015\/11\/Tunisie-Etats-Unis.jpg","keywords":["attaques terroristes","Ben Guerdane","Etats Unis","partenariat strat\u00e9gique","Sabratha"],"articleSection":["POLITIQUE","Tunisie"],"inLanguage":"fr-FR","potentialAction":[{"@type":"CommentAction","name":"Comment","target":["https:\/\/kapitalis.com\/tunisie\/2016\/03\/08\/ben-guerdane-washington-condamne-lattaque-et-propose-son-assistance\/#respond"]}]},{"@type":"WebPage","@id":"https:\/\/kapitalis.com\/tunisie\/2016\/03\/08\/ben-guerdane-washington-condamne-lattaque-et-propose-son-assistance\/","url":"https:\/\/kapitalis.com\/tunisie\/2016\/03\/08\/ben-guerdane-washington-condamne-lattaque-et-propose-son-assistance\/","name":"Ben Guerdane: Washington condamne l\u2019attaque et propose son assistance - Kapitalis","isPartOf":{"@id":"https:\/\/kapitalis.com\/tunisie\/#website"},"primaryImageOfPage":{"@id":"https:\/\/kapitalis.com\/tunisie\/2016\/03\/08\/ben-guerdane-washington-condamne-lattaque-et-propose-son-assistance\/#primaryimage"},"image":{"@id":"https:\/\/kapitalis.com\/tunisie\/2016\/03\/08\/ben-guerdane-washington-condamne-lattaque-et-propose-son-assistance\/#primaryimage"},"thumbnailUrl":"http:\/\/kapitalis.com\/tunisie\/wp-content\/uploads\/2015\/11\/Tunisie-Etats-Unis.jpg","datePublished":"2016-03-08T07:38:43+00:00","breadcrumb":{"@id":"https:\/\/kapitalis.com\/tunisie\/2016\/03\/08\/ben-guerdane-washington-condamne-lattaque-et-propose-son-assistance\/#breadcrumb"},"inLanguage":"fr-FR","potentialAction":[{"@type":"ReadAction","target":["https:\/\/kapitalis.com\/tunisie\/2016\/03\/08\/ben-guerdane-washington-condamne-lattaque-et-propose-son-assistance\/"]}]},{"@type":"ImageObject","inLanguage":"fr-FR","@id":"https:\/\/kapitalis.com\/tunisie\/2016\/03\/08\/ben-guerdane-washington-condamne-lattaque-et-propose-son-assistance\/#primaryimage","url":"http:\/\/kapitalis.com\/tunisie\/wp-content\/uploads\/2015\/11\/Tunisie-Etats-Unis.jpg","contentUrl":"http:\/\/kapitalis.com\/tunisie\/wp-content\/uploads\/2015\/11\/Tunisie-Etats-Unis.jpg"},{"@type":"BreadcrumbList","@id":"https:\/\/kapitalis.com\/tunisie\/2016\/03\/08\/ben-guerdane-washington-condamne-lattaque-et-propose-son-assistance\/#breadcrumb","itemListElement":[{"@type":"ListItem","position":1,"name":"Accueil","item":"https:\/\/kapitalis.com\/tunisie\/"},{"@type":"ListItem","position":2,"name":"Ben Guerdane: Washington condamne l\u2019attaque et propose son assistance"}]},{"@type":"WebSite","@id":"https:\/\/kapitalis.com\/tunisie\/#website","url":"https:\/\/kapitalis.com\/tunisie\/","name":"Kapitalis","description":"L&#039;actualit\u00e9 en Tunisie et dans le monde","publisher":{"@id":"https:\/\/kapitalis.com\/tunisie\/#organization"},"potentialAction":[{"@type":"SearchAction","target":{"@type":"EntryPoint","urlTemplate":"https:\/\/kapitalis.com\/tunisie\/?s={search_term_string}"},"query-input":{"@type":"PropertyValueSpecification","valueRequired":true,"valueName":"search_term_string"}}],"inLanguage":"fr-FR"},{"@type":"Organization","@id":"https:\/\/kapitalis.com\/tunisie\/#organization","name":"Kapitalis","url":"https:\/\/kapitalis.com\/tunisie\/","logo":{"@type":"ImageObject","inLanguage":"fr-FR","@id":"https:\/\/kapitalis.com\/tunisie\/#\/schema\/logo\/image\/","url":"https:\/\/kapitalis.com\/tunisie\/wp-content\/uploads\/2022\/05\/Kapitalis-big-size.png","contentUrl":"https:\/\/kapitalis.com\/tunisie\/wp-content\/uploads\/2022\/05\/Kapitalis-big-size.png","width":5000,"height":1500,"caption":"Kapitalis"},"image":{"@id":"https:\/\/kapitalis.com\/tunisie\/#\/schema\/logo\/image\/"},"sameAs":["https:\/\/www.facebook.com\/KapitalisInfo\/","https:\/\/x.com\/KapitalisInfo","https:\/\/www.youtube.com\/channel\/UC-yDYrHyfFBWWZaOw3FPg9Q"]},{"@type":"Person","@id":"https:\/\/kapitalis.com\/tunisie\/#\/schema\/person\/d71f33a9ca44f7bad4698210b480c8e9","name":"webmaster kapitalis","url":"https:\/\/kapitalis.com\/tunisie\/author\/webmaster-kapitalis\/"}]}},"_links":{"self":[{"href":"https:\/\/kapitalis.com\/tunisie\/wp-json\/wp\/v2\/posts\/42566","targetHints":{"allow":["GET"]}}],"collection":[{"href":"https:\/\/kapitalis.com\/tunisie\/wp-json\/wp\/v2\/posts"}],"about":[{"href":"https:\/\/kapitalis.com\/tunisie\/wp-json\/wp\/v2\/types\/post"}],"author":[{"embeddable":true,"href":"https:\/\/kapitalis.com\/tunisie\/wp-json\/wp\/v2\/users\/8"}],"replies":[{"embeddable":true,"href":"https:\/\/kapitalis.com\/tunisie\/wp-json\/wp\/v2\/comments?post=42566"}],"version-history":[{"count":0,"href":"https:\/\/kapitalis.com\/tunisie\/wp-json\/wp\/v2\/posts\/42566\/revisions"}],"wp:attachment":[{"href":"https:\/\/kapitalis.com\/tunisie\/wp-json\/wp\/v2\/media?parent=42566"}],"wp:term":[{"taxonomy":"category","embeddable":true,"href":"https:\/\/kapitalis.com\/tunisie\/wp-json\/wp\/v2\/categories?post=42566"},{"taxonomy":"post_tag","embeddable":true,"href":"https:\/\/kapitalis.com\/tunisie\/wp-json\/wp\/v2\/tags?post=42566"}],"curies":[{"name":"wp","href":"https:\/\/api.w.org\/{rel}","templated":true}]}}