{"id":4258965,"date":"2022-09-25T12:45:14","date_gmt":"2022-09-25T11:45:14","guid":{"rendered":"https:\/\/kapitalis.com\/tunisie\/?p=4258965"},"modified":"2022-09-25T12:45:15","modified_gmt":"2022-09-25T11:45:15","slug":"tunisie-demarrage-de-la-periode-electorale-pour-les-legislatives","status":"publish","type":"post","link":"https:\/\/kapitalis.com\/tunisie\/2022\/09\/25\/tunisie-demarrage-de-la-periode-electorale-pour-les-legislatives\/","title":{"rendered":"Tunisie\u00a0: d\u00e9marrage de la p\u00e9riode \u00e9lectorale pour les l\u00e9gislatives"},"content":{"rendered":"\n<p><strong><em>L\u2019Instance sup\u00e9rieure ind\u00e9pendante pour les \u00e9lections (Isie) informe le public que, selon l\u2019article deuxi\u00e8me de sa d\u00e9cision n\u00b023 de 2022 en date du 20 septembre 2022 relative au calendrier des \u00e9lections l\u00e9gislatives du 17 d\u00e9cembre prochain, la p\u00e9riode \u00e9lectorale l\u00e9gislative a d\u00e9but\u00e9 ce dimanche 25 septembre \u00e0 z\u00e9ro heure.<\/em><\/strong><\/p>\n\n\n\n<!--more-->\n\n\n\n<p>L\u2019Isie indique que pendant toute la p\u00e9riode \u00e9lectorale, la publicit\u00e9 politique est interdite conform\u00e9ment aux articles 3 (point 10), 57 et 154 de la loi \u00e9lectorale, et qu&rsquo;il est \u00e9galement interdit de diffuser et de publier dans les m\u00e9dias les r\u00e9sultats des sondages d\u2019opinions directement ou indirectement li\u00e9s aux \u00e9lections, ainsi que les \u00e9tudes et les commentaires de presse y aff\u00e9rents.<\/p>\n\n\n\n<p>Conform\u00e9ment aux articles 70, 156 et 172 de la loi \u00e9lectorale, il est interdit d\u2019annoncer l\u2019attribution d\u2019un num\u00e9ro de t\u00e9l\u00e9phone gratuit dans les m\u00e9dias, un distributeur audio, ou un centre d\u2019appel, \u00e0 un candidat ou \u00e0 un parti politique, et ce en application des articles 58 et 152 de la loi \u00e9lectorale.<\/p>\n\n\n\n<p>L\u2019Isie avertit que toute violation des interdictions pr\u00e9cit\u00e9es expose son auteur aux sanctions et sanctions pr\u00e9vues par la loi \u00e9lectorale.<\/p>\n","protected":false},"excerpt":{"rendered":"<p>La p\u00e9riode \u00e9lectorale pour les l\u00e9gislatives du 17 d\u00e9cembre prochain a d\u00e9but\u00e9 ce dimanche 25 septembre \u00e0 z\u00e9ro heure.<\/p>\n","protected":false},"author":8,"featured_media":4259003,"comment_status":"open","ping_status":"open","sticky":false,"template":"","format":"standard","meta":{"footnotes":""},"categories":[997,2433],"tags":[499,9031,94658,62643],"class_list":["post-4258965","post","type-post","status-publish","format-standard","has-post-thumbnail","hentry","category-politique","category-tunisie","tag-isie","tag-legislatives","tag-sondages-dopinion","tag-tunisie"],"yoast_head":"<!-- This site is optimized with the Yoast SEO plugin v26.6 - https:\/\/yoast.com\/wordpress\/plugins\/seo\/ -->\n<title>Tunisie\u00a0: d\u00e9marrage de la p\u00e9riode \u00e9lectorale pour les l\u00e9gislatives - Kapitalis<\/title>\n<meta name=\"robots\" content=\"index, follow, max-snippet:-1, max-image-preview:large, max-video-preview:-1\" \/>\n<link rel=\"canonical\" href=\"https:\/\/kapitalis.com\/tunisie\/2022\/09\/25\/tunisie-demarrage-de-la-periode-electorale-pour-les-legislatives\/\" \/>\n<meta property=\"og:locale\" content=\"fr_FR\" \/>\n<meta property=\"og:type\" content=\"article\" \/>\n<meta property=\"og:title\" content=\"Tunisie\u00a0: d\u00e9marrage de la p\u00e9riode \u00e9lectorale pour les l\u00e9gislatives - Kapitalis\" \/>\n<meta property=\"og:description\" content=\"La p\u00e9riode \u00e9lectorale pour les l\u00e9gislatives du 17 d\u00e9cembre prochain a d\u00e9but\u00e9 ce dimanche 25 septembre \u00e0 z\u00e9ro heure.\" \/>\n<meta property=\"og:url\" content=\"https:\/\/kapitalis.com\/tunisie\/2022\/09\/25\/tunisie-demarrage-de-la-periode-electorale-pour-les-legislatives\/\" \/>\n<meta property=\"og:site_name\" content=\"Kapitalis\" \/>\n<meta property=\"article:publisher\" content=\"https:\/\/www.facebook.com\/KapitalisInfo\/\" \/>\n<meta property=\"article:published_time\" content=\"2022-09-25T11:45:14+00:00\" \/>\n<meta property=\"article:modified_time\" content=\"2022-09-25T11:45:15+00:00\" \/>\n<meta property=\"og:image\" content=\"https:\/\/kapitalis.com\/tunisie\/wp-content\/uploads\/2022\/09\/\u0627\u0644\u0627\u0646\u062a\u062e\u0627\u0628\u0627\u062a-\u0627\u0644\u062a-\u0634\u0631\u064a\u0639\u064a\u0629-Legislatives.jpg\" \/>\n\t<meta property=\"og:image:width\" content=\"1200\" \/>\n\t<meta property=\"og:image:height\" content=\"630\" \/>\n\t<meta property=\"og:image:type\" content=\"image\/jpeg\" \/>\n<meta name=\"author\" content=\"webmaster kapitalis\" \/>\n<meta name=\"twitter:card\" content=\"summary_large_image\" \/>\n<meta name=\"twitter:creator\" content=\"@KapitalisInfo\" \/>\n<meta name=\"twitter:site\" content=\"@KapitalisInfo\" \/>\n<meta name=\"twitter:label1\" content=\"\u00c9crit par\" \/>\n\t<meta name=\"twitter:data1\" content=\"webmaster kapitalis\" \/>\n\t<meta name=\"twitter:label2\" content=\"Dur\u00e9e de lecture estim\u00e9e\" \/>\n\t<meta name=\"twitter:data2\" content=\"1 minute\" \/>\n<script type=\"application\/ld+json\" class=\"yoast-schema-graph\">{\"@context\":\"https:\/\/schema.org\",\"@graph\":[{\"@type\":\"Article\",\"@id\":\"https:\/\/kapitalis.com\/tunisie\/2022\/09\/25\/tunisie-demarrage-de-la-periode-electorale-pour-les-legislatives\/#article\",\"isPartOf\":{\"@id\":\"https:\/\/kapitalis.com\/tunisie\/2022\/09\/25\/tunisie-demarrage-de-la-periode-electorale-pour-les-legislatives\/\"},\"author\":{\"name\":\"webmaster kapitalis\",\"@id\":\"https:\/\/kapitalis.com\/tunisie\/#\/schema\/person\/d71f33a9ca44f7bad4698210b480c8e9\"},\"headline\":\"Tunisie\u00a0: d\u00e9marrage de la p\u00e9riode \u00e9lectorale pour les l\u00e9gislatives\",\"datePublished\":\"2022-09-25T11:45:14+00:00\",\"dateModified\":\"2022-09-25T11:45:15+00:00\",\"mainEntityOfPage\":{\"@id\":\"https:\/\/kapitalis.com\/tunisie\/2022\/09\/25\/tunisie-demarrage-de-la-periode-electorale-pour-les-legislatives\/\"},\"wordCount\":210,\"commentCount\":2,\"publisher\":{\"@id\":\"https:\/\/kapitalis.com\/tunisie\/#organization\"},\"image\":{\"@id\":\"https:\/\/kapitalis.com\/tunisie\/2022\/09\/25\/tunisie-demarrage-de-la-periode-electorale-pour-les-legislatives\/#primaryimage\"},\"thumbnailUrl\":\"https:\/\/kapitalis.com\/tunisie\/wp-content\/uploads\/2022\/09\/\u0627\u0644\u0627\u0646\u062a\u062e\u0627\u0628\u0627\u062a-\u0627\u0644\u062a-\u0634\u0631\u064a\u0639\u064a\u0629-Legislatives.jpg\",\"keywords\":[\"Isie\",\"l\u00e9gislatives\",\"sondages d&#039;opinion\",\"Tunisie\"],\"articleSection\":[\"POLITIQUE\",\"Tunisie\"],\"inLanguage\":\"fr-FR\",\"potentialAction\":[{\"@type\":\"CommentAction\",\"name\":\"Comment\",\"target\":[\"https:\/\/kapitalis.com\/tunisie\/2022\/09\/25\/tunisie-demarrage-de-la-periode-electorale-pour-les-legislatives\/#respond\"]}]},{\"@type\":\"WebPage\",\"@id\":\"https:\/\/kapitalis.com\/tunisie\/2022\/09\/25\/tunisie-demarrage-de-la-periode-electorale-pour-les-legislatives\/\",\"url\":\"https:\/\/kapitalis.com\/tunisie\/2022\/09\/25\/tunisie-demarrage-de-la-periode-electorale-pour-les-legislatives\/\",\"name\":\"Tunisie\u00a0: d\u00e9marrage de la p\u00e9riode \u00e9lectorale pour les l\u00e9gislatives - Kapitalis\",\"isPartOf\":{\"@id\":\"https:\/\/kapitalis.com\/tunisie\/#website\"},\"primaryImageOfPage\":{\"@id\":\"https:\/\/kapitalis.com\/tunisie\/2022\/09\/25\/tunisie-demarrage-de-la-periode-electorale-pour-les-legislatives\/#primaryimage\"},\"image\":{\"@id\":\"https:\/\/kapitalis.com\/tunisie\/2022\/09\/25\/tunisie-demarrage-de-la-periode-electorale-pour-les-legislatives\/#primaryimage\"},\"thumbnailUrl\":\"https:\/\/kapitalis.com\/tunisie\/wp-content\/uploads\/2022\/09\/\u0627\u0644\u0627\u0646\u062a\u062e\u0627\u0628\u0627\u062a-\u0627\u0644\u062a-\u0634\u0631\u064a\u0639\u064a\u0629-Legislatives.jpg\",\"datePublished\":\"2022-09-25T11:45:14+00:00\",\"dateModified\":\"2022-09-25T11:45:15+00:00\",\"breadcrumb\":{\"@id\":\"https:\/\/kapitalis.com\/tunisie\/2022\/09\/25\/tunisie-demarrage-de-la-periode-electorale-pour-les-legislatives\/#breadcrumb\"},\"inLanguage\":\"fr-FR\",\"potentialAction\":[{\"@type\":\"ReadAction\",\"target\":[\"https:\/\/kapitalis.com\/tunisie\/2022\/09\/25\/tunisie-demarrage-de-la-periode-electorale-pour-les-legislatives\/\"]}]},{\"@type\":\"ImageObject\",\"inLanguage\":\"fr-FR\",\"@id\":\"https:\/\/kapitalis.com\/tunisie\/2022\/09\/25\/tunisie-demarrage-de-la-periode-electorale-pour-les-legislatives\/#primaryimage\",\"url\":\"https:\/\/kapitalis.com\/tunisie\/wp-content\/uploads\/2022\/09\/\u0627\u0644\u0627\u0646\u062a\u062e\u0627\u0628\u0627\u062a-\u0627\u0644\u062a-\u0634\u0631\u064a\u0639\u064a\u0629-Legislatives.jpg\",\"contentUrl\":\"https:\/\/kapitalis.com\/tunisie\/wp-content\/uploads\/2022\/09\/\u0627\u0644\u0627\u0646\u062a\u062e\u0627\u0628\u0627\u062a-\u0627\u0644\u062a-\u0634\u0631\u064a\u0639\u064a\u0629-Legislatives.jpg\",\"width\":1200,\"height\":630},{\"@type\":\"BreadcrumbList\",\"@id\":\"https:\/\/kapitalis.com\/tunisie\/2022\/09\/25\/tunisie-demarrage-de-la-periode-electorale-pour-les-legislatives\/#breadcrumb\",\"itemListElement\":[{\"@type\":\"ListItem\",\"position\":1,\"name\":\"Accueil\",\"item\":\"https:\/\/kapitalis.com\/tunisie\/\"},{\"@type\":\"ListItem\",\"position\":2,\"name\":\"Tunisie\u00a0: d\u00e9marrage de la p\u00e9riode \u00e9lectorale pour les l\u00e9gislatives\"}]},{\"@type\":\"WebSite\",\"@id\":\"https:\/\/kapitalis.com\/tunisie\/#website\",\"url\":\"https:\/\/kapitalis.com\/tunisie\/\",\"name\":\"Kapitalis\",\"description\":\"L&#039;actualit\u00e9 en Tunisie et dans le monde\",\"publisher\":{\"@id\":\"https:\/\/kapitalis.com\/tunisie\/#organization\"},\"potentialAction\":[{\"@type\":\"SearchAction\",\"target\":{\"@type\":\"EntryPoint\",\"urlTemplate\":\"https:\/\/kapitalis.com\/tunisie\/?s={search_term_string}\"},\"query-input\":{\"@type\":\"PropertyValueSpecification\",\"valueRequired\":true,\"valueName\":\"search_term_string\"}}],\"inLanguage\":\"fr-FR\"},{\"@type\":\"Organization\",\"@id\":\"https:\/\/kapitalis.com\/tunisie\/#organization\",\"name\":\"Kapitalis\",\"url\":\"https:\/\/kapitalis.com\/tunisie\/\",\"logo\":{\"@type\":\"ImageObject\",\"inLanguage\":\"fr-FR\",\"@id\":\"https:\/\/kapitalis.com\/tunisie\/#\/schema\/logo\/image\/\",\"url\":\"https:\/\/kapitalis.com\/tunisie\/wp-content\/uploads\/2022\/05\/Kapitalis-big-size.png\",\"contentUrl\":\"https:\/\/kapitalis.com\/tunisie\/wp-content\/uploads\/2022\/05\/Kapitalis-big-size.png\",\"width\":5000,\"height\":1500,\"caption\":\"Kapitalis\"},\"image\":{\"@id\":\"https:\/\/kapitalis.com\/tunisie\/#\/schema\/logo\/image\/\"},\"sameAs\":[\"https:\/\/www.facebook.com\/KapitalisInfo\/\",\"https:\/\/x.com\/KapitalisInfo\",\"https:\/\/www.youtube.com\/channel\/UC-yDYrHyfFBWWZaOw3FPg9Q\"]},{\"@type\":\"Person\",\"@id\":\"https:\/\/kapitalis.com\/tunisie\/#\/schema\/person\/d71f33a9ca44f7bad4698210b480c8e9\",\"name\":\"webmaster kapitalis\",\"url\":\"https:\/\/kapitalis.com\/tunisie\/author\/webmaster-kapitalis\/\"}]}<\/script>\n<!-- \/ Yoast SEO plugin. -->","yoast_head_json":{"title":"Tunisie\u00a0: d\u00e9marrage de la p\u00e9riode \u00e9lectorale pour les l\u00e9gislatives - Kapitalis","robots":{"index":"index","follow":"follow","max-snippet":"max-snippet:-1","max-image-preview":"max-image-preview:large","max-video-preview":"max-video-preview:-1"},"canonical":"https:\/\/kapitalis.com\/tunisie\/2022\/09\/25\/tunisie-demarrage-de-la-periode-electorale-pour-les-legislatives\/","og_locale":"fr_FR","og_type":"article","og_title":"Tunisie\u00a0: d\u00e9marrage de la p\u00e9riode \u00e9lectorale pour les l\u00e9gislatives - Kapitalis","og_description":"La p\u00e9riode \u00e9lectorale pour les l\u00e9gislatives du 17 d\u00e9cembre prochain a d\u00e9but\u00e9 ce dimanche 25 septembre \u00e0 z\u00e9ro heure.","og_url":"https:\/\/kapitalis.com\/tunisie\/2022\/09\/25\/tunisie-demarrage-de-la-periode-electorale-pour-les-legislatives\/","og_site_name":"Kapitalis","article_publisher":"https:\/\/www.facebook.com\/KapitalisInfo\/","article_published_time":"2022-09-25T11:45:14+00:00","article_modified_time":"2022-09-25T11:45:15+00:00","og_image":[{"width":1200,"height":630,"url":"https:\/\/kapitalis.com\/tunisie\/wp-content\/uploads\/2022\/09\/\u0627\u0644\u0627\u0646\u062a\u062e\u0627\u0628\u0627\u062a-\u0627\u0644\u062a-\u0634\u0631\u064a\u0639\u064a\u0629-Legislatives.jpg","type":"image\/jpeg"}],"author":"webmaster kapitalis","twitter_card":"summary_large_image","twitter_creator":"@KapitalisInfo","twitter_site":"@KapitalisInfo","twitter_misc":{"\u00c9crit par":"webmaster kapitalis","Dur\u00e9e de lecture estim\u00e9e":"1 minute"},"schema":{"@context":"https:\/\/schema.org","@graph":[{"@type":"Article","@id":"https:\/\/kapitalis.com\/tunisie\/2022\/09\/25\/tunisie-demarrage-de-la-periode-electorale-pour-les-legislatives\/#article","isPartOf":{"@id":"https:\/\/kapitalis.com\/tunisie\/2022\/09\/25\/tunisie-demarrage-de-la-periode-electorale-pour-les-legislatives\/"},"author":{"name":"webmaster kapitalis","@id":"https:\/\/kapitalis.com\/tunisie\/#\/schema\/person\/d71f33a9ca44f7bad4698210b480c8e9"},"headline":"Tunisie\u00a0: d\u00e9marrage de la p\u00e9riode \u00e9lectorale pour les l\u00e9gislatives","datePublished":"2022-09-25T11:45:14+00:00","dateModified":"2022-09-25T11:45:15+00:00","mainEntityOfPage":{"@id":"https:\/\/kapitalis.com\/tunisie\/2022\/09\/25\/tunisie-demarrage-de-la-periode-electorale-pour-les-legislatives\/"},"wordCount":210,"commentCount":2,"publisher":{"@id":"https:\/\/kapitalis.com\/tunisie\/#organization"},"image":{"@id":"https:\/\/kapitalis.com\/tunisie\/2022\/09\/25\/tunisie-demarrage-de-la-periode-electorale-pour-les-legislatives\/#primaryimage"},"thumbnailUrl":"https:\/\/kapitalis.com\/tunisie\/wp-content\/uploads\/2022\/09\/\u0627\u0644\u0627\u0646\u062a\u062e\u0627\u0628\u0627\u062a-\u0627\u0644\u062a-\u0634\u0631\u064a\u0639\u064a\u0629-Legislatives.jpg","keywords":["Isie","l\u00e9gislatives","sondages d&#039;opinion","Tunisie"],"articleSection":["POLITIQUE","Tunisie"],"inLanguage":"fr-FR","potentialAction":[{"@type":"CommentAction","name":"Comment","target":["https:\/\/kapitalis.com\/tunisie\/2022\/09\/25\/tunisie-demarrage-de-la-periode-electorale-pour-les-legislatives\/#respond"]}]},{"@type":"WebPage","@id":"https:\/\/kapitalis.com\/tunisie\/2022\/09\/25\/tunisie-demarrage-de-la-periode-electorale-pour-les-legislatives\/","url":"https:\/\/kapitalis.com\/tunisie\/2022\/09\/25\/tunisie-demarrage-de-la-periode-electorale-pour-les-legislatives\/","name":"Tunisie\u00a0: d\u00e9marrage de la p\u00e9riode \u00e9lectorale pour les l\u00e9gislatives - Kapitalis","isPartOf":{"@id":"https:\/\/kapitalis.com\/tunisie\/#website"},"primaryImageOfPage":{"@id":"https:\/\/kapitalis.com\/tunisie\/2022\/09\/25\/tunisie-demarrage-de-la-periode-electorale-pour-les-legislatives\/#primaryimage"},"image":{"@id":"https:\/\/kapitalis.com\/tunisie\/2022\/09\/25\/tunisie-demarrage-de-la-periode-electorale-pour-les-legislatives\/#primaryimage"},"thumbnailUrl":"https:\/\/kapitalis.com\/tunisie\/wp-content\/uploads\/2022\/09\/\u0627\u0644\u0627\u0646\u062a\u062e\u0627\u0628\u0627\u062a-\u0627\u0644\u062a-\u0634\u0631\u064a\u0639\u064a\u0629-Legislatives.jpg","datePublished":"2022-09-25T11:45:14+00:00","dateModified":"2022-09-25T11:45:15+00:00","breadcrumb":{"@id":"https:\/\/kapitalis.com\/tunisie\/2022\/09\/25\/tunisie-demarrage-de-la-periode-electorale-pour-les-legislatives\/#breadcrumb"},"inLanguage":"fr-FR","potentialAction":[{"@type":"ReadAction","target":["https:\/\/kapitalis.com\/tunisie\/2022\/09\/25\/tunisie-demarrage-de-la-periode-electorale-pour-les-legislatives\/"]}]},{"@type":"ImageObject","inLanguage":"fr-FR","@id":"https:\/\/kapitalis.com\/tunisie\/2022\/09\/25\/tunisie-demarrage-de-la-periode-electorale-pour-les-legislatives\/#primaryimage","url":"https:\/\/kapitalis.com\/tunisie\/wp-content\/uploads\/2022\/09\/\u0627\u0644\u0627\u0646\u062a\u062e\u0627\u0628\u0627\u062a-\u0627\u0644\u062a-\u0634\u0631\u064a\u0639\u064a\u0629-Legislatives.jpg","contentUrl":"https:\/\/kapitalis.com\/tunisie\/wp-content\/uploads\/2022\/09\/\u0627\u0644\u0627\u0646\u062a\u062e\u0627\u0628\u0627\u062a-\u0627\u0644\u062a-\u0634\u0631\u064a\u0639\u064a\u0629-Legislatives.jpg","width":1200,"height":630},{"@type":"BreadcrumbList","@id":"https:\/\/kapitalis.com\/tunisie\/2022\/09\/25\/tunisie-demarrage-de-la-periode-electorale-pour-les-legislatives\/#breadcrumb","itemListElement":[{"@type":"ListItem","position":1,"name":"Accueil","item":"https:\/\/kapitalis.com\/tunisie\/"},{"@type":"ListItem","position":2,"name":"Tunisie\u00a0: d\u00e9marrage de la p\u00e9riode \u00e9lectorale pour les l\u00e9gislatives"}]},{"@type":"WebSite","@id":"https:\/\/kapitalis.com\/tunisie\/#website","url":"https:\/\/kapitalis.com\/tunisie\/","name":"Kapitalis","description":"L&#039;actualit\u00e9 en Tunisie et dans le monde","publisher":{"@id":"https:\/\/kapitalis.com\/tunisie\/#organization"},"potentialAction":[{"@type":"SearchAction","target":{"@type":"EntryPoint","urlTemplate":"https:\/\/kapitalis.com\/tunisie\/?s={search_term_string}"},"query-input":{"@type":"PropertyValueSpecification","valueRequired":true,"valueName":"search_term_string"}}],"inLanguage":"fr-FR"},{"@type":"Organization","@id":"https:\/\/kapitalis.com\/tunisie\/#organization","name":"Kapitalis","url":"https:\/\/kapitalis.com\/tunisie\/","logo":{"@type":"ImageObject","inLanguage":"fr-FR","@id":"https:\/\/kapitalis.com\/tunisie\/#\/schema\/logo\/image\/","url":"https:\/\/kapitalis.com\/tunisie\/wp-content\/uploads\/2022\/05\/Kapitalis-big-size.png","contentUrl":"https:\/\/kapitalis.com\/tunisie\/wp-content\/uploads\/2022\/05\/Kapitalis-big-size.png","width":5000,"height":1500,"caption":"Kapitalis"},"image":{"@id":"https:\/\/kapitalis.com\/tunisie\/#\/schema\/logo\/image\/"},"sameAs":["https:\/\/www.facebook.com\/KapitalisInfo\/","https:\/\/x.com\/KapitalisInfo","https:\/\/www.youtube.com\/channel\/UC-yDYrHyfFBWWZaOw3FPg9Q"]},{"@type":"Person","@id":"https:\/\/kapitalis.com\/tunisie\/#\/schema\/person\/d71f33a9ca44f7bad4698210b480c8e9","name":"webmaster kapitalis","url":"https:\/\/kapitalis.com\/tunisie\/author\/webmaster-kapitalis\/"}]}},"_links":{"self":[{"href":"https:\/\/kapitalis.com\/tunisie\/wp-json\/wp\/v2\/posts\/4258965","targetHints":{"allow":["GET"]}}],"collection":[{"href":"https:\/\/kapitalis.com\/tunisie\/wp-json\/wp\/v2\/posts"}],"about":[{"href":"https:\/\/kapitalis.com\/tunisie\/wp-json\/wp\/v2\/types\/post"}],"author":[{"embeddable":true,"href":"https:\/\/kapitalis.com\/tunisie\/wp-json\/wp\/v2\/users\/8"}],"replies":[{"embeddable":true,"href":"https:\/\/kapitalis.com\/tunisie\/wp-json\/wp\/v2\/comments?post=4258965"}],"version-history":[{"count":0,"href":"https:\/\/kapitalis.com\/tunisie\/wp-json\/wp\/v2\/posts\/4258965\/revisions"}],"wp:featuredmedia":[{"embeddable":true,"href":"https:\/\/kapitalis.com\/tunisie\/wp-json\/wp\/v2\/media\/4259003"}],"wp:attachment":[{"href":"https:\/\/kapitalis.com\/tunisie\/wp-json\/wp\/v2\/media?parent=4258965"}],"wp:term":[{"taxonomy":"category","embeddable":true,"href":"https:\/\/kapitalis.com\/tunisie\/wp-json\/wp\/v2\/categories?post=4258965"},{"taxonomy":"post_tag","embeddable":true,"href":"https:\/\/kapitalis.com\/tunisie\/wp-json\/wp\/v2\/tags?post=4258965"}],"curies":[{"name":"wp","href":"https:\/\/api.w.org\/{rel}","templated":true}]}}