{"id":4263664,"date":"2022-09-26T09:24:17","date_gmt":"2022-09-26T08:24:17","guid":{"rendered":"https:\/\/kapitalis.com\/tunisie\/?p=4263664"},"modified":"2022-09-26T15:48:38","modified_gmt":"2022-09-26T14:48:38","slug":"le-role-de-lecole-dans-montee-du-conservatisme-en-tunisie","status":"publish","type":"post","link":"https:\/\/kapitalis.com\/tunisie\/2022\/09\/26\/le-role-de-lecole-dans-montee-du-conservatisme-en-tunisie\/","title":{"rendered":"Le r\u00f4le de l\u2019\u00e9cole dans la mont\u00e9e du conservatisme en Tunisie"},"content":{"rendered":"\n<p><strong><em>Face \u00e0 la mont\u00e9e du conservatisme religieux parall\u00e8lement \u00e0 la g\u00e9n\u00e9ralisation de l\u2019enseignement, on est parfois tent\u00e9 de dire&nbsp;: plut\u00f4t un analphab\u00e8te ouvert, honn\u00eate et inoffensif qu\u2019un dipl\u00f4m\u00e9 universitaire born\u00e9, imbu de sa b\u00eatise et enclin \u00e0 la violence&nbsp;!<\/em><\/strong><\/p>\n\n\n\n<p>Par <strong>Mohamed Sadok Lejri <\/strong>* &nbsp;<\/p>\n\n\n\n<!--more-->\n\n\n<div class=\"wp-block-image\">\n<figure class=\"alignleft size-full\"><img decoding=\"async\" src=\"http:\/\/kapitalis.com\/tunisie\/wp-content\/uploads\/2021\/08\/Mohamed-Sadok-Lejri-1.jpg\" alt=\"\" class=\"wp-image-358589\"\/><\/figure>\n<\/div>\n\n\n<p>Lotfi La\u00e2mari a pos\u00e9 une question qui para\u00eet facile \u00e0 r\u00e9soudre au premier abord : <em>\u00abPourquoi les jeunes tunisiens ont fait preuve d\u2019autant d\u2019extr\u00e9misme religieux apr\u00e8s 2011 ?\u00bb<\/em> Hamadi Ben Jaballah a, comme d\u2019habitude, donn\u00e9 une r\u00e9ponse \u00e0 c\u00f4t\u00e9 de la plaque. Les journalistes le prennent pour un intellectuel, alors qu\u2019il n\u2019est qu\u2019un prof de philo; c\u2019est un excellent prof de philo au demeurant, mais pas un philosophe.<\/p>\n\n\n\n<p>Par-del\u00e0 les r\u00e9ponses \u00e9videntes que personne n\u2019ose formuler, en l\u2019occurrence le texte sacr\u00e9 qui contient les germes du fanatisme, je pense que la g\u00e9n\u00e9ralisation de l\u2019enseignement a \u00e9t\u00e9 un vecteur essentiel dans la transmission des traditions archa\u00efques et de l\u2019habitus religieux orthodoxe. Il existe un lien \u00e9vident entre le programme scolaire qui est en vigueur et les positions favorables d\u2019une grande partie de la jeunesse tunisienne alphab\u00e9tis\u00e9e vis-\u00e0-vis du conservatisme social et religieux et vis-\u00e0-vis de l\u2019orthopraxie et de l\u2019intensit\u00e9 de la pratique religieuse; m\u00eame si l\u2019orthopraxie et la pratique religieuse en question sont \u00e9maill\u00e9es de contradictions et se r\u00e9duisent souvent \u00e0 un simple conformisme intellectuel contraignant.<\/p>\n\n\n\n<h2 class=\"wp-block-heading\">Le lien historique entre scolarit\u00e9 et fanatisme<\/h2>\n\n\n\n<p>L\u2019on remarque que le niveau de scolarit\u00e9 \u00e9lev\u00e9 d\u2019un tr\u00e8s grand nombre de Tunisiens ne les a pas rendus imperm\u00e9ables au fanatisme, notre syst\u00e8me scolaire ne pr\u00e9munit pas nos jeunes contre l\u2019int\u00e9grisme religieux et ne les emp\u00eache pas d\u2019\u00eatre aspir\u00e9s par le terrible tourbillon de l\u2019endoctrinement religieux.<\/p>\n\n\n\n<figure class=\"wp-block-embed is-type-wp-embed is-provider-kapitalis wp-block-embed-kapitalis\"><div class=\"wp-block-embed__wrapper\">\n<blockquote class=\"wp-embedded-content\" data-secret=\"hGYOsdp2Na\"><a href=\"https:\/\/kapitalis.com\/tunisie\/2022\/07\/22\/tunisie-politique-non-a-la-constitution-identitaire-et-islamiste-de-kais-saied\/\">Tunisie &#8211; Politique\u00a0: non \u00e0 la constitution identitaire et islamiste de Ka\u00efs Sa\u00efed\u00a0!<\/a><\/blockquote><iframe loading=\"lazy\" class=\"wp-embedded-content\" sandbox=\"allow-scripts\" security=\"restricted\" style=\"position: absolute; clip: rect(1px, 1px, 1px, 1px);\" title=\"\u00ab\u00a0Tunisie &#8211; Politique\u00a0: non \u00e0 la constitution identitaire et islamiste de Ka\u00efs Sa\u00efed\u00a0!\u00a0\u00bb &#8212; Kapitalis\" src=\"https:\/\/kapitalis.com\/tunisie\/2022\/07\/22\/tunisie-politique-non-a-la-constitution-identitaire-et-islamiste-de-kais-saied\/embed\/#?secret=rU35Qtk3D7#?secret=hGYOsdp2Na\" data-secret=\"hGYOsdp2Na\" width=\"600\" height=\"338\" frameborder=\"0\" marginwidth=\"0\" marginheight=\"0\" scrolling=\"no\"><\/iframe>\n<\/div><\/figure>\n\n\n\n<p>Les jeunes qui fr\u00e9quentent les \u00e9tablissements scolaires et universitaires ont souvent une attitude positive \u00e0 l\u2019endroit des id\u00e9es r\u00e9actionnaires, voire \u00e0 l\u2019endroit de la mouvance politico-religieuse. Bon nombre d\u2019entre eux prient habituellement \u00e0 la mosqu\u00e9e, respectent les heures canoniques (<em>\u00absalat bil-hadher\u00bb<\/em>) et tiennent un discours archa\u00efque d\u00e8s qu\u2019il s\u2019agit de morale et de m\u0153urs. Il y une explication \u00e0 tout cela : notre \u00e9cole, et plus g\u00e9n\u00e9ralement l\u2019acc\u00e8s \u00e0 l\u2019\u00e9crit, repr\u00e9sente aujourd\u2019hui un vecteur essentiel dans la transmission du conservatisme social et de l\u2019habitus religieux orthodoxe.<\/p>\n\n\n\n<p>L\u2019\u00e9cole des ann\u00e9es 1960\/70 \u00e9tait tr\u00e8s impr\u00e9gn\u00e9e du programme scolaire fran\u00e7ais. Elle a, donc, modernis\u00e9 les esprits et a permis aux Tunisiens de s\u2019\u00e9loigner un peu de l\u2019archa\u00efsme dans lequel nous baignons depuis plusieurs si\u00e8cles. Ensuite, au moyen d\u2019une politique \u00e9ducative machiav\u00e9lique entam\u00e9e depuis le d\u00e9but des ann\u00e9es 1970, on a disgraci\u00e9, pour des raisons id\u00e9ologiques et politiques, une langue et un programme scolaire qui ont donn\u00e9 \u00e0 la Tunisie une \u00e9lite \u00e9clair\u00e9e.<\/p>\n\n\n\n<h2 class=\"wp-block-heading\">Des jeunes plus dogmatiques que leurs a\u00een\u00e9s<\/h2>\n\n\n\n<p>R\u00e9sultat : quelques d\u00e9cennies plus tard, les jeunes adh\u00e8rent plus facilement au discours conservateur et traditionnaliste et se montrent plus attach\u00e9s que leurs a\u00een\u00e9s \u00e0 certaines valeurs et prescriptions rituelles. L\u2019esprit des jeunes tunisiens est devenu trop orientalis\u00e9, ils ne per\u00e7oivent aujourd\u2019hui leur propre identit\u00e9 qu\u2019\u00e0 travers le prisme d\u00e9formant des dogmes religieux et identitaires, des dogmes \u00f4 combien funestes et moyen\u00e2geux. C\u2019est pourquoi les jeunes tunisiens du troisi\u00e8me mill\u00e9naire se montrent plus dogmatiques et plus conformistes que les g\u00e9n\u00e9rations pr\u00e9c\u00e9dentes.<\/p>\n\n\n\n<p>Je dirais, en mettant un peu d\u2019ironie dans tout cela, que le rapport direct et non distanci\u00e9 qu\u2019ont les analphab\u00e8tes avec la r\u00e9alit\u00e9 leur permet de garder les pieds sur terre. Souvent, ils jugent ce qui se passe autour d\u2019eux avec beaucoup de bon sens. Les analphab\u00e8tes sont dou\u00e9s d\u2019une lucidit\u00e9 qui fait souvent d\u00e9faut aux dipl\u00f4m\u00e9s quasi-analphab\u00e8tes que beaucoup de jeunes d\u2019aujourd\u2019hui. Il m\u2019arrive, parfois, de pousser mon raisonnement jusqu\u2019au bout et \u00e0 m\u2019avouer que l\u2019analphab\u00e9tisme aurait plus de vertus que le syst\u00e8me \u00e9ducatif actuel.<\/p>\n\n\n\n<figure class=\"wp-block-embed is-type-wp-embed is-provider-kapitalis wp-block-embed-kapitalis\"><div class=\"wp-block-embed__wrapper\">\n<blockquote class=\"wp-embedded-content\" data-secret=\"lFGsrZs1Vm\"><a href=\"https:\/\/kapitalis.com\/tunisie\/2022\/09\/23\/tunisie-seifeddine-erraies-le-jihadiste-que-jai-croise\/\">Tunisie\u00a0: Se\u00effeddine Erra\u00efes, le jihadiste \u00a0que j\u2019ai crois\u00e9<\/a><\/blockquote><iframe loading=\"lazy\" class=\"wp-embedded-content\" sandbox=\"allow-scripts\" security=\"restricted\" style=\"position: absolute; clip: rect(1px, 1px, 1px, 1px);\" title=\"\u00ab\u00a0Tunisie\u00a0: Se\u00effeddine Erra\u00efes, le jihadiste \u00a0que j\u2019ai crois\u00e9\u00a0\u00bb &#8212; Kapitalis\" src=\"https:\/\/kapitalis.com\/tunisie\/2022\/09\/23\/tunisie-seifeddine-erraies-le-jihadiste-que-jai-croise\/embed\/#?secret=qAFG33rzUH#?secret=lFGsrZs1Vm\" data-secret=\"lFGsrZs1Vm\" width=\"600\" height=\"338\" frameborder=\"0\" marginwidth=\"0\" marginheight=\"0\" scrolling=\"no\"><\/iframe>\n<\/div><\/figure>\n\n\n\n<p>Bien entendu, je ne suis pas en train de faire l\u2019apologie de l\u2019ignorance et de l\u2019analphab\u00e9tisme, mais les lignes que je viens de r\u00e9diger r\u00e9v\u00e8lent, avant toutes choses, le d\u00e9pit et la rage qui m\u2019animent. Certes, l\u2019ignorance et l\u2019analphab\u00e9tisme sont indignes d\u2019un pays qui a mis\u00e9 sur l\u2019instruction \u00e0 l\u2019aube de l\u2019ind\u00e9pendance. Mais, depuis belle lurette, l\u2019\u00e9cole tunisienne n\u2019est plus cette pourvoyeuse de citoyens la\u00efques et sains d\u2019esprit, elle ne produit plus des citoyens civilis\u00e9s, ouverts d\u2019esprit et port\u00e9s \u00e0 la r\u00e9flexion\u2026 Notre \u00e9cole est devenue une fabrique de cr\u00e9tins \u00e0 la mentalit\u00e9 moyen\u00e2geuse.<\/p>\n\n\n\n<p>En somme, la g\u00e9n\u00e9ralisation de l\u2019enseignement doit absolument s\u2019accompagner d\u2019un processus de s\u00e9cularisation de la soci\u00e9t\u00e9 et d\u2019une \u00e9ducation la\u00efque qui puissent neutraliser la volont\u00e9 de pros\u00e9lytisme (d\u2019autant plus que d\u2019islam est une religion qui pr\u00e9sente un caract\u00e8re intrins\u00e8quement pros\u00e9lyte) et d\u2019endoctrinement des jeunes esprits et en r\u00e9primer les \u00e9carts. Plut\u00f4t un analphab\u00e8te honn\u00eate et inoffensif qu\u2019un dipl\u00f4m\u00e9 universitaire born\u00e9, imbu de sa b\u00eatise et enclin \u00e0 l\u2019ignorance sacr\u00e9e.<\/p>\n\n\n\n<p><em>* Universitaire.<\/em><\/p>\n","protected":false},"excerpt":{"rendered":"<p>On a assist\u00e9 en Tunisie \u00e0 la mont\u00e9e du conservatisme religieux parall\u00e8lement \u00e0 la g\u00e9n\u00e9ralisation de l\u2019enseignement: cherchez l&rsquo;erreur ! <\/p>\n","protected":false},"author":8,"featured_media":4263821,"comment_status":"open","ping_status":"open","sticky":false,"template":"","format":"standard","meta":{"footnotes":""},"categories":[992,998,1000,2433],"tags":[103117,306,103118,97470,5657,83591,103119,62643],"class_list":["post-4263664","post","type-post","status-publish","format-standard","has-post-thumbnail","hentry","category-a-la-une","category-societe","category-tribune","category-tunisie","tag-conservatisme-religieux","tag-education","tag-fanatisme","tag-hamadi-ben-jaballah","tag-lotfi-laamari","tag-mohamed-sadok-lejri","tag-secularisation","tag-tunisie"],"yoast_head":"<!-- This site is optimized with the Yoast SEO plugin v26.6 - https:\/\/yoast.com\/wordpress\/plugins\/seo\/ -->\n<title>Le r\u00f4le de l\u2019\u00e9cole dans la mont\u00e9e du conservatisme en Tunisie - Kapitalis<\/title>\n<meta name=\"robots\" content=\"index, follow, max-snippet:-1, max-image-preview:large, max-video-preview:-1\" \/>\n<link rel=\"canonical\" href=\"https:\/\/kapitalis.com\/tunisie\/2022\/09\/26\/le-role-de-lecole-dans-montee-du-conservatisme-en-tunisie\/\" \/>\n<meta property=\"og:locale\" content=\"fr_FR\" \/>\n<meta property=\"og:type\" content=\"article\" \/>\n<meta property=\"og:title\" content=\"Le r\u00f4le de l\u2019\u00e9cole dans la mont\u00e9e du conservatisme en Tunisie - Kapitalis\" \/>\n<meta property=\"og:description\" content=\"On a assist\u00e9 en Tunisie \u00e0 la mont\u00e9e du conservatisme religieux parall\u00e8lement \u00e0 la g\u00e9n\u00e9ralisation de l\u2019enseignement: cherchez l&#039;erreur !\" \/>\n<meta property=\"og:url\" content=\"https:\/\/kapitalis.com\/tunisie\/2022\/09\/26\/le-role-de-lecole-dans-montee-du-conservatisme-en-tunisie\/\" \/>\n<meta property=\"og:site_name\" content=\"Kapitalis\" \/>\n<meta property=\"article:publisher\" content=\"https:\/\/www.facebook.com\/KapitalisInfo\/\" \/>\n<meta property=\"article:published_time\" content=\"2022-09-26T08:24:17+00:00\" \/>\n<meta property=\"article:modified_time\" content=\"2022-09-26T14:48:38+00:00\" \/>\n<meta property=\"og:image\" content=\"https:\/\/kapitalis.com\/tunisie\/wp-content\/uploads\/2022\/09\/Ecole-conservatisme.jpg\" \/>\n\t<meta property=\"og:image:width\" content=\"1200\" \/>\n\t<meta property=\"og:image:height\" content=\"630\" \/>\n\t<meta property=\"og:image:type\" content=\"image\/jpeg\" \/>\n<meta name=\"author\" content=\"webmaster kapitalis\" \/>\n<meta name=\"twitter:card\" content=\"summary_large_image\" \/>\n<meta name=\"twitter:creator\" content=\"@KapitalisInfo\" \/>\n<meta name=\"twitter:site\" content=\"@KapitalisInfo\" \/>\n<meta name=\"twitter:label1\" content=\"\u00c9crit par\" \/>\n\t<meta name=\"twitter:data1\" content=\"webmaster kapitalis\" \/>\n\t<meta name=\"twitter:label2\" content=\"Dur\u00e9e de lecture estim\u00e9e\" \/>\n\t<meta name=\"twitter:data2\" content=\"5 minutes\" \/>\n<script type=\"application\/ld+json\" class=\"yoast-schema-graph\">{\"@context\":\"https:\/\/schema.org\",\"@graph\":[{\"@type\":\"Article\",\"@id\":\"https:\/\/kapitalis.com\/tunisie\/2022\/09\/26\/le-role-de-lecole-dans-montee-du-conservatisme-en-tunisie\/#article\",\"isPartOf\":{\"@id\":\"https:\/\/kapitalis.com\/tunisie\/2022\/09\/26\/le-role-de-lecole-dans-montee-du-conservatisme-en-tunisie\/\"},\"author\":{\"name\":\"webmaster kapitalis\",\"@id\":\"https:\/\/kapitalis.com\/tunisie\/#\/schema\/person\/d71f33a9ca44f7bad4698210b480c8e9\"},\"headline\":\"Le r\u00f4le de l\u2019\u00e9cole dans la mont\u00e9e du conservatisme en Tunisie\",\"datePublished\":\"2022-09-26T08:24:17+00:00\",\"dateModified\":\"2022-09-26T14:48:38+00:00\",\"mainEntityOfPage\":{\"@id\":\"https:\/\/kapitalis.com\/tunisie\/2022\/09\/26\/le-role-de-lecole-dans-montee-du-conservatisme-en-tunisie\/\"},\"wordCount\":956,\"commentCount\":8,\"publisher\":{\"@id\":\"https:\/\/kapitalis.com\/tunisie\/#organization\"},\"image\":{\"@id\":\"https:\/\/kapitalis.com\/tunisie\/2022\/09\/26\/le-role-de-lecole-dans-montee-du-conservatisme-en-tunisie\/#primaryimage\"},\"thumbnailUrl\":\"https:\/\/kapitalis.com\/tunisie\/wp-content\/uploads\/2022\/09\/Ecole-conservatisme.jpg\",\"keywords\":[\"conservatisme religieux\",\"\u00e9ducation\",\"fanatisme\",\"Hamadi Ben Jaballah\",\"Lotfi La\u00e2mari\",\"Mohamed Sadok Lejri\",\"s\u00e9cularisation\",\"Tunisie\"],\"articleSection\":[\"A LA UNE\",\"SOCIETE\",\"TRIBUNE\",\"Tunisie\"],\"inLanguage\":\"fr-FR\",\"potentialAction\":[{\"@type\":\"CommentAction\",\"name\":\"Comment\",\"target\":[\"https:\/\/kapitalis.com\/tunisie\/2022\/09\/26\/le-role-de-lecole-dans-montee-du-conservatisme-en-tunisie\/#respond\"]}]},{\"@type\":\"WebPage\",\"@id\":\"https:\/\/kapitalis.com\/tunisie\/2022\/09\/26\/le-role-de-lecole-dans-montee-du-conservatisme-en-tunisie\/\",\"url\":\"https:\/\/kapitalis.com\/tunisie\/2022\/09\/26\/le-role-de-lecole-dans-montee-du-conservatisme-en-tunisie\/\",\"name\":\"Le r\u00f4le de l\u2019\u00e9cole dans la mont\u00e9e du conservatisme en Tunisie - Kapitalis\",\"isPartOf\":{\"@id\":\"https:\/\/kapitalis.com\/tunisie\/#website\"},\"primaryImageOfPage\":{\"@id\":\"https:\/\/kapitalis.com\/tunisie\/2022\/09\/26\/le-role-de-lecole-dans-montee-du-conservatisme-en-tunisie\/#primaryimage\"},\"image\":{\"@id\":\"https:\/\/kapitalis.com\/tunisie\/2022\/09\/26\/le-role-de-lecole-dans-montee-du-conservatisme-en-tunisie\/#primaryimage\"},\"thumbnailUrl\":\"https:\/\/kapitalis.com\/tunisie\/wp-content\/uploads\/2022\/09\/Ecole-conservatisme.jpg\",\"datePublished\":\"2022-09-26T08:24:17+00:00\",\"dateModified\":\"2022-09-26T14:48:38+00:00\",\"breadcrumb\":{\"@id\":\"https:\/\/kapitalis.com\/tunisie\/2022\/09\/26\/le-role-de-lecole-dans-montee-du-conservatisme-en-tunisie\/#breadcrumb\"},\"inLanguage\":\"fr-FR\",\"potentialAction\":[{\"@type\":\"ReadAction\",\"target\":[\"https:\/\/kapitalis.com\/tunisie\/2022\/09\/26\/le-role-de-lecole-dans-montee-du-conservatisme-en-tunisie\/\"]}]},{\"@type\":\"ImageObject\",\"inLanguage\":\"fr-FR\",\"@id\":\"https:\/\/kapitalis.com\/tunisie\/2022\/09\/26\/le-role-de-lecole-dans-montee-du-conservatisme-en-tunisie\/#primaryimage\",\"url\":\"https:\/\/kapitalis.com\/tunisie\/wp-content\/uploads\/2022\/09\/Ecole-conservatisme.jpg\",\"contentUrl\":\"https:\/\/kapitalis.com\/tunisie\/wp-content\/uploads\/2022\/09\/Ecole-conservatisme.jpg\",\"width\":1200,\"height\":630},{\"@type\":\"BreadcrumbList\",\"@id\":\"https:\/\/kapitalis.com\/tunisie\/2022\/09\/26\/le-role-de-lecole-dans-montee-du-conservatisme-en-tunisie\/#breadcrumb\",\"itemListElement\":[{\"@type\":\"ListItem\",\"position\":1,\"name\":\"Accueil\",\"item\":\"https:\/\/kapitalis.com\/tunisie\/\"},{\"@type\":\"ListItem\",\"position\":2,\"name\":\"Le r\u00f4le de l\u2019\u00e9cole dans la mont\u00e9e du conservatisme en Tunisie\"}]},{\"@type\":\"WebSite\",\"@id\":\"https:\/\/kapitalis.com\/tunisie\/#website\",\"url\":\"https:\/\/kapitalis.com\/tunisie\/\",\"name\":\"Kapitalis\",\"description\":\"L&#039;actualit\u00e9 en Tunisie et dans le monde\",\"publisher\":{\"@id\":\"https:\/\/kapitalis.com\/tunisie\/#organization\"},\"potentialAction\":[{\"@type\":\"SearchAction\",\"target\":{\"@type\":\"EntryPoint\",\"urlTemplate\":\"https:\/\/kapitalis.com\/tunisie\/?s={search_term_string}\"},\"query-input\":{\"@type\":\"PropertyValueSpecification\",\"valueRequired\":true,\"valueName\":\"search_term_string\"}}],\"inLanguage\":\"fr-FR\"},{\"@type\":\"Organization\",\"@id\":\"https:\/\/kapitalis.com\/tunisie\/#organization\",\"name\":\"Kapitalis\",\"url\":\"https:\/\/kapitalis.com\/tunisie\/\",\"logo\":{\"@type\":\"ImageObject\",\"inLanguage\":\"fr-FR\",\"@id\":\"https:\/\/kapitalis.com\/tunisie\/#\/schema\/logo\/image\/\",\"url\":\"https:\/\/kapitalis.com\/tunisie\/wp-content\/uploads\/2022\/05\/Kapitalis-big-size.png\",\"contentUrl\":\"https:\/\/kapitalis.com\/tunisie\/wp-content\/uploads\/2022\/05\/Kapitalis-big-size.png\",\"width\":5000,\"height\":1500,\"caption\":\"Kapitalis\"},\"image\":{\"@id\":\"https:\/\/kapitalis.com\/tunisie\/#\/schema\/logo\/image\/\"},\"sameAs\":[\"https:\/\/www.facebook.com\/KapitalisInfo\/\",\"https:\/\/x.com\/KapitalisInfo\",\"https:\/\/www.youtube.com\/channel\/UC-yDYrHyfFBWWZaOw3FPg9Q\"]},{\"@type\":\"Person\",\"@id\":\"https:\/\/kapitalis.com\/tunisie\/#\/schema\/person\/d71f33a9ca44f7bad4698210b480c8e9\",\"name\":\"webmaster kapitalis\",\"url\":\"https:\/\/kapitalis.com\/tunisie\/author\/webmaster-kapitalis\/\"}]}<\/script>\n<!-- \/ Yoast SEO plugin. -->","yoast_head_json":{"title":"Le r\u00f4le de l\u2019\u00e9cole dans la mont\u00e9e du conservatisme en Tunisie - Kapitalis","robots":{"index":"index","follow":"follow","max-snippet":"max-snippet:-1","max-image-preview":"max-image-preview:large","max-video-preview":"max-video-preview:-1"},"canonical":"https:\/\/kapitalis.com\/tunisie\/2022\/09\/26\/le-role-de-lecole-dans-montee-du-conservatisme-en-tunisie\/","og_locale":"fr_FR","og_type":"article","og_title":"Le r\u00f4le de l\u2019\u00e9cole dans la mont\u00e9e du conservatisme en Tunisie - Kapitalis","og_description":"On a assist\u00e9 en Tunisie \u00e0 la mont\u00e9e du conservatisme religieux parall\u00e8lement \u00e0 la g\u00e9n\u00e9ralisation de l\u2019enseignement: cherchez l'erreur !","og_url":"https:\/\/kapitalis.com\/tunisie\/2022\/09\/26\/le-role-de-lecole-dans-montee-du-conservatisme-en-tunisie\/","og_site_name":"Kapitalis","article_publisher":"https:\/\/www.facebook.com\/KapitalisInfo\/","article_published_time":"2022-09-26T08:24:17+00:00","article_modified_time":"2022-09-26T14:48:38+00:00","og_image":[{"width":1200,"height":630,"url":"https:\/\/kapitalis.com\/tunisie\/wp-content\/uploads\/2022\/09\/Ecole-conservatisme.jpg","type":"image\/jpeg"}],"author":"webmaster kapitalis","twitter_card":"summary_large_image","twitter_creator":"@KapitalisInfo","twitter_site":"@KapitalisInfo","twitter_misc":{"\u00c9crit par":"webmaster kapitalis","Dur\u00e9e de lecture estim\u00e9e":"5 minutes"},"schema":{"@context":"https:\/\/schema.org","@graph":[{"@type":"Article","@id":"https:\/\/kapitalis.com\/tunisie\/2022\/09\/26\/le-role-de-lecole-dans-montee-du-conservatisme-en-tunisie\/#article","isPartOf":{"@id":"https:\/\/kapitalis.com\/tunisie\/2022\/09\/26\/le-role-de-lecole-dans-montee-du-conservatisme-en-tunisie\/"},"author":{"name":"webmaster kapitalis","@id":"https:\/\/kapitalis.com\/tunisie\/#\/schema\/person\/d71f33a9ca44f7bad4698210b480c8e9"},"headline":"Le r\u00f4le de l\u2019\u00e9cole dans la mont\u00e9e du conservatisme en Tunisie","datePublished":"2022-09-26T08:24:17+00:00","dateModified":"2022-09-26T14:48:38+00:00","mainEntityOfPage":{"@id":"https:\/\/kapitalis.com\/tunisie\/2022\/09\/26\/le-role-de-lecole-dans-montee-du-conservatisme-en-tunisie\/"},"wordCount":956,"commentCount":8,"publisher":{"@id":"https:\/\/kapitalis.com\/tunisie\/#organization"},"image":{"@id":"https:\/\/kapitalis.com\/tunisie\/2022\/09\/26\/le-role-de-lecole-dans-montee-du-conservatisme-en-tunisie\/#primaryimage"},"thumbnailUrl":"https:\/\/kapitalis.com\/tunisie\/wp-content\/uploads\/2022\/09\/Ecole-conservatisme.jpg","keywords":["conservatisme religieux","\u00e9ducation","fanatisme","Hamadi Ben Jaballah","Lotfi La\u00e2mari","Mohamed Sadok Lejri","s\u00e9cularisation","Tunisie"],"articleSection":["A LA UNE","SOCIETE","TRIBUNE","Tunisie"],"inLanguage":"fr-FR","potentialAction":[{"@type":"CommentAction","name":"Comment","target":["https:\/\/kapitalis.com\/tunisie\/2022\/09\/26\/le-role-de-lecole-dans-montee-du-conservatisme-en-tunisie\/#respond"]}]},{"@type":"WebPage","@id":"https:\/\/kapitalis.com\/tunisie\/2022\/09\/26\/le-role-de-lecole-dans-montee-du-conservatisme-en-tunisie\/","url":"https:\/\/kapitalis.com\/tunisie\/2022\/09\/26\/le-role-de-lecole-dans-montee-du-conservatisme-en-tunisie\/","name":"Le r\u00f4le de l\u2019\u00e9cole dans la mont\u00e9e du conservatisme en Tunisie - Kapitalis","isPartOf":{"@id":"https:\/\/kapitalis.com\/tunisie\/#website"},"primaryImageOfPage":{"@id":"https:\/\/kapitalis.com\/tunisie\/2022\/09\/26\/le-role-de-lecole-dans-montee-du-conservatisme-en-tunisie\/#primaryimage"},"image":{"@id":"https:\/\/kapitalis.com\/tunisie\/2022\/09\/26\/le-role-de-lecole-dans-montee-du-conservatisme-en-tunisie\/#primaryimage"},"thumbnailUrl":"https:\/\/kapitalis.com\/tunisie\/wp-content\/uploads\/2022\/09\/Ecole-conservatisme.jpg","datePublished":"2022-09-26T08:24:17+00:00","dateModified":"2022-09-26T14:48:38+00:00","breadcrumb":{"@id":"https:\/\/kapitalis.com\/tunisie\/2022\/09\/26\/le-role-de-lecole-dans-montee-du-conservatisme-en-tunisie\/#breadcrumb"},"inLanguage":"fr-FR","potentialAction":[{"@type":"ReadAction","target":["https:\/\/kapitalis.com\/tunisie\/2022\/09\/26\/le-role-de-lecole-dans-montee-du-conservatisme-en-tunisie\/"]}]},{"@type":"ImageObject","inLanguage":"fr-FR","@id":"https:\/\/kapitalis.com\/tunisie\/2022\/09\/26\/le-role-de-lecole-dans-montee-du-conservatisme-en-tunisie\/#primaryimage","url":"https:\/\/kapitalis.com\/tunisie\/wp-content\/uploads\/2022\/09\/Ecole-conservatisme.jpg","contentUrl":"https:\/\/kapitalis.com\/tunisie\/wp-content\/uploads\/2022\/09\/Ecole-conservatisme.jpg","width":1200,"height":630},{"@type":"BreadcrumbList","@id":"https:\/\/kapitalis.com\/tunisie\/2022\/09\/26\/le-role-de-lecole-dans-montee-du-conservatisme-en-tunisie\/#breadcrumb","itemListElement":[{"@type":"ListItem","position":1,"name":"Accueil","item":"https:\/\/kapitalis.com\/tunisie\/"},{"@type":"ListItem","position":2,"name":"Le r\u00f4le de l\u2019\u00e9cole dans la mont\u00e9e du conservatisme en Tunisie"}]},{"@type":"WebSite","@id":"https:\/\/kapitalis.com\/tunisie\/#website","url":"https:\/\/kapitalis.com\/tunisie\/","name":"Kapitalis","description":"L&#039;actualit\u00e9 en Tunisie et dans le monde","publisher":{"@id":"https:\/\/kapitalis.com\/tunisie\/#organization"},"potentialAction":[{"@type":"SearchAction","target":{"@type":"EntryPoint","urlTemplate":"https:\/\/kapitalis.com\/tunisie\/?s={search_term_string}"},"query-input":{"@type":"PropertyValueSpecification","valueRequired":true,"valueName":"search_term_string"}}],"inLanguage":"fr-FR"},{"@type":"Organization","@id":"https:\/\/kapitalis.com\/tunisie\/#organization","name":"Kapitalis","url":"https:\/\/kapitalis.com\/tunisie\/","logo":{"@type":"ImageObject","inLanguage":"fr-FR","@id":"https:\/\/kapitalis.com\/tunisie\/#\/schema\/logo\/image\/","url":"https:\/\/kapitalis.com\/tunisie\/wp-content\/uploads\/2022\/05\/Kapitalis-big-size.png","contentUrl":"https:\/\/kapitalis.com\/tunisie\/wp-content\/uploads\/2022\/05\/Kapitalis-big-size.png","width":5000,"height":1500,"caption":"Kapitalis"},"image":{"@id":"https:\/\/kapitalis.com\/tunisie\/#\/schema\/logo\/image\/"},"sameAs":["https:\/\/www.facebook.com\/KapitalisInfo\/","https:\/\/x.com\/KapitalisInfo","https:\/\/www.youtube.com\/channel\/UC-yDYrHyfFBWWZaOw3FPg9Q"]},{"@type":"Person","@id":"https:\/\/kapitalis.com\/tunisie\/#\/schema\/person\/d71f33a9ca44f7bad4698210b480c8e9","name":"webmaster kapitalis","url":"https:\/\/kapitalis.com\/tunisie\/author\/webmaster-kapitalis\/"}]}},"_links":{"self":[{"href":"https:\/\/kapitalis.com\/tunisie\/wp-json\/wp\/v2\/posts\/4263664","targetHints":{"allow":["GET"]}}],"collection":[{"href":"https:\/\/kapitalis.com\/tunisie\/wp-json\/wp\/v2\/posts"}],"about":[{"href":"https:\/\/kapitalis.com\/tunisie\/wp-json\/wp\/v2\/types\/post"}],"author":[{"embeddable":true,"href":"https:\/\/kapitalis.com\/tunisie\/wp-json\/wp\/v2\/users\/8"}],"replies":[{"embeddable":true,"href":"https:\/\/kapitalis.com\/tunisie\/wp-json\/wp\/v2\/comments?post=4263664"}],"version-history":[{"count":0,"href":"https:\/\/kapitalis.com\/tunisie\/wp-json\/wp\/v2\/posts\/4263664\/revisions"}],"wp:featuredmedia":[{"embeddable":true,"href":"https:\/\/kapitalis.com\/tunisie\/wp-json\/wp\/v2\/media\/4263821"}],"wp:attachment":[{"href":"https:\/\/kapitalis.com\/tunisie\/wp-json\/wp\/v2\/media?parent=4263664"}],"wp:term":[{"taxonomy":"category","embeddable":true,"href":"https:\/\/kapitalis.com\/tunisie\/wp-json\/wp\/v2\/categories?post=4263664"},{"taxonomy":"post_tag","embeddable":true,"href":"https:\/\/kapitalis.com\/tunisie\/wp-json\/wp\/v2\/tags?post=4263664"}],"curies":[{"name":"wp","href":"https:\/\/api.w.org\/{rel}","templated":true}]}}