{"id":4270660,"date":"2022-09-26T19:56:38","date_gmt":"2022-09-26T18:56:38","guid":{"rendered":"https:\/\/kapitalis.com\/tunisie\/?p=4270660"},"modified":"2022-09-26T19:59:15","modified_gmt":"2022-09-26T18:59:15","slug":"tunisie-saisie-de-600-000-dinars-au-siege-du-syndicat-des-forces-interieures-ministere-de-linterieur","status":"publish","type":"post","link":"https:\/\/kapitalis.com\/tunisie\/2022\/09\/26\/tunisie-saisie-de-600-000-dinars-au-siege-du-syndicat-des-forces-interieures-ministere-de-linterieur\/","title":{"rendered":"Tunisie : Saisie de 600.000 dinars au si\u00e8ge du Syndicat des forces int\u00e9rieures (Minist\u00e8re de l&rsquo;Int\u00e9rieur)"},"content":{"rendered":"\n<p><strong><em>Le minist\u00e8re de l\u2019Int\u00e9rieur est revenu, ce lundi 26 septembre 2022, sur la fermeture du si\u00e8ge d\u2019un syndicat s\u00e9curitaire, en affirmant que cette d\u00e9cision fait suite \u00e0 l\u2019ex\u00e9cution d\u2019une d\u00e9cision judiciaire prononc\u00e9e en faveur du propri\u00e9taire suite \u00e0 une plainte d\u00e9pos\u00e9e contre ledit syndicat.<\/em><\/strong><\/p>\n\n\n\n<!--more-->\n\n\n\n<p>Dans son communiqu\u00e9, le minist\u00e8re a ajout\u00e9 que le minist\u00e8re public a autoris\u00e9 le recours \u00e0 la force publique pour \u00e9vacuer les lieux, affirmant que la proc\u00e9dure s&rsquo;est d\u00e9roul\u00e9e dans des circonstances ordinaires et en pr\u00e9sence des repr\u00e9sentants des deux parties du litige, tout en pr\u00e9cisant que l&rsquo;ordre d&rsquo;\u00e9vacuation a concern\u00e9 deux appartements : le premier est exploit\u00e9 par le syndicat en tant que si\u00e8ge principal alors que le deuxi\u00e8me est utilis\u00e9 par l&rsquo;un des membres du bureau ex\u00e9cutif du syndicat.<\/p>\n\n\n\n<p>Le minist\u00e8re de l\u2019Int\u00e9rieur a par ailleurs ajout\u00e9 qu\u2019un coffre-fort a \u00e9t\u00e9 d\u00e9couvert au si\u00e8ge du Syndicat,qui a \u00e9t\u00e9 ouvert en pr\u00e9sence d\u2019un huissier de justice et du repr\u00e9sentant du syndicat, et qui contenait la somme de 600.000 dinars. L&rsquo;argent a \u00e9t\u00e9 saisie apr\u00e8s consultation du minist\u00e8re public.<\/p>\n\n\n\n<p class=\"has-text-align-right\"><strong>Y. N.<\/strong><\/p>\n\n\n\n<figure class=\"wp-block-embed is-type-wp-embed is-provider-kapitalis wp-block-embed-kapitalis\"><div class=\"wp-block-embed__wrapper\">\n<blockquote class=\"wp-embedded-content\" data-secret=\"RM97eyEXYU\"><a href=\"https:\/\/kapitalis.com\/tunisie\/2022\/09\/26\/tunisie-les-forces-de-lordre-ferment-le-siege-du-syndicat-des-forces-interieures\/\">Tunisie : Les forces de l&rsquo;ordre ferment le si\u00e8ge du Syndicat des forces int\u00e9rieures<\/a><\/blockquote><iframe loading=\"lazy\" class=\"wp-embedded-content\" sandbox=\"allow-scripts\" security=\"restricted\" style=\"position: absolute; clip: rect(1px, 1px, 1px, 1px);\" title=\"\u00ab\u00a0Tunisie : Les forces de l&rsquo;ordre ferment le si\u00e8ge du Syndicat des forces int\u00e9rieures\u00a0\u00bb &#8212; Kapitalis\" src=\"https:\/\/kapitalis.com\/tunisie\/2022\/09\/26\/tunisie-les-forces-de-lordre-ferment-le-siege-du-syndicat-des-forces-interieures\/embed\/#?secret=rlgH2Ut2af#?secret=RM97eyEXYU\" data-secret=\"RM97eyEXYU\" width=\"600\" height=\"338\" frameborder=\"0\" marginwidth=\"0\" marginheight=\"0\" scrolling=\"no\"><\/iframe>\n<\/div><\/figure>\n","protected":false},"excerpt":{"rendered":"<p>Tunisie : Saisie de 600.000 dinars au si\u00e8ge du Syndicat des forces int\u00e9rieures (Minist\u00e8re de l&rsquo;Int\u00e9rieur)<\/p>\n","protected":false},"author":6,"featured_media":2578085,"comment_status":"open","ping_status":"open","sticky":false,"template":"","format":"standard","meta":{"footnotes":""},"categories":[998,2433],"tags":[103134,102006,23794,62643],"class_list":["post-4270660","post","type-post","status-publish","format-standard","has-post-thumbnail","hentry","category-societe","category-tunisie","tag-ministere-de-linsterieur","tag-saisie-argent","tag-syndicat-securitaire","tag-tunisie"],"yoast_head":"<!-- This site is optimized with the Yoast SEO plugin v26.6 - https:\/\/yoast.com\/wordpress\/plugins\/seo\/ -->\n<title>Tunisie : Saisie de 600.000 dinars au si\u00e8ge du Syndicat des forces int\u00e9rieures (Minist\u00e8re de l&#039;Int\u00e9rieur) - Kapitalis<\/title>\n<meta name=\"description\" content=\"Le minist\u00e8re de l\u2019Int\u00e9rieur est revenu, ce lundi 26 septembre 2022, sur la fermeture du si\u00e8ge d\u2019un syndicat s\u00e9curitaire, en affirmant que cette d\u00e9cision fait suite \u00e0 l\u2019ex\u00e9cution d\u2019une d\u00e9cision judiciaire prononc\u00e9e en faveur du propri\u00e9taire suite \u00e0 une plainte d\u00e9pos\u00e9e contre ledit syndicat.\" \/>\n<meta name=\"robots\" content=\"index, follow, max-snippet:-1, max-image-preview:large, max-video-preview:-1\" \/>\n<link rel=\"canonical\" href=\"https:\/\/kapitalis.com\/tunisie\/2022\/09\/26\/tunisie-saisie-de-600-000-dinars-au-siege-du-syndicat-des-forces-interieures-ministere-de-linterieur\/\" \/>\n<meta property=\"og:locale\" content=\"fr_FR\" \/>\n<meta property=\"og:type\" content=\"article\" \/>\n<meta property=\"og:title\" content=\"Tunisie : Saisie de 600.000 dinars au si\u00e8ge du Syndicat des forces int\u00e9rieures (Minist\u00e8re de l&#039;Int\u00e9rieur) - Kapitalis\" \/>\n<meta property=\"og:description\" content=\"Le minist\u00e8re de l\u2019Int\u00e9rieur est revenu, ce lundi 26 septembre 2022, sur la fermeture du si\u00e8ge d\u2019un syndicat s\u00e9curitaire, en affirmant que cette d\u00e9cision fait suite \u00e0 l\u2019ex\u00e9cution d\u2019une d\u00e9cision judiciaire prononc\u00e9e en faveur du propri\u00e9taire suite \u00e0 une plainte d\u00e9pos\u00e9e contre ledit syndicat.\" \/>\n<meta property=\"og:url\" content=\"https:\/\/kapitalis.com\/tunisie\/2022\/09\/26\/tunisie-saisie-de-600-000-dinars-au-siege-du-syndicat-des-forces-interieures-ministere-de-linterieur\/\" \/>\n<meta property=\"og:site_name\" content=\"Kapitalis\" \/>\n<meta property=\"article:publisher\" content=\"https:\/\/www.facebook.com\/KapitalisInfo\/\" \/>\n<meta property=\"article:published_time\" content=\"2022-09-26T18:56:38+00:00\" \/>\n<meta property=\"article:modified_time\" content=\"2022-09-26T18:59:15+00:00\" \/>\n<meta property=\"og:image\" content=\"https:\/\/kapitalis.com\/tunisie\/wp-content\/uploads\/2022\/07\/Ministere-Interieur.jpg\" \/>\n\t<meta property=\"og:image:width\" content=\"1200\" \/>\n\t<meta property=\"og:image:height\" content=\"630\" \/>\n\t<meta property=\"og:image:type\" content=\"image\/jpeg\" \/>\n<meta name=\"author\" content=\"Yusra NY\" \/>\n<meta name=\"twitter:card\" content=\"summary_large_image\" \/>\n<meta name=\"twitter:creator\" content=\"@KapitalisInfo\" \/>\n<meta name=\"twitter:site\" content=\"@KapitalisInfo\" \/>\n<meta name=\"twitter:label1\" content=\"\u00c9crit par\" \/>\n\t<meta name=\"twitter:data1\" content=\"Yusra NY\" \/>\n\t<meta name=\"twitter:label2\" content=\"Dur\u00e9e de lecture estim\u00e9e\" \/>\n\t<meta name=\"twitter:data2\" content=\"1 minute\" \/>\n<script type=\"application\/ld+json\" class=\"yoast-schema-graph\">{\"@context\":\"https:\/\/schema.org\",\"@graph\":[{\"@type\":\"Article\",\"@id\":\"https:\/\/kapitalis.com\/tunisie\/2022\/09\/26\/tunisie-saisie-de-600-000-dinars-au-siege-du-syndicat-des-forces-interieures-ministere-de-linterieur\/#article\",\"isPartOf\":{\"@id\":\"https:\/\/kapitalis.com\/tunisie\/2022\/09\/26\/tunisie-saisie-de-600-000-dinars-au-siege-du-syndicat-des-forces-interieures-ministere-de-linterieur\/\"},\"author\":{\"name\":\"Yusra NY\",\"@id\":\"https:\/\/kapitalis.com\/tunisie\/#\/schema\/person\/74bbde0154d49d790a92aaeac5bc01d5\"},\"headline\":\"Tunisie : Saisie de 600.000 dinars au si\u00e8ge du Syndicat des forces int\u00e9rieures (Minist\u00e8re de l&rsquo;Int\u00e9rieur)\",\"datePublished\":\"2022-09-26T18:56:38+00:00\",\"dateModified\":\"2022-09-26T18:59:15+00:00\",\"mainEntityOfPage\":{\"@id\":\"https:\/\/kapitalis.com\/tunisie\/2022\/09\/26\/tunisie-saisie-de-600-000-dinars-au-siege-du-syndicat-des-forces-interieures-ministere-de-linterieur\/\"},\"wordCount\":230,\"commentCount\":0,\"publisher\":{\"@id\":\"https:\/\/kapitalis.com\/tunisie\/#organization\"},\"image\":{\"@id\":\"https:\/\/kapitalis.com\/tunisie\/2022\/09\/26\/tunisie-saisie-de-600-000-dinars-au-siege-du-syndicat-des-forces-interieures-ministere-de-linterieur\/#primaryimage\"},\"thumbnailUrl\":\"https:\/\/kapitalis.com\/tunisie\/wp-content\/uploads\/2022\/07\/Ministere-Interieur.jpg\",\"keywords\":[\"minist\u00e8re de l&#039;Inst\u00e9rieur\",\"saisie argent\",\"syndicat s\u00e9curitaire\",\"Tunisie\"],\"articleSection\":[\"SOCIETE\",\"Tunisie\"],\"inLanguage\":\"fr-FR\",\"potentialAction\":[{\"@type\":\"CommentAction\",\"name\":\"Comment\",\"target\":[\"https:\/\/kapitalis.com\/tunisie\/2022\/09\/26\/tunisie-saisie-de-600-000-dinars-au-siege-du-syndicat-des-forces-interieures-ministere-de-linterieur\/#respond\"]}]},{\"@type\":\"WebPage\",\"@id\":\"https:\/\/kapitalis.com\/tunisie\/2022\/09\/26\/tunisie-saisie-de-600-000-dinars-au-siege-du-syndicat-des-forces-interieures-ministere-de-linterieur\/\",\"url\":\"https:\/\/kapitalis.com\/tunisie\/2022\/09\/26\/tunisie-saisie-de-600-000-dinars-au-siege-du-syndicat-des-forces-interieures-ministere-de-linterieur\/\",\"name\":\"Tunisie : Saisie de 600.000 dinars au si\u00e8ge du Syndicat des forces int\u00e9rieures (Minist\u00e8re de l'Int\u00e9rieur) - Kapitalis\",\"isPartOf\":{\"@id\":\"https:\/\/kapitalis.com\/tunisie\/#website\"},\"primaryImageOfPage\":{\"@id\":\"https:\/\/kapitalis.com\/tunisie\/2022\/09\/26\/tunisie-saisie-de-600-000-dinars-au-siege-du-syndicat-des-forces-interieures-ministere-de-linterieur\/#primaryimage\"},\"image\":{\"@id\":\"https:\/\/kapitalis.com\/tunisie\/2022\/09\/26\/tunisie-saisie-de-600-000-dinars-au-siege-du-syndicat-des-forces-interieures-ministere-de-linterieur\/#primaryimage\"},\"thumbnailUrl\":\"https:\/\/kapitalis.com\/tunisie\/wp-content\/uploads\/2022\/07\/Ministere-Interieur.jpg\",\"datePublished\":\"2022-09-26T18:56:38+00:00\",\"dateModified\":\"2022-09-26T18:59:15+00:00\",\"description\":\"Le minist\u00e8re de l\u2019Int\u00e9rieur est revenu, ce lundi 26 septembre 2022, sur la fermeture du si\u00e8ge d\u2019un syndicat s\u00e9curitaire, en affirmant que cette d\u00e9cision fait suite \u00e0 l\u2019ex\u00e9cution d\u2019une d\u00e9cision judiciaire prononc\u00e9e en faveur du propri\u00e9taire suite \u00e0 une plainte d\u00e9pos\u00e9e contre ledit syndicat.\",\"breadcrumb\":{\"@id\":\"https:\/\/kapitalis.com\/tunisie\/2022\/09\/26\/tunisie-saisie-de-600-000-dinars-au-siege-du-syndicat-des-forces-interieures-ministere-de-linterieur\/#breadcrumb\"},\"inLanguage\":\"fr-FR\",\"potentialAction\":[{\"@type\":\"ReadAction\",\"target\":[\"https:\/\/kapitalis.com\/tunisie\/2022\/09\/26\/tunisie-saisie-de-600-000-dinars-au-siege-du-syndicat-des-forces-interieures-ministere-de-linterieur\/\"]}]},{\"@type\":\"ImageObject\",\"inLanguage\":\"fr-FR\",\"@id\":\"https:\/\/kapitalis.com\/tunisie\/2022\/09\/26\/tunisie-saisie-de-600-000-dinars-au-siege-du-syndicat-des-forces-interieures-ministere-de-linterieur\/#primaryimage\",\"url\":\"https:\/\/kapitalis.com\/tunisie\/wp-content\/uploads\/2022\/07\/Ministere-Interieur.jpg\",\"contentUrl\":\"https:\/\/kapitalis.com\/tunisie\/wp-content\/uploads\/2022\/07\/Ministere-Interieur.jpg\",\"width\":1200,\"height\":630},{\"@type\":\"BreadcrumbList\",\"@id\":\"https:\/\/kapitalis.com\/tunisie\/2022\/09\/26\/tunisie-saisie-de-600-000-dinars-au-siege-du-syndicat-des-forces-interieures-ministere-de-linterieur\/#breadcrumb\",\"itemListElement\":[{\"@type\":\"ListItem\",\"position\":1,\"name\":\"Accueil\",\"item\":\"https:\/\/kapitalis.com\/tunisie\/\"},{\"@type\":\"ListItem\",\"position\":2,\"name\":\"Tunisie : Saisie de 600.000 dinars au si\u00e8ge du Syndicat des forces int\u00e9rieures (Minist\u00e8re de l&rsquo;Int\u00e9rieur)\"}]},{\"@type\":\"WebSite\",\"@id\":\"https:\/\/kapitalis.com\/tunisie\/#website\",\"url\":\"https:\/\/kapitalis.com\/tunisie\/\",\"name\":\"Kapitalis\",\"description\":\"L&#039;actualit\u00e9 en Tunisie et dans le monde\",\"publisher\":{\"@id\":\"https:\/\/kapitalis.com\/tunisie\/#organization\"},\"potentialAction\":[{\"@type\":\"SearchAction\",\"target\":{\"@type\":\"EntryPoint\",\"urlTemplate\":\"https:\/\/kapitalis.com\/tunisie\/?s={search_term_string}\"},\"query-input\":{\"@type\":\"PropertyValueSpecification\",\"valueRequired\":true,\"valueName\":\"search_term_string\"}}],\"inLanguage\":\"fr-FR\"},{\"@type\":\"Organization\",\"@id\":\"https:\/\/kapitalis.com\/tunisie\/#organization\",\"name\":\"Kapitalis\",\"url\":\"https:\/\/kapitalis.com\/tunisie\/\",\"logo\":{\"@type\":\"ImageObject\",\"inLanguage\":\"fr-FR\",\"@id\":\"https:\/\/kapitalis.com\/tunisie\/#\/schema\/logo\/image\/\",\"url\":\"https:\/\/kapitalis.com\/tunisie\/wp-content\/uploads\/2022\/05\/Kapitalis-big-size.png\",\"contentUrl\":\"https:\/\/kapitalis.com\/tunisie\/wp-content\/uploads\/2022\/05\/Kapitalis-big-size.png\",\"width\":5000,\"height\":1500,\"caption\":\"Kapitalis\"},\"image\":{\"@id\":\"https:\/\/kapitalis.com\/tunisie\/#\/schema\/logo\/image\/\"},\"sameAs\":[\"https:\/\/www.facebook.com\/KapitalisInfo\/\",\"https:\/\/x.com\/KapitalisInfo\",\"https:\/\/www.youtube.com\/channel\/UC-yDYrHyfFBWWZaOw3FPg9Q\"]},{\"@type\":\"Person\",\"@id\":\"https:\/\/kapitalis.com\/tunisie\/#\/schema\/person\/74bbde0154d49d790a92aaeac5bc01d5\",\"name\":\"Yusra NY\",\"url\":\"https:\/\/kapitalis.com\/tunisie\/author\/yuza_adam\/\"}]}<\/script>\n<!-- \/ Yoast SEO plugin. -->","yoast_head_json":{"title":"Tunisie : Saisie de 600.000 dinars au si\u00e8ge du Syndicat des forces int\u00e9rieures (Minist\u00e8re de l'Int\u00e9rieur) - Kapitalis","description":"Le minist\u00e8re de l\u2019Int\u00e9rieur est revenu, ce lundi 26 septembre 2022, sur la fermeture du si\u00e8ge d\u2019un syndicat s\u00e9curitaire, en affirmant que cette d\u00e9cision fait suite \u00e0 l\u2019ex\u00e9cution d\u2019une d\u00e9cision judiciaire prononc\u00e9e en faveur du propri\u00e9taire suite \u00e0 une plainte d\u00e9pos\u00e9e contre ledit syndicat.","robots":{"index":"index","follow":"follow","max-snippet":"max-snippet:-1","max-image-preview":"max-image-preview:large","max-video-preview":"max-video-preview:-1"},"canonical":"https:\/\/kapitalis.com\/tunisie\/2022\/09\/26\/tunisie-saisie-de-600-000-dinars-au-siege-du-syndicat-des-forces-interieures-ministere-de-linterieur\/","og_locale":"fr_FR","og_type":"article","og_title":"Tunisie : Saisie de 600.000 dinars au si\u00e8ge du Syndicat des forces int\u00e9rieures (Minist\u00e8re de l'Int\u00e9rieur) - Kapitalis","og_description":"Le minist\u00e8re de l\u2019Int\u00e9rieur est revenu, ce lundi 26 septembre 2022, sur la fermeture du si\u00e8ge d\u2019un syndicat s\u00e9curitaire, en affirmant que cette d\u00e9cision fait suite \u00e0 l\u2019ex\u00e9cution d\u2019une d\u00e9cision judiciaire prononc\u00e9e en faveur du propri\u00e9taire suite \u00e0 une plainte d\u00e9pos\u00e9e contre ledit syndicat.","og_url":"https:\/\/kapitalis.com\/tunisie\/2022\/09\/26\/tunisie-saisie-de-600-000-dinars-au-siege-du-syndicat-des-forces-interieures-ministere-de-linterieur\/","og_site_name":"Kapitalis","article_publisher":"https:\/\/www.facebook.com\/KapitalisInfo\/","article_published_time":"2022-09-26T18:56:38+00:00","article_modified_time":"2022-09-26T18:59:15+00:00","og_image":[{"width":1200,"height":630,"url":"https:\/\/kapitalis.com\/tunisie\/wp-content\/uploads\/2022\/07\/Ministere-Interieur.jpg","type":"image\/jpeg"}],"author":"Yusra NY","twitter_card":"summary_large_image","twitter_creator":"@KapitalisInfo","twitter_site":"@KapitalisInfo","twitter_misc":{"\u00c9crit par":"Yusra NY","Dur\u00e9e de lecture estim\u00e9e":"1 minute"},"schema":{"@context":"https:\/\/schema.org","@graph":[{"@type":"Article","@id":"https:\/\/kapitalis.com\/tunisie\/2022\/09\/26\/tunisie-saisie-de-600-000-dinars-au-siege-du-syndicat-des-forces-interieures-ministere-de-linterieur\/#article","isPartOf":{"@id":"https:\/\/kapitalis.com\/tunisie\/2022\/09\/26\/tunisie-saisie-de-600-000-dinars-au-siege-du-syndicat-des-forces-interieures-ministere-de-linterieur\/"},"author":{"name":"Yusra NY","@id":"https:\/\/kapitalis.com\/tunisie\/#\/schema\/person\/74bbde0154d49d790a92aaeac5bc01d5"},"headline":"Tunisie : Saisie de 600.000 dinars au si\u00e8ge du Syndicat des forces int\u00e9rieures (Minist\u00e8re de l&rsquo;Int\u00e9rieur)","datePublished":"2022-09-26T18:56:38+00:00","dateModified":"2022-09-26T18:59:15+00:00","mainEntityOfPage":{"@id":"https:\/\/kapitalis.com\/tunisie\/2022\/09\/26\/tunisie-saisie-de-600-000-dinars-au-siege-du-syndicat-des-forces-interieures-ministere-de-linterieur\/"},"wordCount":230,"commentCount":0,"publisher":{"@id":"https:\/\/kapitalis.com\/tunisie\/#organization"},"image":{"@id":"https:\/\/kapitalis.com\/tunisie\/2022\/09\/26\/tunisie-saisie-de-600-000-dinars-au-siege-du-syndicat-des-forces-interieures-ministere-de-linterieur\/#primaryimage"},"thumbnailUrl":"https:\/\/kapitalis.com\/tunisie\/wp-content\/uploads\/2022\/07\/Ministere-Interieur.jpg","keywords":["minist\u00e8re de l&#039;Inst\u00e9rieur","saisie argent","syndicat s\u00e9curitaire","Tunisie"],"articleSection":["SOCIETE","Tunisie"],"inLanguage":"fr-FR","potentialAction":[{"@type":"CommentAction","name":"Comment","target":["https:\/\/kapitalis.com\/tunisie\/2022\/09\/26\/tunisie-saisie-de-600-000-dinars-au-siege-du-syndicat-des-forces-interieures-ministere-de-linterieur\/#respond"]}]},{"@type":"WebPage","@id":"https:\/\/kapitalis.com\/tunisie\/2022\/09\/26\/tunisie-saisie-de-600-000-dinars-au-siege-du-syndicat-des-forces-interieures-ministere-de-linterieur\/","url":"https:\/\/kapitalis.com\/tunisie\/2022\/09\/26\/tunisie-saisie-de-600-000-dinars-au-siege-du-syndicat-des-forces-interieures-ministere-de-linterieur\/","name":"Tunisie : Saisie de 600.000 dinars au si\u00e8ge du Syndicat des forces int\u00e9rieures (Minist\u00e8re de l'Int\u00e9rieur) - Kapitalis","isPartOf":{"@id":"https:\/\/kapitalis.com\/tunisie\/#website"},"primaryImageOfPage":{"@id":"https:\/\/kapitalis.com\/tunisie\/2022\/09\/26\/tunisie-saisie-de-600-000-dinars-au-siege-du-syndicat-des-forces-interieures-ministere-de-linterieur\/#primaryimage"},"image":{"@id":"https:\/\/kapitalis.com\/tunisie\/2022\/09\/26\/tunisie-saisie-de-600-000-dinars-au-siege-du-syndicat-des-forces-interieures-ministere-de-linterieur\/#primaryimage"},"thumbnailUrl":"https:\/\/kapitalis.com\/tunisie\/wp-content\/uploads\/2022\/07\/Ministere-Interieur.jpg","datePublished":"2022-09-26T18:56:38+00:00","dateModified":"2022-09-26T18:59:15+00:00","description":"Le minist\u00e8re de l\u2019Int\u00e9rieur est revenu, ce lundi 26 septembre 2022, sur la fermeture du si\u00e8ge d\u2019un syndicat s\u00e9curitaire, en affirmant que cette d\u00e9cision fait suite \u00e0 l\u2019ex\u00e9cution d\u2019une d\u00e9cision judiciaire prononc\u00e9e en faveur du propri\u00e9taire suite \u00e0 une plainte d\u00e9pos\u00e9e contre ledit syndicat.","breadcrumb":{"@id":"https:\/\/kapitalis.com\/tunisie\/2022\/09\/26\/tunisie-saisie-de-600-000-dinars-au-siege-du-syndicat-des-forces-interieures-ministere-de-linterieur\/#breadcrumb"},"inLanguage":"fr-FR","potentialAction":[{"@type":"ReadAction","target":["https:\/\/kapitalis.com\/tunisie\/2022\/09\/26\/tunisie-saisie-de-600-000-dinars-au-siege-du-syndicat-des-forces-interieures-ministere-de-linterieur\/"]}]},{"@type":"ImageObject","inLanguage":"fr-FR","@id":"https:\/\/kapitalis.com\/tunisie\/2022\/09\/26\/tunisie-saisie-de-600-000-dinars-au-siege-du-syndicat-des-forces-interieures-ministere-de-linterieur\/#primaryimage","url":"https:\/\/kapitalis.com\/tunisie\/wp-content\/uploads\/2022\/07\/Ministere-Interieur.jpg","contentUrl":"https:\/\/kapitalis.com\/tunisie\/wp-content\/uploads\/2022\/07\/Ministere-Interieur.jpg","width":1200,"height":630},{"@type":"BreadcrumbList","@id":"https:\/\/kapitalis.com\/tunisie\/2022\/09\/26\/tunisie-saisie-de-600-000-dinars-au-siege-du-syndicat-des-forces-interieures-ministere-de-linterieur\/#breadcrumb","itemListElement":[{"@type":"ListItem","position":1,"name":"Accueil","item":"https:\/\/kapitalis.com\/tunisie\/"},{"@type":"ListItem","position":2,"name":"Tunisie : Saisie de 600.000 dinars au si\u00e8ge du Syndicat des forces int\u00e9rieures (Minist\u00e8re de l&rsquo;Int\u00e9rieur)"}]},{"@type":"WebSite","@id":"https:\/\/kapitalis.com\/tunisie\/#website","url":"https:\/\/kapitalis.com\/tunisie\/","name":"Kapitalis","description":"L&#039;actualit\u00e9 en Tunisie et dans le monde","publisher":{"@id":"https:\/\/kapitalis.com\/tunisie\/#organization"},"potentialAction":[{"@type":"SearchAction","target":{"@type":"EntryPoint","urlTemplate":"https:\/\/kapitalis.com\/tunisie\/?s={search_term_string}"},"query-input":{"@type":"PropertyValueSpecification","valueRequired":true,"valueName":"search_term_string"}}],"inLanguage":"fr-FR"},{"@type":"Organization","@id":"https:\/\/kapitalis.com\/tunisie\/#organization","name":"Kapitalis","url":"https:\/\/kapitalis.com\/tunisie\/","logo":{"@type":"ImageObject","inLanguage":"fr-FR","@id":"https:\/\/kapitalis.com\/tunisie\/#\/schema\/logo\/image\/","url":"https:\/\/kapitalis.com\/tunisie\/wp-content\/uploads\/2022\/05\/Kapitalis-big-size.png","contentUrl":"https:\/\/kapitalis.com\/tunisie\/wp-content\/uploads\/2022\/05\/Kapitalis-big-size.png","width":5000,"height":1500,"caption":"Kapitalis"},"image":{"@id":"https:\/\/kapitalis.com\/tunisie\/#\/schema\/logo\/image\/"},"sameAs":["https:\/\/www.facebook.com\/KapitalisInfo\/","https:\/\/x.com\/KapitalisInfo","https:\/\/www.youtube.com\/channel\/UC-yDYrHyfFBWWZaOw3FPg9Q"]},{"@type":"Person","@id":"https:\/\/kapitalis.com\/tunisie\/#\/schema\/person\/74bbde0154d49d790a92aaeac5bc01d5","name":"Yusra NY","url":"https:\/\/kapitalis.com\/tunisie\/author\/yuza_adam\/"}]}},"_links":{"self":[{"href":"https:\/\/kapitalis.com\/tunisie\/wp-json\/wp\/v2\/posts\/4270660","targetHints":{"allow":["GET"]}}],"collection":[{"href":"https:\/\/kapitalis.com\/tunisie\/wp-json\/wp\/v2\/posts"}],"about":[{"href":"https:\/\/kapitalis.com\/tunisie\/wp-json\/wp\/v2\/types\/post"}],"author":[{"embeddable":true,"href":"https:\/\/kapitalis.com\/tunisie\/wp-json\/wp\/v2\/users\/6"}],"replies":[{"embeddable":true,"href":"https:\/\/kapitalis.com\/tunisie\/wp-json\/wp\/v2\/comments?post=4270660"}],"version-history":[{"count":0,"href":"https:\/\/kapitalis.com\/tunisie\/wp-json\/wp\/v2\/posts\/4270660\/revisions"}],"wp:featuredmedia":[{"embeddable":true,"href":"https:\/\/kapitalis.com\/tunisie\/wp-json\/wp\/v2\/media\/2578085"}],"wp:attachment":[{"href":"https:\/\/kapitalis.com\/tunisie\/wp-json\/wp\/v2\/media?parent=4270660"}],"wp:term":[{"taxonomy":"category","embeddable":true,"href":"https:\/\/kapitalis.com\/tunisie\/wp-json\/wp\/v2\/categories?post=4270660"},{"taxonomy":"post_tag","embeddable":true,"href":"https:\/\/kapitalis.com\/tunisie\/wp-json\/wp\/v2\/tags?post=4270660"}],"curies":[{"name":"wp","href":"https:\/\/api.w.org\/{rel}","templated":true}]}}