{"id":4277044,"date":"2022-09-27T07:35:13","date_gmt":"2022-09-27T06:35:13","guid":{"rendered":"https:\/\/kapitalis.com\/tunisie\/?p=4277044"},"modified":"2022-09-27T07:35:14","modified_gmt":"2022-09-27T06:35:14","slug":"soutien-allemand-aux-capacites-de-reforme-des-institutions-tunisiennes","status":"publish","type":"post","link":"https:\/\/kapitalis.com\/tunisie\/2022\/09\/27\/soutien-allemand-aux-capacites-de-reforme-des-institutions-tunisiennes\/","title":{"rendered":"Soutien allemand\u00a0aux capacit\u00e9s de r\u00e9forme des institutions tunisiennes"},"content":{"rendered":"\n<p><strong><em>Deux conventions ont \u00e9t\u00e9 sign\u00e9es dans le cadre du m\u00e9canisme Dispoflex faisant partie du programme Recap de coop\u00e9ration financi\u00e8re et technique entre la Tunisie et l&rsquo;Allemagne pour soutenir les efforts des structures publiques en charge de la mise en \u0153uvre des programmes de \u00abrenforcement des capacit\u00e9s de r\u00e9forme des institutions tunisiennes\u00bb.<\/em><\/strong><\/p>\n\n\n\n<!--more-->\n\n\n\n<p>Le premier accord vise \u00e0 soutenir les capacit\u00e9s des structures de la concurrence \u00e0 lutter contre les pratiques anticoncurrentielles et \u00e0 am\u00e9liorer le climat des affaires.<\/p>\n\n\n\n<p>Tandis que le second porte sur le d\u00e9veloppement des capacit\u00e9s du bureau d\u2019\u00e9tudes, de programmation et de planification relevant du minist\u00e8re dans l\u2019appui \u00e0 la gouvernance des \u00e9tablissements publics sous tutelle et le d\u00e9veloppement de leur performance.<\/p>\n\n\n\n<p>Les deux conventions ont \u00e9t\u00e9 sign\u00e9es hier, lundi 26 septembre 2022, au si\u00e8ge du minist\u00e8re du Commerce et du D\u00e9veloppement des exportations, en pr\u00e9sence de la ministre Fadhila Rabhi.<\/p>\n\n\n\n<p class=\"has-text-align-right\"><strong>I. B. <\/strong><\/p>\n","protected":false},"excerpt":{"rendered":"<p>Un programme allemand soutient les efforts des structures publiques en charge de la mise en \u0153uvre des programmes de \u00abrenforcement des capacit\u00e9s de r\u00e9forme des institutions tunisiennes\u00bb.<\/p>\n","protected":false},"author":8,"featured_media":4277085,"comment_status":"open","ping_status":"open","sticky":false,"template":"","format":"standard","meta":{"footnotes":""},"categories":[995,2433],"tags":[1096,2954,103149,90787,103151,103150,62643],"class_list":["post-4277044","post","type-post","status-publish","format-standard","has-post-thumbnail","hentry","category-economie","category-tunisie","tag-allemagne","tag-climat-des-affaires","tag-dispoflex","tag-fadhila-rabhi","tag-pratiques-anticoncurrentielles","tag-recap","tag-tunisie"],"yoast_head":"<!-- This site is optimized with the Yoast SEO plugin v26.6 - https:\/\/yoast.com\/wordpress\/plugins\/seo\/ -->\n<title>Soutien allemand\u00a0aux capacit\u00e9s de r\u00e9forme des institutions tunisiennes - Kapitalis<\/title>\n<meta name=\"robots\" content=\"index, follow, max-snippet:-1, max-image-preview:large, max-video-preview:-1\" \/>\n<link rel=\"canonical\" href=\"https:\/\/kapitalis.com\/tunisie\/2022\/09\/27\/soutien-allemand-aux-capacites-de-reforme-des-institutions-tunisiennes\/\" \/>\n<meta property=\"og:locale\" content=\"fr_FR\" \/>\n<meta property=\"og:type\" content=\"article\" \/>\n<meta property=\"og:title\" content=\"Soutien allemand\u00a0aux capacit\u00e9s de r\u00e9forme des institutions tunisiennes - Kapitalis\" \/>\n<meta property=\"og:description\" content=\"Un programme allemand soutient les efforts des structures publiques en charge de la mise en \u0153uvre des programmes de \u00abrenforcement des capacit\u00e9s de r\u00e9forme des institutions tunisiennes\u00bb.\" \/>\n<meta property=\"og:url\" content=\"https:\/\/kapitalis.com\/tunisie\/2022\/09\/27\/soutien-allemand-aux-capacites-de-reforme-des-institutions-tunisiennes\/\" \/>\n<meta property=\"og:site_name\" content=\"Kapitalis\" \/>\n<meta property=\"article:publisher\" content=\"https:\/\/www.facebook.com\/KapitalisInfo\/\" \/>\n<meta property=\"article:published_time\" content=\"2022-09-27T06:35:13+00:00\" \/>\n<meta property=\"article:modified_time\" content=\"2022-09-27T06:35:14+00:00\" \/>\n<meta property=\"og:image\" content=\"https:\/\/kapitalis.com\/tunisie\/wp-content\/uploads\/2022\/09\/Tunisie-Allemagne-Fadhila-Rabhi.jpg\" \/>\n\t<meta property=\"og:image:width\" content=\"1200\" \/>\n\t<meta property=\"og:image:height\" content=\"630\" \/>\n\t<meta property=\"og:image:type\" content=\"image\/jpeg\" \/>\n<meta name=\"author\" content=\"webmaster kapitalis\" \/>\n<meta name=\"twitter:card\" content=\"summary_large_image\" \/>\n<meta name=\"twitter:creator\" content=\"@KapitalisInfo\" \/>\n<meta name=\"twitter:site\" content=\"@KapitalisInfo\" \/>\n<meta name=\"twitter:label1\" content=\"\u00c9crit par\" \/>\n\t<meta name=\"twitter:data1\" content=\"webmaster kapitalis\" \/>\n\t<meta name=\"twitter:label2\" content=\"Dur\u00e9e de lecture estim\u00e9e\" \/>\n\t<meta name=\"twitter:data2\" content=\"1 minute\" \/>\n<script type=\"application\/ld+json\" class=\"yoast-schema-graph\">{\"@context\":\"https:\/\/schema.org\",\"@graph\":[{\"@type\":\"Article\",\"@id\":\"https:\/\/kapitalis.com\/tunisie\/2022\/09\/27\/soutien-allemand-aux-capacites-de-reforme-des-institutions-tunisiennes\/#article\",\"isPartOf\":{\"@id\":\"https:\/\/kapitalis.com\/tunisie\/2022\/09\/27\/soutien-allemand-aux-capacites-de-reforme-des-institutions-tunisiennes\/\"},\"author\":{\"name\":\"webmaster kapitalis\",\"@id\":\"https:\/\/kapitalis.com\/tunisie\/#\/schema\/person\/d71f33a9ca44f7bad4698210b480c8e9\"},\"headline\":\"Soutien allemand\u00a0aux capacit\u00e9s de r\u00e9forme des institutions tunisiennes\",\"datePublished\":\"2022-09-27T06:35:13+00:00\",\"dateModified\":\"2022-09-27T06:35:14+00:00\",\"mainEntityOfPage\":{\"@id\":\"https:\/\/kapitalis.com\/tunisie\/2022\/09\/27\/soutien-allemand-aux-capacites-de-reforme-des-institutions-tunisiennes\/\"},\"wordCount\":169,\"commentCount\":0,\"publisher\":{\"@id\":\"https:\/\/kapitalis.com\/tunisie\/#organization\"},\"image\":{\"@id\":\"https:\/\/kapitalis.com\/tunisie\/2022\/09\/27\/soutien-allemand-aux-capacites-de-reforme-des-institutions-tunisiennes\/#primaryimage\"},\"thumbnailUrl\":\"https:\/\/kapitalis.com\/tunisie\/wp-content\/uploads\/2022\/09\/Tunisie-Allemagne-Fadhila-Rabhi.jpg\",\"keywords\":[\"Allemagne\",\"climat des affaires\",\"Dispoflex\",\"Fadhila Rabhi\",\"pratiques anticoncurrentielles\",\"Recap\",\"Tunisie\"],\"articleSection\":[\"ECONOMIE\",\"Tunisie\"],\"inLanguage\":\"fr-FR\",\"potentialAction\":[{\"@type\":\"CommentAction\",\"name\":\"Comment\",\"target\":[\"https:\/\/kapitalis.com\/tunisie\/2022\/09\/27\/soutien-allemand-aux-capacites-de-reforme-des-institutions-tunisiennes\/#respond\"]}]},{\"@type\":\"WebPage\",\"@id\":\"https:\/\/kapitalis.com\/tunisie\/2022\/09\/27\/soutien-allemand-aux-capacites-de-reforme-des-institutions-tunisiennes\/\",\"url\":\"https:\/\/kapitalis.com\/tunisie\/2022\/09\/27\/soutien-allemand-aux-capacites-de-reforme-des-institutions-tunisiennes\/\",\"name\":\"Soutien allemand\u00a0aux capacit\u00e9s de r\u00e9forme des institutions tunisiennes - Kapitalis\",\"isPartOf\":{\"@id\":\"https:\/\/kapitalis.com\/tunisie\/#website\"},\"primaryImageOfPage\":{\"@id\":\"https:\/\/kapitalis.com\/tunisie\/2022\/09\/27\/soutien-allemand-aux-capacites-de-reforme-des-institutions-tunisiennes\/#primaryimage\"},\"image\":{\"@id\":\"https:\/\/kapitalis.com\/tunisie\/2022\/09\/27\/soutien-allemand-aux-capacites-de-reforme-des-institutions-tunisiennes\/#primaryimage\"},\"thumbnailUrl\":\"https:\/\/kapitalis.com\/tunisie\/wp-content\/uploads\/2022\/09\/Tunisie-Allemagne-Fadhila-Rabhi.jpg\",\"datePublished\":\"2022-09-27T06:35:13+00:00\",\"dateModified\":\"2022-09-27T06:35:14+00:00\",\"breadcrumb\":{\"@id\":\"https:\/\/kapitalis.com\/tunisie\/2022\/09\/27\/soutien-allemand-aux-capacites-de-reforme-des-institutions-tunisiennes\/#breadcrumb\"},\"inLanguage\":\"fr-FR\",\"potentialAction\":[{\"@type\":\"ReadAction\",\"target\":[\"https:\/\/kapitalis.com\/tunisie\/2022\/09\/27\/soutien-allemand-aux-capacites-de-reforme-des-institutions-tunisiennes\/\"]}]},{\"@type\":\"ImageObject\",\"inLanguage\":\"fr-FR\",\"@id\":\"https:\/\/kapitalis.com\/tunisie\/2022\/09\/27\/soutien-allemand-aux-capacites-de-reforme-des-institutions-tunisiennes\/#primaryimage\",\"url\":\"https:\/\/kapitalis.com\/tunisie\/wp-content\/uploads\/2022\/09\/Tunisie-Allemagne-Fadhila-Rabhi.jpg\",\"contentUrl\":\"https:\/\/kapitalis.com\/tunisie\/wp-content\/uploads\/2022\/09\/Tunisie-Allemagne-Fadhila-Rabhi.jpg\",\"width\":1200,\"height\":630},{\"@type\":\"BreadcrumbList\",\"@id\":\"https:\/\/kapitalis.com\/tunisie\/2022\/09\/27\/soutien-allemand-aux-capacites-de-reforme-des-institutions-tunisiennes\/#breadcrumb\",\"itemListElement\":[{\"@type\":\"ListItem\",\"position\":1,\"name\":\"Accueil\",\"item\":\"https:\/\/kapitalis.com\/tunisie\/\"},{\"@type\":\"ListItem\",\"position\":2,\"name\":\"Soutien allemand\u00a0aux capacit\u00e9s de r\u00e9forme des institutions tunisiennes\"}]},{\"@type\":\"WebSite\",\"@id\":\"https:\/\/kapitalis.com\/tunisie\/#website\",\"url\":\"https:\/\/kapitalis.com\/tunisie\/\",\"name\":\"Kapitalis\",\"description\":\"L&#039;actualit\u00e9 en Tunisie et dans le monde\",\"publisher\":{\"@id\":\"https:\/\/kapitalis.com\/tunisie\/#organization\"},\"potentialAction\":[{\"@type\":\"SearchAction\",\"target\":{\"@type\":\"EntryPoint\",\"urlTemplate\":\"https:\/\/kapitalis.com\/tunisie\/?s={search_term_string}\"},\"query-input\":{\"@type\":\"PropertyValueSpecification\",\"valueRequired\":true,\"valueName\":\"search_term_string\"}}],\"inLanguage\":\"fr-FR\"},{\"@type\":\"Organization\",\"@id\":\"https:\/\/kapitalis.com\/tunisie\/#organization\",\"name\":\"Kapitalis\",\"url\":\"https:\/\/kapitalis.com\/tunisie\/\",\"logo\":{\"@type\":\"ImageObject\",\"inLanguage\":\"fr-FR\",\"@id\":\"https:\/\/kapitalis.com\/tunisie\/#\/schema\/logo\/image\/\",\"url\":\"https:\/\/kapitalis.com\/tunisie\/wp-content\/uploads\/2022\/05\/Kapitalis-big-size.png\",\"contentUrl\":\"https:\/\/kapitalis.com\/tunisie\/wp-content\/uploads\/2022\/05\/Kapitalis-big-size.png\",\"width\":5000,\"height\":1500,\"caption\":\"Kapitalis\"},\"image\":{\"@id\":\"https:\/\/kapitalis.com\/tunisie\/#\/schema\/logo\/image\/\"},\"sameAs\":[\"https:\/\/www.facebook.com\/KapitalisInfo\/\",\"https:\/\/x.com\/KapitalisInfo\",\"https:\/\/www.youtube.com\/channel\/UC-yDYrHyfFBWWZaOw3FPg9Q\"]},{\"@type\":\"Person\",\"@id\":\"https:\/\/kapitalis.com\/tunisie\/#\/schema\/person\/d71f33a9ca44f7bad4698210b480c8e9\",\"name\":\"webmaster kapitalis\",\"url\":\"https:\/\/kapitalis.com\/tunisie\/author\/webmaster-kapitalis\/\"}]}<\/script>\n<!-- \/ Yoast SEO plugin. -->","yoast_head_json":{"title":"Soutien allemand\u00a0aux capacit\u00e9s de r\u00e9forme des institutions tunisiennes - Kapitalis","robots":{"index":"index","follow":"follow","max-snippet":"max-snippet:-1","max-image-preview":"max-image-preview:large","max-video-preview":"max-video-preview:-1"},"canonical":"https:\/\/kapitalis.com\/tunisie\/2022\/09\/27\/soutien-allemand-aux-capacites-de-reforme-des-institutions-tunisiennes\/","og_locale":"fr_FR","og_type":"article","og_title":"Soutien allemand\u00a0aux capacit\u00e9s de r\u00e9forme des institutions tunisiennes - Kapitalis","og_description":"Un programme allemand soutient les efforts des structures publiques en charge de la mise en \u0153uvre des programmes de \u00abrenforcement des capacit\u00e9s de r\u00e9forme des institutions tunisiennes\u00bb.","og_url":"https:\/\/kapitalis.com\/tunisie\/2022\/09\/27\/soutien-allemand-aux-capacites-de-reforme-des-institutions-tunisiennes\/","og_site_name":"Kapitalis","article_publisher":"https:\/\/www.facebook.com\/KapitalisInfo\/","article_published_time":"2022-09-27T06:35:13+00:00","article_modified_time":"2022-09-27T06:35:14+00:00","og_image":[{"width":1200,"height":630,"url":"https:\/\/kapitalis.com\/tunisie\/wp-content\/uploads\/2022\/09\/Tunisie-Allemagne-Fadhila-Rabhi.jpg","type":"image\/jpeg"}],"author":"webmaster kapitalis","twitter_card":"summary_large_image","twitter_creator":"@KapitalisInfo","twitter_site":"@KapitalisInfo","twitter_misc":{"\u00c9crit par":"webmaster kapitalis","Dur\u00e9e de lecture estim\u00e9e":"1 minute"},"schema":{"@context":"https:\/\/schema.org","@graph":[{"@type":"Article","@id":"https:\/\/kapitalis.com\/tunisie\/2022\/09\/27\/soutien-allemand-aux-capacites-de-reforme-des-institutions-tunisiennes\/#article","isPartOf":{"@id":"https:\/\/kapitalis.com\/tunisie\/2022\/09\/27\/soutien-allemand-aux-capacites-de-reforme-des-institutions-tunisiennes\/"},"author":{"name":"webmaster kapitalis","@id":"https:\/\/kapitalis.com\/tunisie\/#\/schema\/person\/d71f33a9ca44f7bad4698210b480c8e9"},"headline":"Soutien allemand\u00a0aux capacit\u00e9s de r\u00e9forme des institutions tunisiennes","datePublished":"2022-09-27T06:35:13+00:00","dateModified":"2022-09-27T06:35:14+00:00","mainEntityOfPage":{"@id":"https:\/\/kapitalis.com\/tunisie\/2022\/09\/27\/soutien-allemand-aux-capacites-de-reforme-des-institutions-tunisiennes\/"},"wordCount":169,"commentCount":0,"publisher":{"@id":"https:\/\/kapitalis.com\/tunisie\/#organization"},"image":{"@id":"https:\/\/kapitalis.com\/tunisie\/2022\/09\/27\/soutien-allemand-aux-capacites-de-reforme-des-institutions-tunisiennes\/#primaryimage"},"thumbnailUrl":"https:\/\/kapitalis.com\/tunisie\/wp-content\/uploads\/2022\/09\/Tunisie-Allemagne-Fadhila-Rabhi.jpg","keywords":["Allemagne","climat des affaires","Dispoflex","Fadhila Rabhi","pratiques anticoncurrentielles","Recap","Tunisie"],"articleSection":["ECONOMIE","Tunisie"],"inLanguage":"fr-FR","potentialAction":[{"@type":"CommentAction","name":"Comment","target":["https:\/\/kapitalis.com\/tunisie\/2022\/09\/27\/soutien-allemand-aux-capacites-de-reforme-des-institutions-tunisiennes\/#respond"]}]},{"@type":"WebPage","@id":"https:\/\/kapitalis.com\/tunisie\/2022\/09\/27\/soutien-allemand-aux-capacites-de-reforme-des-institutions-tunisiennes\/","url":"https:\/\/kapitalis.com\/tunisie\/2022\/09\/27\/soutien-allemand-aux-capacites-de-reforme-des-institutions-tunisiennes\/","name":"Soutien allemand\u00a0aux capacit\u00e9s de r\u00e9forme des institutions tunisiennes - Kapitalis","isPartOf":{"@id":"https:\/\/kapitalis.com\/tunisie\/#website"},"primaryImageOfPage":{"@id":"https:\/\/kapitalis.com\/tunisie\/2022\/09\/27\/soutien-allemand-aux-capacites-de-reforme-des-institutions-tunisiennes\/#primaryimage"},"image":{"@id":"https:\/\/kapitalis.com\/tunisie\/2022\/09\/27\/soutien-allemand-aux-capacites-de-reforme-des-institutions-tunisiennes\/#primaryimage"},"thumbnailUrl":"https:\/\/kapitalis.com\/tunisie\/wp-content\/uploads\/2022\/09\/Tunisie-Allemagne-Fadhila-Rabhi.jpg","datePublished":"2022-09-27T06:35:13+00:00","dateModified":"2022-09-27T06:35:14+00:00","breadcrumb":{"@id":"https:\/\/kapitalis.com\/tunisie\/2022\/09\/27\/soutien-allemand-aux-capacites-de-reforme-des-institutions-tunisiennes\/#breadcrumb"},"inLanguage":"fr-FR","potentialAction":[{"@type":"ReadAction","target":["https:\/\/kapitalis.com\/tunisie\/2022\/09\/27\/soutien-allemand-aux-capacites-de-reforme-des-institutions-tunisiennes\/"]}]},{"@type":"ImageObject","inLanguage":"fr-FR","@id":"https:\/\/kapitalis.com\/tunisie\/2022\/09\/27\/soutien-allemand-aux-capacites-de-reforme-des-institutions-tunisiennes\/#primaryimage","url":"https:\/\/kapitalis.com\/tunisie\/wp-content\/uploads\/2022\/09\/Tunisie-Allemagne-Fadhila-Rabhi.jpg","contentUrl":"https:\/\/kapitalis.com\/tunisie\/wp-content\/uploads\/2022\/09\/Tunisie-Allemagne-Fadhila-Rabhi.jpg","width":1200,"height":630},{"@type":"BreadcrumbList","@id":"https:\/\/kapitalis.com\/tunisie\/2022\/09\/27\/soutien-allemand-aux-capacites-de-reforme-des-institutions-tunisiennes\/#breadcrumb","itemListElement":[{"@type":"ListItem","position":1,"name":"Accueil","item":"https:\/\/kapitalis.com\/tunisie\/"},{"@type":"ListItem","position":2,"name":"Soutien allemand\u00a0aux capacit\u00e9s de r\u00e9forme des institutions tunisiennes"}]},{"@type":"WebSite","@id":"https:\/\/kapitalis.com\/tunisie\/#website","url":"https:\/\/kapitalis.com\/tunisie\/","name":"Kapitalis","description":"L&#039;actualit\u00e9 en Tunisie et dans le monde","publisher":{"@id":"https:\/\/kapitalis.com\/tunisie\/#organization"},"potentialAction":[{"@type":"SearchAction","target":{"@type":"EntryPoint","urlTemplate":"https:\/\/kapitalis.com\/tunisie\/?s={search_term_string}"},"query-input":{"@type":"PropertyValueSpecification","valueRequired":true,"valueName":"search_term_string"}}],"inLanguage":"fr-FR"},{"@type":"Organization","@id":"https:\/\/kapitalis.com\/tunisie\/#organization","name":"Kapitalis","url":"https:\/\/kapitalis.com\/tunisie\/","logo":{"@type":"ImageObject","inLanguage":"fr-FR","@id":"https:\/\/kapitalis.com\/tunisie\/#\/schema\/logo\/image\/","url":"https:\/\/kapitalis.com\/tunisie\/wp-content\/uploads\/2022\/05\/Kapitalis-big-size.png","contentUrl":"https:\/\/kapitalis.com\/tunisie\/wp-content\/uploads\/2022\/05\/Kapitalis-big-size.png","width":5000,"height":1500,"caption":"Kapitalis"},"image":{"@id":"https:\/\/kapitalis.com\/tunisie\/#\/schema\/logo\/image\/"},"sameAs":["https:\/\/www.facebook.com\/KapitalisInfo\/","https:\/\/x.com\/KapitalisInfo","https:\/\/www.youtube.com\/channel\/UC-yDYrHyfFBWWZaOw3FPg9Q"]},{"@type":"Person","@id":"https:\/\/kapitalis.com\/tunisie\/#\/schema\/person\/d71f33a9ca44f7bad4698210b480c8e9","name":"webmaster kapitalis","url":"https:\/\/kapitalis.com\/tunisie\/author\/webmaster-kapitalis\/"}]}},"_links":{"self":[{"href":"https:\/\/kapitalis.com\/tunisie\/wp-json\/wp\/v2\/posts\/4277044","targetHints":{"allow":["GET"]}}],"collection":[{"href":"https:\/\/kapitalis.com\/tunisie\/wp-json\/wp\/v2\/posts"}],"about":[{"href":"https:\/\/kapitalis.com\/tunisie\/wp-json\/wp\/v2\/types\/post"}],"author":[{"embeddable":true,"href":"https:\/\/kapitalis.com\/tunisie\/wp-json\/wp\/v2\/users\/8"}],"replies":[{"embeddable":true,"href":"https:\/\/kapitalis.com\/tunisie\/wp-json\/wp\/v2\/comments?post=4277044"}],"version-history":[{"count":0,"href":"https:\/\/kapitalis.com\/tunisie\/wp-json\/wp\/v2\/posts\/4277044\/revisions"}],"wp:featuredmedia":[{"embeddable":true,"href":"https:\/\/kapitalis.com\/tunisie\/wp-json\/wp\/v2\/media\/4277085"}],"wp:attachment":[{"href":"https:\/\/kapitalis.com\/tunisie\/wp-json\/wp\/v2\/media?parent=4277044"}],"wp:term":[{"taxonomy":"category","embeddable":true,"href":"https:\/\/kapitalis.com\/tunisie\/wp-json\/wp\/v2\/categories?post=4277044"},{"taxonomy":"post_tag","embeddable":true,"href":"https:\/\/kapitalis.com\/tunisie\/wp-json\/wp\/v2\/tags?post=4277044"}],"curies":[{"name":"wp","href":"https:\/\/api.w.org\/{rel}","templated":true}]}}