{"id":4279543,"date":"2022-09-27T11:36:58","date_gmt":"2022-09-27T10:36:58","guid":{"rendered":"https:\/\/kapitalis.com\/tunisie\/?p=4279543"},"modified":"2022-09-27T11:37:00","modified_gmt":"2022-09-27T10:37:00","slug":"kamel-akrout-dit-avoir-ete-harcele-a-laeroport-un-responsable-du-ministere-de-linterieur-reagit","status":"publish","type":"post","link":"https:\/\/kapitalis.com\/tunisie\/2022\/09\/27\/kamel-akrout-dit-avoir-ete-harcele-a-laeroport-un-responsable-du-ministere-de-linterieur-reagit\/","title":{"rendered":"Kamel Akrout dit avoir \u00e9t\u00e9 \u00abharcel\u00e9\u00bb \u00e0 l&rsquo;a\u00e9roport : Un responsable du minist\u00e8re de l&rsquo;Int\u00e9rieur r\u00e9agit"},"content":{"rendered":"\n<p><em><strong>Une source officielle du minist\u00e8re de l&rsquo;Int\u00e9rieur a cat\u00e9goriquement d\u00e9menti, ce mardi 27 septembre 2022, les propos du contre-amiral \u00e0 la retraite, Kamel Akrout, selon lesquels il subit du harc\u00e8lement \u00e0 l&rsquo;a\u00e9roport, de la part de la police des fronti\u00e8res tunisienne \u00e0 chaque fois qu&rsquo;il part en voyage.<\/strong><\/em><\/p>\n\n\n\n<!--more-->\n\n\n\n<p>Dans une d\u00e9claration accord\u00e9e \u00e0 Kapitalis, le responsable a affirm\u00e9 que M. Akrout a r\u00e9cemment quitt\u00e9 le pays \u00e0 5 ou 6 reprises et qu&rsquo;il n&rsquo;a eu aucun ennui \u00e0 l&rsquo;a\u00e9roport. Il a m\u00eame assur\u00e9 qu&rsquo;au contraire, les agents qui travaillent \u00e0 l&rsquo;a\u00e9roport l&rsquo;accueillent chaleureusement.<\/p>\n\n\n\n<p>Il l&rsquo;a, par ailleurs, invit\u00e9 \u00e0 contacter le d\u00e9partement gouvernemental en cas de probl\u00e8me.<\/p>\n\n\n\n<p class=\"has-text-align-right\"><strong>C. B. Y.<\/strong><\/p>\n\n\n\n<figure class=\"wp-block-embed is-type-wp-embed is-provider-kapitalis wp-block-embed-kapitalis\"><div class=\"wp-block-embed__wrapper\">\n<blockquote class=\"wp-embedded-content\" data-secret=\"1ijfwd495p\"><a href=\"https:\/\/kapitalis.com\/tunisie\/2022\/09\/27\/tunisie-kamel-akrout-se-plaint-du-harcelement-quil-subirait-a-laeroport\/\">Tunisie : Kamel Akrout se plaint du \u00abharc\u00e8lement\u00bb qu&rsquo;il subirait \u00e0 l&rsquo;a\u00e9roport<\/a><\/blockquote><iframe loading=\"lazy\" class=\"wp-embedded-content\" sandbox=\"allow-scripts\" security=\"restricted\" style=\"position: absolute; clip: rect(1px, 1px, 1px, 1px);\" title=\"\u00ab\u00a0Tunisie : Kamel Akrout se plaint du \u00abharc\u00e8lement\u00bb qu&rsquo;il subirait \u00e0 l&rsquo;a\u00e9roport\u00a0\u00bb &#8212; Kapitalis\" src=\"https:\/\/kapitalis.com\/tunisie\/2022\/09\/27\/tunisie-kamel-akrout-se-plaint-du-harcelement-quil-subirait-a-laeroport\/embed\/#?secret=3WEDB0pCS9#?secret=1ijfwd495p\" data-secret=\"1ijfwd495p\" width=\"600\" height=\"338\" frameborder=\"0\" marginwidth=\"0\" marginheight=\"0\" scrolling=\"no\"><\/iframe>\n<\/div><\/figure>\n","protected":false},"excerpt":{"rendered":"<p>Une source officielle du minist\u00e8re de l&rsquo;Int\u00e9rieur a cat\u00e9goriquement d\u00e9menti, ce mardi 27 septembre 2022, les propos du contre-amiral \u00e0 la retraite, Kamel Akrout, selon lesquels il subit du harc\u00e8lement \u00e0 l&rsquo;a\u00e9roport, de la part de la police des fronti\u00e8res tunisienne \u00e0 chaque fois qu&rsquo;il part en voyage.<\/p>\n","protected":false},"author":24,"featured_media":4279818,"comment_status":"open","ping_status":"open","sticky":false,"template":"","format":"standard","meta":{"footnotes":""},"categories":[997,2433],"tags":[89193,62643],"class_list":["post-4279543","post","type-post","status-publish","format-standard","has-post-thumbnail","hentry","category-politique","category-tunisie","tag-kamel-akrout","tag-tunisie"],"yoast_head":"<!-- This site is optimized with the Yoast SEO plugin v26.6 - https:\/\/yoast.com\/wordpress\/plugins\/seo\/ -->\n<title>Kamel Akrout dit avoir \u00e9t\u00e9 \u00abharcel\u00e9\u00bb \u00e0 l&#039;a\u00e9roport : Un responsable du minist\u00e8re de l&#039;Int\u00e9rieur r\u00e9agit - Kapitalis<\/title>\n<meta name=\"robots\" content=\"index, follow, max-snippet:-1, max-image-preview:large, max-video-preview:-1\" \/>\n<link rel=\"canonical\" href=\"https:\/\/kapitalis.com\/tunisie\/2022\/09\/27\/kamel-akrout-dit-avoir-ete-harcele-a-laeroport-un-responsable-du-ministere-de-linterieur-reagit\/\" \/>\n<meta property=\"og:locale\" content=\"fr_FR\" \/>\n<meta property=\"og:type\" content=\"article\" \/>\n<meta property=\"og:title\" content=\"Kamel Akrout dit avoir \u00e9t\u00e9 \u00abharcel\u00e9\u00bb \u00e0 l&#039;a\u00e9roport : Un responsable du minist\u00e8re de l&#039;Int\u00e9rieur r\u00e9agit - Kapitalis\" \/>\n<meta property=\"og:description\" content=\"Une source officielle du minist\u00e8re de l&rsquo;Int\u00e9rieur a cat\u00e9goriquement d\u00e9menti, ce mardi 27 septembre 2022, les propos du contre-amiral \u00e0 la retraite, Kamel Akrout, selon lesquels il subit du harc\u00e8lement \u00e0 l&rsquo;a\u00e9roport, de la part de la police des fronti\u00e8res tunisienne \u00e0 chaque fois qu&rsquo;il part en voyage.\" \/>\n<meta property=\"og:url\" content=\"https:\/\/kapitalis.com\/tunisie\/2022\/09\/27\/kamel-akrout-dit-avoir-ete-harcele-a-laeroport-un-responsable-du-ministere-de-linterieur-reagit\/\" \/>\n<meta property=\"og:site_name\" content=\"Kapitalis\" \/>\n<meta property=\"article:publisher\" content=\"https:\/\/www.facebook.com\/KapitalisInfo\/\" \/>\n<meta property=\"article:published_time\" content=\"2022-09-27T10:36:58+00:00\" \/>\n<meta property=\"article:modified_time\" content=\"2022-09-27T10:37:00+00:00\" \/>\n<meta property=\"og:image\" content=\"https:\/\/kapitalis.com\/tunisie\/wp-content\/uploads\/2022\/09\/kamel-akrout.jpg\" \/>\n\t<meta property=\"og:image:width\" content=\"1200\" \/>\n\t<meta property=\"og:image:height\" content=\"630\" \/>\n\t<meta property=\"og:image:type\" content=\"image\/jpeg\" \/>\n<meta name=\"author\" content=\"Cherif Benyounes\" \/>\n<meta name=\"twitter:card\" content=\"summary_large_image\" \/>\n<meta name=\"twitter:creator\" content=\"@KapitalisInfo\" \/>\n<meta name=\"twitter:site\" content=\"@KapitalisInfo\" \/>\n<meta name=\"twitter:label1\" content=\"\u00c9crit par\" \/>\n\t<meta name=\"twitter:data1\" content=\"Cherif Benyounes\" \/>\n\t<meta name=\"twitter:label2\" content=\"Dur\u00e9e de lecture estim\u00e9e\" \/>\n\t<meta name=\"twitter:data2\" content=\"1 minute\" \/>\n<script type=\"application\/ld+json\" class=\"yoast-schema-graph\">{\"@context\":\"https:\/\/schema.org\",\"@graph\":[{\"@type\":\"Article\",\"@id\":\"https:\/\/kapitalis.com\/tunisie\/2022\/09\/27\/kamel-akrout-dit-avoir-ete-harcele-a-laeroport-un-responsable-du-ministere-de-linterieur-reagit\/#article\",\"isPartOf\":{\"@id\":\"https:\/\/kapitalis.com\/tunisie\/2022\/09\/27\/kamel-akrout-dit-avoir-ete-harcele-a-laeroport-un-responsable-du-ministere-de-linterieur-reagit\/\"},\"author\":{\"name\":\"Cherif Benyounes\",\"@id\":\"https:\/\/kapitalis.com\/tunisie\/#\/schema\/person\/b35b8d631961131107263178aeb8019e\"},\"headline\":\"Kamel Akrout dit avoir \u00e9t\u00e9 \u00abharcel\u00e9\u00bb \u00e0 l&rsquo;a\u00e9roport : Un responsable du minist\u00e8re de l&rsquo;Int\u00e9rieur r\u00e9agit\",\"datePublished\":\"2022-09-27T10:36:58+00:00\",\"dateModified\":\"2022-09-27T10:37:00+00:00\",\"mainEntityOfPage\":{\"@id\":\"https:\/\/kapitalis.com\/tunisie\/2022\/09\/27\/kamel-akrout-dit-avoir-ete-harcele-a-laeroport-un-responsable-du-ministere-de-linterieur-reagit\/\"},\"wordCount\":136,\"commentCount\":0,\"publisher\":{\"@id\":\"https:\/\/kapitalis.com\/tunisie\/#organization\"},\"image\":{\"@id\":\"https:\/\/kapitalis.com\/tunisie\/2022\/09\/27\/kamel-akrout-dit-avoir-ete-harcele-a-laeroport-un-responsable-du-ministere-de-linterieur-reagit\/#primaryimage\"},\"thumbnailUrl\":\"https:\/\/kapitalis.com\/tunisie\/wp-content\/uploads\/2022\/09\/kamel-akrout.jpg\",\"keywords\":[\"Kamel Akrout\",\"Tunisie\"],\"articleSection\":[\"POLITIQUE\",\"Tunisie\"],\"inLanguage\":\"fr-FR\",\"potentialAction\":[{\"@type\":\"CommentAction\",\"name\":\"Comment\",\"target\":[\"https:\/\/kapitalis.com\/tunisie\/2022\/09\/27\/kamel-akrout-dit-avoir-ete-harcele-a-laeroport-un-responsable-du-ministere-de-linterieur-reagit\/#respond\"]}]},{\"@type\":\"WebPage\",\"@id\":\"https:\/\/kapitalis.com\/tunisie\/2022\/09\/27\/kamel-akrout-dit-avoir-ete-harcele-a-laeroport-un-responsable-du-ministere-de-linterieur-reagit\/\",\"url\":\"https:\/\/kapitalis.com\/tunisie\/2022\/09\/27\/kamel-akrout-dit-avoir-ete-harcele-a-laeroport-un-responsable-du-ministere-de-linterieur-reagit\/\",\"name\":\"Kamel Akrout dit avoir \u00e9t\u00e9 \u00abharcel\u00e9\u00bb \u00e0 l'a\u00e9roport : Un responsable du minist\u00e8re de l'Int\u00e9rieur r\u00e9agit - Kapitalis\",\"isPartOf\":{\"@id\":\"https:\/\/kapitalis.com\/tunisie\/#website\"},\"primaryImageOfPage\":{\"@id\":\"https:\/\/kapitalis.com\/tunisie\/2022\/09\/27\/kamel-akrout-dit-avoir-ete-harcele-a-laeroport-un-responsable-du-ministere-de-linterieur-reagit\/#primaryimage\"},\"image\":{\"@id\":\"https:\/\/kapitalis.com\/tunisie\/2022\/09\/27\/kamel-akrout-dit-avoir-ete-harcele-a-laeroport-un-responsable-du-ministere-de-linterieur-reagit\/#primaryimage\"},\"thumbnailUrl\":\"https:\/\/kapitalis.com\/tunisie\/wp-content\/uploads\/2022\/09\/kamel-akrout.jpg\",\"datePublished\":\"2022-09-27T10:36:58+00:00\",\"dateModified\":\"2022-09-27T10:37:00+00:00\",\"breadcrumb\":{\"@id\":\"https:\/\/kapitalis.com\/tunisie\/2022\/09\/27\/kamel-akrout-dit-avoir-ete-harcele-a-laeroport-un-responsable-du-ministere-de-linterieur-reagit\/#breadcrumb\"},\"inLanguage\":\"fr-FR\",\"potentialAction\":[{\"@type\":\"ReadAction\",\"target\":[\"https:\/\/kapitalis.com\/tunisie\/2022\/09\/27\/kamel-akrout-dit-avoir-ete-harcele-a-laeroport-un-responsable-du-ministere-de-linterieur-reagit\/\"]}]},{\"@type\":\"ImageObject\",\"inLanguage\":\"fr-FR\",\"@id\":\"https:\/\/kapitalis.com\/tunisie\/2022\/09\/27\/kamel-akrout-dit-avoir-ete-harcele-a-laeroport-un-responsable-du-ministere-de-linterieur-reagit\/#primaryimage\",\"url\":\"https:\/\/kapitalis.com\/tunisie\/wp-content\/uploads\/2022\/09\/kamel-akrout.jpg\",\"contentUrl\":\"https:\/\/kapitalis.com\/tunisie\/wp-content\/uploads\/2022\/09\/kamel-akrout.jpg\",\"width\":1200,\"height\":630},{\"@type\":\"BreadcrumbList\",\"@id\":\"https:\/\/kapitalis.com\/tunisie\/2022\/09\/27\/kamel-akrout-dit-avoir-ete-harcele-a-laeroport-un-responsable-du-ministere-de-linterieur-reagit\/#breadcrumb\",\"itemListElement\":[{\"@type\":\"ListItem\",\"position\":1,\"name\":\"Accueil\",\"item\":\"https:\/\/kapitalis.com\/tunisie\/\"},{\"@type\":\"ListItem\",\"position\":2,\"name\":\"Kamel Akrout dit avoir \u00e9t\u00e9 \u00abharcel\u00e9\u00bb \u00e0 l&rsquo;a\u00e9roport : Un responsable du minist\u00e8re de l&rsquo;Int\u00e9rieur r\u00e9agit\"}]},{\"@type\":\"WebSite\",\"@id\":\"https:\/\/kapitalis.com\/tunisie\/#website\",\"url\":\"https:\/\/kapitalis.com\/tunisie\/\",\"name\":\"Kapitalis\",\"description\":\"L&#039;actualit\u00e9 en Tunisie et dans le monde\",\"publisher\":{\"@id\":\"https:\/\/kapitalis.com\/tunisie\/#organization\"},\"potentialAction\":[{\"@type\":\"SearchAction\",\"target\":{\"@type\":\"EntryPoint\",\"urlTemplate\":\"https:\/\/kapitalis.com\/tunisie\/?s={search_term_string}\"},\"query-input\":{\"@type\":\"PropertyValueSpecification\",\"valueRequired\":true,\"valueName\":\"search_term_string\"}}],\"inLanguage\":\"fr-FR\"},{\"@type\":\"Organization\",\"@id\":\"https:\/\/kapitalis.com\/tunisie\/#organization\",\"name\":\"Kapitalis\",\"url\":\"https:\/\/kapitalis.com\/tunisie\/\",\"logo\":{\"@type\":\"ImageObject\",\"inLanguage\":\"fr-FR\",\"@id\":\"https:\/\/kapitalis.com\/tunisie\/#\/schema\/logo\/image\/\",\"url\":\"https:\/\/kapitalis.com\/tunisie\/wp-content\/uploads\/2022\/05\/Kapitalis-big-size.png\",\"contentUrl\":\"https:\/\/kapitalis.com\/tunisie\/wp-content\/uploads\/2022\/05\/Kapitalis-big-size.png\",\"width\":5000,\"height\":1500,\"caption\":\"Kapitalis\"},\"image\":{\"@id\":\"https:\/\/kapitalis.com\/tunisie\/#\/schema\/logo\/image\/\"},\"sameAs\":[\"https:\/\/www.facebook.com\/KapitalisInfo\/\",\"https:\/\/x.com\/KapitalisInfo\",\"https:\/\/www.youtube.com\/channel\/UC-yDYrHyfFBWWZaOw3FPg9Q\"]},{\"@type\":\"Person\",\"@id\":\"https:\/\/kapitalis.com\/tunisie\/#\/schema\/person\/b35b8d631961131107263178aeb8019e\",\"name\":\"Cherif Benyounes\",\"url\":\"https:\/\/kapitalis.com\/tunisie\/author\/cherif\/\"}]}<\/script>\n<!-- \/ Yoast SEO plugin. -->","yoast_head_json":{"title":"Kamel Akrout dit avoir \u00e9t\u00e9 \u00abharcel\u00e9\u00bb \u00e0 l'a\u00e9roport : Un responsable du minist\u00e8re de l'Int\u00e9rieur r\u00e9agit - Kapitalis","robots":{"index":"index","follow":"follow","max-snippet":"max-snippet:-1","max-image-preview":"max-image-preview:large","max-video-preview":"max-video-preview:-1"},"canonical":"https:\/\/kapitalis.com\/tunisie\/2022\/09\/27\/kamel-akrout-dit-avoir-ete-harcele-a-laeroport-un-responsable-du-ministere-de-linterieur-reagit\/","og_locale":"fr_FR","og_type":"article","og_title":"Kamel Akrout dit avoir \u00e9t\u00e9 \u00abharcel\u00e9\u00bb \u00e0 l'a\u00e9roport : Un responsable du minist\u00e8re de l'Int\u00e9rieur r\u00e9agit - Kapitalis","og_description":"Une source officielle du minist\u00e8re de l&rsquo;Int\u00e9rieur a cat\u00e9goriquement d\u00e9menti, ce mardi 27 septembre 2022, les propos du contre-amiral \u00e0 la retraite, Kamel Akrout, selon lesquels il subit du harc\u00e8lement \u00e0 l&rsquo;a\u00e9roport, de la part de la police des fronti\u00e8res tunisienne \u00e0 chaque fois qu&rsquo;il part en voyage.","og_url":"https:\/\/kapitalis.com\/tunisie\/2022\/09\/27\/kamel-akrout-dit-avoir-ete-harcele-a-laeroport-un-responsable-du-ministere-de-linterieur-reagit\/","og_site_name":"Kapitalis","article_publisher":"https:\/\/www.facebook.com\/KapitalisInfo\/","article_published_time":"2022-09-27T10:36:58+00:00","article_modified_time":"2022-09-27T10:37:00+00:00","og_image":[{"width":1200,"height":630,"url":"https:\/\/kapitalis.com\/tunisie\/wp-content\/uploads\/2022\/09\/kamel-akrout.jpg","type":"image\/jpeg"}],"author":"Cherif Benyounes","twitter_card":"summary_large_image","twitter_creator":"@KapitalisInfo","twitter_site":"@KapitalisInfo","twitter_misc":{"\u00c9crit par":"Cherif Benyounes","Dur\u00e9e de lecture estim\u00e9e":"1 minute"},"schema":{"@context":"https:\/\/schema.org","@graph":[{"@type":"Article","@id":"https:\/\/kapitalis.com\/tunisie\/2022\/09\/27\/kamel-akrout-dit-avoir-ete-harcele-a-laeroport-un-responsable-du-ministere-de-linterieur-reagit\/#article","isPartOf":{"@id":"https:\/\/kapitalis.com\/tunisie\/2022\/09\/27\/kamel-akrout-dit-avoir-ete-harcele-a-laeroport-un-responsable-du-ministere-de-linterieur-reagit\/"},"author":{"name":"Cherif Benyounes","@id":"https:\/\/kapitalis.com\/tunisie\/#\/schema\/person\/b35b8d631961131107263178aeb8019e"},"headline":"Kamel Akrout dit avoir \u00e9t\u00e9 \u00abharcel\u00e9\u00bb \u00e0 l&rsquo;a\u00e9roport : Un responsable du minist\u00e8re de l&rsquo;Int\u00e9rieur r\u00e9agit","datePublished":"2022-09-27T10:36:58+00:00","dateModified":"2022-09-27T10:37:00+00:00","mainEntityOfPage":{"@id":"https:\/\/kapitalis.com\/tunisie\/2022\/09\/27\/kamel-akrout-dit-avoir-ete-harcele-a-laeroport-un-responsable-du-ministere-de-linterieur-reagit\/"},"wordCount":136,"commentCount":0,"publisher":{"@id":"https:\/\/kapitalis.com\/tunisie\/#organization"},"image":{"@id":"https:\/\/kapitalis.com\/tunisie\/2022\/09\/27\/kamel-akrout-dit-avoir-ete-harcele-a-laeroport-un-responsable-du-ministere-de-linterieur-reagit\/#primaryimage"},"thumbnailUrl":"https:\/\/kapitalis.com\/tunisie\/wp-content\/uploads\/2022\/09\/kamel-akrout.jpg","keywords":["Kamel Akrout","Tunisie"],"articleSection":["POLITIQUE","Tunisie"],"inLanguage":"fr-FR","potentialAction":[{"@type":"CommentAction","name":"Comment","target":["https:\/\/kapitalis.com\/tunisie\/2022\/09\/27\/kamel-akrout-dit-avoir-ete-harcele-a-laeroport-un-responsable-du-ministere-de-linterieur-reagit\/#respond"]}]},{"@type":"WebPage","@id":"https:\/\/kapitalis.com\/tunisie\/2022\/09\/27\/kamel-akrout-dit-avoir-ete-harcele-a-laeroport-un-responsable-du-ministere-de-linterieur-reagit\/","url":"https:\/\/kapitalis.com\/tunisie\/2022\/09\/27\/kamel-akrout-dit-avoir-ete-harcele-a-laeroport-un-responsable-du-ministere-de-linterieur-reagit\/","name":"Kamel Akrout dit avoir \u00e9t\u00e9 \u00abharcel\u00e9\u00bb \u00e0 l'a\u00e9roport : Un responsable du minist\u00e8re de l'Int\u00e9rieur r\u00e9agit - Kapitalis","isPartOf":{"@id":"https:\/\/kapitalis.com\/tunisie\/#website"},"primaryImageOfPage":{"@id":"https:\/\/kapitalis.com\/tunisie\/2022\/09\/27\/kamel-akrout-dit-avoir-ete-harcele-a-laeroport-un-responsable-du-ministere-de-linterieur-reagit\/#primaryimage"},"image":{"@id":"https:\/\/kapitalis.com\/tunisie\/2022\/09\/27\/kamel-akrout-dit-avoir-ete-harcele-a-laeroport-un-responsable-du-ministere-de-linterieur-reagit\/#primaryimage"},"thumbnailUrl":"https:\/\/kapitalis.com\/tunisie\/wp-content\/uploads\/2022\/09\/kamel-akrout.jpg","datePublished":"2022-09-27T10:36:58+00:00","dateModified":"2022-09-27T10:37:00+00:00","breadcrumb":{"@id":"https:\/\/kapitalis.com\/tunisie\/2022\/09\/27\/kamel-akrout-dit-avoir-ete-harcele-a-laeroport-un-responsable-du-ministere-de-linterieur-reagit\/#breadcrumb"},"inLanguage":"fr-FR","potentialAction":[{"@type":"ReadAction","target":["https:\/\/kapitalis.com\/tunisie\/2022\/09\/27\/kamel-akrout-dit-avoir-ete-harcele-a-laeroport-un-responsable-du-ministere-de-linterieur-reagit\/"]}]},{"@type":"ImageObject","inLanguage":"fr-FR","@id":"https:\/\/kapitalis.com\/tunisie\/2022\/09\/27\/kamel-akrout-dit-avoir-ete-harcele-a-laeroport-un-responsable-du-ministere-de-linterieur-reagit\/#primaryimage","url":"https:\/\/kapitalis.com\/tunisie\/wp-content\/uploads\/2022\/09\/kamel-akrout.jpg","contentUrl":"https:\/\/kapitalis.com\/tunisie\/wp-content\/uploads\/2022\/09\/kamel-akrout.jpg","width":1200,"height":630},{"@type":"BreadcrumbList","@id":"https:\/\/kapitalis.com\/tunisie\/2022\/09\/27\/kamel-akrout-dit-avoir-ete-harcele-a-laeroport-un-responsable-du-ministere-de-linterieur-reagit\/#breadcrumb","itemListElement":[{"@type":"ListItem","position":1,"name":"Accueil","item":"https:\/\/kapitalis.com\/tunisie\/"},{"@type":"ListItem","position":2,"name":"Kamel Akrout dit avoir \u00e9t\u00e9 \u00abharcel\u00e9\u00bb \u00e0 l&rsquo;a\u00e9roport : Un responsable du minist\u00e8re de l&rsquo;Int\u00e9rieur r\u00e9agit"}]},{"@type":"WebSite","@id":"https:\/\/kapitalis.com\/tunisie\/#website","url":"https:\/\/kapitalis.com\/tunisie\/","name":"Kapitalis","description":"L&#039;actualit\u00e9 en Tunisie et dans le monde","publisher":{"@id":"https:\/\/kapitalis.com\/tunisie\/#organization"},"potentialAction":[{"@type":"SearchAction","target":{"@type":"EntryPoint","urlTemplate":"https:\/\/kapitalis.com\/tunisie\/?s={search_term_string}"},"query-input":{"@type":"PropertyValueSpecification","valueRequired":true,"valueName":"search_term_string"}}],"inLanguage":"fr-FR"},{"@type":"Organization","@id":"https:\/\/kapitalis.com\/tunisie\/#organization","name":"Kapitalis","url":"https:\/\/kapitalis.com\/tunisie\/","logo":{"@type":"ImageObject","inLanguage":"fr-FR","@id":"https:\/\/kapitalis.com\/tunisie\/#\/schema\/logo\/image\/","url":"https:\/\/kapitalis.com\/tunisie\/wp-content\/uploads\/2022\/05\/Kapitalis-big-size.png","contentUrl":"https:\/\/kapitalis.com\/tunisie\/wp-content\/uploads\/2022\/05\/Kapitalis-big-size.png","width":5000,"height":1500,"caption":"Kapitalis"},"image":{"@id":"https:\/\/kapitalis.com\/tunisie\/#\/schema\/logo\/image\/"},"sameAs":["https:\/\/www.facebook.com\/KapitalisInfo\/","https:\/\/x.com\/KapitalisInfo","https:\/\/www.youtube.com\/channel\/UC-yDYrHyfFBWWZaOw3FPg9Q"]},{"@type":"Person","@id":"https:\/\/kapitalis.com\/tunisie\/#\/schema\/person\/b35b8d631961131107263178aeb8019e","name":"Cherif Benyounes","url":"https:\/\/kapitalis.com\/tunisie\/author\/cherif\/"}]}},"_links":{"self":[{"href":"https:\/\/kapitalis.com\/tunisie\/wp-json\/wp\/v2\/posts\/4279543","targetHints":{"allow":["GET"]}}],"collection":[{"href":"https:\/\/kapitalis.com\/tunisie\/wp-json\/wp\/v2\/posts"}],"about":[{"href":"https:\/\/kapitalis.com\/tunisie\/wp-json\/wp\/v2\/types\/post"}],"author":[{"embeddable":true,"href":"https:\/\/kapitalis.com\/tunisie\/wp-json\/wp\/v2\/users\/24"}],"replies":[{"embeddable":true,"href":"https:\/\/kapitalis.com\/tunisie\/wp-json\/wp\/v2\/comments?post=4279543"}],"version-history":[{"count":0,"href":"https:\/\/kapitalis.com\/tunisie\/wp-json\/wp\/v2\/posts\/4279543\/revisions"}],"wp:featuredmedia":[{"embeddable":true,"href":"https:\/\/kapitalis.com\/tunisie\/wp-json\/wp\/v2\/media\/4279818"}],"wp:attachment":[{"href":"https:\/\/kapitalis.com\/tunisie\/wp-json\/wp\/v2\/media?parent=4279543"}],"wp:term":[{"taxonomy":"category","embeddable":true,"href":"https:\/\/kapitalis.com\/tunisie\/wp-json\/wp\/v2\/categories?post=4279543"},{"taxonomy":"post_tag","embeddable":true,"href":"https:\/\/kapitalis.com\/tunisie\/wp-json\/wp\/v2\/tags?post=4279543"}],"curies":[{"name":"wp","href":"https:\/\/api.w.org\/{rel}","templated":true}]}}