{"id":42919,"date":"2016-03-10T16:30:01","date_gmt":"2016-03-10T15:30:01","guid":{"rendered":"http:\/\/kapitalis.com\/tunisie\/?p=42919"},"modified":"2016-03-10T16:30:01","modified_gmt":"2016-03-10T15:30:01","slug":"hammamet-accueille-le-festival-des-agrumes-du-18-au-20-mars","status":"publish","type":"post","link":"https:\/\/kapitalis.com\/tunisie\/2016\/03\/10\/hammamet-accueille-le-festival-des-agrumes-du-18-au-20-mars\/","title":{"rendered":"Hammamet accueille le Festival des Agrumes du 18 au 20 mars"},"content":{"rendered":"<p><img loading=\"lazy\" decoding=\"async\" class=\"alignnone size-full wp-image-42920 aligncenter\" src=\"http:\/\/kapitalis.com\/tunisie\/wp-content\/uploads\/2016\/03\/Festival-des-agrumes.jpg\" alt=\"Festival-des-agrumes\" width=\"626\" height=\"380\" \/><\/p>\n<p><em><strong>Le Festival des Agrumes de Hammamet, qui est \u00e0 sa 5e \u00e9dition, se d\u00e9roulera les 18, 19 et 20 mars 2016 dans la c\u00e9l\u00e8bre station baln\u00e9aire.<\/strong><\/em><\/p>\n<p><!--more--><\/p>\n<p>Cette manifestation s\u2019inscrit dans le prolongement des actions men\u00e9es par l&rsquo;Association d&rsquo;\u00e9ducation relative \u00e0 l&rsquo;environnement de Hammamet (AERE) en vue de valoriser le patrimoine agrumicole de cette r\u00e9gion, actions qui ont donn\u00e9 d\u2019excellents r\u00e9sultats en terme de sensibilisation, de mobilisation et de r\u00e9alisations concr\u00e8tes sur le terrain. Cette cinqui\u00e8me \u00e9dition sera d\u00e9di\u00e9e aux p\u00e9pini\u00e9ristes de la r\u00e9gion.<\/p>\n<p>Cette ann\u00e9e, un grand chapiteau dress\u00e9 au pied du fort d\u2019Hammamet abritera pendant 2 jours, les 19 et 20 mars, une exposition sur les aspects sociaux, culturels, \u00e9conomiques et environnementaux du patrimoine des agrumes de Hammamet.<\/p>\n<p>Vendredi 18 mars sera consacr\u00e9 \u00e0 un chantier de jeunes volontaires \u00e0 l\u2019\u00e9comus\u00e9e de l\u2019orangeraie au Centre culturel international de Hammamet. Et dimanche 20 mars de 9h30 \u00e0 12h00, l&rsquo;espace Sidi Bouhdid abritera une table ronde sur <em>\u00abl\u2019art de la p\u00e9pini\u00e8re, entre tradition et modernit\u00e9\u00bb.<\/em><\/p>\n<p>Le tout dans une ambiance joyeuse et festive (musique, danse, jeux, animation pour enfants, Soulamiya, folklore, d\u00e9gustation, vente&#8230;).<\/p>\n<p style=\"text-align: right;\"><strong>S. S.<\/strong><\/p>\n","protected":false},"excerpt":{"rendered":"<p>Le Festival des Agrumes de Hammamet, qui est \u00e0 sa 5e \u00e9dition, se d\u00e9roulera les 18, 19 et 20 mars 2016 dans la c\u00e9l\u00e8bre station baln\u00e9aire.<\/p>\n","protected":false},"author":8,"featured_media":42920,"comment_status":"open","ping_status":"open","sticky":false,"template":"","format":"standard","meta":{"footnotes":""},"categories":[994,2433],"tags":[1635,9081,335,15343,439],"class_list":["post-42919","post","type-post","status-publish","format-standard","has-post-thumbnail","hentry","category-culture","category-tunisie","tag-aere","tag-agrumes","tag-environnement","tag-festival-des-agrumes","tag-hammamet"],"yoast_head":"<!-- This site is optimized with the Yoast SEO plugin v26.6 - https:\/\/yoast.com\/wordpress\/plugins\/seo\/ -->\n<title>Hammamet accueille le Festival des Agrumes du 18 au 20 mars - Kapitalis<\/title>\n<meta name=\"robots\" content=\"index, follow, max-snippet:-1, max-image-preview:large, max-video-preview:-1\" \/>\n<link rel=\"canonical\" href=\"https:\/\/kapitalis.com\/tunisie\/2016\/03\/10\/hammamet-accueille-le-festival-des-agrumes-du-18-au-20-mars\/\" \/>\n<meta property=\"og:locale\" content=\"fr_FR\" \/>\n<meta property=\"og:type\" content=\"article\" \/>\n<meta property=\"og:title\" content=\"Hammamet accueille le Festival des Agrumes du 18 au 20 mars - Kapitalis\" \/>\n<meta property=\"og:description\" content=\"Le Festival des Agrumes de Hammamet, qui est \u00e0 sa 5e \u00e9dition, se d\u00e9roulera les 18, 19 et 20 mars 2016 dans la c\u00e9l\u00e8bre station baln\u00e9aire.\" \/>\n<meta property=\"og:url\" content=\"https:\/\/kapitalis.com\/tunisie\/2016\/03\/10\/hammamet-accueille-le-festival-des-agrumes-du-18-au-20-mars\/\" \/>\n<meta property=\"og:site_name\" content=\"Kapitalis\" \/>\n<meta property=\"article:publisher\" content=\"https:\/\/www.facebook.com\/KapitalisInfo\/\" \/>\n<meta property=\"article:published_time\" content=\"2016-03-10T15:30:01+00:00\" \/>\n<meta property=\"og:image\" content=\"https:\/\/kapitalis.com\/tunisie\/wp-content\/uploads\/2022\/05\/kapitalis-logo-fb.png\" \/>\n\t<meta property=\"og:image:width\" content=\"1200\" \/>\n\t<meta property=\"og:image:height\" content=\"630\" \/>\n\t<meta property=\"og:image:type\" content=\"image\/png\" \/>\n<meta name=\"author\" content=\"webmaster kapitalis\" \/>\n<meta name=\"twitter:card\" content=\"summary_large_image\" \/>\n<meta name=\"twitter:creator\" content=\"@KapitalisInfo\" \/>\n<meta name=\"twitter:site\" content=\"@KapitalisInfo\" \/>\n<meta name=\"twitter:label1\" content=\"\u00c9crit par\" \/>\n\t<meta name=\"twitter:data1\" content=\"webmaster kapitalis\" \/>\n\t<meta name=\"twitter:label2\" content=\"Dur\u00e9e de lecture estim\u00e9e\" \/>\n\t<meta name=\"twitter:data2\" content=\"1 minute\" \/>\n<script type=\"application\/ld+json\" class=\"yoast-schema-graph\">{\"@context\":\"https:\/\/schema.org\",\"@graph\":[{\"@type\":\"Article\",\"@id\":\"https:\/\/kapitalis.com\/tunisie\/2016\/03\/10\/hammamet-accueille-le-festival-des-agrumes-du-18-au-20-mars\/#article\",\"isPartOf\":{\"@id\":\"https:\/\/kapitalis.com\/tunisie\/2016\/03\/10\/hammamet-accueille-le-festival-des-agrumes-du-18-au-20-mars\/\"},\"author\":{\"name\":\"webmaster kapitalis\",\"@id\":\"https:\/\/kapitalis.com\/tunisie\/#\/schema\/person\/d71f33a9ca44f7bad4698210b480c8e9\"},\"headline\":\"Hammamet accueille le Festival des Agrumes du 18 au 20 mars\",\"datePublished\":\"2016-03-10T15:30:01+00:00\",\"mainEntityOfPage\":{\"@id\":\"https:\/\/kapitalis.com\/tunisie\/2016\/03\/10\/hammamet-accueille-le-festival-des-agrumes-du-18-au-20-mars\/\"},\"wordCount\":206,\"commentCount\":0,\"publisher\":{\"@id\":\"https:\/\/kapitalis.com\/tunisie\/#organization\"},\"image\":{\"@id\":\"https:\/\/kapitalis.com\/tunisie\/2016\/03\/10\/hammamet-accueille-le-festival-des-agrumes-du-18-au-20-mars\/#primaryimage\"},\"thumbnailUrl\":\"\",\"keywords\":[\"Aere\",\"agrumes\",\"environnement\",\"Festival des Agrumes\",\"Hammamet\"],\"articleSection\":[\"CULTURE\",\"Tunisie\"],\"inLanguage\":\"fr-FR\",\"potentialAction\":[{\"@type\":\"CommentAction\",\"name\":\"Comment\",\"target\":[\"https:\/\/kapitalis.com\/tunisie\/2016\/03\/10\/hammamet-accueille-le-festival-des-agrumes-du-18-au-20-mars\/#respond\"]}]},{\"@type\":\"WebPage\",\"@id\":\"https:\/\/kapitalis.com\/tunisie\/2016\/03\/10\/hammamet-accueille-le-festival-des-agrumes-du-18-au-20-mars\/\",\"url\":\"https:\/\/kapitalis.com\/tunisie\/2016\/03\/10\/hammamet-accueille-le-festival-des-agrumes-du-18-au-20-mars\/\",\"name\":\"Hammamet accueille le Festival des Agrumes du 18 au 20 mars - Kapitalis\",\"isPartOf\":{\"@id\":\"https:\/\/kapitalis.com\/tunisie\/#website\"},\"primaryImageOfPage\":{\"@id\":\"https:\/\/kapitalis.com\/tunisie\/2016\/03\/10\/hammamet-accueille-le-festival-des-agrumes-du-18-au-20-mars\/#primaryimage\"},\"image\":{\"@id\":\"https:\/\/kapitalis.com\/tunisie\/2016\/03\/10\/hammamet-accueille-le-festival-des-agrumes-du-18-au-20-mars\/#primaryimage\"},\"thumbnailUrl\":\"\",\"datePublished\":\"2016-03-10T15:30:01+00:00\",\"breadcrumb\":{\"@id\":\"https:\/\/kapitalis.com\/tunisie\/2016\/03\/10\/hammamet-accueille-le-festival-des-agrumes-du-18-au-20-mars\/#breadcrumb\"},\"inLanguage\":\"fr-FR\",\"potentialAction\":[{\"@type\":\"ReadAction\",\"target\":[\"https:\/\/kapitalis.com\/tunisie\/2016\/03\/10\/hammamet-accueille-le-festival-des-agrumes-du-18-au-20-mars\/\"]}]},{\"@type\":\"ImageObject\",\"inLanguage\":\"fr-FR\",\"@id\":\"https:\/\/kapitalis.com\/tunisie\/2016\/03\/10\/hammamet-accueille-le-festival-des-agrumes-du-18-au-20-mars\/#primaryimage\",\"url\":\"\",\"contentUrl\":\"\"},{\"@type\":\"BreadcrumbList\",\"@id\":\"https:\/\/kapitalis.com\/tunisie\/2016\/03\/10\/hammamet-accueille-le-festival-des-agrumes-du-18-au-20-mars\/#breadcrumb\",\"itemListElement\":[{\"@type\":\"ListItem\",\"position\":1,\"name\":\"Accueil\",\"item\":\"https:\/\/kapitalis.com\/tunisie\/\"},{\"@type\":\"ListItem\",\"position\":2,\"name\":\"Hammamet accueille le Festival des Agrumes du 18 au 20 mars\"}]},{\"@type\":\"WebSite\",\"@id\":\"https:\/\/kapitalis.com\/tunisie\/#website\",\"url\":\"https:\/\/kapitalis.com\/tunisie\/\",\"name\":\"Kapitalis\",\"description\":\"L&#039;actualit\u00e9 en Tunisie et dans le monde\",\"publisher\":{\"@id\":\"https:\/\/kapitalis.com\/tunisie\/#organization\"},\"potentialAction\":[{\"@type\":\"SearchAction\",\"target\":{\"@type\":\"EntryPoint\",\"urlTemplate\":\"https:\/\/kapitalis.com\/tunisie\/?s={search_term_string}\"},\"query-input\":{\"@type\":\"PropertyValueSpecification\",\"valueRequired\":true,\"valueName\":\"search_term_string\"}}],\"inLanguage\":\"fr-FR\"},{\"@type\":\"Organization\",\"@id\":\"https:\/\/kapitalis.com\/tunisie\/#organization\",\"name\":\"Kapitalis\",\"url\":\"https:\/\/kapitalis.com\/tunisie\/\",\"logo\":{\"@type\":\"ImageObject\",\"inLanguage\":\"fr-FR\",\"@id\":\"https:\/\/kapitalis.com\/tunisie\/#\/schema\/logo\/image\/\",\"url\":\"https:\/\/kapitalis.com\/tunisie\/wp-content\/uploads\/2022\/05\/Kapitalis-big-size.png\",\"contentUrl\":\"https:\/\/kapitalis.com\/tunisie\/wp-content\/uploads\/2022\/05\/Kapitalis-big-size.png\",\"width\":5000,\"height\":1500,\"caption\":\"Kapitalis\"},\"image\":{\"@id\":\"https:\/\/kapitalis.com\/tunisie\/#\/schema\/logo\/image\/\"},\"sameAs\":[\"https:\/\/www.facebook.com\/KapitalisInfo\/\",\"https:\/\/x.com\/KapitalisInfo\",\"https:\/\/www.youtube.com\/channel\/UC-yDYrHyfFBWWZaOw3FPg9Q\"]},{\"@type\":\"Person\",\"@id\":\"https:\/\/kapitalis.com\/tunisie\/#\/schema\/person\/d71f33a9ca44f7bad4698210b480c8e9\",\"name\":\"webmaster kapitalis\",\"url\":\"https:\/\/kapitalis.com\/tunisie\/author\/webmaster-kapitalis\/\"}]}<\/script>\n<!-- \/ Yoast SEO plugin. -->","yoast_head_json":{"title":"Hammamet accueille le Festival des Agrumes du 18 au 20 mars - Kapitalis","robots":{"index":"index","follow":"follow","max-snippet":"max-snippet:-1","max-image-preview":"max-image-preview:large","max-video-preview":"max-video-preview:-1"},"canonical":"https:\/\/kapitalis.com\/tunisie\/2016\/03\/10\/hammamet-accueille-le-festival-des-agrumes-du-18-au-20-mars\/","og_locale":"fr_FR","og_type":"article","og_title":"Hammamet accueille le Festival des Agrumes du 18 au 20 mars - Kapitalis","og_description":"Le Festival des Agrumes de Hammamet, qui est \u00e0 sa 5e \u00e9dition, se d\u00e9roulera les 18, 19 et 20 mars 2016 dans la c\u00e9l\u00e8bre station baln\u00e9aire.","og_url":"https:\/\/kapitalis.com\/tunisie\/2016\/03\/10\/hammamet-accueille-le-festival-des-agrumes-du-18-au-20-mars\/","og_site_name":"Kapitalis","article_publisher":"https:\/\/www.facebook.com\/KapitalisInfo\/","article_published_time":"2016-03-10T15:30:01+00:00","og_image":[{"width":1200,"height":630,"url":"https:\/\/kapitalis.com\/tunisie\/wp-content\/uploads\/2022\/05\/kapitalis-logo-fb.png","type":"image\/png"}],"author":"webmaster kapitalis","twitter_card":"summary_large_image","twitter_creator":"@KapitalisInfo","twitter_site":"@KapitalisInfo","twitter_misc":{"\u00c9crit par":"webmaster kapitalis","Dur\u00e9e de lecture estim\u00e9e":"1 minute"},"schema":{"@context":"https:\/\/schema.org","@graph":[{"@type":"Article","@id":"https:\/\/kapitalis.com\/tunisie\/2016\/03\/10\/hammamet-accueille-le-festival-des-agrumes-du-18-au-20-mars\/#article","isPartOf":{"@id":"https:\/\/kapitalis.com\/tunisie\/2016\/03\/10\/hammamet-accueille-le-festival-des-agrumes-du-18-au-20-mars\/"},"author":{"name":"webmaster kapitalis","@id":"https:\/\/kapitalis.com\/tunisie\/#\/schema\/person\/d71f33a9ca44f7bad4698210b480c8e9"},"headline":"Hammamet accueille le Festival des Agrumes du 18 au 20 mars","datePublished":"2016-03-10T15:30:01+00:00","mainEntityOfPage":{"@id":"https:\/\/kapitalis.com\/tunisie\/2016\/03\/10\/hammamet-accueille-le-festival-des-agrumes-du-18-au-20-mars\/"},"wordCount":206,"commentCount":0,"publisher":{"@id":"https:\/\/kapitalis.com\/tunisie\/#organization"},"image":{"@id":"https:\/\/kapitalis.com\/tunisie\/2016\/03\/10\/hammamet-accueille-le-festival-des-agrumes-du-18-au-20-mars\/#primaryimage"},"thumbnailUrl":"","keywords":["Aere","agrumes","environnement","Festival des Agrumes","Hammamet"],"articleSection":["CULTURE","Tunisie"],"inLanguage":"fr-FR","potentialAction":[{"@type":"CommentAction","name":"Comment","target":["https:\/\/kapitalis.com\/tunisie\/2016\/03\/10\/hammamet-accueille-le-festival-des-agrumes-du-18-au-20-mars\/#respond"]}]},{"@type":"WebPage","@id":"https:\/\/kapitalis.com\/tunisie\/2016\/03\/10\/hammamet-accueille-le-festival-des-agrumes-du-18-au-20-mars\/","url":"https:\/\/kapitalis.com\/tunisie\/2016\/03\/10\/hammamet-accueille-le-festival-des-agrumes-du-18-au-20-mars\/","name":"Hammamet accueille le Festival des Agrumes du 18 au 20 mars - Kapitalis","isPartOf":{"@id":"https:\/\/kapitalis.com\/tunisie\/#website"},"primaryImageOfPage":{"@id":"https:\/\/kapitalis.com\/tunisie\/2016\/03\/10\/hammamet-accueille-le-festival-des-agrumes-du-18-au-20-mars\/#primaryimage"},"image":{"@id":"https:\/\/kapitalis.com\/tunisie\/2016\/03\/10\/hammamet-accueille-le-festival-des-agrumes-du-18-au-20-mars\/#primaryimage"},"thumbnailUrl":"","datePublished":"2016-03-10T15:30:01+00:00","breadcrumb":{"@id":"https:\/\/kapitalis.com\/tunisie\/2016\/03\/10\/hammamet-accueille-le-festival-des-agrumes-du-18-au-20-mars\/#breadcrumb"},"inLanguage":"fr-FR","potentialAction":[{"@type":"ReadAction","target":["https:\/\/kapitalis.com\/tunisie\/2016\/03\/10\/hammamet-accueille-le-festival-des-agrumes-du-18-au-20-mars\/"]}]},{"@type":"ImageObject","inLanguage":"fr-FR","@id":"https:\/\/kapitalis.com\/tunisie\/2016\/03\/10\/hammamet-accueille-le-festival-des-agrumes-du-18-au-20-mars\/#primaryimage","url":"","contentUrl":""},{"@type":"BreadcrumbList","@id":"https:\/\/kapitalis.com\/tunisie\/2016\/03\/10\/hammamet-accueille-le-festival-des-agrumes-du-18-au-20-mars\/#breadcrumb","itemListElement":[{"@type":"ListItem","position":1,"name":"Accueil","item":"https:\/\/kapitalis.com\/tunisie\/"},{"@type":"ListItem","position":2,"name":"Hammamet accueille le Festival des Agrumes du 18 au 20 mars"}]},{"@type":"WebSite","@id":"https:\/\/kapitalis.com\/tunisie\/#website","url":"https:\/\/kapitalis.com\/tunisie\/","name":"Kapitalis","description":"L&#039;actualit\u00e9 en Tunisie et dans le monde","publisher":{"@id":"https:\/\/kapitalis.com\/tunisie\/#organization"},"potentialAction":[{"@type":"SearchAction","target":{"@type":"EntryPoint","urlTemplate":"https:\/\/kapitalis.com\/tunisie\/?s={search_term_string}"},"query-input":{"@type":"PropertyValueSpecification","valueRequired":true,"valueName":"search_term_string"}}],"inLanguage":"fr-FR"},{"@type":"Organization","@id":"https:\/\/kapitalis.com\/tunisie\/#organization","name":"Kapitalis","url":"https:\/\/kapitalis.com\/tunisie\/","logo":{"@type":"ImageObject","inLanguage":"fr-FR","@id":"https:\/\/kapitalis.com\/tunisie\/#\/schema\/logo\/image\/","url":"https:\/\/kapitalis.com\/tunisie\/wp-content\/uploads\/2022\/05\/Kapitalis-big-size.png","contentUrl":"https:\/\/kapitalis.com\/tunisie\/wp-content\/uploads\/2022\/05\/Kapitalis-big-size.png","width":5000,"height":1500,"caption":"Kapitalis"},"image":{"@id":"https:\/\/kapitalis.com\/tunisie\/#\/schema\/logo\/image\/"},"sameAs":["https:\/\/www.facebook.com\/KapitalisInfo\/","https:\/\/x.com\/KapitalisInfo","https:\/\/www.youtube.com\/channel\/UC-yDYrHyfFBWWZaOw3FPg9Q"]},{"@type":"Person","@id":"https:\/\/kapitalis.com\/tunisie\/#\/schema\/person\/d71f33a9ca44f7bad4698210b480c8e9","name":"webmaster kapitalis","url":"https:\/\/kapitalis.com\/tunisie\/author\/webmaster-kapitalis\/"}]}},"_links":{"self":[{"href":"https:\/\/kapitalis.com\/tunisie\/wp-json\/wp\/v2\/posts\/42919","targetHints":{"allow":["GET"]}}],"collection":[{"href":"https:\/\/kapitalis.com\/tunisie\/wp-json\/wp\/v2\/posts"}],"about":[{"href":"https:\/\/kapitalis.com\/tunisie\/wp-json\/wp\/v2\/types\/post"}],"author":[{"embeddable":true,"href":"https:\/\/kapitalis.com\/tunisie\/wp-json\/wp\/v2\/users\/8"}],"replies":[{"embeddable":true,"href":"https:\/\/kapitalis.com\/tunisie\/wp-json\/wp\/v2\/comments?post=42919"}],"version-history":[{"count":0,"href":"https:\/\/kapitalis.com\/tunisie\/wp-json\/wp\/v2\/posts\/42919\/revisions"}],"wp:featuredmedia":[{"embeddable":true,"href":"https:\/\/kapitalis.com\/tunisie\/wp-json\/wp\/v2\/media\/42920"}],"wp:attachment":[{"href":"https:\/\/kapitalis.com\/tunisie\/wp-json\/wp\/v2\/media?parent=42919"}],"wp:term":[{"taxonomy":"category","embeddable":true,"href":"https:\/\/kapitalis.com\/tunisie\/wp-json\/wp\/v2\/categories?post=42919"},{"taxonomy":"post_tag","embeddable":true,"href":"https:\/\/kapitalis.com\/tunisie\/wp-json\/wp\/v2\/tags?post=42919"}],"curies":[{"name":"wp","href":"https:\/\/api.w.org\/{rel}","templated":true}]}}