{"id":4327144,"date":"2022-09-28T11:24:04","date_gmt":"2022-09-28T10:24:04","guid":{"rendered":"https:\/\/kapitalis.com\/tunisie\/?p=4327144"},"modified":"2022-09-28T11:24:06","modified_gmt":"2022-09-28T10:24:06","slug":"tunisie-legislatives-selon-adnen-bouassida-les-communes-ne-sont-pas-pretes","status":"publish","type":"post","link":"https:\/\/kapitalis.com\/tunisie\/2022\/09\/28\/tunisie-legislatives-selon-adnen-bouassida-les-communes-ne-sont-pas-pretes\/","title":{"rendered":"Tunisie &#8211; L\u00e9gislatives : Selon Adnen Bouassida, les communes ne sont pas pr\u00eates"},"content":{"rendered":"\n<p><strong><em>Selon Adnen Bouassida, pr\u00e9sident de la F\u00e9d\u00e9ration nationale des communes tunisienne (FNCT), les 400 parrainages avec signature l\u00e9galis\u00e9e exig\u00e9s aux candidats des l\u00e9gislatives du 17 d\u00e9cembre prochain, d\u00e9passent le potentiel logistique des communes.<\/em><\/strong><\/p>\n\n\n\n<!--more-->\n\n\n\n<p>Intervenu, ce mercredi 28 septembre 2022, sur les ondes d&rsquo;IFM, Bouassida a affirm\u00e9 que l&rsquo;Instance sup\u00e9rieure ind\u00e9pendante pour les \u00e9lections (Isie) n&rsquo;a pas coordonn\u00e9e avec les communes sur les \u00e9lections l\u00e9gislatives et les parrainages.<\/p>\n\n\n\n<p>Et de souligner que le manque de manque de moyens provoquera de longues files d&rsquo;attentes et une fatigue des agents municipaux dans un nombre important de communes des grandes villes.<\/p>\n\n\n\n<p class=\"has-text-align-right\"><strong>C. B. Y.<\/strong><\/p>\n","protected":false},"excerpt":{"rendered":"<p>Selon Adnen Bouassida, pr\u00e9sident de la F\u00e9d\u00e9ration nationale des communes tunisienne (FNCT), les 400 parrainages avec signature l\u00e9galis\u00e9e exig\u00e9s aux candidats des l\u00e9gislatives du 17 d\u00e9cembre prochain, d\u00e9passent le potentiel logistique des communes.<\/p>\n","protected":false},"author":24,"featured_media":4327495,"comment_status":"open","ping_status":"open","sticky":false,"template":"","format":"standard","meta":{"footnotes":""},"categories":[997,2433],"tags":[29352,499,62643],"class_list":["post-4327144","post","type-post","status-publish","format-standard","has-post-thumbnail","hentry","category-politique","category-tunisie","tag-adnen-bouassida","tag-isie","tag-tunisie"],"yoast_head":"<!-- This site is optimized with the Yoast SEO plugin v26.6 - https:\/\/yoast.com\/wordpress\/plugins\/seo\/ -->\n<title>Tunisie - L\u00e9gislatives : Selon Adnen Bouassida, les communes ne sont pas pr\u00eates - Kapitalis<\/title>\n<meta name=\"robots\" content=\"index, follow, max-snippet:-1, max-image-preview:large, max-video-preview:-1\" \/>\n<link rel=\"canonical\" href=\"https:\/\/kapitalis.com\/tunisie\/2022\/09\/28\/tunisie-legislatives-selon-adnen-bouassida-les-communes-ne-sont-pas-pretes\/\" \/>\n<meta property=\"og:locale\" content=\"fr_FR\" \/>\n<meta property=\"og:type\" content=\"article\" \/>\n<meta property=\"og:title\" content=\"Tunisie - L\u00e9gislatives : Selon Adnen Bouassida, les communes ne sont pas pr\u00eates - Kapitalis\" \/>\n<meta property=\"og:description\" content=\"Selon Adnen Bouassida, pr\u00e9sident de la F\u00e9d\u00e9ration nationale des communes tunisienne (FNCT), les 400 parrainages avec signature l\u00e9galis\u00e9e exig\u00e9s aux candidats des l\u00e9gislatives du 17 d\u00e9cembre prochain, d\u00e9passent le potentiel logistique des communes.\" \/>\n<meta property=\"og:url\" content=\"https:\/\/kapitalis.com\/tunisie\/2022\/09\/28\/tunisie-legislatives-selon-adnen-bouassida-les-communes-ne-sont-pas-pretes\/\" \/>\n<meta property=\"og:site_name\" content=\"Kapitalis\" \/>\n<meta property=\"article:publisher\" content=\"https:\/\/www.facebook.com\/KapitalisInfo\/\" \/>\n<meta property=\"article:published_time\" content=\"2022-09-28T10:24:04+00:00\" \/>\n<meta property=\"article:modified_time\" content=\"2022-09-28T10:24:06+00:00\" \/>\n<meta property=\"og:image\" content=\"https:\/\/kapitalis.com\/tunisie\/wp-content\/uploads\/2022\/09\/adnen-bouassida.jpg\" \/>\n\t<meta property=\"og:image:width\" content=\"1200\" \/>\n\t<meta property=\"og:image:height\" content=\"630\" \/>\n\t<meta property=\"og:image:type\" content=\"image\/jpeg\" \/>\n<meta name=\"author\" content=\"Cherif Benyounes\" \/>\n<meta name=\"twitter:card\" content=\"summary_large_image\" \/>\n<meta name=\"twitter:creator\" content=\"@KapitalisInfo\" \/>\n<meta name=\"twitter:site\" content=\"@KapitalisInfo\" \/>\n<meta name=\"twitter:label1\" content=\"\u00c9crit par\" \/>\n\t<meta name=\"twitter:data1\" content=\"Cherif Benyounes\" \/>\n\t<meta name=\"twitter:label2\" content=\"Dur\u00e9e de lecture estim\u00e9e\" \/>\n\t<meta name=\"twitter:data2\" content=\"1 minute\" \/>\n<script type=\"application\/ld+json\" class=\"yoast-schema-graph\">{\"@context\":\"https:\/\/schema.org\",\"@graph\":[{\"@type\":\"Article\",\"@id\":\"https:\/\/kapitalis.com\/tunisie\/2022\/09\/28\/tunisie-legislatives-selon-adnen-bouassida-les-communes-ne-sont-pas-pretes\/#article\",\"isPartOf\":{\"@id\":\"https:\/\/kapitalis.com\/tunisie\/2022\/09\/28\/tunisie-legislatives-selon-adnen-bouassida-les-communes-ne-sont-pas-pretes\/\"},\"author\":{\"name\":\"Cherif Benyounes\",\"@id\":\"https:\/\/kapitalis.com\/tunisie\/#\/schema\/person\/b35b8d631961131107263178aeb8019e\"},\"headline\":\"Tunisie &#8211; L\u00e9gislatives : Selon Adnen Bouassida, les communes ne sont pas pr\u00eates\",\"datePublished\":\"2022-09-28T10:24:04+00:00\",\"dateModified\":\"2022-09-28T10:24:06+00:00\",\"mainEntityOfPage\":{\"@id\":\"https:\/\/kapitalis.com\/tunisie\/2022\/09\/28\/tunisie-legislatives-selon-adnen-bouassida-les-communes-ne-sont-pas-pretes\/\"},\"wordCount\":123,\"commentCount\":1,\"publisher\":{\"@id\":\"https:\/\/kapitalis.com\/tunisie\/#organization\"},\"image\":{\"@id\":\"https:\/\/kapitalis.com\/tunisie\/2022\/09\/28\/tunisie-legislatives-selon-adnen-bouassida-les-communes-ne-sont-pas-pretes\/#primaryimage\"},\"thumbnailUrl\":\"https:\/\/kapitalis.com\/tunisie\/wp-content\/uploads\/2022\/09\/adnen-bouassida.jpg\",\"keywords\":[\"Adnen Bouassida\",\"Isie\",\"Tunisie\"],\"articleSection\":[\"POLITIQUE\",\"Tunisie\"],\"inLanguage\":\"fr-FR\",\"potentialAction\":[{\"@type\":\"CommentAction\",\"name\":\"Comment\",\"target\":[\"https:\/\/kapitalis.com\/tunisie\/2022\/09\/28\/tunisie-legislatives-selon-adnen-bouassida-les-communes-ne-sont-pas-pretes\/#respond\"]}]},{\"@type\":\"WebPage\",\"@id\":\"https:\/\/kapitalis.com\/tunisie\/2022\/09\/28\/tunisie-legislatives-selon-adnen-bouassida-les-communes-ne-sont-pas-pretes\/\",\"url\":\"https:\/\/kapitalis.com\/tunisie\/2022\/09\/28\/tunisie-legislatives-selon-adnen-bouassida-les-communes-ne-sont-pas-pretes\/\",\"name\":\"Tunisie - L\u00e9gislatives : Selon Adnen Bouassida, les communes ne sont pas pr\u00eates - Kapitalis\",\"isPartOf\":{\"@id\":\"https:\/\/kapitalis.com\/tunisie\/#website\"},\"primaryImageOfPage\":{\"@id\":\"https:\/\/kapitalis.com\/tunisie\/2022\/09\/28\/tunisie-legislatives-selon-adnen-bouassida-les-communes-ne-sont-pas-pretes\/#primaryimage\"},\"image\":{\"@id\":\"https:\/\/kapitalis.com\/tunisie\/2022\/09\/28\/tunisie-legislatives-selon-adnen-bouassida-les-communes-ne-sont-pas-pretes\/#primaryimage\"},\"thumbnailUrl\":\"https:\/\/kapitalis.com\/tunisie\/wp-content\/uploads\/2022\/09\/adnen-bouassida.jpg\",\"datePublished\":\"2022-09-28T10:24:04+00:00\",\"dateModified\":\"2022-09-28T10:24:06+00:00\",\"breadcrumb\":{\"@id\":\"https:\/\/kapitalis.com\/tunisie\/2022\/09\/28\/tunisie-legislatives-selon-adnen-bouassida-les-communes-ne-sont-pas-pretes\/#breadcrumb\"},\"inLanguage\":\"fr-FR\",\"potentialAction\":[{\"@type\":\"ReadAction\",\"target\":[\"https:\/\/kapitalis.com\/tunisie\/2022\/09\/28\/tunisie-legislatives-selon-adnen-bouassida-les-communes-ne-sont-pas-pretes\/\"]}]},{\"@type\":\"ImageObject\",\"inLanguage\":\"fr-FR\",\"@id\":\"https:\/\/kapitalis.com\/tunisie\/2022\/09\/28\/tunisie-legislatives-selon-adnen-bouassida-les-communes-ne-sont-pas-pretes\/#primaryimage\",\"url\":\"https:\/\/kapitalis.com\/tunisie\/wp-content\/uploads\/2022\/09\/adnen-bouassida.jpg\",\"contentUrl\":\"https:\/\/kapitalis.com\/tunisie\/wp-content\/uploads\/2022\/09\/adnen-bouassida.jpg\",\"width\":1200,\"height\":630},{\"@type\":\"BreadcrumbList\",\"@id\":\"https:\/\/kapitalis.com\/tunisie\/2022\/09\/28\/tunisie-legislatives-selon-adnen-bouassida-les-communes-ne-sont-pas-pretes\/#breadcrumb\",\"itemListElement\":[{\"@type\":\"ListItem\",\"position\":1,\"name\":\"Accueil\",\"item\":\"https:\/\/kapitalis.com\/tunisie\/\"},{\"@type\":\"ListItem\",\"position\":2,\"name\":\"Tunisie &#8211; L\u00e9gislatives : Selon Adnen Bouassida, les communes ne sont pas pr\u00eates\"}]},{\"@type\":\"WebSite\",\"@id\":\"https:\/\/kapitalis.com\/tunisie\/#website\",\"url\":\"https:\/\/kapitalis.com\/tunisie\/\",\"name\":\"Kapitalis\",\"description\":\"L&#039;actualit\u00e9 en Tunisie et dans le monde\",\"publisher\":{\"@id\":\"https:\/\/kapitalis.com\/tunisie\/#organization\"},\"potentialAction\":[{\"@type\":\"SearchAction\",\"target\":{\"@type\":\"EntryPoint\",\"urlTemplate\":\"https:\/\/kapitalis.com\/tunisie\/?s={search_term_string}\"},\"query-input\":{\"@type\":\"PropertyValueSpecification\",\"valueRequired\":true,\"valueName\":\"search_term_string\"}}],\"inLanguage\":\"fr-FR\"},{\"@type\":\"Organization\",\"@id\":\"https:\/\/kapitalis.com\/tunisie\/#organization\",\"name\":\"Kapitalis\",\"url\":\"https:\/\/kapitalis.com\/tunisie\/\",\"logo\":{\"@type\":\"ImageObject\",\"inLanguage\":\"fr-FR\",\"@id\":\"https:\/\/kapitalis.com\/tunisie\/#\/schema\/logo\/image\/\",\"url\":\"https:\/\/kapitalis.com\/tunisie\/wp-content\/uploads\/2022\/05\/Kapitalis-big-size.png\",\"contentUrl\":\"https:\/\/kapitalis.com\/tunisie\/wp-content\/uploads\/2022\/05\/Kapitalis-big-size.png\",\"width\":5000,\"height\":1500,\"caption\":\"Kapitalis\"},\"image\":{\"@id\":\"https:\/\/kapitalis.com\/tunisie\/#\/schema\/logo\/image\/\"},\"sameAs\":[\"https:\/\/www.facebook.com\/KapitalisInfo\/\",\"https:\/\/x.com\/KapitalisInfo\",\"https:\/\/www.youtube.com\/channel\/UC-yDYrHyfFBWWZaOw3FPg9Q\"]},{\"@type\":\"Person\",\"@id\":\"https:\/\/kapitalis.com\/tunisie\/#\/schema\/person\/b35b8d631961131107263178aeb8019e\",\"name\":\"Cherif Benyounes\",\"url\":\"https:\/\/kapitalis.com\/tunisie\/author\/cherif\/\"}]}<\/script>\n<!-- \/ Yoast SEO plugin. -->","yoast_head_json":{"title":"Tunisie - L\u00e9gislatives : Selon Adnen Bouassida, les communes ne sont pas pr\u00eates - Kapitalis","robots":{"index":"index","follow":"follow","max-snippet":"max-snippet:-1","max-image-preview":"max-image-preview:large","max-video-preview":"max-video-preview:-1"},"canonical":"https:\/\/kapitalis.com\/tunisie\/2022\/09\/28\/tunisie-legislatives-selon-adnen-bouassida-les-communes-ne-sont-pas-pretes\/","og_locale":"fr_FR","og_type":"article","og_title":"Tunisie - L\u00e9gislatives : Selon Adnen Bouassida, les communes ne sont pas pr\u00eates - Kapitalis","og_description":"Selon Adnen Bouassida, pr\u00e9sident de la F\u00e9d\u00e9ration nationale des communes tunisienne (FNCT), les 400 parrainages avec signature l\u00e9galis\u00e9e exig\u00e9s aux candidats des l\u00e9gislatives du 17 d\u00e9cembre prochain, d\u00e9passent le potentiel logistique des communes.","og_url":"https:\/\/kapitalis.com\/tunisie\/2022\/09\/28\/tunisie-legislatives-selon-adnen-bouassida-les-communes-ne-sont-pas-pretes\/","og_site_name":"Kapitalis","article_publisher":"https:\/\/www.facebook.com\/KapitalisInfo\/","article_published_time":"2022-09-28T10:24:04+00:00","article_modified_time":"2022-09-28T10:24:06+00:00","og_image":[{"width":1200,"height":630,"url":"https:\/\/kapitalis.com\/tunisie\/wp-content\/uploads\/2022\/09\/adnen-bouassida.jpg","type":"image\/jpeg"}],"author":"Cherif Benyounes","twitter_card":"summary_large_image","twitter_creator":"@KapitalisInfo","twitter_site":"@KapitalisInfo","twitter_misc":{"\u00c9crit par":"Cherif Benyounes","Dur\u00e9e de lecture estim\u00e9e":"1 minute"},"schema":{"@context":"https:\/\/schema.org","@graph":[{"@type":"Article","@id":"https:\/\/kapitalis.com\/tunisie\/2022\/09\/28\/tunisie-legislatives-selon-adnen-bouassida-les-communes-ne-sont-pas-pretes\/#article","isPartOf":{"@id":"https:\/\/kapitalis.com\/tunisie\/2022\/09\/28\/tunisie-legislatives-selon-adnen-bouassida-les-communes-ne-sont-pas-pretes\/"},"author":{"name":"Cherif Benyounes","@id":"https:\/\/kapitalis.com\/tunisie\/#\/schema\/person\/b35b8d631961131107263178aeb8019e"},"headline":"Tunisie &#8211; L\u00e9gislatives : Selon Adnen Bouassida, les communes ne sont pas pr\u00eates","datePublished":"2022-09-28T10:24:04+00:00","dateModified":"2022-09-28T10:24:06+00:00","mainEntityOfPage":{"@id":"https:\/\/kapitalis.com\/tunisie\/2022\/09\/28\/tunisie-legislatives-selon-adnen-bouassida-les-communes-ne-sont-pas-pretes\/"},"wordCount":123,"commentCount":1,"publisher":{"@id":"https:\/\/kapitalis.com\/tunisie\/#organization"},"image":{"@id":"https:\/\/kapitalis.com\/tunisie\/2022\/09\/28\/tunisie-legislatives-selon-adnen-bouassida-les-communes-ne-sont-pas-pretes\/#primaryimage"},"thumbnailUrl":"https:\/\/kapitalis.com\/tunisie\/wp-content\/uploads\/2022\/09\/adnen-bouassida.jpg","keywords":["Adnen Bouassida","Isie","Tunisie"],"articleSection":["POLITIQUE","Tunisie"],"inLanguage":"fr-FR","potentialAction":[{"@type":"CommentAction","name":"Comment","target":["https:\/\/kapitalis.com\/tunisie\/2022\/09\/28\/tunisie-legislatives-selon-adnen-bouassida-les-communes-ne-sont-pas-pretes\/#respond"]}]},{"@type":"WebPage","@id":"https:\/\/kapitalis.com\/tunisie\/2022\/09\/28\/tunisie-legislatives-selon-adnen-bouassida-les-communes-ne-sont-pas-pretes\/","url":"https:\/\/kapitalis.com\/tunisie\/2022\/09\/28\/tunisie-legislatives-selon-adnen-bouassida-les-communes-ne-sont-pas-pretes\/","name":"Tunisie - L\u00e9gislatives : Selon Adnen Bouassida, les communes ne sont pas pr\u00eates - Kapitalis","isPartOf":{"@id":"https:\/\/kapitalis.com\/tunisie\/#website"},"primaryImageOfPage":{"@id":"https:\/\/kapitalis.com\/tunisie\/2022\/09\/28\/tunisie-legislatives-selon-adnen-bouassida-les-communes-ne-sont-pas-pretes\/#primaryimage"},"image":{"@id":"https:\/\/kapitalis.com\/tunisie\/2022\/09\/28\/tunisie-legislatives-selon-adnen-bouassida-les-communes-ne-sont-pas-pretes\/#primaryimage"},"thumbnailUrl":"https:\/\/kapitalis.com\/tunisie\/wp-content\/uploads\/2022\/09\/adnen-bouassida.jpg","datePublished":"2022-09-28T10:24:04+00:00","dateModified":"2022-09-28T10:24:06+00:00","breadcrumb":{"@id":"https:\/\/kapitalis.com\/tunisie\/2022\/09\/28\/tunisie-legislatives-selon-adnen-bouassida-les-communes-ne-sont-pas-pretes\/#breadcrumb"},"inLanguage":"fr-FR","potentialAction":[{"@type":"ReadAction","target":["https:\/\/kapitalis.com\/tunisie\/2022\/09\/28\/tunisie-legislatives-selon-adnen-bouassida-les-communes-ne-sont-pas-pretes\/"]}]},{"@type":"ImageObject","inLanguage":"fr-FR","@id":"https:\/\/kapitalis.com\/tunisie\/2022\/09\/28\/tunisie-legislatives-selon-adnen-bouassida-les-communes-ne-sont-pas-pretes\/#primaryimage","url":"https:\/\/kapitalis.com\/tunisie\/wp-content\/uploads\/2022\/09\/adnen-bouassida.jpg","contentUrl":"https:\/\/kapitalis.com\/tunisie\/wp-content\/uploads\/2022\/09\/adnen-bouassida.jpg","width":1200,"height":630},{"@type":"BreadcrumbList","@id":"https:\/\/kapitalis.com\/tunisie\/2022\/09\/28\/tunisie-legislatives-selon-adnen-bouassida-les-communes-ne-sont-pas-pretes\/#breadcrumb","itemListElement":[{"@type":"ListItem","position":1,"name":"Accueil","item":"https:\/\/kapitalis.com\/tunisie\/"},{"@type":"ListItem","position":2,"name":"Tunisie &#8211; L\u00e9gislatives : Selon Adnen Bouassida, les communes ne sont pas pr\u00eates"}]},{"@type":"WebSite","@id":"https:\/\/kapitalis.com\/tunisie\/#website","url":"https:\/\/kapitalis.com\/tunisie\/","name":"Kapitalis","description":"L&#039;actualit\u00e9 en Tunisie et dans le monde","publisher":{"@id":"https:\/\/kapitalis.com\/tunisie\/#organization"},"potentialAction":[{"@type":"SearchAction","target":{"@type":"EntryPoint","urlTemplate":"https:\/\/kapitalis.com\/tunisie\/?s={search_term_string}"},"query-input":{"@type":"PropertyValueSpecification","valueRequired":true,"valueName":"search_term_string"}}],"inLanguage":"fr-FR"},{"@type":"Organization","@id":"https:\/\/kapitalis.com\/tunisie\/#organization","name":"Kapitalis","url":"https:\/\/kapitalis.com\/tunisie\/","logo":{"@type":"ImageObject","inLanguage":"fr-FR","@id":"https:\/\/kapitalis.com\/tunisie\/#\/schema\/logo\/image\/","url":"https:\/\/kapitalis.com\/tunisie\/wp-content\/uploads\/2022\/05\/Kapitalis-big-size.png","contentUrl":"https:\/\/kapitalis.com\/tunisie\/wp-content\/uploads\/2022\/05\/Kapitalis-big-size.png","width":5000,"height":1500,"caption":"Kapitalis"},"image":{"@id":"https:\/\/kapitalis.com\/tunisie\/#\/schema\/logo\/image\/"},"sameAs":["https:\/\/www.facebook.com\/KapitalisInfo\/","https:\/\/x.com\/KapitalisInfo","https:\/\/www.youtube.com\/channel\/UC-yDYrHyfFBWWZaOw3FPg9Q"]},{"@type":"Person","@id":"https:\/\/kapitalis.com\/tunisie\/#\/schema\/person\/b35b8d631961131107263178aeb8019e","name":"Cherif Benyounes","url":"https:\/\/kapitalis.com\/tunisie\/author\/cherif\/"}]}},"_links":{"self":[{"href":"https:\/\/kapitalis.com\/tunisie\/wp-json\/wp\/v2\/posts\/4327144","targetHints":{"allow":["GET"]}}],"collection":[{"href":"https:\/\/kapitalis.com\/tunisie\/wp-json\/wp\/v2\/posts"}],"about":[{"href":"https:\/\/kapitalis.com\/tunisie\/wp-json\/wp\/v2\/types\/post"}],"author":[{"embeddable":true,"href":"https:\/\/kapitalis.com\/tunisie\/wp-json\/wp\/v2\/users\/24"}],"replies":[{"embeddable":true,"href":"https:\/\/kapitalis.com\/tunisie\/wp-json\/wp\/v2\/comments?post=4327144"}],"version-history":[{"count":0,"href":"https:\/\/kapitalis.com\/tunisie\/wp-json\/wp\/v2\/posts\/4327144\/revisions"}],"wp:featuredmedia":[{"embeddable":true,"href":"https:\/\/kapitalis.com\/tunisie\/wp-json\/wp\/v2\/media\/4327495"}],"wp:attachment":[{"href":"https:\/\/kapitalis.com\/tunisie\/wp-json\/wp\/v2\/media?parent=4327144"}],"wp:term":[{"taxonomy":"category","embeddable":true,"href":"https:\/\/kapitalis.com\/tunisie\/wp-json\/wp\/v2\/categories?post=4327144"},{"taxonomy":"post_tag","embeddable":true,"href":"https:\/\/kapitalis.com\/tunisie\/wp-json\/wp\/v2\/tags?post=4327144"}],"curies":[{"name":"wp","href":"https:\/\/api.w.org\/{rel}","templated":true}]}}