{"id":4337453,"date":"2022-09-29T11:33:50","date_gmt":"2022-09-29T10:33:50","guid":{"rendered":"https:\/\/kapitalis.com\/tunisie\/?p=4337453"},"modified":"2022-09-29T11:33:51","modified_gmt":"2022-09-29T10:33:51","slug":"football-coupe-du-monde-2022-le-maillot-de-la-selection-tunisienne","status":"publish","type":"post","link":"https:\/\/kapitalis.com\/tunisie\/2022\/09\/29\/football-coupe-du-monde-2022-le-maillot-de-la-selection-tunisienne\/","title":{"rendered":"Football &#8211; Coupe du monde 2022 : Le maillot de la s\u00e9lection tunisienne"},"content":{"rendered":"\n<p><strong><em>L&rsquo;\u00e9quipementier de l&rsquo;\u00e9quipe nationale tunisienne de football, Kappa, a d\u00e9voil\u00e9 le maillot qui sera port\u00e9 par les \u00ab\u00a0Aigles de Carthage\u00a0\u00bb lors de la Coupe du monde 2022, qui se d\u00e9roulera au Qatar du 20 novembre au 18 d\u00e9cembre prochains.<\/em><\/strong><\/p>\n\n\n\n<!--more-->\n\n\n\n<p>C&rsquo;est le th\u00e8me carthaginois qui a \u00e9t\u00e9 choisi pour d\u00e9corer le maillot. La beaut\u00e9 de ce dernier fait, en revanche, d\u00e9bat sur les r\u00e9seaux sociaux.<\/p>\n\n\n\n<p>Le premier et deuxi\u00e8me maillots ont \u00e9t\u00e9 pr\u00e9sent\u00e9s, alors que le troisi\u00e8me le sera dans les jours \u00e0 venir.<\/p>\n\n\n\n<p>Les deux premiers maillots, de couleurs rouge et blanche, seront en vente \u00e0 partir de ce jeudi 29 septembre 2022 dans plusieurs points de vente \u00e0 Tunis et sur le site internet de l&rsquo;\u00e9quipementier.<\/p>\n\n\n\n<p class=\"has-text-align-right\"><strong>C. B. Y.<\/strong><\/p>\n","protected":false},"excerpt":{"rendered":"<p>L&rsquo;\u00e9quipementier de l&rsquo;\u00e9quipe nationale tunisienne de football, Kappa, a d\u00e9voil\u00e9 le maillot qui sera port\u00e9 par les \u00ab\u00a0Aigles de Carthage\u00a0\u00bb lors de la Coupe du monde 2022, qui se d\u00e9roulera au Qatar du 20 novembre au 18 d\u00e9cembre prochains.<\/p>\n","protected":false},"author":24,"featured_media":4337759,"comment_status":"open","ping_status":"open","sticky":false,"template":"","format":"standard","meta":{"footnotes":""},"categories":[999,2433],"tags":[76569,103233,62643],"class_list":["post-4337453","post","type-post","status-publish","format-standard","has-post-thumbnail","hentry","category-sport","category-tunisie","tag-coupe-du-monde-2022","tag-maillot-de-lequipe-nationale","tag-tunisie"],"yoast_head":"<!-- This site is optimized with the Yoast SEO plugin v26.6 - https:\/\/yoast.com\/wordpress\/plugins\/seo\/ -->\n<title>Football - Coupe du monde 2022 : Le maillot de la s\u00e9lection tunisienne - Kapitalis<\/title>\n<meta name=\"robots\" content=\"index, follow, max-snippet:-1, max-image-preview:large, max-video-preview:-1\" \/>\n<link rel=\"canonical\" href=\"https:\/\/kapitalis.com\/tunisie\/2022\/09\/29\/football-coupe-du-monde-2022-le-maillot-de-la-selection-tunisienne\/\" \/>\n<meta property=\"og:locale\" content=\"fr_FR\" \/>\n<meta property=\"og:type\" content=\"article\" \/>\n<meta property=\"og:title\" content=\"Football - Coupe du monde 2022 : Le maillot de la s\u00e9lection tunisienne - Kapitalis\" \/>\n<meta property=\"og:description\" content=\"L&rsquo;\u00e9quipementier de l&rsquo;\u00e9quipe nationale tunisienne de football, Kappa, a d\u00e9voil\u00e9 le maillot qui sera port\u00e9 par les \u00ab\u00a0Aigles de Carthage\u00a0\u00bb lors de la Coupe du monde 2022, qui se d\u00e9roulera au Qatar du 20 novembre au 18 d\u00e9cembre prochains.\" \/>\n<meta property=\"og:url\" content=\"https:\/\/kapitalis.com\/tunisie\/2022\/09\/29\/football-coupe-du-monde-2022-le-maillot-de-la-selection-tunisienne\/\" \/>\n<meta property=\"og:site_name\" content=\"Kapitalis\" \/>\n<meta property=\"article:publisher\" content=\"https:\/\/www.facebook.com\/KapitalisInfo\/\" \/>\n<meta property=\"article:published_time\" content=\"2022-09-29T10:33:50+00:00\" \/>\n<meta property=\"article:modified_time\" content=\"2022-09-29T10:33:51+00:00\" \/>\n<meta property=\"og:image\" content=\"https:\/\/kapitalis.com\/tunisie\/wp-content\/uploads\/2022\/09\/equipe-nationale-maillot-mondial-2022.jpg\" \/>\n\t<meta property=\"og:image:width\" content=\"1200\" \/>\n\t<meta property=\"og:image:height\" content=\"630\" \/>\n\t<meta property=\"og:image:type\" content=\"image\/jpeg\" \/>\n<meta name=\"author\" content=\"Cherif Benyounes\" \/>\n<meta name=\"twitter:card\" content=\"summary_large_image\" \/>\n<meta name=\"twitter:creator\" content=\"@KapitalisInfo\" \/>\n<meta name=\"twitter:site\" content=\"@KapitalisInfo\" \/>\n<meta name=\"twitter:label1\" content=\"\u00c9crit par\" \/>\n\t<meta name=\"twitter:data1\" content=\"Cherif Benyounes\" \/>\n\t<meta name=\"twitter:label2\" content=\"Dur\u00e9e de lecture estim\u00e9e\" \/>\n\t<meta name=\"twitter:data2\" content=\"1 minute\" \/>\n<script type=\"application\/ld+json\" class=\"yoast-schema-graph\">{\"@context\":\"https:\/\/schema.org\",\"@graph\":[{\"@type\":\"Article\",\"@id\":\"https:\/\/kapitalis.com\/tunisie\/2022\/09\/29\/football-coupe-du-monde-2022-le-maillot-de-la-selection-tunisienne\/#article\",\"isPartOf\":{\"@id\":\"https:\/\/kapitalis.com\/tunisie\/2022\/09\/29\/football-coupe-du-monde-2022-le-maillot-de-la-selection-tunisienne\/\"},\"author\":{\"name\":\"Cherif Benyounes\",\"@id\":\"https:\/\/kapitalis.com\/tunisie\/#\/schema\/person\/b35b8d631961131107263178aeb8019e\"},\"headline\":\"Football &#8211; Coupe du monde 2022 : Le maillot de la s\u00e9lection tunisienne\",\"datePublished\":\"2022-09-29T10:33:50+00:00\",\"dateModified\":\"2022-09-29T10:33:51+00:00\",\"mainEntityOfPage\":{\"@id\":\"https:\/\/kapitalis.com\/tunisie\/2022\/09\/29\/football-coupe-du-monde-2022-le-maillot-de-la-selection-tunisienne\/\"},\"wordCount\":138,\"commentCount\":0,\"publisher\":{\"@id\":\"https:\/\/kapitalis.com\/tunisie\/#organization\"},\"image\":{\"@id\":\"https:\/\/kapitalis.com\/tunisie\/2022\/09\/29\/football-coupe-du-monde-2022-le-maillot-de-la-selection-tunisienne\/#primaryimage\"},\"thumbnailUrl\":\"https:\/\/kapitalis.com\/tunisie\/wp-content\/uploads\/2022\/09\/equipe-nationale-maillot-mondial-2022.jpg\",\"keywords\":[\"Coupe du monde 2022\",\"maillot de l&#039;\u00e9quipe nationale\",\"Tunisie\"],\"articleSection\":[\"SPORT\",\"Tunisie\"],\"inLanguage\":\"fr-FR\",\"potentialAction\":[{\"@type\":\"CommentAction\",\"name\":\"Comment\",\"target\":[\"https:\/\/kapitalis.com\/tunisie\/2022\/09\/29\/football-coupe-du-monde-2022-le-maillot-de-la-selection-tunisienne\/#respond\"]}]},{\"@type\":\"WebPage\",\"@id\":\"https:\/\/kapitalis.com\/tunisie\/2022\/09\/29\/football-coupe-du-monde-2022-le-maillot-de-la-selection-tunisienne\/\",\"url\":\"https:\/\/kapitalis.com\/tunisie\/2022\/09\/29\/football-coupe-du-monde-2022-le-maillot-de-la-selection-tunisienne\/\",\"name\":\"Football - Coupe du monde 2022 : Le maillot de la s\u00e9lection tunisienne - Kapitalis\",\"isPartOf\":{\"@id\":\"https:\/\/kapitalis.com\/tunisie\/#website\"},\"primaryImageOfPage\":{\"@id\":\"https:\/\/kapitalis.com\/tunisie\/2022\/09\/29\/football-coupe-du-monde-2022-le-maillot-de-la-selection-tunisienne\/#primaryimage\"},\"image\":{\"@id\":\"https:\/\/kapitalis.com\/tunisie\/2022\/09\/29\/football-coupe-du-monde-2022-le-maillot-de-la-selection-tunisienne\/#primaryimage\"},\"thumbnailUrl\":\"https:\/\/kapitalis.com\/tunisie\/wp-content\/uploads\/2022\/09\/equipe-nationale-maillot-mondial-2022.jpg\",\"datePublished\":\"2022-09-29T10:33:50+00:00\",\"dateModified\":\"2022-09-29T10:33:51+00:00\",\"breadcrumb\":{\"@id\":\"https:\/\/kapitalis.com\/tunisie\/2022\/09\/29\/football-coupe-du-monde-2022-le-maillot-de-la-selection-tunisienne\/#breadcrumb\"},\"inLanguage\":\"fr-FR\",\"potentialAction\":[{\"@type\":\"ReadAction\",\"target\":[\"https:\/\/kapitalis.com\/tunisie\/2022\/09\/29\/football-coupe-du-monde-2022-le-maillot-de-la-selection-tunisienne\/\"]}]},{\"@type\":\"ImageObject\",\"inLanguage\":\"fr-FR\",\"@id\":\"https:\/\/kapitalis.com\/tunisie\/2022\/09\/29\/football-coupe-du-monde-2022-le-maillot-de-la-selection-tunisienne\/#primaryimage\",\"url\":\"https:\/\/kapitalis.com\/tunisie\/wp-content\/uploads\/2022\/09\/equipe-nationale-maillot-mondial-2022.jpg\",\"contentUrl\":\"https:\/\/kapitalis.com\/tunisie\/wp-content\/uploads\/2022\/09\/equipe-nationale-maillot-mondial-2022.jpg\",\"width\":1200,\"height\":630},{\"@type\":\"BreadcrumbList\",\"@id\":\"https:\/\/kapitalis.com\/tunisie\/2022\/09\/29\/football-coupe-du-monde-2022-le-maillot-de-la-selection-tunisienne\/#breadcrumb\",\"itemListElement\":[{\"@type\":\"ListItem\",\"position\":1,\"name\":\"Accueil\",\"item\":\"https:\/\/kapitalis.com\/tunisie\/\"},{\"@type\":\"ListItem\",\"position\":2,\"name\":\"Football &#8211; Coupe du monde 2022 : Le maillot de la s\u00e9lection tunisienne\"}]},{\"@type\":\"WebSite\",\"@id\":\"https:\/\/kapitalis.com\/tunisie\/#website\",\"url\":\"https:\/\/kapitalis.com\/tunisie\/\",\"name\":\"Kapitalis\",\"description\":\"L&#039;actualit\u00e9 en Tunisie et dans le monde\",\"publisher\":{\"@id\":\"https:\/\/kapitalis.com\/tunisie\/#organization\"},\"potentialAction\":[{\"@type\":\"SearchAction\",\"target\":{\"@type\":\"EntryPoint\",\"urlTemplate\":\"https:\/\/kapitalis.com\/tunisie\/?s={search_term_string}\"},\"query-input\":{\"@type\":\"PropertyValueSpecification\",\"valueRequired\":true,\"valueName\":\"search_term_string\"}}],\"inLanguage\":\"fr-FR\"},{\"@type\":\"Organization\",\"@id\":\"https:\/\/kapitalis.com\/tunisie\/#organization\",\"name\":\"Kapitalis\",\"url\":\"https:\/\/kapitalis.com\/tunisie\/\",\"logo\":{\"@type\":\"ImageObject\",\"inLanguage\":\"fr-FR\",\"@id\":\"https:\/\/kapitalis.com\/tunisie\/#\/schema\/logo\/image\/\",\"url\":\"https:\/\/kapitalis.com\/tunisie\/wp-content\/uploads\/2022\/05\/Kapitalis-big-size.png\",\"contentUrl\":\"https:\/\/kapitalis.com\/tunisie\/wp-content\/uploads\/2022\/05\/Kapitalis-big-size.png\",\"width\":5000,\"height\":1500,\"caption\":\"Kapitalis\"},\"image\":{\"@id\":\"https:\/\/kapitalis.com\/tunisie\/#\/schema\/logo\/image\/\"},\"sameAs\":[\"https:\/\/www.facebook.com\/KapitalisInfo\/\",\"https:\/\/x.com\/KapitalisInfo\",\"https:\/\/www.youtube.com\/channel\/UC-yDYrHyfFBWWZaOw3FPg9Q\"]},{\"@type\":\"Person\",\"@id\":\"https:\/\/kapitalis.com\/tunisie\/#\/schema\/person\/b35b8d631961131107263178aeb8019e\",\"name\":\"Cherif Benyounes\",\"url\":\"https:\/\/kapitalis.com\/tunisie\/author\/cherif\/\"}]}<\/script>\n<!-- \/ Yoast SEO plugin. -->","yoast_head_json":{"title":"Football - Coupe du monde 2022 : Le maillot de la s\u00e9lection tunisienne - Kapitalis","robots":{"index":"index","follow":"follow","max-snippet":"max-snippet:-1","max-image-preview":"max-image-preview:large","max-video-preview":"max-video-preview:-1"},"canonical":"https:\/\/kapitalis.com\/tunisie\/2022\/09\/29\/football-coupe-du-monde-2022-le-maillot-de-la-selection-tunisienne\/","og_locale":"fr_FR","og_type":"article","og_title":"Football - Coupe du monde 2022 : Le maillot de la s\u00e9lection tunisienne - Kapitalis","og_description":"L&rsquo;\u00e9quipementier de l&rsquo;\u00e9quipe nationale tunisienne de football, Kappa, a d\u00e9voil\u00e9 le maillot qui sera port\u00e9 par les \u00ab\u00a0Aigles de Carthage\u00a0\u00bb lors de la Coupe du monde 2022, qui se d\u00e9roulera au Qatar du 20 novembre au 18 d\u00e9cembre prochains.","og_url":"https:\/\/kapitalis.com\/tunisie\/2022\/09\/29\/football-coupe-du-monde-2022-le-maillot-de-la-selection-tunisienne\/","og_site_name":"Kapitalis","article_publisher":"https:\/\/www.facebook.com\/KapitalisInfo\/","article_published_time":"2022-09-29T10:33:50+00:00","article_modified_time":"2022-09-29T10:33:51+00:00","og_image":[{"width":1200,"height":630,"url":"https:\/\/kapitalis.com\/tunisie\/wp-content\/uploads\/2022\/09\/equipe-nationale-maillot-mondial-2022.jpg","type":"image\/jpeg"}],"author":"Cherif Benyounes","twitter_card":"summary_large_image","twitter_creator":"@KapitalisInfo","twitter_site":"@KapitalisInfo","twitter_misc":{"\u00c9crit par":"Cherif Benyounes","Dur\u00e9e de lecture estim\u00e9e":"1 minute"},"schema":{"@context":"https:\/\/schema.org","@graph":[{"@type":"Article","@id":"https:\/\/kapitalis.com\/tunisie\/2022\/09\/29\/football-coupe-du-monde-2022-le-maillot-de-la-selection-tunisienne\/#article","isPartOf":{"@id":"https:\/\/kapitalis.com\/tunisie\/2022\/09\/29\/football-coupe-du-monde-2022-le-maillot-de-la-selection-tunisienne\/"},"author":{"name":"Cherif Benyounes","@id":"https:\/\/kapitalis.com\/tunisie\/#\/schema\/person\/b35b8d631961131107263178aeb8019e"},"headline":"Football &#8211; Coupe du monde 2022 : Le maillot de la s\u00e9lection tunisienne","datePublished":"2022-09-29T10:33:50+00:00","dateModified":"2022-09-29T10:33:51+00:00","mainEntityOfPage":{"@id":"https:\/\/kapitalis.com\/tunisie\/2022\/09\/29\/football-coupe-du-monde-2022-le-maillot-de-la-selection-tunisienne\/"},"wordCount":138,"commentCount":0,"publisher":{"@id":"https:\/\/kapitalis.com\/tunisie\/#organization"},"image":{"@id":"https:\/\/kapitalis.com\/tunisie\/2022\/09\/29\/football-coupe-du-monde-2022-le-maillot-de-la-selection-tunisienne\/#primaryimage"},"thumbnailUrl":"https:\/\/kapitalis.com\/tunisie\/wp-content\/uploads\/2022\/09\/equipe-nationale-maillot-mondial-2022.jpg","keywords":["Coupe du monde 2022","maillot de l&#039;\u00e9quipe nationale","Tunisie"],"articleSection":["SPORT","Tunisie"],"inLanguage":"fr-FR","potentialAction":[{"@type":"CommentAction","name":"Comment","target":["https:\/\/kapitalis.com\/tunisie\/2022\/09\/29\/football-coupe-du-monde-2022-le-maillot-de-la-selection-tunisienne\/#respond"]}]},{"@type":"WebPage","@id":"https:\/\/kapitalis.com\/tunisie\/2022\/09\/29\/football-coupe-du-monde-2022-le-maillot-de-la-selection-tunisienne\/","url":"https:\/\/kapitalis.com\/tunisie\/2022\/09\/29\/football-coupe-du-monde-2022-le-maillot-de-la-selection-tunisienne\/","name":"Football - Coupe du monde 2022 : Le maillot de la s\u00e9lection tunisienne - Kapitalis","isPartOf":{"@id":"https:\/\/kapitalis.com\/tunisie\/#website"},"primaryImageOfPage":{"@id":"https:\/\/kapitalis.com\/tunisie\/2022\/09\/29\/football-coupe-du-monde-2022-le-maillot-de-la-selection-tunisienne\/#primaryimage"},"image":{"@id":"https:\/\/kapitalis.com\/tunisie\/2022\/09\/29\/football-coupe-du-monde-2022-le-maillot-de-la-selection-tunisienne\/#primaryimage"},"thumbnailUrl":"https:\/\/kapitalis.com\/tunisie\/wp-content\/uploads\/2022\/09\/equipe-nationale-maillot-mondial-2022.jpg","datePublished":"2022-09-29T10:33:50+00:00","dateModified":"2022-09-29T10:33:51+00:00","breadcrumb":{"@id":"https:\/\/kapitalis.com\/tunisie\/2022\/09\/29\/football-coupe-du-monde-2022-le-maillot-de-la-selection-tunisienne\/#breadcrumb"},"inLanguage":"fr-FR","potentialAction":[{"@type":"ReadAction","target":["https:\/\/kapitalis.com\/tunisie\/2022\/09\/29\/football-coupe-du-monde-2022-le-maillot-de-la-selection-tunisienne\/"]}]},{"@type":"ImageObject","inLanguage":"fr-FR","@id":"https:\/\/kapitalis.com\/tunisie\/2022\/09\/29\/football-coupe-du-monde-2022-le-maillot-de-la-selection-tunisienne\/#primaryimage","url":"https:\/\/kapitalis.com\/tunisie\/wp-content\/uploads\/2022\/09\/equipe-nationale-maillot-mondial-2022.jpg","contentUrl":"https:\/\/kapitalis.com\/tunisie\/wp-content\/uploads\/2022\/09\/equipe-nationale-maillot-mondial-2022.jpg","width":1200,"height":630},{"@type":"BreadcrumbList","@id":"https:\/\/kapitalis.com\/tunisie\/2022\/09\/29\/football-coupe-du-monde-2022-le-maillot-de-la-selection-tunisienne\/#breadcrumb","itemListElement":[{"@type":"ListItem","position":1,"name":"Accueil","item":"https:\/\/kapitalis.com\/tunisie\/"},{"@type":"ListItem","position":2,"name":"Football &#8211; Coupe du monde 2022 : Le maillot de la s\u00e9lection tunisienne"}]},{"@type":"WebSite","@id":"https:\/\/kapitalis.com\/tunisie\/#website","url":"https:\/\/kapitalis.com\/tunisie\/","name":"Kapitalis","description":"L&#039;actualit\u00e9 en Tunisie et dans le monde","publisher":{"@id":"https:\/\/kapitalis.com\/tunisie\/#organization"},"potentialAction":[{"@type":"SearchAction","target":{"@type":"EntryPoint","urlTemplate":"https:\/\/kapitalis.com\/tunisie\/?s={search_term_string}"},"query-input":{"@type":"PropertyValueSpecification","valueRequired":true,"valueName":"search_term_string"}}],"inLanguage":"fr-FR"},{"@type":"Organization","@id":"https:\/\/kapitalis.com\/tunisie\/#organization","name":"Kapitalis","url":"https:\/\/kapitalis.com\/tunisie\/","logo":{"@type":"ImageObject","inLanguage":"fr-FR","@id":"https:\/\/kapitalis.com\/tunisie\/#\/schema\/logo\/image\/","url":"https:\/\/kapitalis.com\/tunisie\/wp-content\/uploads\/2022\/05\/Kapitalis-big-size.png","contentUrl":"https:\/\/kapitalis.com\/tunisie\/wp-content\/uploads\/2022\/05\/Kapitalis-big-size.png","width":5000,"height":1500,"caption":"Kapitalis"},"image":{"@id":"https:\/\/kapitalis.com\/tunisie\/#\/schema\/logo\/image\/"},"sameAs":["https:\/\/www.facebook.com\/KapitalisInfo\/","https:\/\/x.com\/KapitalisInfo","https:\/\/www.youtube.com\/channel\/UC-yDYrHyfFBWWZaOw3FPg9Q"]},{"@type":"Person","@id":"https:\/\/kapitalis.com\/tunisie\/#\/schema\/person\/b35b8d631961131107263178aeb8019e","name":"Cherif Benyounes","url":"https:\/\/kapitalis.com\/tunisie\/author\/cherif\/"}]}},"_links":{"self":[{"href":"https:\/\/kapitalis.com\/tunisie\/wp-json\/wp\/v2\/posts\/4337453","targetHints":{"allow":["GET"]}}],"collection":[{"href":"https:\/\/kapitalis.com\/tunisie\/wp-json\/wp\/v2\/posts"}],"about":[{"href":"https:\/\/kapitalis.com\/tunisie\/wp-json\/wp\/v2\/types\/post"}],"author":[{"embeddable":true,"href":"https:\/\/kapitalis.com\/tunisie\/wp-json\/wp\/v2\/users\/24"}],"replies":[{"embeddable":true,"href":"https:\/\/kapitalis.com\/tunisie\/wp-json\/wp\/v2\/comments?post=4337453"}],"version-history":[{"count":0,"href":"https:\/\/kapitalis.com\/tunisie\/wp-json\/wp\/v2\/posts\/4337453\/revisions"}],"wp:featuredmedia":[{"embeddable":true,"href":"https:\/\/kapitalis.com\/tunisie\/wp-json\/wp\/v2\/media\/4337759"}],"wp:attachment":[{"href":"https:\/\/kapitalis.com\/tunisie\/wp-json\/wp\/v2\/media?parent=4337453"}],"wp:term":[{"taxonomy":"category","embeddable":true,"href":"https:\/\/kapitalis.com\/tunisie\/wp-json\/wp\/v2\/categories?post=4337453"},{"taxonomy":"post_tag","embeddable":true,"href":"https:\/\/kapitalis.com\/tunisie\/wp-json\/wp\/v2\/tags?post=4337453"}],"curies":[{"name":"wp","href":"https:\/\/api.w.org\/{rel}","templated":true}]}}