{"id":4340605,"date":"2022-09-29T15:55:29","date_gmt":"2022-09-29T14:55:29","guid":{"rendered":"https:\/\/kapitalis.com\/tunisie\/?p=4340605"},"modified":"2022-09-29T15:55:30","modified_gmt":"2022-09-29T14:55:30","slug":"abdellatif-mekki-linstrumentalisation-politique-de-la-lutte-contre-le-terrorisme-est-pire-que-le-terrorisme-lui-meme","status":"publish","type":"post","link":"https:\/\/kapitalis.com\/tunisie\/2022\/09\/29\/abdellatif-mekki-linstrumentalisation-politique-de-la-lutte-contre-le-terrorisme-est-pire-que-le-terrorisme-lui-meme\/","title":{"rendered":"Abdellatif Mekki : \u00abL&rsquo;instrumentalisation politique de la lutte contre le terrorisme est pire que le terrorisme lui-m\u00eame\u00bb"},"content":{"rendered":"\n<p><strong><em>L&rsquo;ancien dirigeant au sein du mouvement Ennahdha, Abdellatif Mekki, a, implicitement, mis en doute la sinc\u00e9rit\u00e9 des efforts engag\u00e9s r\u00e9cemment par la justice tunisienne en mati\u00e8re de lutte contre le terrorisme, et ce, \u00e0 travers notamment l&rsquo;enqu\u00eate aupr\u00e8s de plusieurs personnalit\u00e9s islamistes dans le cadre de l&rsquo;affaire des r\u00e9seaux d&rsquo;envoi vers les zones de tension en 2012.<\/em><\/strong><\/p>\n\n\n\n<!--more-->\n\n\n\n<p>Intervenu, ce jeudi 29 septembre 2022, sur les ondes de Mosa\u00efque FM, l&rsquo;actuel secr\u00e9taire g\u00e9n\u00e9ral du Parti du travail et de la r\u00e9alisation a estim\u00e9 que l&rsquo;Etat tunisien a d\u00e9j\u00e0 r\u00e9ussi \u00e0 combattre le terrorisme depuis des ann\u00e9es, estimant que la lutte nationale contre cette terreur avait \u00e9t\u00e9 \u00ab<em>une vraie succes stroy<\/em>\u00bb.<\/p>\n\n\n\n<p>L&rsquo;ancien ministre de la Sant\u00e9 publique a, par ailleurs,\u00a0d\u00e9nonc\u00e9 \u00ab<em>l&rsquo;instrumentalisation de cette lutte par certaines parties \u00e0 des fins politiques<\/em>\u00bb, estimant que cela est \u00ab<em>pire que le terrorisme lui m\u00eame<\/em>\u00bb.<\/p>\n\n\n\n<p class=\"has-text-align-right\"><strong>C. B. Y.<\/strong><\/p>\n\n\n\n<p><\/p>\n","protected":false},"excerpt":{"rendered":"<p>L&rsquo;ancien dirigeant au sein du mouvement Ennahdha, Abdellatif Mekki, a, implicitement, mis en doute la sinc\u00e9rit\u00e9 des efforts engag\u00e9s r\u00e9cemment par la justice tunisienne en mati\u00e8re de lutte contre le terrorisme, et ce, \u00e0 travers notamment l&rsquo;enqu\u00eate aupr\u00e8s de plusieurs personnalit\u00e9s islamistes dans le cadre de l&rsquo;affaire des r\u00e9seaux d&rsquo;envoi vers les zones de tension&#8230;<\/p>\n","protected":false},"author":24,"featured_media":2884749,"comment_status":"open","ping_status":"open","sticky":false,"template":"","format":"standard","meta":{"footnotes":""},"categories":[997,2433],"tags":[17,49543,897,62643],"class_list":["post-4340605","post","type-post","status-publish","format-standard","has-post-thumbnail","hentry","category-politique","category-tunisie","tag-abdellatif-mekki","tag-ennahdha","tag-terrorisme","tag-tunisie"],"yoast_head":"<!-- This site is optimized with the Yoast SEO plugin v26.6 - https:\/\/yoast.com\/wordpress\/plugins\/seo\/ -->\n<title>Abdellatif Mekki : \u00abL&#039;instrumentalisation politique de la lutte contre le terrorisme est pire que le terrorisme lui-m\u00eame\u00bb - Kapitalis<\/title>\n<meta name=\"robots\" content=\"index, follow, max-snippet:-1, max-image-preview:large, max-video-preview:-1\" \/>\n<link rel=\"canonical\" href=\"https:\/\/kapitalis.com\/tunisie\/2022\/09\/29\/abdellatif-mekki-linstrumentalisation-politique-de-la-lutte-contre-le-terrorisme-est-pire-que-le-terrorisme-lui-meme\/\" \/>\n<meta property=\"og:locale\" content=\"fr_FR\" \/>\n<meta property=\"og:type\" content=\"article\" \/>\n<meta property=\"og:title\" content=\"Abdellatif Mekki : \u00abL&#039;instrumentalisation politique de la lutte contre le terrorisme est pire que le terrorisme lui-m\u00eame\u00bb - Kapitalis\" \/>\n<meta property=\"og:description\" content=\"L&rsquo;ancien dirigeant au sein du mouvement Ennahdha, Abdellatif Mekki, a, implicitement, mis en doute la sinc\u00e9rit\u00e9 des efforts engag\u00e9s r\u00e9cemment par la justice tunisienne en mati\u00e8re de lutte contre le terrorisme, et ce, \u00e0 travers notamment l&rsquo;enqu\u00eate aupr\u00e8s de plusieurs personnalit\u00e9s islamistes dans le cadre de l&rsquo;affaire des r\u00e9seaux d&rsquo;envoi vers les zones de tension...\" \/>\n<meta property=\"og:url\" content=\"https:\/\/kapitalis.com\/tunisie\/2022\/09\/29\/abdellatif-mekki-linstrumentalisation-politique-de-la-lutte-contre-le-terrorisme-est-pire-que-le-terrorisme-lui-meme\/\" \/>\n<meta property=\"og:site_name\" content=\"Kapitalis\" \/>\n<meta property=\"article:publisher\" content=\"https:\/\/www.facebook.com\/KapitalisInfo\/\" \/>\n<meta property=\"article:published_time\" content=\"2022-09-29T14:55:29+00:00\" \/>\n<meta property=\"article:modified_time\" content=\"2022-09-29T14:55:30+00:00\" \/>\n<meta property=\"og:image\" content=\"https:\/\/kapitalis.com\/tunisie\/wp-content\/uploads\/2022\/08\/Abdellatif-Mekki.jpg\" \/>\n\t<meta property=\"og:image:width\" content=\"1200\" \/>\n\t<meta property=\"og:image:height\" content=\"630\" \/>\n\t<meta property=\"og:image:type\" content=\"image\/jpeg\" \/>\n<meta name=\"author\" content=\"Cherif Benyounes\" \/>\n<meta name=\"twitter:card\" content=\"summary_large_image\" \/>\n<meta name=\"twitter:creator\" content=\"@KapitalisInfo\" \/>\n<meta name=\"twitter:site\" content=\"@KapitalisInfo\" \/>\n<meta name=\"twitter:label1\" content=\"\u00c9crit par\" \/>\n\t<meta name=\"twitter:data1\" content=\"Cherif Benyounes\" \/>\n\t<meta name=\"twitter:label2\" content=\"Dur\u00e9e de lecture estim\u00e9e\" \/>\n\t<meta name=\"twitter:data2\" content=\"1 minute\" \/>\n<script type=\"application\/ld+json\" class=\"yoast-schema-graph\">{\"@context\":\"https:\/\/schema.org\",\"@graph\":[{\"@type\":\"Article\",\"@id\":\"https:\/\/kapitalis.com\/tunisie\/2022\/09\/29\/abdellatif-mekki-linstrumentalisation-politique-de-la-lutte-contre-le-terrorisme-est-pire-que-le-terrorisme-lui-meme\/#article\",\"isPartOf\":{\"@id\":\"https:\/\/kapitalis.com\/tunisie\/2022\/09\/29\/abdellatif-mekki-linstrumentalisation-politique-de-la-lutte-contre-le-terrorisme-est-pire-que-le-terrorisme-lui-meme\/\"},\"author\":{\"name\":\"Cherif Benyounes\",\"@id\":\"https:\/\/kapitalis.com\/tunisie\/#\/schema\/person\/b35b8d631961131107263178aeb8019e\"},\"headline\":\"Abdellatif Mekki : \u00abL&rsquo;instrumentalisation politique de la lutte contre le terrorisme est pire que le terrorisme lui-m\u00eame\u00bb\",\"datePublished\":\"2022-09-29T14:55:29+00:00\",\"dateModified\":\"2022-09-29T14:55:30+00:00\",\"mainEntityOfPage\":{\"@id\":\"https:\/\/kapitalis.com\/tunisie\/2022\/09\/29\/abdellatif-mekki-linstrumentalisation-politique-de-la-lutte-contre-le-terrorisme-est-pire-que-le-terrorisme-lui-meme\/\"},\"wordCount\":172,\"commentCount\":5,\"publisher\":{\"@id\":\"https:\/\/kapitalis.com\/tunisie\/#organization\"},\"image\":{\"@id\":\"https:\/\/kapitalis.com\/tunisie\/2022\/09\/29\/abdellatif-mekki-linstrumentalisation-politique-de-la-lutte-contre-le-terrorisme-est-pire-que-le-terrorisme-lui-meme\/#primaryimage\"},\"thumbnailUrl\":\"https:\/\/kapitalis.com\/tunisie\/wp-content\/uploads\/2022\/08\/Abdellatif-Mekki.jpg\",\"keywords\":[\"Abdellatif Mekki\",\"Ennahdha\",\"terrorisme\",\"Tunisie\"],\"articleSection\":[\"POLITIQUE\",\"Tunisie\"],\"inLanguage\":\"fr-FR\",\"potentialAction\":[{\"@type\":\"CommentAction\",\"name\":\"Comment\",\"target\":[\"https:\/\/kapitalis.com\/tunisie\/2022\/09\/29\/abdellatif-mekki-linstrumentalisation-politique-de-la-lutte-contre-le-terrorisme-est-pire-que-le-terrorisme-lui-meme\/#respond\"]}]},{\"@type\":\"WebPage\",\"@id\":\"https:\/\/kapitalis.com\/tunisie\/2022\/09\/29\/abdellatif-mekki-linstrumentalisation-politique-de-la-lutte-contre-le-terrorisme-est-pire-que-le-terrorisme-lui-meme\/\",\"url\":\"https:\/\/kapitalis.com\/tunisie\/2022\/09\/29\/abdellatif-mekki-linstrumentalisation-politique-de-la-lutte-contre-le-terrorisme-est-pire-que-le-terrorisme-lui-meme\/\",\"name\":\"Abdellatif Mekki : \u00abL'instrumentalisation politique de la lutte contre le terrorisme est pire que le terrorisme lui-m\u00eame\u00bb - Kapitalis\",\"isPartOf\":{\"@id\":\"https:\/\/kapitalis.com\/tunisie\/#website\"},\"primaryImageOfPage\":{\"@id\":\"https:\/\/kapitalis.com\/tunisie\/2022\/09\/29\/abdellatif-mekki-linstrumentalisation-politique-de-la-lutte-contre-le-terrorisme-est-pire-que-le-terrorisme-lui-meme\/#primaryimage\"},\"image\":{\"@id\":\"https:\/\/kapitalis.com\/tunisie\/2022\/09\/29\/abdellatif-mekki-linstrumentalisation-politique-de-la-lutte-contre-le-terrorisme-est-pire-que-le-terrorisme-lui-meme\/#primaryimage\"},\"thumbnailUrl\":\"https:\/\/kapitalis.com\/tunisie\/wp-content\/uploads\/2022\/08\/Abdellatif-Mekki.jpg\",\"datePublished\":\"2022-09-29T14:55:29+00:00\",\"dateModified\":\"2022-09-29T14:55:30+00:00\",\"breadcrumb\":{\"@id\":\"https:\/\/kapitalis.com\/tunisie\/2022\/09\/29\/abdellatif-mekki-linstrumentalisation-politique-de-la-lutte-contre-le-terrorisme-est-pire-que-le-terrorisme-lui-meme\/#breadcrumb\"},\"inLanguage\":\"fr-FR\",\"potentialAction\":[{\"@type\":\"ReadAction\",\"target\":[\"https:\/\/kapitalis.com\/tunisie\/2022\/09\/29\/abdellatif-mekki-linstrumentalisation-politique-de-la-lutte-contre-le-terrorisme-est-pire-que-le-terrorisme-lui-meme\/\"]}]},{\"@type\":\"ImageObject\",\"inLanguage\":\"fr-FR\",\"@id\":\"https:\/\/kapitalis.com\/tunisie\/2022\/09\/29\/abdellatif-mekki-linstrumentalisation-politique-de-la-lutte-contre-le-terrorisme-est-pire-que-le-terrorisme-lui-meme\/#primaryimage\",\"url\":\"https:\/\/kapitalis.com\/tunisie\/wp-content\/uploads\/2022\/08\/Abdellatif-Mekki.jpg\",\"contentUrl\":\"https:\/\/kapitalis.com\/tunisie\/wp-content\/uploads\/2022\/08\/Abdellatif-Mekki.jpg\",\"width\":1200,\"height\":630},{\"@type\":\"BreadcrumbList\",\"@id\":\"https:\/\/kapitalis.com\/tunisie\/2022\/09\/29\/abdellatif-mekki-linstrumentalisation-politique-de-la-lutte-contre-le-terrorisme-est-pire-que-le-terrorisme-lui-meme\/#breadcrumb\",\"itemListElement\":[{\"@type\":\"ListItem\",\"position\":1,\"name\":\"Accueil\",\"item\":\"https:\/\/kapitalis.com\/tunisie\/\"},{\"@type\":\"ListItem\",\"position\":2,\"name\":\"Abdellatif Mekki : \u00abL&rsquo;instrumentalisation politique de la lutte contre le terrorisme est pire que le terrorisme lui-m\u00eame\u00bb\"}]},{\"@type\":\"WebSite\",\"@id\":\"https:\/\/kapitalis.com\/tunisie\/#website\",\"url\":\"https:\/\/kapitalis.com\/tunisie\/\",\"name\":\"Kapitalis\",\"description\":\"L&#039;actualit\u00e9 en Tunisie et dans le monde\",\"publisher\":{\"@id\":\"https:\/\/kapitalis.com\/tunisie\/#organization\"},\"potentialAction\":[{\"@type\":\"SearchAction\",\"target\":{\"@type\":\"EntryPoint\",\"urlTemplate\":\"https:\/\/kapitalis.com\/tunisie\/?s={search_term_string}\"},\"query-input\":{\"@type\":\"PropertyValueSpecification\",\"valueRequired\":true,\"valueName\":\"search_term_string\"}}],\"inLanguage\":\"fr-FR\"},{\"@type\":\"Organization\",\"@id\":\"https:\/\/kapitalis.com\/tunisie\/#organization\",\"name\":\"Kapitalis\",\"url\":\"https:\/\/kapitalis.com\/tunisie\/\",\"logo\":{\"@type\":\"ImageObject\",\"inLanguage\":\"fr-FR\",\"@id\":\"https:\/\/kapitalis.com\/tunisie\/#\/schema\/logo\/image\/\",\"url\":\"https:\/\/kapitalis.com\/tunisie\/wp-content\/uploads\/2022\/05\/Kapitalis-big-size.png\",\"contentUrl\":\"https:\/\/kapitalis.com\/tunisie\/wp-content\/uploads\/2022\/05\/Kapitalis-big-size.png\",\"width\":5000,\"height\":1500,\"caption\":\"Kapitalis\"},\"image\":{\"@id\":\"https:\/\/kapitalis.com\/tunisie\/#\/schema\/logo\/image\/\"},\"sameAs\":[\"https:\/\/www.facebook.com\/KapitalisInfo\/\",\"https:\/\/x.com\/KapitalisInfo\",\"https:\/\/www.youtube.com\/channel\/UC-yDYrHyfFBWWZaOw3FPg9Q\"]},{\"@type\":\"Person\",\"@id\":\"https:\/\/kapitalis.com\/tunisie\/#\/schema\/person\/b35b8d631961131107263178aeb8019e\",\"name\":\"Cherif Benyounes\",\"url\":\"https:\/\/kapitalis.com\/tunisie\/author\/cherif\/\"}]}<\/script>\n<!-- \/ Yoast SEO plugin. -->","yoast_head_json":{"title":"Abdellatif Mekki : \u00abL'instrumentalisation politique de la lutte contre le terrorisme est pire que le terrorisme lui-m\u00eame\u00bb - Kapitalis","robots":{"index":"index","follow":"follow","max-snippet":"max-snippet:-1","max-image-preview":"max-image-preview:large","max-video-preview":"max-video-preview:-1"},"canonical":"https:\/\/kapitalis.com\/tunisie\/2022\/09\/29\/abdellatif-mekki-linstrumentalisation-politique-de-la-lutte-contre-le-terrorisme-est-pire-que-le-terrorisme-lui-meme\/","og_locale":"fr_FR","og_type":"article","og_title":"Abdellatif Mekki : \u00abL'instrumentalisation politique de la lutte contre le terrorisme est pire que le terrorisme lui-m\u00eame\u00bb - Kapitalis","og_description":"L&rsquo;ancien dirigeant au sein du mouvement Ennahdha, Abdellatif Mekki, a, implicitement, mis en doute la sinc\u00e9rit\u00e9 des efforts engag\u00e9s r\u00e9cemment par la justice tunisienne en mati\u00e8re de lutte contre le terrorisme, et ce, \u00e0 travers notamment l&rsquo;enqu\u00eate aupr\u00e8s de plusieurs personnalit\u00e9s islamistes dans le cadre de l&rsquo;affaire des r\u00e9seaux d&rsquo;envoi vers les zones de tension...","og_url":"https:\/\/kapitalis.com\/tunisie\/2022\/09\/29\/abdellatif-mekki-linstrumentalisation-politique-de-la-lutte-contre-le-terrorisme-est-pire-que-le-terrorisme-lui-meme\/","og_site_name":"Kapitalis","article_publisher":"https:\/\/www.facebook.com\/KapitalisInfo\/","article_published_time":"2022-09-29T14:55:29+00:00","article_modified_time":"2022-09-29T14:55:30+00:00","og_image":[{"width":1200,"height":630,"url":"https:\/\/kapitalis.com\/tunisie\/wp-content\/uploads\/2022\/08\/Abdellatif-Mekki.jpg","type":"image\/jpeg"}],"author":"Cherif Benyounes","twitter_card":"summary_large_image","twitter_creator":"@KapitalisInfo","twitter_site":"@KapitalisInfo","twitter_misc":{"\u00c9crit par":"Cherif Benyounes","Dur\u00e9e de lecture estim\u00e9e":"1 minute"},"schema":{"@context":"https:\/\/schema.org","@graph":[{"@type":"Article","@id":"https:\/\/kapitalis.com\/tunisie\/2022\/09\/29\/abdellatif-mekki-linstrumentalisation-politique-de-la-lutte-contre-le-terrorisme-est-pire-que-le-terrorisme-lui-meme\/#article","isPartOf":{"@id":"https:\/\/kapitalis.com\/tunisie\/2022\/09\/29\/abdellatif-mekki-linstrumentalisation-politique-de-la-lutte-contre-le-terrorisme-est-pire-que-le-terrorisme-lui-meme\/"},"author":{"name":"Cherif Benyounes","@id":"https:\/\/kapitalis.com\/tunisie\/#\/schema\/person\/b35b8d631961131107263178aeb8019e"},"headline":"Abdellatif Mekki : \u00abL&rsquo;instrumentalisation politique de la lutte contre le terrorisme est pire que le terrorisme lui-m\u00eame\u00bb","datePublished":"2022-09-29T14:55:29+00:00","dateModified":"2022-09-29T14:55:30+00:00","mainEntityOfPage":{"@id":"https:\/\/kapitalis.com\/tunisie\/2022\/09\/29\/abdellatif-mekki-linstrumentalisation-politique-de-la-lutte-contre-le-terrorisme-est-pire-que-le-terrorisme-lui-meme\/"},"wordCount":172,"commentCount":5,"publisher":{"@id":"https:\/\/kapitalis.com\/tunisie\/#organization"},"image":{"@id":"https:\/\/kapitalis.com\/tunisie\/2022\/09\/29\/abdellatif-mekki-linstrumentalisation-politique-de-la-lutte-contre-le-terrorisme-est-pire-que-le-terrorisme-lui-meme\/#primaryimage"},"thumbnailUrl":"https:\/\/kapitalis.com\/tunisie\/wp-content\/uploads\/2022\/08\/Abdellatif-Mekki.jpg","keywords":["Abdellatif Mekki","Ennahdha","terrorisme","Tunisie"],"articleSection":["POLITIQUE","Tunisie"],"inLanguage":"fr-FR","potentialAction":[{"@type":"CommentAction","name":"Comment","target":["https:\/\/kapitalis.com\/tunisie\/2022\/09\/29\/abdellatif-mekki-linstrumentalisation-politique-de-la-lutte-contre-le-terrorisme-est-pire-que-le-terrorisme-lui-meme\/#respond"]}]},{"@type":"WebPage","@id":"https:\/\/kapitalis.com\/tunisie\/2022\/09\/29\/abdellatif-mekki-linstrumentalisation-politique-de-la-lutte-contre-le-terrorisme-est-pire-que-le-terrorisme-lui-meme\/","url":"https:\/\/kapitalis.com\/tunisie\/2022\/09\/29\/abdellatif-mekki-linstrumentalisation-politique-de-la-lutte-contre-le-terrorisme-est-pire-que-le-terrorisme-lui-meme\/","name":"Abdellatif Mekki : \u00abL'instrumentalisation politique de la lutte contre le terrorisme est pire que le terrorisme lui-m\u00eame\u00bb - Kapitalis","isPartOf":{"@id":"https:\/\/kapitalis.com\/tunisie\/#website"},"primaryImageOfPage":{"@id":"https:\/\/kapitalis.com\/tunisie\/2022\/09\/29\/abdellatif-mekki-linstrumentalisation-politique-de-la-lutte-contre-le-terrorisme-est-pire-que-le-terrorisme-lui-meme\/#primaryimage"},"image":{"@id":"https:\/\/kapitalis.com\/tunisie\/2022\/09\/29\/abdellatif-mekki-linstrumentalisation-politique-de-la-lutte-contre-le-terrorisme-est-pire-que-le-terrorisme-lui-meme\/#primaryimage"},"thumbnailUrl":"https:\/\/kapitalis.com\/tunisie\/wp-content\/uploads\/2022\/08\/Abdellatif-Mekki.jpg","datePublished":"2022-09-29T14:55:29+00:00","dateModified":"2022-09-29T14:55:30+00:00","breadcrumb":{"@id":"https:\/\/kapitalis.com\/tunisie\/2022\/09\/29\/abdellatif-mekki-linstrumentalisation-politique-de-la-lutte-contre-le-terrorisme-est-pire-que-le-terrorisme-lui-meme\/#breadcrumb"},"inLanguage":"fr-FR","potentialAction":[{"@type":"ReadAction","target":["https:\/\/kapitalis.com\/tunisie\/2022\/09\/29\/abdellatif-mekki-linstrumentalisation-politique-de-la-lutte-contre-le-terrorisme-est-pire-que-le-terrorisme-lui-meme\/"]}]},{"@type":"ImageObject","inLanguage":"fr-FR","@id":"https:\/\/kapitalis.com\/tunisie\/2022\/09\/29\/abdellatif-mekki-linstrumentalisation-politique-de-la-lutte-contre-le-terrorisme-est-pire-que-le-terrorisme-lui-meme\/#primaryimage","url":"https:\/\/kapitalis.com\/tunisie\/wp-content\/uploads\/2022\/08\/Abdellatif-Mekki.jpg","contentUrl":"https:\/\/kapitalis.com\/tunisie\/wp-content\/uploads\/2022\/08\/Abdellatif-Mekki.jpg","width":1200,"height":630},{"@type":"BreadcrumbList","@id":"https:\/\/kapitalis.com\/tunisie\/2022\/09\/29\/abdellatif-mekki-linstrumentalisation-politique-de-la-lutte-contre-le-terrorisme-est-pire-que-le-terrorisme-lui-meme\/#breadcrumb","itemListElement":[{"@type":"ListItem","position":1,"name":"Accueil","item":"https:\/\/kapitalis.com\/tunisie\/"},{"@type":"ListItem","position":2,"name":"Abdellatif Mekki : \u00abL&rsquo;instrumentalisation politique de la lutte contre le terrorisme est pire que le terrorisme lui-m\u00eame\u00bb"}]},{"@type":"WebSite","@id":"https:\/\/kapitalis.com\/tunisie\/#website","url":"https:\/\/kapitalis.com\/tunisie\/","name":"Kapitalis","description":"L&#039;actualit\u00e9 en Tunisie et dans le monde","publisher":{"@id":"https:\/\/kapitalis.com\/tunisie\/#organization"},"potentialAction":[{"@type":"SearchAction","target":{"@type":"EntryPoint","urlTemplate":"https:\/\/kapitalis.com\/tunisie\/?s={search_term_string}"},"query-input":{"@type":"PropertyValueSpecification","valueRequired":true,"valueName":"search_term_string"}}],"inLanguage":"fr-FR"},{"@type":"Organization","@id":"https:\/\/kapitalis.com\/tunisie\/#organization","name":"Kapitalis","url":"https:\/\/kapitalis.com\/tunisie\/","logo":{"@type":"ImageObject","inLanguage":"fr-FR","@id":"https:\/\/kapitalis.com\/tunisie\/#\/schema\/logo\/image\/","url":"https:\/\/kapitalis.com\/tunisie\/wp-content\/uploads\/2022\/05\/Kapitalis-big-size.png","contentUrl":"https:\/\/kapitalis.com\/tunisie\/wp-content\/uploads\/2022\/05\/Kapitalis-big-size.png","width":5000,"height":1500,"caption":"Kapitalis"},"image":{"@id":"https:\/\/kapitalis.com\/tunisie\/#\/schema\/logo\/image\/"},"sameAs":["https:\/\/www.facebook.com\/KapitalisInfo\/","https:\/\/x.com\/KapitalisInfo","https:\/\/www.youtube.com\/channel\/UC-yDYrHyfFBWWZaOw3FPg9Q"]},{"@type":"Person","@id":"https:\/\/kapitalis.com\/tunisie\/#\/schema\/person\/b35b8d631961131107263178aeb8019e","name":"Cherif Benyounes","url":"https:\/\/kapitalis.com\/tunisie\/author\/cherif\/"}]}},"_links":{"self":[{"href":"https:\/\/kapitalis.com\/tunisie\/wp-json\/wp\/v2\/posts\/4340605","targetHints":{"allow":["GET"]}}],"collection":[{"href":"https:\/\/kapitalis.com\/tunisie\/wp-json\/wp\/v2\/posts"}],"about":[{"href":"https:\/\/kapitalis.com\/tunisie\/wp-json\/wp\/v2\/types\/post"}],"author":[{"embeddable":true,"href":"https:\/\/kapitalis.com\/tunisie\/wp-json\/wp\/v2\/users\/24"}],"replies":[{"embeddable":true,"href":"https:\/\/kapitalis.com\/tunisie\/wp-json\/wp\/v2\/comments?post=4340605"}],"version-history":[{"count":0,"href":"https:\/\/kapitalis.com\/tunisie\/wp-json\/wp\/v2\/posts\/4340605\/revisions"}],"wp:featuredmedia":[{"embeddable":true,"href":"https:\/\/kapitalis.com\/tunisie\/wp-json\/wp\/v2\/media\/2884749"}],"wp:attachment":[{"href":"https:\/\/kapitalis.com\/tunisie\/wp-json\/wp\/v2\/media?parent=4340605"}],"wp:term":[{"taxonomy":"category","embeddable":true,"href":"https:\/\/kapitalis.com\/tunisie\/wp-json\/wp\/v2\/categories?post=4340605"},{"taxonomy":"post_tag","embeddable":true,"href":"https:\/\/kapitalis.com\/tunisie\/wp-json\/wp\/v2\/tags?post=4340605"}],"curies":[{"name":"wp","href":"https:\/\/api.w.org\/{rel}","templated":true}]}}