{"id":43445,"date":"2016-03-15T17:49:46","date_gmt":"2016-03-15T16:49:46","guid":{"rendered":"http:\/\/kapitalis.com\/tunisie\/?p=43445"},"modified":"2016-03-15T17:51:04","modified_gmt":"2016-03-15T16:51:04","slug":"rahoui-oui-a-lunion-nationale-si-ennahdha-assume-son-role-dans-la-montee-du-terrorisme","status":"publish","type":"post","link":"https:\/\/kapitalis.com\/tunisie\/2016\/03\/15\/rahoui-oui-a-lunion-nationale-si-ennahdha-assume-son-role-dans-la-montee-du-terrorisme\/","title":{"rendered":"Rahoui : \u00abEnnahdha doit assumer son r\u00f4le dans la mont\u00e9e du terrorisme\u00bb"},"content":{"rendered":"<p style=\"text-align: center;\"><img loading=\"lazy\" decoding=\"async\" class=\"alignnone size-full wp-image-43447\" src=\"http:\/\/kapitalis.com\/tunisie\/wp-content\/uploads\/2016\/03\/Rahoui-Ellouz-Chourou.jpg\" alt=\"Rahoui- Ellouz-Chourou\" width=\"626\" height=\"380\" \/><\/p>\n<p style=\"text-align: center;\"><em>Mongi Rahoui, Habib Ellouze et Sadok Chourou.<\/em><\/p>\n<p><em><strong>Pour le d\u00e9put\u00e9 Mongi Rahoui, l\u2019unit\u00e9 nationale sera possible uniquement quand les dirigeants du parti islamiste Ennahdha reconna\u00eetront leurs torts.<\/strong><\/em><\/p>\n<p><!--more--><\/p>\n<p>Intervenant mardi 15 mars 2016 sur Mosa\u00efque FM, le d\u00e9put\u00e9 du Front populaire a indiqu\u00e9 que l\u2019unit\u00e9 nationale peut se faire \u00e0 conditions que les dirigeants d\u2019Ennahdha reconnaissent leurs torts et rendent des comptes aux Tunisiens.<\/p>\n<p>\u00ab<em>L\u2019unit\u00e9 est \u00e9videmment souhaitable et souhait\u00e9e; elle ne peut cependant avoir lieu si ceux qui sont responsables du\u00a0fl\u00e9au du terrorisme ne sont pas \u00a0jug\u00e9s. Si les dirigeants du parti islamiste comme Habib Ellouze et Sadok Chourou, qui prenaient part aux r\u00e9unions de l\u2019organisation terroriste Ansar Charia, assument leurs erreurs, on peut parler d\u2019unit\u00e9;\u00a0autrement on ne pourra pas \u00a0avancer sur cette voie<\/em>\u00bb, a-t-il indiqu\u00e9, rappelant que\u00a0\u00ab<em>plusieurs partisans d\u2019Ennahdha, dont certains ayant m\u00eame \u00e9t\u00e9 membres actifs de ce parti, se sont rendus en Libye et en Syrie pour le jihad. D\u2019autres ont \u00e9t\u00e9 arr\u00eat\u00e9s en Tunisie et poursuivis pour terrorisme<\/em>.\u00bb<\/p>\n<p>Mongi Rahoui a \u00e9galement demand\u00e9 \u00e0 la justice d&rsquo;auditionner Habib Ellouze \u00e0 propos de ses interventions aupr\u00e8s du minist\u00e8re de l\u2019Int\u00e9rieur pour faciliter l\u2019obtention de passeports pour des\u00a0extr\u00e9mistes religieux. \u00ab<em>Ellouze n\u2019a-t-il pas lui-m\u00eame dit qu\u2019il serait parti au jhad\u00a0s\u2019il en avait l\u2019\u00e2ge?\u00bb,<\/em>\u00a0s&rsquo;est interrog\u00e9 Rahoui, en pointant du doigt la responsabilit\u00e9 de\u00a0l&rsquo;ancien membre de l&rsquo;Assembl\u00e9e nationale constituante (ANC)\u00a0dans l\u2019endoctrinement de jeunes.<\/p>\n<p>Le d\u00e9put\u00e9 du Front a rappel\u00e9, dans ce contexte, que des \u00e9lus d\u2019Ennahdha voulaient, en d\u00e9cembre 2013, s\u2019opposer \u00e0 l\u2019article 6 de la Constitution relatif \u00e0 la criminalisation du <em>\u00abtakfir\u00bb<\/em> (accusation d\u2019apostasie). \u00ab<em>Ils voulaient s\u2018y opposer car il est dans leurs habitudes d\u2019accuser les autres de m\u00e9cr\u00e9ants et de les mettre ainsi en danger de mort. Or,\u00a0le rapport entre le takfir, les assassinats et le terrorisme a d\u00e9j\u00e0 \u00e9t\u00e9 prouv\u00e9s\u00bb<\/em>.<\/p>\n<p>On rappellera \u00e0 ce\u00a0propos, que\u00a0Habib Ellouze, d\u00e9fenseur de l&rsquo;excision des filles et des jihadistes, avait d\u00e9clar\u00e9, en d\u00e9cembre 2014, que Rahoui est \u00ab<em>un\u00a0ennemi de l\u2019islam<\/em>\u00bb, ce qui \u00e9quivaut \u00e0 un appel au meurtre.<\/p>\n<p>Mongi Rahoui a \u00e9galement appel\u00e9 les activistes de la soci\u00e9t\u00e9 civile et les partis progressistes \u00e0 poursuivre leur lutte contre l&rsquo;obscurantisme et l\u2019islam politique qui ont contribu\u00e9 \u00e0 la mont\u00e9e\u00a0de l\u2019extr\u00e9misme et du terrorisme en Tunisie.<\/p>\n<p style=\"text-align: right;\"><strong>Y. N.<\/strong><\/p>\n<p>&nbsp;<\/p>\n<p>&nbsp;<\/p>\n","protected":false},"excerpt":{"rendered":"<p>Mongi Rahoui, Habib Ellouze et Sadok Chourou. Pour le d\u00e9put\u00e9 Mongi Rahoui, l\u2019unit\u00e9 nationale sera possible uniquement quand les dirigeants du parti islamiste Ennahdha reconna\u00eetront leurs torts.<\/p>\n","protected":false},"author":6,"featured_media":43447,"comment_status":"open","ping_status":"open","sticky":false,"template":"","format":"standard","meta":{"footnotes":""},"categories":[997,2433],"tags":[],"class_list":["post-43445","post","type-post","status-publish","format-standard","has-post-thumbnail","hentry","category-politique","category-tunisie"],"yoast_head":"<!-- This site is optimized with the Yoast SEO plugin v26.6 - https:\/\/yoast.com\/wordpress\/plugins\/seo\/ -->\n<title>Rahoui : \u00abEnnahdha doit assumer son r\u00f4le dans la mont\u00e9e du terrorisme\u00bb - Kapitalis<\/title>\n<meta name=\"robots\" content=\"index, follow, max-snippet:-1, max-image-preview:large, max-video-preview:-1\" \/>\n<link rel=\"canonical\" href=\"https:\/\/kapitalis.com\/tunisie\/2016\/03\/15\/rahoui-oui-a-lunion-nationale-si-ennahdha-assume-son-role-dans-la-montee-du-terrorisme\/\" \/>\n<meta property=\"og:locale\" content=\"fr_FR\" \/>\n<meta property=\"og:type\" content=\"article\" \/>\n<meta property=\"og:title\" content=\"Rahoui : \u00abEnnahdha doit assumer son r\u00f4le dans la mont\u00e9e du terrorisme\u00bb - Kapitalis\" \/>\n<meta property=\"og:description\" content=\"Mongi Rahoui, Habib Ellouze et Sadok Chourou. Pour le d\u00e9put\u00e9 Mongi Rahoui, l\u2019unit\u00e9 nationale sera possible uniquement quand les dirigeants du parti islamiste Ennahdha reconna\u00eetront leurs torts.\" \/>\n<meta property=\"og:url\" content=\"https:\/\/kapitalis.com\/tunisie\/2016\/03\/15\/rahoui-oui-a-lunion-nationale-si-ennahdha-assume-son-role-dans-la-montee-du-terrorisme\/\" \/>\n<meta property=\"og:site_name\" content=\"Kapitalis\" \/>\n<meta property=\"article:publisher\" content=\"https:\/\/www.facebook.com\/KapitalisInfo\/\" \/>\n<meta property=\"article:published_time\" content=\"2016-03-15T16:49:46+00:00\" \/>\n<meta property=\"article:modified_time\" content=\"2016-03-15T16:51:04+00:00\" \/>\n<meta property=\"og:image\" content=\"https:\/\/kapitalis.com\/tunisie\/wp-content\/uploads\/2022\/05\/kapitalis-logo-fb.png\" \/>\n\t<meta property=\"og:image:width\" content=\"1200\" \/>\n\t<meta property=\"og:image:height\" content=\"630\" \/>\n\t<meta property=\"og:image:type\" content=\"image\/png\" \/>\n<meta name=\"author\" content=\"Yusra NY\" \/>\n<meta name=\"twitter:card\" content=\"summary_large_image\" \/>\n<meta name=\"twitter:creator\" content=\"@KapitalisInfo\" \/>\n<meta name=\"twitter:site\" content=\"@KapitalisInfo\" \/>\n<meta name=\"twitter:label1\" content=\"\u00c9crit par\" \/>\n\t<meta name=\"twitter:data1\" content=\"Yusra NY\" \/>\n\t<meta name=\"twitter:label2\" content=\"Dur\u00e9e de lecture estim\u00e9e\" \/>\n\t<meta name=\"twitter:data2\" content=\"2 minutes\" \/>\n<script type=\"application\/ld+json\" class=\"yoast-schema-graph\">{\"@context\":\"https:\/\/schema.org\",\"@graph\":[{\"@type\":\"Article\",\"@id\":\"https:\/\/kapitalis.com\/tunisie\/2016\/03\/15\/rahoui-oui-a-lunion-nationale-si-ennahdha-assume-son-role-dans-la-montee-du-terrorisme\/#article\",\"isPartOf\":{\"@id\":\"https:\/\/kapitalis.com\/tunisie\/2016\/03\/15\/rahoui-oui-a-lunion-nationale-si-ennahdha-assume-son-role-dans-la-montee-du-terrorisme\/\"},\"author\":{\"name\":\"Yusra NY\",\"@id\":\"https:\/\/kapitalis.com\/tunisie\/#\/schema\/person\/74bbde0154d49d790a92aaeac5bc01d5\"},\"headline\":\"Rahoui : \u00abEnnahdha doit assumer son r\u00f4le dans la mont\u00e9e du terrorisme\u00bb\",\"datePublished\":\"2016-03-15T16:49:46+00:00\",\"dateModified\":\"2016-03-15T16:51:04+00:00\",\"mainEntityOfPage\":{\"@id\":\"https:\/\/kapitalis.com\/tunisie\/2016\/03\/15\/rahoui-oui-a-lunion-nationale-si-ennahdha-assume-son-role-dans-la-montee-du-terrorisme\/\"},\"wordCount\":429,\"commentCount\":13,\"publisher\":{\"@id\":\"https:\/\/kapitalis.com\/tunisie\/#organization\"},\"image\":{\"@id\":\"https:\/\/kapitalis.com\/tunisie\/2016\/03\/15\/rahoui-oui-a-lunion-nationale-si-ennahdha-assume-son-role-dans-la-montee-du-terrorisme\/#primaryimage\"},\"thumbnailUrl\":\"\",\"articleSection\":[\"POLITIQUE\",\"Tunisie\"],\"inLanguage\":\"fr-FR\",\"potentialAction\":[{\"@type\":\"CommentAction\",\"name\":\"Comment\",\"target\":[\"https:\/\/kapitalis.com\/tunisie\/2016\/03\/15\/rahoui-oui-a-lunion-nationale-si-ennahdha-assume-son-role-dans-la-montee-du-terrorisme\/#respond\"]}]},{\"@type\":\"WebPage\",\"@id\":\"https:\/\/kapitalis.com\/tunisie\/2016\/03\/15\/rahoui-oui-a-lunion-nationale-si-ennahdha-assume-son-role-dans-la-montee-du-terrorisme\/\",\"url\":\"https:\/\/kapitalis.com\/tunisie\/2016\/03\/15\/rahoui-oui-a-lunion-nationale-si-ennahdha-assume-son-role-dans-la-montee-du-terrorisme\/\",\"name\":\"Rahoui : \u00abEnnahdha doit assumer son r\u00f4le dans la mont\u00e9e du terrorisme\u00bb - Kapitalis\",\"isPartOf\":{\"@id\":\"https:\/\/kapitalis.com\/tunisie\/#website\"},\"primaryImageOfPage\":{\"@id\":\"https:\/\/kapitalis.com\/tunisie\/2016\/03\/15\/rahoui-oui-a-lunion-nationale-si-ennahdha-assume-son-role-dans-la-montee-du-terrorisme\/#primaryimage\"},\"image\":{\"@id\":\"https:\/\/kapitalis.com\/tunisie\/2016\/03\/15\/rahoui-oui-a-lunion-nationale-si-ennahdha-assume-son-role-dans-la-montee-du-terrorisme\/#primaryimage\"},\"thumbnailUrl\":\"\",\"datePublished\":\"2016-03-15T16:49:46+00:00\",\"dateModified\":\"2016-03-15T16:51:04+00:00\",\"breadcrumb\":{\"@id\":\"https:\/\/kapitalis.com\/tunisie\/2016\/03\/15\/rahoui-oui-a-lunion-nationale-si-ennahdha-assume-son-role-dans-la-montee-du-terrorisme\/#breadcrumb\"},\"inLanguage\":\"fr-FR\",\"potentialAction\":[{\"@type\":\"ReadAction\",\"target\":[\"https:\/\/kapitalis.com\/tunisie\/2016\/03\/15\/rahoui-oui-a-lunion-nationale-si-ennahdha-assume-son-role-dans-la-montee-du-terrorisme\/\"]}]},{\"@type\":\"ImageObject\",\"inLanguage\":\"fr-FR\",\"@id\":\"https:\/\/kapitalis.com\/tunisie\/2016\/03\/15\/rahoui-oui-a-lunion-nationale-si-ennahdha-assume-son-role-dans-la-montee-du-terrorisme\/#primaryimage\",\"url\":\"\",\"contentUrl\":\"\"},{\"@type\":\"BreadcrumbList\",\"@id\":\"https:\/\/kapitalis.com\/tunisie\/2016\/03\/15\/rahoui-oui-a-lunion-nationale-si-ennahdha-assume-son-role-dans-la-montee-du-terrorisme\/#breadcrumb\",\"itemListElement\":[{\"@type\":\"ListItem\",\"position\":1,\"name\":\"Accueil\",\"item\":\"https:\/\/kapitalis.com\/tunisie\/\"},{\"@type\":\"ListItem\",\"position\":2,\"name\":\"Rahoui : \u00abEnnahdha doit assumer son r\u00f4le dans la mont\u00e9e du terrorisme\u00bb\"}]},{\"@type\":\"WebSite\",\"@id\":\"https:\/\/kapitalis.com\/tunisie\/#website\",\"url\":\"https:\/\/kapitalis.com\/tunisie\/\",\"name\":\"Kapitalis\",\"description\":\"L&#039;actualit\u00e9 en Tunisie et dans le monde\",\"publisher\":{\"@id\":\"https:\/\/kapitalis.com\/tunisie\/#organization\"},\"potentialAction\":[{\"@type\":\"SearchAction\",\"target\":{\"@type\":\"EntryPoint\",\"urlTemplate\":\"https:\/\/kapitalis.com\/tunisie\/?s={search_term_string}\"},\"query-input\":{\"@type\":\"PropertyValueSpecification\",\"valueRequired\":true,\"valueName\":\"search_term_string\"}}],\"inLanguage\":\"fr-FR\"},{\"@type\":\"Organization\",\"@id\":\"https:\/\/kapitalis.com\/tunisie\/#organization\",\"name\":\"Kapitalis\",\"url\":\"https:\/\/kapitalis.com\/tunisie\/\",\"logo\":{\"@type\":\"ImageObject\",\"inLanguage\":\"fr-FR\",\"@id\":\"https:\/\/kapitalis.com\/tunisie\/#\/schema\/logo\/image\/\",\"url\":\"https:\/\/kapitalis.com\/tunisie\/wp-content\/uploads\/2022\/05\/Kapitalis-big-size.png\",\"contentUrl\":\"https:\/\/kapitalis.com\/tunisie\/wp-content\/uploads\/2022\/05\/Kapitalis-big-size.png\",\"width\":5000,\"height\":1500,\"caption\":\"Kapitalis\"},\"image\":{\"@id\":\"https:\/\/kapitalis.com\/tunisie\/#\/schema\/logo\/image\/\"},\"sameAs\":[\"https:\/\/www.facebook.com\/KapitalisInfo\/\",\"https:\/\/x.com\/KapitalisInfo\",\"https:\/\/www.youtube.com\/channel\/UC-yDYrHyfFBWWZaOw3FPg9Q\"]},{\"@type\":\"Person\",\"@id\":\"https:\/\/kapitalis.com\/tunisie\/#\/schema\/person\/74bbde0154d49d790a92aaeac5bc01d5\",\"name\":\"Yusra NY\",\"url\":\"https:\/\/kapitalis.com\/tunisie\/author\/yuza_adam\/\"}]}<\/script>\n<!-- \/ Yoast SEO plugin. -->","yoast_head_json":{"title":"Rahoui : \u00abEnnahdha doit assumer son r\u00f4le dans la mont\u00e9e du terrorisme\u00bb - Kapitalis","robots":{"index":"index","follow":"follow","max-snippet":"max-snippet:-1","max-image-preview":"max-image-preview:large","max-video-preview":"max-video-preview:-1"},"canonical":"https:\/\/kapitalis.com\/tunisie\/2016\/03\/15\/rahoui-oui-a-lunion-nationale-si-ennahdha-assume-son-role-dans-la-montee-du-terrorisme\/","og_locale":"fr_FR","og_type":"article","og_title":"Rahoui : \u00abEnnahdha doit assumer son r\u00f4le dans la mont\u00e9e du terrorisme\u00bb - Kapitalis","og_description":"Mongi Rahoui, Habib Ellouze et Sadok Chourou. Pour le d\u00e9put\u00e9 Mongi Rahoui, l\u2019unit\u00e9 nationale sera possible uniquement quand les dirigeants du parti islamiste Ennahdha reconna\u00eetront leurs torts.","og_url":"https:\/\/kapitalis.com\/tunisie\/2016\/03\/15\/rahoui-oui-a-lunion-nationale-si-ennahdha-assume-son-role-dans-la-montee-du-terrorisme\/","og_site_name":"Kapitalis","article_publisher":"https:\/\/www.facebook.com\/KapitalisInfo\/","article_published_time":"2016-03-15T16:49:46+00:00","article_modified_time":"2016-03-15T16:51:04+00:00","og_image":[{"width":1200,"height":630,"url":"https:\/\/kapitalis.com\/tunisie\/wp-content\/uploads\/2022\/05\/kapitalis-logo-fb.png","type":"image\/png"}],"author":"Yusra NY","twitter_card":"summary_large_image","twitter_creator":"@KapitalisInfo","twitter_site":"@KapitalisInfo","twitter_misc":{"\u00c9crit par":"Yusra NY","Dur\u00e9e de lecture estim\u00e9e":"2 minutes"},"schema":{"@context":"https:\/\/schema.org","@graph":[{"@type":"Article","@id":"https:\/\/kapitalis.com\/tunisie\/2016\/03\/15\/rahoui-oui-a-lunion-nationale-si-ennahdha-assume-son-role-dans-la-montee-du-terrorisme\/#article","isPartOf":{"@id":"https:\/\/kapitalis.com\/tunisie\/2016\/03\/15\/rahoui-oui-a-lunion-nationale-si-ennahdha-assume-son-role-dans-la-montee-du-terrorisme\/"},"author":{"name":"Yusra NY","@id":"https:\/\/kapitalis.com\/tunisie\/#\/schema\/person\/74bbde0154d49d790a92aaeac5bc01d5"},"headline":"Rahoui : \u00abEnnahdha doit assumer son r\u00f4le dans la mont\u00e9e du terrorisme\u00bb","datePublished":"2016-03-15T16:49:46+00:00","dateModified":"2016-03-15T16:51:04+00:00","mainEntityOfPage":{"@id":"https:\/\/kapitalis.com\/tunisie\/2016\/03\/15\/rahoui-oui-a-lunion-nationale-si-ennahdha-assume-son-role-dans-la-montee-du-terrorisme\/"},"wordCount":429,"commentCount":13,"publisher":{"@id":"https:\/\/kapitalis.com\/tunisie\/#organization"},"image":{"@id":"https:\/\/kapitalis.com\/tunisie\/2016\/03\/15\/rahoui-oui-a-lunion-nationale-si-ennahdha-assume-son-role-dans-la-montee-du-terrorisme\/#primaryimage"},"thumbnailUrl":"","articleSection":["POLITIQUE","Tunisie"],"inLanguage":"fr-FR","potentialAction":[{"@type":"CommentAction","name":"Comment","target":["https:\/\/kapitalis.com\/tunisie\/2016\/03\/15\/rahoui-oui-a-lunion-nationale-si-ennahdha-assume-son-role-dans-la-montee-du-terrorisme\/#respond"]}]},{"@type":"WebPage","@id":"https:\/\/kapitalis.com\/tunisie\/2016\/03\/15\/rahoui-oui-a-lunion-nationale-si-ennahdha-assume-son-role-dans-la-montee-du-terrorisme\/","url":"https:\/\/kapitalis.com\/tunisie\/2016\/03\/15\/rahoui-oui-a-lunion-nationale-si-ennahdha-assume-son-role-dans-la-montee-du-terrorisme\/","name":"Rahoui : \u00abEnnahdha doit assumer son r\u00f4le dans la mont\u00e9e du terrorisme\u00bb - Kapitalis","isPartOf":{"@id":"https:\/\/kapitalis.com\/tunisie\/#website"},"primaryImageOfPage":{"@id":"https:\/\/kapitalis.com\/tunisie\/2016\/03\/15\/rahoui-oui-a-lunion-nationale-si-ennahdha-assume-son-role-dans-la-montee-du-terrorisme\/#primaryimage"},"image":{"@id":"https:\/\/kapitalis.com\/tunisie\/2016\/03\/15\/rahoui-oui-a-lunion-nationale-si-ennahdha-assume-son-role-dans-la-montee-du-terrorisme\/#primaryimage"},"thumbnailUrl":"","datePublished":"2016-03-15T16:49:46+00:00","dateModified":"2016-03-15T16:51:04+00:00","breadcrumb":{"@id":"https:\/\/kapitalis.com\/tunisie\/2016\/03\/15\/rahoui-oui-a-lunion-nationale-si-ennahdha-assume-son-role-dans-la-montee-du-terrorisme\/#breadcrumb"},"inLanguage":"fr-FR","potentialAction":[{"@type":"ReadAction","target":["https:\/\/kapitalis.com\/tunisie\/2016\/03\/15\/rahoui-oui-a-lunion-nationale-si-ennahdha-assume-son-role-dans-la-montee-du-terrorisme\/"]}]},{"@type":"ImageObject","inLanguage":"fr-FR","@id":"https:\/\/kapitalis.com\/tunisie\/2016\/03\/15\/rahoui-oui-a-lunion-nationale-si-ennahdha-assume-son-role-dans-la-montee-du-terrorisme\/#primaryimage","url":"","contentUrl":""},{"@type":"BreadcrumbList","@id":"https:\/\/kapitalis.com\/tunisie\/2016\/03\/15\/rahoui-oui-a-lunion-nationale-si-ennahdha-assume-son-role-dans-la-montee-du-terrorisme\/#breadcrumb","itemListElement":[{"@type":"ListItem","position":1,"name":"Accueil","item":"https:\/\/kapitalis.com\/tunisie\/"},{"@type":"ListItem","position":2,"name":"Rahoui : \u00abEnnahdha doit assumer son r\u00f4le dans la mont\u00e9e du terrorisme\u00bb"}]},{"@type":"WebSite","@id":"https:\/\/kapitalis.com\/tunisie\/#website","url":"https:\/\/kapitalis.com\/tunisie\/","name":"Kapitalis","description":"L&#039;actualit\u00e9 en Tunisie et dans le monde","publisher":{"@id":"https:\/\/kapitalis.com\/tunisie\/#organization"},"potentialAction":[{"@type":"SearchAction","target":{"@type":"EntryPoint","urlTemplate":"https:\/\/kapitalis.com\/tunisie\/?s={search_term_string}"},"query-input":{"@type":"PropertyValueSpecification","valueRequired":true,"valueName":"search_term_string"}}],"inLanguage":"fr-FR"},{"@type":"Organization","@id":"https:\/\/kapitalis.com\/tunisie\/#organization","name":"Kapitalis","url":"https:\/\/kapitalis.com\/tunisie\/","logo":{"@type":"ImageObject","inLanguage":"fr-FR","@id":"https:\/\/kapitalis.com\/tunisie\/#\/schema\/logo\/image\/","url":"https:\/\/kapitalis.com\/tunisie\/wp-content\/uploads\/2022\/05\/Kapitalis-big-size.png","contentUrl":"https:\/\/kapitalis.com\/tunisie\/wp-content\/uploads\/2022\/05\/Kapitalis-big-size.png","width":5000,"height":1500,"caption":"Kapitalis"},"image":{"@id":"https:\/\/kapitalis.com\/tunisie\/#\/schema\/logo\/image\/"},"sameAs":["https:\/\/www.facebook.com\/KapitalisInfo\/","https:\/\/x.com\/KapitalisInfo","https:\/\/www.youtube.com\/channel\/UC-yDYrHyfFBWWZaOw3FPg9Q"]},{"@type":"Person","@id":"https:\/\/kapitalis.com\/tunisie\/#\/schema\/person\/74bbde0154d49d790a92aaeac5bc01d5","name":"Yusra NY","url":"https:\/\/kapitalis.com\/tunisie\/author\/yuza_adam\/"}]}},"_links":{"self":[{"href":"https:\/\/kapitalis.com\/tunisie\/wp-json\/wp\/v2\/posts\/43445","targetHints":{"allow":["GET"]}}],"collection":[{"href":"https:\/\/kapitalis.com\/tunisie\/wp-json\/wp\/v2\/posts"}],"about":[{"href":"https:\/\/kapitalis.com\/tunisie\/wp-json\/wp\/v2\/types\/post"}],"author":[{"embeddable":true,"href":"https:\/\/kapitalis.com\/tunisie\/wp-json\/wp\/v2\/users\/6"}],"replies":[{"embeddable":true,"href":"https:\/\/kapitalis.com\/tunisie\/wp-json\/wp\/v2\/comments?post=43445"}],"version-history":[{"count":0,"href":"https:\/\/kapitalis.com\/tunisie\/wp-json\/wp\/v2\/posts\/43445\/revisions"}],"wp:featuredmedia":[{"embeddable":true,"href":"https:\/\/kapitalis.com\/tunisie\/wp-json\/wp\/v2\/media\/43447"}],"wp:attachment":[{"href":"https:\/\/kapitalis.com\/tunisie\/wp-json\/wp\/v2\/media?parent=43445"}],"wp:term":[{"taxonomy":"category","embeddable":true,"href":"https:\/\/kapitalis.com\/tunisie\/wp-json\/wp\/v2\/categories?post=43445"},{"taxonomy":"post_tag","embeddable":true,"href":"https:\/\/kapitalis.com\/tunisie\/wp-json\/wp\/v2\/tags?post=43445"}],"curies":[{"name":"wp","href":"https:\/\/api.w.org\/{rel}","templated":true}]}}