{"id":4344710,"date":"2022-09-29T23:18:52","date_gmt":"2022-09-29T22:18:52","guid":{"rendered":"https:\/\/kapitalis.com\/tunisie\/?p=4344710"},"modified":"2022-09-29T23:26:42","modified_gmt":"2022-09-29T22:26:42","slug":"reseaux-denvoi-des-tunisiens-vers-les-zones-de-conflits-lexamen-en-appel-reporte-au-13-octobre","status":"publish","type":"post","link":"https:\/\/kapitalis.com\/tunisie\/2022\/09\/29\/reseaux-denvoi-des-tunisiens-vers-les-zones-de-conflits-lexamen-en-appel-reporte-au-13-octobre\/","title":{"rendered":"R\u00e9seaux d&rsquo;envoi des Tunisiens vers les zones de conflits : L&rsquo;examen en appel report\u00e9 au 13 octobre"},"content":{"rendered":"\n<p><strong><em>L&rsquo;examen de l\u2019appel interjet\u00e9 par le minist\u00e8re public pr\u00e8s le P\u00f4le judiciaire antiterroriste relatif au maintien en libert\u00e9 39 suspects dans l&rsquo;affaire des r\u00e9seaux d&rsquo;envoi des Tunisiens vers les zones de conflits, a \u00e9t\u00e9 report\u00e9 au 13 octobre 2022.<\/em><\/strong><\/p>\n\n\n\n<!--more-->\n\n\n\n<p>C&rsquo;est ce qu&rsquo;a indiqu\u00e9 le porte-parole de la Cour d\u2019appel de Tunis, Habib Torkhani dans une d\u00e9claration \u00e0 l&rsquo;agence Tap, ce jeudi 29 septembre 2022, en pr\u00e9cisant que ce report a \u00e9t\u00e9 d\u00e9cid\u00e9 par la chambre d\u2019accusation charg\u00e9e de statuer sur les affaires li\u00e9e au terrorisme et en rappelant que le Parquet pr\u00e8s le P\u00f4le antiterroriste au tribunal de premi\u00e8re instance a introduit un appel contre la d\u00e9cision du juge d\u2019instruction de maintenir en libert\u00e9 39 individus vis\u00e9s par cette enqu\u00eate.<\/p>\n\n\n\n<p>Rappelons que l\u2019unit\u00e9 centrale de la lutte contre le terrorisme et des crimes a \u00e9t\u00e9 charg\u00e9e d&rsquo;enqu\u00eater sur ces r\u00e9seaux terroristes, et notamment auditionner des dirigeants islamistes dont la plupart maintenus en libert\u00e9, \u00e0 l&rsquo;instar du pr\u00e9sident et vice-pr\u00e9sident Ennahda Rached Ghannouchi et Ali Laarayedh, ou encore ls dirigeants Noureddine khadmi et Habib Ellouze. <\/p>\n\n\n\n<p>Des anciens cadres s\u00e9curitaires et l&rsquo;ancien porte-parole de l&rsquo;organisation Ansar Charia, ont quant \u00e0 eux plac\u00e9s en d\u00e9tention dans cette m\u00eame affaire.<\/p>\n\n\n\n<p class=\"has-text-align-right\"><strong>Y. N.<\/strong><\/p>\n\n\n\n<figure class=\"wp-block-embed is-type-wp-embed is-provider-kapitalis wp-block-embed-kapitalis\"><div class=\"wp-block-embed__wrapper\">\n<blockquote class=\"wp-embedded-content\" data-secret=\"dMxh8MB9cc\"><a href=\"https:\/\/kapitalis.com\/tunisie\/2022\/09\/22\/me-harrath-mandat-de-depot-contre-seifeddine-raies-ansar-charia\/\">Me Harrath : Mandat de d\u00e9p\u00f4t contre Seifeddine Ra\u00efes (Ansar Charia)<\/a><\/blockquote><iframe loading=\"lazy\" class=\"wp-embedded-content\" sandbox=\"allow-scripts\" security=\"restricted\" style=\"position: absolute; clip: rect(1px, 1px, 1px, 1px);\" title=\"\u00ab\u00a0Me Harrath : Mandat de d\u00e9p\u00f4t contre Seifeddine Ra\u00efes (Ansar Charia)\u00a0\u00bb &#8212; Kapitalis\" src=\"https:\/\/kapitalis.com\/tunisie\/2022\/09\/22\/me-harrath-mandat-de-depot-contre-seifeddine-raies-ansar-charia\/embed\/#?secret=Y3uxzPOhYO#?secret=dMxh8MB9cc\" data-secret=\"dMxh8MB9cc\" width=\"600\" height=\"338\" frameborder=\"0\" marginwidth=\"0\" marginheight=\"0\" scrolling=\"no\"><\/iframe>\n<\/div><\/figure>\n\n\n\n<figure class=\"wp-block-embed is-type-wp-embed is-provider-kapitalis wp-block-embed-kapitalis\"><div class=\"wp-block-embed__wrapper\">\n<blockquote class=\"wp-embedded-content\" data-secret=\"X5sagDUI5c\"><a href=\"https:\/\/kapitalis.com\/tunisie\/2022\/09\/22\/reseaux-denvoi-vers-les-zones-de-conflit-mandats-de-depot-contre-fathi-baldi-et-mehrez-zouari\/\">R\u00e9seaux d&rsquo;envoi vers les zones de conflit : Mandats de d\u00e9p\u00f4t contre Fathi Baldi et Mehrez Zouari<\/a><\/blockquote><iframe loading=\"lazy\" class=\"wp-embedded-content\" sandbox=\"allow-scripts\" security=\"restricted\" style=\"position: absolute; clip: rect(1px, 1px, 1px, 1px);\" title=\"\u00ab\u00a0R\u00e9seaux d&rsquo;envoi vers les zones de conflit : Mandats de d\u00e9p\u00f4t contre Fathi Baldi et Mehrez Zouari\u00a0\u00bb &#8212; Kapitalis\" src=\"https:\/\/kapitalis.com\/tunisie\/2022\/09\/22\/reseaux-denvoi-vers-les-zones-de-conflit-mandats-de-depot-contre-fathi-baldi-et-mehrez-zouari\/embed\/#?secret=BTSqVDrG3u#?secret=X5sagDUI5c\" data-secret=\"X5sagDUI5c\" width=\"600\" height=\"338\" frameborder=\"0\" marginwidth=\"0\" marginheight=\"0\" scrolling=\"no\"><\/iframe>\n<\/div><\/figure>\n\n\n\n<figure class=\"wp-block-embed is-type-wp-embed is-provider-kapitalis wp-block-embed-kapitalis\"><div class=\"wp-block-embed__wrapper\">\n<blockquote class=\"wp-embedded-content\" data-secret=\"BiLHrcRD0W\"><a href=\"https:\/\/kapitalis.com\/tunisie\/2022\/09\/07\/tunisie-a-quoi-servent-tous-ces-proces-qui-seffilochent-en-chemin\/\">Tunisie\u00a0: \u00e0 quoi servent tous ces proc\u00e8s qui s&rsquo;effilochent en chemin ?<\/a><\/blockquote><iframe loading=\"lazy\" class=\"wp-embedded-content\" sandbox=\"allow-scripts\" security=\"restricted\" style=\"position: absolute; clip: rect(1px, 1px, 1px, 1px);\" title=\"\u00ab\u00a0Tunisie\u00a0: \u00e0 quoi servent tous ces proc\u00e8s qui s&rsquo;effilochent en chemin ?\u00a0\u00bb &#8212; Kapitalis\" src=\"https:\/\/kapitalis.com\/tunisie\/2022\/09\/07\/tunisie-a-quoi-servent-tous-ces-proces-qui-seffilochent-en-chemin\/embed\/#?secret=kT1lofJO4V#?secret=BiLHrcRD0W\" data-secret=\"BiLHrcRD0W\" width=\"600\" height=\"338\" frameborder=\"0\" marginwidth=\"0\" marginheight=\"0\" scrolling=\"no\"><\/iframe>\n<\/div><\/figure>\n","protected":false},"excerpt":{"rendered":"<p>R\u00e9seaux d&rsquo;envoi des Tunisiens vers les zones de conflits : L&rsquo;examen en appel report\u00e9 au 13 octobre<\/p>\n","protected":false},"author":6,"featured_media":792122,"comment_status":"open","ping_status":"open","sticky":false,"template":"","format":"standard","meta":{"footnotes":""},"categories":[997,998,2433],"tags":[49543,64355,21473,758,102995,62643,9644],"class_list":["post-4344710","post","type-post","status-publish","format-standard","has-post-thumbnail","hentry","category-politique","category-societe","category-tunisie","tag-ennahdha","tag-justice","tag-pole-judiciaire-antiterroriste","tag-rached-ghannouchi","tag-reseaux-terroriste","tag-tunisie","tag-zones-de-conflits"],"yoast_head":"<!-- This site is optimized with the Yoast SEO plugin v26.6 - https:\/\/yoast.com\/wordpress\/plugins\/seo\/ -->\n<title>R\u00e9seaux d&#039;envoi des Tunisiens vers les zones de conflits : L&#039;examen en appel report\u00e9 au 13 octobre - Kapitalis<\/title>\n<meta name=\"description\" content=\"L&#039;examen de l\u2019appel interjet\u00e9 par le minist\u00e8re public pr\u00e8s le P\u00f4le judiciaire antiterroriste relatif au maintien en libert\u00e9 39 suspects dans l&#039;affaire des r\u00e9seaux d&#039;envoi des Tunisiens vers les zones de conflits, a \u00e9t\u00e9 report\u00e9 au 13 octobre 2022.\" \/>\n<meta name=\"robots\" content=\"index, follow, max-snippet:-1, max-image-preview:large, max-video-preview:-1\" \/>\n<link rel=\"canonical\" href=\"https:\/\/kapitalis.com\/tunisie\/2022\/09\/29\/reseaux-denvoi-des-tunisiens-vers-les-zones-de-conflits-lexamen-en-appel-reporte-au-13-octobre\/\" \/>\n<meta property=\"og:locale\" content=\"fr_FR\" \/>\n<meta property=\"og:type\" content=\"article\" \/>\n<meta property=\"og:title\" content=\"R\u00e9seaux d&#039;envoi des Tunisiens vers les zones de conflits : L&#039;examen en appel report\u00e9 au 13 octobre - Kapitalis\" \/>\n<meta property=\"og:description\" content=\"L&#039;examen de l\u2019appel interjet\u00e9 par le minist\u00e8re public pr\u00e8s le P\u00f4le judiciaire antiterroriste relatif au maintien en libert\u00e9 39 suspects dans l&#039;affaire des r\u00e9seaux d&#039;envoi des Tunisiens vers les zones de conflits, a \u00e9t\u00e9 report\u00e9 au 13 octobre 2022.\" \/>\n<meta property=\"og:url\" content=\"https:\/\/kapitalis.com\/tunisie\/2022\/09\/29\/reseaux-denvoi-des-tunisiens-vers-les-zones-de-conflits-lexamen-en-appel-reporte-au-13-octobre\/\" \/>\n<meta property=\"og:site_name\" content=\"Kapitalis\" \/>\n<meta property=\"article:publisher\" content=\"https:\/\/www.facebook.com\/KapitalisInfo\/\" \/>\n<meta property=\"article:published_time\" content=\"2022-09-29T22:18:52+00:00\" \/>\n<meta property=\"article:modified_time\" content=\"2022-09-29T22:26:42+00:00\" \/>\n<meta property=\"og:image\" content=\"https:\/\/kapitalis.com\/tunisie\/wp-content\/uploads\/2022\/05\/justice.jpg\" \/>\n\t<meta property=\"og:image:width\" content=\"1200\" \/>\n\t<meta property=\"og:image:height\" content=\"630\" \/>\n\t<meta property=\"og:image:type\" content=\"image\/jpeg\" \/>\n<meta name=\"author\" content=\"Yusra NY\" \/>\n<meta name=\"twitter:card\" content=\"summary_large_image\" \/>\n<meta name=\"twitter:creator\" content=\"@KapitalisInfo\" \/>\n<meta name=\"twitter:site\" content=\"@KapitalisInfo\" \/>\n<meta name=\"twitter:label1\" content=\"\u00c9crit par\" \/>\n\t<meta name=\"twitter:data1\" content=\"Yusra NY\" \/>\n\t<meta name=\"twitter:label2\" content=\"Dur\u00e9e de lecture estim\u00e9e\" \/>\n\t<meta name=\"twitter:data2\" content=\"2 minutes\" \/>\n<script type=\"application\/ld+json\" class=\"yoast-schema-graph\">{\"@context\":\"https:\/\/schema.org\",\"@graph\":[{\"@type\":\"Article\",\"@id\":\"https:\/\/kapitalis.com\/tunisie\/2022\/09\/29\/reseaux-denvoi-des-tunisiens-vers-les-zones-de-conflits-lexamen-en-appel-reporte-au-13-octobre\/#article\",\"isPartOf\":{\"@id\":\"https:\/\/kapitalis.com\/tunisie\/2022\/09\/29\/reseaux-denvoi-des-tunisiens-vers-les-zones-de-conflits-lexamen-en-appel-reporte-au-13-octobre\/\"},\"author\":{\"name\":\"Yusra NY\",\"@id\":\"https:\/\/kapitalis.com\/tunisie\/#\/schema\/person\/74bbde0154d49d790a92aaeac5bc01d5\"},\"headline\":\"R\u00e9seaux d&rsquo;envoi des Tunisiens vers les zones de conflits : L&rsquo;examen en appel report\u00e9 au 13 octobre\",\"datePublished\":\"2022-09-29T22:18:52+00:00\",\"dateModified\":\"2022-09-29T22:26:42+00:00\",\"mainEntityOfPage\":{\"@id\":\"https:\/\/kapitalis.com\/tunisie\/2022\/09\/29\/reseaux-denvoi-des-tunisiens-vers-les-zones-de-conflits-lexamen-en-appel-reporte-au-13-octobre\/\"},\"wordCount\":249,\"commentCount\":1,\"publisher\":{\"@id\":\"https:\/\/kapitalis.com\/tunisie\/#organization\"},\"image\":{\"@id\":\"https:\/\/kapitalis.com\/tunisie\/2022\/09\/29\/reseaux-denvoi-des-tunisiens-vers-les-zones-de-conflits-lexamen-en-appel-reporte-au-13-octobre\/#primaryimage\"},\"thumbnailUrl\":\"https:\/\/kapitalis.com\/tunisie\/wp-content\/uploads\/2022\/05\/justice.jpg\",\"keywords\":[\"Ennahdha\",\"justice\",\"P\u00f4le judiciaire antiterroriste\",\"Rached Ghannouchi\",\"r\u00e9seaux terroriste\",\"Tunisie\",\"zones de conflits\"],\"articleSection\":[\"POLITIQUE\",\"SOCIETE\",\"Tunisie\"],\"inLanguage\":\"fr-FR\",\"potentialAction\":[{\"@type\":\"CommentAction\",\"name\":\"Comment\",\"target\":[\"https:\/\/kapitalis.com\/tunisie\/2022\/09\/29\/reseaux-denvoi-des-tunisiens-vers-les-zones-de-conflits-lexamen-en-appel-reporte-au-13-octobre\/#respond\"]}]},{\"@type\":\"WebPage\",\"@id\":\"https:\/\/kapitalis.com\/tunisie\/2022\/09\/29\/reseaux-denvoi-des-tunisiens-vers-les-zones-de-conflits-lexamen-en-appel-reporte-au-13-octobre\/\",\"url\":\"https:\/\/kapitalis.com\/tunisie\/2022\/09\/29\/reseaux-denvoi-des-tunisiens-vers-les-zones-de-conflits-lexamen-en-appel-reporte-au-13-octobre\/\",\"name\":\"R\u00e9seaux d'envoi des Tunisiens vers les zones de conflits : L'examen en appel report\u00e9 au 13 octobre - Kapitalis\",\"isPartOf\":{\"@id\":\"https:\/\/kapitalis.com\/tunisie\/#website\"},\"primaryImageOfPage\":{\"@id\":\"https:\/\/kapitalis.com\/tunisie\/2022\/09\/29\/reseaux-denvoi-des-tunisiens-vers-les-zones-de-conflits-lexamen-en-appel-reporte-au-13-octobre\/#primaryimage\"},\"image\":{\"@id\":\"https:\/\/kapitalis.com\/tunisie\/2022\/09\/29\/reseaux-denvoi-des-tunisiens-vers-les-zones-de-conflits-lexamen-en-appel-reporte-au-13-octobre\/#primaryimage\"},\"thumbnailUrl\":\"https:\/\/kapitalis.com\/tunisie\/wp-content\/uploads\/2022\/05\/justice.jpg\",\"datePublished\":\"2022-09-29T22:18:52+00:00\",\"dateModified\":\"2022-09-29T22:26:42+00:00\",\"description\":\"L'examen de l\u2019appel interjet\u00e9 par le minist\u00e8re public pr\u00e8s le P\u00f4le judiciaire antiterroriste relatif au maintien en libert\u00e9 39 suspects dans l'affaire des r\u00e9seaux d'envoi des Tunisiens vers les zones de conflits, a \u00e9t\u00e9 report\u00e9 au 13 octobre 2022.\",\"breadcrumb\":{\"@id\":\"https:\/\/kapitalis.com\/tunisie\/2022\/09\/29\/reseaux-denvoi-des-tunisiens-vers-les-zones-de-conflits-lexamen-en-appel-reporte-au-13-octobre\/#breadcrumb\"},\"inLanguage\":\"fr-FR\",\"potentialAction\":[{\"@type\":\"ReadAction\",\"target\":[\"https:\/\/kapitalis.com\/tunisie\/2022\/09\/29\/reseaux-denvoi-des-tunisiens-vers-les-zones-de-conflits-lexamen-en-appel-reporte-au-13-octobre\/\"]}]},{\"@type\":\"ImageObject\",\"inLanguage\":\"fr-FR\",\"@id\":\"https:\/\/kapitalis.com\/tunisie\/2022\/09\/29\/reseaux-denvoi-des-tunisiens-vers-les-zones-de-conflits-lexamen-en-appel-reporte-au-13-octobre\/#primaryimage\",\"url\":\"https:\/\/kapitalis.com\/tunisie\/wp-content\/uploads\/2022\/05\/justice.jpg\",\"contentUrl\":\"https:\/\/kapitalis.com\/tunisie\/wp-content\/uploads\/2022\/05\/justice.jpg\",\"width\":1200,\"height\":630},{\"@type\":\"BreadcrumbList\",\"@id\":\"https:\/\/kapitalis.com\/tunisie\/2022\/09\/29\/reseaux-denvoi-des-tunisiens-vers-les-zones-de-conflits-lexamen-en-appel-reporte-au-13-octobre\/#breadcrumb\",\"itemListElement\":[{\"@type\":\"ListItem\",\"position\":1,\"name\":\"Accueil\",\"item\":\"https:\/\/kapitalis.com\/tunisie\/\"},{\"@type\":\"ListItem\",\"position\":2,\"name\":\"R\u00e9seaux d&rsquo;envoi des Tunisiens vers les zones de conflits : L&rsquo;examen en appel report\u00e9 au 13 octobre\"}]},{\"@type\":\"WebSite\",\"@id\":\"https:\/\/kapitalis.com\/tunisie\/#website\",\"url\":\"https:\/\/kapitalis.com\/tunisie\/\",\"name\":\"Kapitalis\",\"description\":\"L&#039;actualit\u00e9 en Tunisie et dans le monde\",\"publisher\":{\"@id\":\"https:\/\/kapitalis.com\/tunisie\/#organization\"},\"potentialAction\":[{\"@type\":\"SearchAction\",\"target\":{\"@type\":\"EntryPoint\",\"urlTemplate\":\"https:\/\/kapitalis.com\/tunisie\/?s={search_term_string}\"},\"query-input\":{\"@type\":\"PropertyValueSpecification\",\"valueRequired\":true,\"valueName\":\"search_term_string\"}}],\"inLanguage\":\"fr-FR\"},{\"@type\":\"Organization\",\"@id\":\"https:\/\/kapitalis.com\/tunisie\/#organization\",\"name\":\"Kapitalis\",\"url\":\"https:\/\/kapitalis.com\/tunisie\/\",\"logo\":{\"@type\":\"ImageObject\",\"inLanguage\":\"fr-FR\",\"@id\":\"https:\/\/kapitalis.com\/tunisie\/#\/schema\/logo\/image\/\",\"url\":\"https:\/\/kapitalis.com\/tunisie\/wp-content\/uploads\/2022\/05\/Kapitalis-big-size.png\",\"contentUrl\":\"https:\/\/kapitalis.com\/tunisie\/wp-content\/uploads\/2022\/05\/Kapitalis-big-size.png\",\"width\":5000,\"height\":1500,\"caption\":\"Kapitalis\"},\"image\":{\"@id\":\"https:\/\/kapitalis.com\/tunisie\/#\/schema\/logo\/image\/\"},\"sameAs\":[\"https:\/\/www.facebook.com\/KapitalisInfo\/\",\"https:\/\/x.com\/KapitalisInfo\",\"https:\/\/www.youtube.com\/channel\/UC-yDYrHyfFBWWZaOw3FPg9Q\"]},{\"@type\":\"Person\",\"@id\":\"https:\/\/kapitalis.com\/tunisie\/#\/schema\/person\/74bbde0154d49d790a92aaeac5bc01d5\",\"name\":\"Yusra NY\",\"url\":\"https:\/\/kapitalis.com\/tunisie\/author\/yuza_adam\/\"}]}<\/script>\n<!-- \/ Yoast SEO plugin. -->","yoast_head_json":{"title":"R\u00e9seaux d'envoi des Tunisiens vers les zones de conflits : L'examen en appel report\u00e9 au 13 octobre - Kapitalis","description":"L'examen de l\u2019appel interjet\u00e9 par le minist\u00e8re public pr\u00e8s le P\u00f4le judiciaire antiterroriste relatif au maintien en libert\u00e9 39 suspects dans l'affaire des r\u00e9seaux d'envoi des Tunisiens vers les zones de conflits, a \u00e9t\u00e9 report\u00e9 au 13 octobre 2022.","robots":{"index":"index","follow":"follow","max-snippet":"max-snippet:-1","max-image-preview":"max-image-preview:large","max-video-preview":"max-video-preview:-1"},"canonical":"https:\/\/kapitalis.com\/tunisie\/2022\/09\/29\/reseaux-denvoi-des-tunisiens-vers-les-zones-de-conflits-lexamen-en-appel-reporte-au-13-octobre\/","og_locale":"fr_FR","og_type":"article","og_title":"R\u00e9seaux d'envoi des Tunisiens vers les zones de conflits : L'examen en appel report\u00e9 au 13 octobre - Kapitalis","og_description":"L'examen de l\u2019appel interjet\u00e9 par le minist\u00e8re public pr\u00e8s le P\u00f4le judiciaire antiterroriste relatif au maintien en libert\u00e9 39 suspects dans l'affaire des r\u00e9seaux d'envoi des Tunisiens vers les zones de conflits, a \u00e9t\u00e9 report\u00e9 au 13 octobre 2022.","og_url":"https:\/\/kapitalis.com\/tunisie\/2022\/09\/29\/reseaux-denvoi-des-tunisiens-vers-les-zones-de-conflits-lexamen-en-appel-reporte-au-13-octobre\/","og_site_name":"Kapitalis","article_publisher":"https:\/\/www.facebook.com\/KapitalisInfo\/","article_published_time":"2022-09-29T22:18:52+00:00","article_modified_time":"2022-09-29T22:26:42+00:00","og_image":[{"width":1200,"height":630,"url":"https:\/\/kapitalis.com\/tunisie\/wp-content\/uploads\/2022\/05\/justice.jpg","type":"image\/jpeg"}],"author":"Yusra NY","twitter_card":"summary_large_image","twitter_creator":"@KapitalisInfo","twitter_site":"@KapitalisInfo","twitter_misc":{"\u00c9crit par":"Yusra NY","Dur\u00e9e de lecture estim\u00e9e":"2 minutes"},"schema":{"@context":"https:\/\/schema.org","@graph":[{"@type":"Article","@id":"https:\/\/kapitalis.com\/tunisie\/2022\/09\/29\/reseaux-denvoi-des-tunisiens-vers-les-zones-de-conflits-lexamen-en-appel-reporte-au-13-octobre\/#article","isPartOf":{"@id":"https:\/\/kapitalis.com\/tunisie\/2022\/09\/29\/reseaux-denvoi-des-tunisiens-vers-les-zones-de-conflits-lexamen-en-appel-reporte-au-13-octobre\/"},"author":{"name":"Yusra NY","@id":"https:\/\/kapitalis.com\/tunisie\/#\/schema\/person\/74bbde0154d49d790a92aaeac5bc01d5"},"headline":"R\u00e9seaux d&rsquo;envoi des Tunisiens vers les zones de conflits : L&rsquo;examen en appel report\u00e9 au 13 octobre","datePublished":"2022-09-29T22:18:52+00:00","dateModified":"2022-09-29T22:26:42+00:00","mainEntityOfPage":{"@id":"https:\/\/kapitalis.com\/tunisie\/2022\/09\/29\/reseaux-denvoi-des-tunisiens-vers-les-zones-de-conflits-lexamen-en-appel-reporte-au-13-octobre\/"},"wordCount":249,"commentCount":1,"publisher":{"@id":"https:\/\/kapitalis.com\/tunisie\/#organization"},"image":{"@id":"https:\/\/kapitalis.com\/tunisie\/2022\/09\/29\/reseaux-denvoi-des-tunisiens-vers-les-zones-de-conflits-lexamen-en-appel-reporte-au-13-octobre\/#primaryimage"},"thumbnailUrl":"https:\/\/kapitalis.com\/tunisie\/wp-content\/uploads\/2022\/05\/justice.jpg","keywords":["Ennahdha","justice","P\u00f4le judiciaire antiterroriste","Rached Ghannouchi","r\u00e9seaux terroriste","Tunisie","zones de conflits"],"articleSection":["POLITIQUE","SOCIETE","Tunisie"],"inLanguage":"fr-FR","potentialAction":[{"@type":"CommentAction","name":"Comment","target":["https:\/\/kapitalis.com\/tunisie\/2022\/09\/29\/reseaux-denvoi-des-tunisiens-vers-les-zones-de-conflits-lexamen-en-appel-reporte-au-13-octobre\/#respond"]}]},{"@type":"WebPage","@id":"https:\/\/kapitalis.com\/tunisie\/2022\/09\/29\/reseaux-denvoi-des-tunisiens-vers-les-zones-de-conflits-lexamen-en-appel-reporte-au-13-octobre\/","url":"https:\/\/kapitalis.com\/tunisie\/2022\/09\/29\/reseaux-denvoi-des-tunisiens-vers-les-zones-de-conflits-lexamen-en-appel-reporte-au-13-octobre\/","name":"R\u00e9seaux d'envoi des Tunisiens vers les zones de conflits : L'examen en appel report\u00e9 au 13 octobre - Kapitalis","isPartOf":{"@id":"https:\/\/kapitalis.com\/tunisie\/#website"},"primaryImageOfPage":{"@id":"https:\/\/kapitalis.com\/tunisie\/2022\/09\/29\/reseaux-denvoi-des-tunisiens-vers-les-zones-de-conflits-lexamen-en-appel-reporte-au-13-octobre\/#primaryimage"},"image":{"@id":"https:\/\/kapitalis.com\/tunisie\/2022\/09\/29\/reseaux-denvoi-des-tunisiens-vers-les-zones-de-conflits-lexamen-en-appel-reporte-au-13-octobre\/#primaryimage"},"thumbnailUrl":"https:\/\/kapitalis.com\/tunisie\/wp-content\/uploads\/2022\/05\/justice.jpg","datePublished":"2022-09-29T22:18:52+00:00","dateModified":"2022-09-29T22:26:42+00:00","description":"L'examen de l\u2019appel interjet\u00e9 par le minist\u00e8re public pr\u00e8s le P\u00f4le judiciaire antiterroriste relatif au maintien en libert\u00e9 39 suspects dans l'affaire des r\u00e9seaux d'envoi des Tunisiens vers les zones de conflits, a \u00e9t\u00e9 report\u00e9 au 13 octobre 2022.","breadcrumb":{"@id":"https:\/\/kapitalis.com\/tunisie\/2022\/09\/29\/reseaux-denvoi-des-tunisiens-vers-les-zones-de-conflits-lexamen-en-appel-reporte-au-13-octobre\/#breadcrumb"},"inLanguage":"fr-FR","potentialAction":[{"@type":"ReadAction","target":["https:\/\/kapitalis.com\/tunisie\/2022\/09\/29\/reseaux-denvoi-des-tunisiens-vers-les-zones-de-conflits-lexamen-en-appel-reporte-au-13-octobre\/"]}]},{"@type":"ImageObject","inLanguage":"fr-FR","@id":"https:\/\/kapitalis.com\/tunisie\/2022\/09\/29\/reseaux-denvoi-des-tunisiens-vers-les-zones-de-conflits-lexamen-en-appel-reporte-au-13-octobre\/#primaryimage","url":"https:\/\/kapitalis.com\/tunisie\/wp-content\/uploads\/2022\/05\/justice.jpg","contentUrl":"https:\/\/kapitalis.com\/tunisie\/wp-content\/uploads\/2022\/05\/justice.jpg","width":1200,"height":630},{"@type":"BreadcrumbList","@id":"https:\/\/kapitalis.com\/tunisie\/2022\/09\/29\/reseaux-denvoi-des-tunisiens-vers-les-zones-de-conflits-lexamen-en-appel-reporte-au-13-octobre\/#breadcrumb","itemListElement":[{"@type":"ListItem","position":1,"name":"Accueil","item":"https:\/\/kapitalis.com\/tunisie\/"},{"@type":"ListItem","position":2,"name":"R\u00e9seaux d&rsquo;envoi des Tunisiens vers les zones de conflits : L&rsquo;examen en appel report\u00e9 au 13 octobre"}]},{"@type":"WebSite","@id":"https:\/\/kapitalis.com\/tunisie\/#website","url":"https:\/\/kapitalis.com\/tunisie\/","name":"Kapitalis","description":"L&#039;actualit\u00e9 en Tunisie et dans le monde","publisher":{"@id":"https:\/\/kapitalis.com\/tunisie\/#organization"},"potentialAction":[{"@type":"SearchAction","target":{"@type":"EntryPoint","urlTemplate":"https:\/\/kapitalis.com\/tunisie\/?s={search_term_string}"},"query-input":{"@type":"PropertyValueSpecification","valueRequired":true,"valueName":"search_term_string"}}],"inLanguage":"fr-FR"},{"@type":"Organization","@id":"https:\/\/kapitalis.com\/tunisie\/#organization","name":"Kapitalis","url":"https:\/\/kapitalis.com\/tunisie\/","logo":{"@type":"ImageObject","inLanguage":"fr-FR","@id":"https:\/\/kapitalis.com\/tunisie\/#\/schema\/logo\/image\/","url":"https:\/\/kapitalis.com\/tunisie\/wp-content\/uploads\/2022\/05\/Kapitalis-big-size.png","contentUrl":"https:\/\/kapitalis.com\/tunisie\/wp-content\/uploads\/2022\/05\/Kapitalis-big-size.png","width":5000,"height":1500,"caption":"Kapitalis"},"image":{"@id":"https:\/\/kapitalis.com\/tunisie\/#\/schema\/logo\/image\/"},"sameAs":["https:\/\/www.facebook.com\/KapitalisInfo\/","https:\/\/x.com\/KapitalisInfo","https:\/\/www.youtube.com\/channel\/UC-yDYrHyfFBWWZaOw3FPg9Q"]},{"@type":"Person","@id":"https:\/\/kapitalis.com\/tunisie\/#\/schema\/person\/74bbde0154d49d790a92aaeac5bc01d5","name":"Yusra NY","url":"https:\/\/kapitalis.com\/tunisie\/author\/yuza_adam\/"}]}},"_links":{"self":[{"href":"https:\/\/kapitalis.com\/tunisie\/wp-json\/wp\/v2\/posts\/4344710","targetHints":{"allow":["GET"]}}],"collection":[{"href":"https:\/\/kapitalis.com\/tunisie\/wp-json\/wp\/v2\/posts"}],"about":[{"href":"https:\/\/kapitalis.com\/tunisie\/wp-json\/wp\/v2\/types\/post"}],"author":[{"embeddable":true,"href":"https:\/\/kapitalis.com\/tunisie\/wp-json\/wp\/v2\/users\/6"}],"replies":[{"embeddable":true,"href":"https:\/\/kapitalis.com\/tunisie\/wp-json\/wp\/v2\/comments?post=4344710"}],"version-history":[{"count":0,"href":"https:\/\/kapitalis.com\/tunisie\/wp-json\/wp\/v2\/posts\/4344710\/revisions"}],"wp:featuredmedia":[{"embeddable":true,"href":"https:\/\/kapitalis.com\/tunisie\/wp-json\/wp\/v2\/media\/792122"}],"wp:attachment":[{"href":"https:\/\/kapitalis.com\/tunisie\/wp-json\/wp\/v2\/media?parent=4344710"}],"wp:term":[{"taxonomy":"category","embeddable":true,"href":"https:\/\/kapitalis.com\/tunisie\/wp-json\/wp\/v2\/categories?post=4344710"},{"taxonomy":"post_tag","embeddable":true,"href":"https:\/\/kapitalis.com\/tunisie\/wp-json\/wp\/v2\/tags?post=4344710"}],"curies":[{"name":"wp","href":"https:\/\/api.w.org\/{rel}","templated":true}]}}