{"id":4346911,"date":"2022-09-30T07:39:57","date_gmt":"2022-09-30T06:39:57","guid":{"rendered":"https:\/\/kapitalis.com\/tunisie\/?p=4346911"},"modified":"2022-09-30T07:39:58","modified_gmt":"2022-09-30T06:39:58","slug":"la-berd-accompagnera-la-strategie-tunisienne-de-production-dhydrogene-vert","status":"publish","type":"post","link":"https:\/\/kapitalis.com\/tunisie\/2022\/09\/30\/la-berd-accompagnera-la-strategie-tunisienne-de-production-dhydrogene-vert\/","title":{"rendered":"La Berd accompagnera la strat\u00e9gie tunisienne de production d\u2019hydrog\u00e8ne vert"},"content":{"rendered":"\n<p><strong><em>Les repr\u00e9sentants du conseil d\u2019administration de la Banque europ\u00e9enne pour la reconstruction et le d\u00e9veloppement (Berd) ont affirm\u00e9 l\u2019engagement de leur \u00e9tablissement \u00e0 accompagner la Tunisie dans les diff\u00e9rentes \u00e9tapes de la mise en \u0153uvre de la strat\u00e9gie nationale de production d\u2019hydrog\u00e8ne vert pour r\u00e9duire les \u00e9missions de carbone.<\/em><\/strong><\/p>\n\n\n\n<!--more-->\n\n\n\n<p>C\u2019est ce qu\u2019a indiqu\u00e9 le minist\u00e8re tunisien de l\u2019Industrie, de l\u2019Energie et des Mines, suite \u00e0 une s\u00e9ance de travail, mercredi 28 septembre 2022, pr\u00e9sid\u00e9e par la ministre Neila Nouira Gongi, qui a port\u00e9 sur le soutien de la Berd aux programmes tunisiens de lutte contre le changement climatique en vue d\u2019assurer une croissance \u00e9conomique durable.<\/p>\n\n\n\n<p>Le ministre a expos\u00e9 les axes du programme \u00e9conomique et social \u00e9labor\u00e9 par le gouvernement, les orientations des secteurs de l\u2019industrie, des mines et de l\u2019\u00e9nergie, ainsi que les d\u00e9fis auxquels ils sont confront\u00e9s au lendemain de la crise russo-ukrainienne.<\/p>\n\n\n\n<p>La ministre a aussi pass\u00e9 en revue les priorit\u00e9s et les programmes futurs de son d\u00e9partement pour faire face \u00e0 la situation \u00e9conomique et la vision strat\u00e9gique du secteur de l\u2019industrie \u00e0 l\u2019horizon 2035, qui vise \u00e0 consolider les ressources humaines, \u00e0 privil\u00e9gier l\u2019\u00e9conomie verte et \u00e0 stimuler l\u2019investissement, l\u2019initiative priv\u00e9e et l\u2019inclusion sociale.<\/p>\n\n\n\n<p class=\"has-text-align-right\"><strong>I. B.<\/strong> (avec Tap).<\/p>\n","protected":false},"excerpt":{"rendered":"<p>La Berd va accompagner la Tunisie dans les diff\u00e9rentes \u00e9tapes de la mise en \u0153uvre de la strat\u00e9gie nationale de production d\u2019hydrog\u00e8ne vert pour r\u00e9duire les \u00e9missions de carbone.<\/p>\n","protected":false},"author":8,"featured_media":4346953,"comment_status":"open","ping_status":"open","sticky":false,"template":"","format":"standard","meta":{"footnotes":""},"categories":[995,2433],"tags":[1952,103256,91928,475,94013,62643],"class_list":["post-4346911","post","type-post","status-publish","format-standard","has-post-thumbnail","hentry","category-economie","category-tunisie","tag-berd","tag-energie-verte","tag-hydrogene-vert","tag-industrie","tag-neila-nouira-gongi","tag-tunisie"],"yoast_head":"<!-- This site is optimized with the Yoast SEO plugin v26.6 - https:\/\/yoast.com\/wordpress\/plugins\/seo\/ -->\n<title>La Berd accompagnera la strat\u00e9gie tunisienne de production d\u2019hydrog\u00e8ne vert - Kapitalis<\/title>\n<meta name=\"robots\" content=\"index, follow, max-snippet:-1, max-image-preview:large, max-video-preview:-1\" \/>\n<link rel=\"canonical\" href=\"https:\/\/kapitalis.com\/tunisie\/2022\/09\/30\/la-berd-accompagnera-la-strategie-tunisienne-de-production-dhydrogene-vert\/\" \/>\n<meta property=\"og:locale\" content=\"fr_FR\" \/>\n<meta property=\"og:type\" content=\"article\" \/>\n<meta property=\"og:title\" content=\"La Berd accompagnera la strat\u00e9gie tunisienne de production d\u2019hydrog\u00e8ne vert - Kapitalis\" \/>\n<meta property=\"og:description\" content=\"La Berd va accompagner la Tunisie dans les diff\u00e9rentes \u00e9tapes de la mise en \u0153uvre de la strat\u00e9gie nationale de production d\u2019hydrog\u00e8ne vert pour r\u00e9duire les \u00e9missions de carbone.\" \/>\n<meta property=\"og:url\" content=\"https:\/\/kapitalis.com\/tunisie\/2022\/09\/30\/la-berd-accompagnera-la-strategie-tunisienne-de-production-dhydrogene-vert\/\" \/>\n<meta property=\"og:site_name\" content=\"Kapitalis\" \/>\n<meta property=\"article:publisher\" content=\"https:\/\/www.facebook.com\/KapitalisInfo\/\" \/>\n<meta property=\"article:published_time\" content=\"2022-09-30T06:39:57+00:00\" \/>\n<meta property=\"article:modified_time\" content=\"2022-09-30T06:39:58+00:00\" \/>\n<meta property=\"og:image\" content=\"https:\/\/kapitalis.com\/tunisie\/wp-content\/uploads\/2022\/09\/Neila-Gongi-Berd.jpg\" \/>\n\t<meta property=\"og:image:width\" content=\"1200\" \/>\n\t<meta property=\"og:image:height\" content=\"630\" \/>\n\t<meta property=\"og:image:type\" content=\"image\/jpeg\" \/>\n<meta name=\"author\" content=\"webmaster kapitalis\" \/>\n<meta name=\"twitter:card\" content=\"summary_large_image\" \/>\n<meta name=\"twitter:creator\" content=\"@KapitalisInfo\" \/>\n<meta name=\"twitter:site\" content=\"@KapitalisInfo\" \/>\n<meta name=\"twitter:label1\" content=\"\u00c9crit par\" \/>\n\t<meta name=\"twitter:data1\" content=\"webmaster kapitalis\" \/>\n\t<meta name=\"twitter:label2\" content=\"Dur\u00e9e de lecture estim\u00e9e\" \/>\n\t<meta name=\"twitter:data2\" content=\"2 minutes\" \/>\n<script type=\"application\/ld+json\" class=\"yoast-schema-graph\">{\"@context\":\"https:\/\/schema.org\",\"@graph\":[{\"@type\":\"Article\",\"@id\":\"https:\/\/kapitalis.com\/tunisie\/2022\/09\/30\/la-berd-accompagnera-la-strategie-tunisienne-de-production-dhydrogene-vert\/#article\",\"isPartOf\":{\"@id\":\"https:\/\/kapitalis.com\/tunisie\/2022\/09\/30\/la-berd-accompagnera-la-strategie-tunisienne-de-production-dhydrogene-vert\/\"},\"author\":{\"name\":\"webmaster kapitalis\",\"@id\":\"https:\/\/kapitalis.com\/tunisie\/#\/schema\/person\/d71f33a9ca44f7bad4698210b480c8e9\"},\"headline\":\"La Berd accompagnera la strat\u00e9gie tunisienne de production d\u2019hydrog\u00e8ne vert\",\"datePublished\":\"2022-09-30T06:39:57+00:00\",\"dateModified\":\"2022-09-30T06:39:58+00:00\",\"mainEntityOfPage\":{\"@id\":\"https:\/\/kapitalis.com\/tunisie\/2022\/09\/30\/la-berd-accompagnera-la-strategie-tunisienne-de-production-dhydrogene-vert\/\"},\"wordCount\":240,\"commentCount\":2,\"publisher\":{\"@id\":\"https:\/\/kapitalis.com\/tunisie\/#organization\"},\"image\":{\"@id\":\"https:\/\/kapitalis.com\/tunisie\/2022\/09\/30\/la-berd-accompagnera-la-strategie-tunisienne-de-production-dhydrogene-vert\/#primaryimage\"},\"thumbnailUrl\":\"https:\/\/kapitalis.com\/tunisie\/wp-content\/uploads\/2022\/09\/Neila-Gongi-Berd.jpg\",\"keywords\":[\"Berd\",\"\u00e9nergie verte\",\"hydrog\u00e8ne vert\",\"industrie\",\"Neila Nouira Gongi\",\"Tunisie\"],\"articleSection\":[\"ECONOMIE\",\"Tunisie\"],\"inLanguage\":\"fr-FR\",\"potentialAction\":[{\"@type\":\"CommentAction\",\"name\":\"Comment\",\"target\":[\"https:\/\/kapitalis.com\/tunisie\/2022\/09\/30\/la-berd-accompagnera-la-strategie-tunisienne-de-production-dhydrogene-vert\/#respond\"]}]},{\"@type\":\"WebPage\",\"@id\":\"https:\/\/kapitalis.com\/tunisie\/2022\/09\/30\/la-berd-accompagnera-la-strategie-tunisienne-de-production-dhydrogene-vert\/\",\"url\":\"https:\/\/kapitalis.com\/tunisie\/2022\/09\/30\/la-berd-accompagnera-la-strategie-tunisienne-de-production-dhydrogene-vert\/\",\"name\":\"La Berd accompagnera la strat\u00e9gie tunisienne de production d\u2019hydrog\u00e8ne vert - Kapitalis\",\"isPartOf\":{\"@id\":\"https:\/\/kapitalis.com\/tunisie\/#website\"},\"primaryImageOfPage\":{\"@id\":\"https:\/\/kapitalis.com\/tunisie\/2022\/09\/30\/la-berd-accompagnera-la-strategie-tunisienne-de-production-dhydrogene-vert\/#primaryimage\"},\"image\":{\"@id\":\"https:\/\/kapitalis.com\/tunisie\/2022\/09\/30\/la-berd-accompagnera-la-strategie-tunisienne-de-production-dhydrogene-vert\/#primaryimage\"},\"thumbnailUrl\":\"https:\/\/kapitalis.com\/tunisie\/wp-content\/uploads\/2022\/09\/Neila-Gongi-Berd.jpg\",\"datePublished\":\"2022-09-30T06:39:57+00:00\",\"dateModified\":\"2022-09-30T06:39:58+00:00\",\"breadcrumb\":{\"@id\":\"https:\/\/kapitalis.com\/tunisie\/2022\/09\/30\/la-berd-accompagnera-la-strategie-tunisienne-de-production-dhydrogene-vert\/#breadcrumb\"},\"inLanguage\":\"fr-FR\",\"potentialAction\":[{\"@type\":\"ReadAction\",\"target\":[\"https:\/\/kapitalis.com\/tunisie\/2022\/09\/30\/la-berd-accompagnera-la-strategie-tunisienne-de-production-dhydrogene-vert\/\"]}]},{\"@type\":\"ImageObject\",\"inLanguage\":\"fr-FR\",\"@id\":\"https:\/\/kapitalis.com\/tunisie\/2022\/09\/30\/la-berd-accompagnera-la-strategie-tunisienne-de-production-dhydrogene-vert\/#primaryimage\",\"url\":\"https:\/\/kapitalis.com\/tunisie\/wp-content\/uploads\/2022\/09\/Neila-Gongi-Berd.jpg\",\"contentUrl\":\"https:\/\/kapitalis.com\/tunisie\/wp-content\/uploads\/2022\/09\/Neila-Gongi-Berd.jpg\",\"width\":1200,\"height\":630},{\"@type\":\"BreadcrumbList\",\"@id\":\"https:\/\/kapitalis.com\/tunisie\/2022\/09\/30\/la-berd-accompagnera-la-strategie-tunisienne-de-production-dhydrogene-vert\/#breadcrumb\",\"itemListElement\":[{\"@type\":\"ListItem\",\"position\":1,\"name\":\"Accueil\",\"item\":\"https:\/\/kapitalis.com\/tunisie\/\"},{\"@type\":\"ListItem\",\"position\":2,\"name\":\"La Berd accompagnera la strat\u00e9gie tunisienne de production d\u2019hydrog\u00e8ne vert\"}]},{\"@type\":\"WebSite\",\"@id\":\"https:\/\/kapitalis.com\/tunisie\/#website\",\"url\":\"https:\/\/kapitalis.com\/tunisie\/\",\"name\":\"Kapitalis\",\"description\":\"L&#039;actualit\u00e9 en Tunisie et dans le monde\",\"publisher\":{\"@id\":\"https:\/\/kapitalis.com\/tunisie\/#organization\"},\"potentialAction\":[{\"@type\":\"SearchAction\",\"target\":{\"@type\":\"EntryPoint\",\"urlTemplate\":\"https:\/\/kapitalis.com\/tunisie\/?s={search_term_string}\"},\"query-input\":{\"@type\":\"PropertyValueSpecification\",\"valueRequired\":true,\"valueName\":\"search_term_string\"}}],\"inLanguage\":\"fr-FR\"},{\"@type\":\"Organization\",\"@id\":\"https:\/\/kapitalis.com\/tunisie\/#organization\",\"name\":\"Kapitalis\",\"url\":\"https:\/\/kapitalis.com\/tunisie\/\",\"logo\":{\"@type\":\"ImageObject\",\"inLanguage\":\"fr-FR\",\"@id\":\"https:\/\/kapitalis.com\/tunisie\/#\/schema\/logo\/image\/\",\"url\":\"https:\/\/kapitalis.com\/tunisie\/wp-content\/uploads\/2022\/05\/Kapitalis-big-size.png\",\"contentUrl\":\"https:\/\/kapitalis.com\/tunisie\/wp-content\/uploads\/2022\/05\/Kapitalis-big-size.png\",\"width\":5000,\"height\":1500,\"caption\":\"Kapitalis\"},\"image\":{\"@id\":\"https:\/\/kapitalis.com\/tunisie\/#\/schema\/logo\/image\/\"},\"sameAs\":[\"https:\/\/www.facebook.com\/KapitalisInfo\/\",\"https:\/\/x.com\/KapitalisInfo\",\"https:\/\/www.youtube.com\/channel\/UC-yDYrHyfFBWWZaOw3FPg9Q\"]},{\"@type\":\"Person\",\"@id\":\"https:\/\/kapitalis.com\/tunisie\/#\/schema\/person\/d71f33a9ca44f7bad4698210b480c8e9\",\"name\":\"webmaster kapitalis\",\"url\":\"https:\/\/kapitalis.com\/tunisie\/author\/webmaster-kapitalis\/\"}]}<\/script>\n<!-- \/ Yoast SEO plugin. -->","yoast_head_json":{"title":"La Berd accompagnera la strat\u00e9gie tunisienne de production d\u2019hydrog\u00e8ne vert - Kapitalis","robots":{"index":"index","follow":"follow","max-snippet":"max-snippet:-1","max-image-preview":"max-image-preview:large","max-video-preview":"max-video-preview:-1"},"canonical":"https:\/\/kapitalis.com\/tunisie\/2022\/09\/30\/la-berd-accompagnera-la-strategie-tunisienne-de-production-dhydrogene-vert\/","og_locale":"fr_FR","og_type":"article","og_title":"La Berd accompagnera la strat\u00e9gie tunisienne de production d\u2019hydrog\u00e8ne vert - Kapitalis","og_description":"La Berd va accompagner la Tunisie dans les diff\u00e9rentes \u00e9tapes de la mise en \u0153uvre de la strat\u00e9gie nationale de production d\u2019hydrog\u00e8ne vert pour r\u00e9duire les \u00e9missions de carbone.","og_url":"https:\/\/kapitalis.com\/tunisie\/2022\/09\/30\/la-berd-accompagnera-la-strategie-tunisienne-de-production-dhydrogene-vert\/","og_site_name":"Kapitalis","article_publisher":"https:\/\/www.facebook.com\/KapitalisInfo\/","article_published_time":"2022-09-30T06:39:57+00:00","article_modified_time":"2022-09-30T06:39:58+00:00","og_image":[{"width":1200,"height":630,"url":"https:\/\/kapitalis.com\/tunisie\/wp-content\/uploads\/2022\/09\/Neila-Gongi-Berd.jpg","type":"image\/jpeg"}],"author":"webmaster kapitalis","twitter_card":"summary_large_image","twitter_creator":"@KapitalisInfo","twitter_site":"@KapitalisInfo","twitter_misc":{"\u00c9crit par":"webmaster kapitalis","Dur\u00e9e de lecture estim\u00e9e":"2 minutes"},"schema":{"@context":"https:\/\/schema.org","@graph":[{"@type":"Article","@id":"https:\/\/kapitalis.com\/tunisie\/2022\/09\/30\/la-berd-accompagnera-la-strategie-tunisienne-de-production-dhydrogene-vert\/#article","isPartOf":{"@id":"https:\/\/kapitalis.com\/tunisie\/2022\/09\/30\/la-berd-accompagnera-la-strategie-tunisienne-de-production-dhydrogene-vert\/"},"author":{"name":"webmaster kapitalis","@id":"https:\/\/kapitalis.com\/tunisie\/#\/schema\/person\/d71f33a9ca44f7bad4698210b480c8e9"},"headline":"La Berd accompagnera la strat\u00e9gie tunisienne de production d\u2019hydrog\u00e8ne vert","datePublished":"2022-09-30T06:39:57+00:00","dateModified":"2022-09-30T06:39:58+00:00","mainEntityOfPage":{"@id":"https:\/\/kapitalis.com\/tunisie\/2022\/09\/30\/la-berd-accompagnera-la-strategie-tunisienne-de-production-dhydrogene-vert\/"},"wordCount":240,"commentCount":2,"publisher":{"@id":"https:\/\/kapitalis.com\/tunisie\/#organization"},"image":{"@id":"https:\/\/kapitalis.com\/tunisie\/2022\/09\/30\/la-berd-accompagnera-la-strategie-tunisienne-de-production-dhydrogene-vert\/#primaryimage"},"thumbnailUrl":"https:\/\/kapitalis.com\/tunisie\/wp-content\/uploads\/2022\/09\/Neila-Gongi-Berd.jpg","keywords":["Berd","\u00e9nergie verte","hydrog\u00e8ne vert","industrie","Neila Nouira Gongi","Tunisie"],"articleSection":["ECONOMIE","Tunisie"],"inLanguage":"fr-FR","potentialAction":[{"@type":"CommentAction","name":"Comment","target":["https:\/\/kapitalis.com\/tunisie\/2022\/09\/30\/la-berd-accompagnera-la-strategie-tunisienne-de-production-dhydrogene-vert\/#respond"]}]},{"@type":"WebPage","@id":"https:\/\/kapitalis.com\/tunisie\/2022\/09\/30\/la-berd-accompagnera-la-strategie-tunisienne-de-production-dhydrogene-vert\/","url":"https:\/\/kapitalis.com\/tunisie\/2022\/09\/30\/la-berd-accompagnera-la-strategie-tunisienne-de-production-dhydrogene-vert\/","name":"La Berd accompagnera la strat\u00e9gie tunisienne de production d\u2019hydrog\u00e8ne vert - Kapitalis","isPartOf":{"@id":"https:\/\/kapitalis.com\/tunisie\/#website"},"primaryImageOfPage":{"@id":"https:\/\/kapitalis.com\/tunisie\/2022\/09\/30\/la-berd-accompagnera-la-strategie-tunisienne-de-production-dhydrogene-vert\/#primaryimage"},"image":{"@id":"https:\/\/kapitalis.com\/tunisie\/2022\/09\/30\/la-berd-accompagnera-la-strategie-tunisienne-de-production-dhydrogene-vert\/#primaryimage"},"thumbnailUrl":"https:\/\/kapitalis.com\/tunisie\/wp-content\/uploads\/2022\/09\/Neila-Gongi-Berd.jpg","datePublished":"2022-09-30T06:39:57+00:00","dateModified":"2022-09-30T06:39:58+00:00","breadcrumb":{"@id":"https:\/\/kapitalis.com\/tunisie\/2022\/09\/30\/la-berd-accompagnera-la-strategie-tunisienne-de-production-dhydrogene-vert\/#breadcrumb"},"inLanguage":"fr-FR","potentialAction":[{"@type":"ReadAction","target":["https:\/\/kapitalis.com\/tunisie\/2022\/09\/30\/la-berd-accompagnera-la-strategie-tunisienne-de-production-dhydrogene-vert\/"]}]},{"@type":"ImageObject","inLanguage":"fr-FR","@id":"https:\/\/kapitalis.com\/tunisie\/2022\/09\/30\/la-berd-accompagnera-la-strategie-tunisienne-de-production-dhydrogene-vert\/#primaryimage","url":"https:\/\/kapitalis.com\/tunisie\/wp-content\/uploads\/2022\/09\/Neila-Gongi-Berd.jpg","contentUrl":"https:\/\/kapitalis.com\/tunisie\/wp-content\/uploads\/2022\/09\/Neila-Gongi-Berd.jpg","width":1200,"height":630},{"@type":"BreadcrumbList","@id":"https:\/\/kapitalis.com\/tunisie\/2022\/09\/30\/la-berd-accompagnera-la-strategie-tunisienne-de-production-dhydrogene-vert\/#breadcrumb","itemListElement":[{"@type":"ListItem","position":1,"name":"Accueil","item":"https:\/\/kapitalis.com\/tunisie\/"},{"@type":"ListItem","position":2,"name":"La Berd accompagnera la strat\u00e9gie tunisienne de production d\u2019hydrog\u00e8ne vert"}]},{"@type":"WebSite","@id":"https:\/\/kapitalis.com\/tunisie\/#website","url":"https:\/\/kapitalis.com\/tunisie\/","name":"Kapitalis","description":"L&#039;actualit\u00e9 en Tunisie et dans le monde","publisher":{"@id":"https:\/\/kapitalis.com\/tunisie\/#organization"},"potentialAction":[{"@type":"SearchAction","target":{"@type":"EntryPoint","urlTemplate":"https:\/\/kapitalis.com\/tunisie\/?s={search_term_string}"},"query-input":{"@type":"PropertyValueSpecification","valueRequired":true,"valueName":"search_term_string"}}],"inLanguage":"fr-FR"},{"@type":"Organization","@id":"https:\/\/kapitalis.com\/tunisie\/#organization","name":"Kapitalis","url":"https:\/\/kapitalis.com\/tunisie\/","logo":{"@type":"ImageObject","inLanguage":"fr-FR","@id":"https:\/\/kapitalis.com\/tunisie\/#\/schema\/logo\/image\/","url":"https:\/\/kapitalis.com\/tunisie\/wp-content\/uploads\/2022\/05\/Kapitalis-big-size.png","contentUrl":"https:\/\/kapitalis.com\/tunisie\/wp-content\/uploads\/2022\/05\/Kapitalis-big-size.png","width":5000,"height":1500,"caption":"Kapitalis"},"image":{"@id":"https:\/\/kapitalis.com\/tunisie\/#\/schema\/logo\/image\/"},"sameAs":["https:\/\/www.facebook.com\/KapitalisInfo\/","https:\/\/x.com\/KapitalisInfo","https:\/\/www.youtube.com\/channel\/UC-yDYrHyfFBWWZaOw3FPg9Q"]},{"@type":"Person","@id":"https:\/\/kapitalis.com\/tunisie\/#\/schema\/person\/d71f33a9ca44f7bad4698210b480c8e9","name":"webmaster kapitalis","url":"https:\/\/kapitalis.com\/tunisie\/author\/webmaster-kapitalis\/"}]}},"_links":{"self":[{"href":"https:\/\/kapitalis.com\/tunisie\/wp-json\/wp\/v2\/posts\/4346911","targetHints":{"allow":["GET"]}}],"collection":[{"href":"https:\/\/kapitalis.com\/tunisie\/wp-json\/wp\/v2\/posts"}],"about":[{"href":"https:\/\/kapitalis.com\/tunisie\/wp-json\/wp\/v2\/types\/post"}],"author":[{"embeddable":true,"href":"https:\/\/kapitalis.com\/tunisie\/wp-json\/wp\/v2\/users\/8"}],"replies":[{"embeddable":true,"href":"https:\/\/kapitalis.com\/tunisie\/wp-json\/wp\/v2\/comments?post=4346911"}],"version-history":[{"count":0,"href":"https:\/\/kapitalis.com\/tunisie\/wp-json\/wp\/v2\/posts\/4346911\/revisions"}],"wp:featuredmedia":[{"embeddable":true,"href":"https:\/\/kapitalis.com\/tunisie\/wp-json\/wp\/v2\/media\/4346953"}],"wp:attachment":[{"href":"https:\/\/kapitalis.com\/tunisie\/wp-json\/wp\/v2\/media?parent=4346911"}],"wp:term":[{"taxonomy":"category","embeddable":true,"href":"https:\/\/kapitalis.com\/tunisie\/wp-json\/wp\/v2\/categories?post=4346911"},{"taxonomy":"post_tag","embeddable":true,"href":"https:\/\/kapitalis.com\/tunisie\/wp-json\/wp\/v2\/tags?post=4346911"}],"curies":[{"name":"wp","href":"https:\/\/api.w.org\/{rel}","templated":true}]}}