{"id":4352132,"date":"2022-09-30T19:19:11","date_gmt":"2022-09-30T18:19:11","guid":{"rendered":"https:\/\/kapitalis.com\/tunisie\/?p=4352132"},"modified":"2022-09-30T19:19:13","modified_gmt":"2022-09-30T18:19:13","slug":"tunisie-meteo-vents-forts-attendus-cette-nuit-dans-la-plupart-des-regions","status":"publish","type":"post","link":"https:\/\/kapitalis.com\/tunisie\/2022\/09\/30\/tunisie-meteo-vents-forts-attendus-cette-nuit-dans-la-plupart-des-regions\/","title":{"rendered":"Tunisie-M\u00e9t\u00e9o : Vents forts attendus, cette nuit, dans la plupart des r\u00e9gions"},"content":{"rendered":"\n<p><strong><em>Des vents forts sont attendus, cette nuit, dans la plupart des r\u00e9gions annonce l\u2019Institut national de la m\u00e9t\u00e9orologie (INM), ce vendredi 30 septembre 2022.<\/em><\/strong><\/p>\n\n\n\n<!--more-->\n\n\n\n<p>L&rsquo;INM a de ce fait appel\u00e9 \u00e0 la vigilance et en particulier pour les activit\u00e9s maritimes et de p\u00eache car la mer sera agit\u00e9e \u00e0 tr\u00e8s agit\u00e9e, sachant que des pluies localement orageuses sont \u00e9galement attendues \u00e0 l\u2019extr\u00eame nord-ouest.<\/p>\n\n\n\n<p>Quant aux temp\u00e9ratures, elles varieront, cette nuit, entre 17 et 22\u00b0C au nord et sur les hauteurs et entre 24 et 29\u00b0C dans le reste des r\u00e9gions du pays.<\/p>\n\n\n\n<p class=\"has-text-align-right\"><strong>Y. N.<\/strong><\/p>\n","protected":false},"excerpt":{"rendered":"<p>Tunisie- M\u00e9t\u00e9o : Vents forts attendus, cette nuit, dans la plupart des r\u00e9gions<\/p>\n","protected":false},"author":6,"featured_media":4352160,"comment_status":"open","ping_status":"open","sticky":false,"template":"","format":"standard","meta":{"footnotes":""},"categories":[998,2433],"tags":[483,603,1665,62643,10254],"class_list":["post-4352132","post","type-post","status-publish","format-standard","has-post-thumbnail","hentry","category-societe","category-tunisie","tag-inm","tag-meteo","tag-temperatures","tag-tunisie","tag-vents-forts"],"yoast_head":"<!-- This site is optimized with the Yoast SEO plugin v26.6 - https:\/\/yoast.com\/wordpress\/plugins\/seo\/ -->\n<title>Tunisie-M\u00e9t\u00e9o : Vents forts attendus, cette nuit, dans la plupart des r\u00e9gions - Kapitalis<\/title>\n<meta name=\"description\" content=\"Des vents forts sont attendus, cette nuit, sur la plupart des r\u00e9gions annonce l\u2019Institut national de la m\u00e9t\u00e9orologie (INM), ce vendredi 30 septembre 2022.\" \/>\n<meta name=\"robots\" content=\"index, follow, max-snippet:-1, max-image-preview:large, max-video-preview:-1\" \/>\n<link rel=\"canonical\" href=\"https:\/\/kapitalis.com\/tunisie\/2022\/09\/30\/tunisie-meteo-vents-forts-attendus-cette-nuit-dans-la-plupart-des-regions\/\" \/>\n<meta property=\"og:locale\" content=\"fr_FR\" \/>\n<meta property=\"og:type\" content=\"article\" \/>\n<meta property=\"og:title\" content=\"Tunisie-M\u00e9t\u00e9o : Vents forts attendus, cette nuit, dans la plupart des r\u00e9gions - Kapitalis\" \/>\n<meta property=\"og:description\" content=\"Des vents forts sont attendus, cette nuit, sur la plupart des r\u00e9gions annonce l\u2019Institut national de la m\u00e9t\u00e9orologie (INM), ce vendredi 30 septembre 2022.\" \/>\n<meta property=\"og:url\" content=\"https:\/\/kapitalis.com\/tunisie\/2022\/09\/30\/tunisie-meteo-vents-forts-attendus-cette-nuit-dans-la-plupart-des-regions\/\" \/>\n<meta property=\"og:site_name\" content=\"Kapitalis\" \/>\n<meta property=\"article:publisher\" content=\"https:\/\/www.facebook.com\/KapitalisInfo\/\" \/>\n<meta property=\"article:published_time\" content=\"2022-09-30T18:19:11+00:00\" \/>\n<meta property=\"article:modified_time\" content=\"2022-09-30T18:19:13+00:00\" \/>\n<meta property=\"og:image\" content=\"https:\/\/kapitalis.com\/tunisie\/wp-content\/uploads\/2022\/09\/vents-meteo-Tunisie.jpg\" \/>\n\t<meta property=\"og:image:width\" content=\"1200\" \/>\n\t<meta property=\"og:image:height\" content=\"630\" \/>\n\t<meta property=\"og:image:type\" content=\"image\/jpeg\" \/>\n<meta name=\"author\" content=\"Yusra NY\" \/>\n<meta name=\"twitter:card\" content=\"summary_large_image\" \/>\n<meta name=\"twitter:creator\" content=\"@KapitalisInfo\" \/>\n<meta name=\"twitter:site\" content=\"@KapitalisInfo\" \/>\n<meta name=\"twitter:label1\" content=\"\u00c9crit par\" \/>\n\t<meta name=\"twitter:data1\" content=\"Yusra NY\" \/>\n\t<meta name=\"twitter:label2\" content=\"Dur\u00e9e de lecture estim\u00e9e\" \/>\n\t<meta name=\"twitter:data2\" content=\"1 minute\" \/>\n<script type=\"application\/ld+json\" class=\"yoast-schema-graph\">{\"@context\":\"https:\/\/schema.org\",\"@graph\":[{\"@type\":\"Article\",\"@id\":\"https:\/\/kapitalis.com\/tunisie\/2022\/09\/30\/tunisie-meteo-vents-forts-attendus-cette-nuit-dans-la-plupart-des-regions\/#article\",\"isPartOf\":{\"@id\":\"https:\/\/kapitalis.com\/tunisie\/2022\/09\/30\/tunisie-meteo-vents-forts-attendus-cette-nuit-dans-la-plupart-des-regions\/\"},\"author\":{\"name\":\"Yusra NY\",\"@id\":\"https:\/\/kapitalis.com\/tunisie\/#\/schema\/person\/74bbde0154d49d790a92aaeac5bc01d5\"},\"headline\":\"Tunisie-M\u00e9t\u00e9o : Vents forts attendus, cette nuit, dans la plupart des r\u00e9gions\",\"datePublished\":\"2022-09-30T18:19:11+00:00\",\"dateModified\":\"2022-09-30T18:19:13+00:00\",\"mainEntityOfPage\":{\"@id\":\"https:\/\/kapitalis.com\/tunisie\/2022\/09\/30\/tunisie-meteo-vents-forts-attendus-cette-nuit-dans-la-plupart-des-regions\/\"},\"wordCount\":114,\"commentCount\":0,\"publisher\":{\"@id\":\"https:\/\/kapitalis.com\/tunisie\/#organization\"},\"image\":{\"@id\":\"https:\/\/kapitalis.com\/tunisie\/2022\/09\/30\/tunisie-meteo-vents-forts-attendus-cette-nuit-dans-la-plupart-des-regions\/#primaryimage\"},\"thumbnailUrl\":\"https:\/\/kapitalis.com\/tunisie\/wp-content\/uploads\/2022\/09\/vents-meteo-Tunisie.jpg\",\"keywords\":[\"INM\",\"m\u00e9t\u00e9o\",\"temp\u00e9ratures\",\"Tunisie\",\"vents forts\"],\"articleSection\":[\"SOCIETE\",\"Tunisie\"],\"inLanguage\":\"fr-FR\",\"potentialAction\":[{\"@type\":\"CommentAction\",\"name\":\"Comment\",\"target\":[\"https:\/\/kapitalis.com\/tunisie\/2022\/09\/30\/tunisie-meteo-vents-forts-attendus-cette-nuit-dans-la-plupart-des-regions\/#respond\"]}]},{\"@type\":\"WebPage\",\"@id\":\"https:\/\/kapitalis.com\/tunisie\/2022\/09\/30\/tunisie-meteo-vents-forts-attendus-cette-nuit-dans-la-plupart-des-regions\/\",\"url\":\"https:\/\/kapitalis.com\/tunisie\/2022\/09\/30\/tunisie-meteo-vents-forts-attendus-cette-nuit-dans-la-plupart-des-regions\/\",\"name\":\"Tunisie-M\u00e9t\u00e9o : Vents forts attendus, cette nuit, dans la plupart des r\u00e9gions - Kapitalis\",\"isPartOf\":{\"@id\":\"https:\/\/kapitalis.com\/tunisie\/#website\"},\"primaryImageOfPage\":{\"@id\":\"https:\/\/kapitalis.com\/tunisie\/2022\/09\/30\/tunisie-meteo-vents-forts-attendus-cette-nuit-dans-la-plupart-des-regions\/#primaryimage\"},\"image\":{\"@id\":\"https:\/\/kapitalis.com\/tunisie\/2022\/09\/30\/tunisie-meteo-vents-forts-attendus-cette-nuit-dans-la-plupart-des-regions\/#primaryimage\"},\"thumbnailUrl\":\"https:\/\/kapitalis.com\/tunisie\/wp-content\/uploads\/2022\/09\/vents-meteo-Tunisie.jpg\",\"datePublished\":\"2022-09-30T18:19:11+00:00\",\"dateModified\":\"2022-09-30T18:19:13+00:00\",\"description\":\"Des vents forts sont attendus, cette nuit, sur la plupart des r\u00e9gions annonce l\u2019Institut national de la m\u00e9t\u00e9orologie (INM), ce vendredi 30 septembre 2022.\",\"breadcrumb\":{\"@id\":\"https:\/\/kapitalis.com\/tunisie\/2022\/09\/30\/tunisie-meteo-vents-forts-attendus-cette-nuit-dans-la-plupart-des-regions\/#breadcrumb\"},\"inLanguage\":\"fr-FR\",\"potentialAction\":[{\"@type\":\"ReadAction\",\"target\":[\"https:\/\/kapitalis.com\/tunisie\/2022\/09\/30\/tunisie-meteo-vents-forts-attendus-cette-nuit-dans-la-plupart-des-regions\/\"]}]},{\"@type\":\"ImageObject\",\"inLanguage\":\"fr-FR\",\"@id\":\"https:\/\/kapitalis.com\/tunisie\/2022\/09\/30\/tunisie-meteo-vents-forts-attendus-cette-nuit-dans-la-plupart-des-regions\/#primaryimage\",\"url\":\"https:\/\/kapitalis.com\/tunisie\/wp-content\/uploads\/2022\/09\/vents-meteo-Tunisie.jpg\",\"contentUrl\":\"https:\/\/kapitalis.com\/tunisie\/wp-content\/uploads\/2022\/09\/vents-meteo-Tunisie.jpg\",\"width\":1200,\"height\":630},{\"@type\":\"BreadcrumbList\",\"@id\":\"https:\/\/kapitalis.com\/tunisie\/2022\/09\/30\/tunisie-meteo-vents-forts-attendus-cette-nuit-dans-la-plupart-des-regions\/#breadcrumb\",\"itemListElement\":[{\"@type\":\"ListItem\",\"position\":1,\"name\":\"Accueil\",\"item\":\"https:\/\/kapitalis.com\/tunisie\/\"},{\"@type\":\"ListItem\",\"position\":2,\"name\":\"Tunisie-M\u00e9t\u00e9o : Vents forts attendus, cette nuit, dans la plupart des r\u00e9gions\"}]},{\"@type\":\"WebSite\",\"@id\":\"https:\/\/kapitalis.com\/tunisie\/#website\",\"url\":\"https:\/\/kapitalis.com\/tunisie\/\",\"name\":\"Kapitalis\",\"description\":\"L&#039;actualit\u00e9 en Tunisie et dans le monde\",\"publisher\":{\"@id\":\"https:\/\/kapitalis.com\/tunisie\/#organization\"},\"potentialAction\":[{\"@type\":\"SearchAction\",\"target\":{\"@type\":\"EntryPoint\",\"urlTemplate\":\"https:\/\/kapitalis.com\/tunisie\/?s={search_term_string}\"},\"query-input\":{\"@type\":\"PropertyValueSpecification\",\"valueRequired\":true,\"valueName\":\"search_term_string\"}}],\"inLanguage\":\"fr-FR\"},{\"@type\":\"Organization\",\"@id\":\"https:\/\/kapitalis.com\/tunisie\/#organization\",\"name\":\"Kapitalis\",\"url\":\"https:\/\/kapitalis.com\/tunisie\/\",\"logo\":{\"@type\":\"ImageObject\",\"inLanguage\":\"fr-FR\",\"@id\":\"https:\/\/kapitalis.com\/tunisie\/#\/schema\/logo\/image\/\",\"url\":\"https:\/\/kapitalis.com\/tunisie\/wp-content\/uploads\/2022\/05\/Kapitalis-big-size.png\",\"contentUrl\":\"https:\/\/kapitalis.com\/tunisie\/wp-content\/uploads\/2022\/05\/Kapitalis-big-size.png\",\"width\":5000,\"height\":1500,\"caption\":\"Kapitalis\"},\"image\":{\"@id\":\"https:\/\/kapitalis.com\/tunisie\/#\/schema\/logo\/image\/\"},\"sameAs\":[\"https:\/\/www.facebook.com\/KapitalisInfo\/\",\"https:\/\/x.com\/KapitalisInfo\",\"https:\/\/www.youtube.com\/channel\/UC-yDYrHyfFBWWZaOw3FPg9Q\"]},{\"@type\":\"Person\",\"@id\":\"https:\/\/kapitalis.com\/tunisie\/#\/schema\/person\/74bbde0154d49d790a92aaeac5bc01d5\",\"name\":\"Yusra NY\",\"url\":\"https:\/\/kapitalis.com\/tunisie\/author\/yuza_adam\/\"}]}<\/script>\n<!-- \/ Yoast SEO plugin. -->","yoast_head_json":{"title":"Tunisie-M\u00e9t\u00e9o : Vents forts attendus, cette nuit, dans la plupart des r\u00e9gions - Kapitalis","description":"Des vents forts sont attendus, cette nuit, sur la plupart des r\u00e9gions annonce l\u2019Institut national de la m\u00e9t\u00e9orologie (INM), ce vendredi 30 septembre 2022.","robots":{"index":"index","follow":"follow","max-snippet":"max-snippet:-1","max-image-preview":"max-image-preview:large","max-video-preview":"max-video-preview:-1"},"canonical":"https:\/\/kapitalis.com\/tunisie\/2022\/09\/30\/tunisie-meteo-vents-forts-attendus-cette-nuit-dans-la-plupart-des-regions\/","og_locale":"fr_FR","og_type":"article","og_title":"Tunisie-M\u00e9t\u00e9o : Vents forts attendus, cette nuit, dans la plupart des r\u00e9gions - Kapitalis","og_description":"Des vents forts sont attendus, cette nuit, sur la plupart des r\u00e9gions annonce l\u2019Institut national de la m\u00e9t\u00e9orologie (INM), ce vendredi 30 septembre 2022.","og_url":"https:\/\/kapitalis.com\/tunisie\/2022\/09\/30\/tunisie-meteo-vents-forts-attendus-cette-nuit-dans-la-plupart-des-regions\/","og_site_name":"Kapitalis","article_publisher":"https:\/\/www.facebook.com\/KapitalisInfo\/","article_published_time":"2022-09-30T18:19:11+00:00","article_modified_time":"2022-09-30T18:19:13+00:00","og_image":[{"width":1200,"height":630,"url":"https:\/\/kapitalis.com\/tunisie\/wp-content\/uploads\/2022\/09\/vents-meteo-Tunisie.jpg","type":"image\/jpeg"}],"author":"Yusra NY","twitter_card":"summary_large_image","twitter_creator":"@KapitalisInfo","twitter_site":"@KapitalisInfo","twitter_misc":{"\u00c9crit par":"Yusra NY","Dur\u00e9e de lecture estim\u00e9e":"1 minute"},"schema":{"@context":"https:\/\/schema.org","@graph":[{"@type":"Article","@id":"https:\/\/kapitalis.com\/tunisie\/2022\/09\/30\/tunisie-meteo-vents-forts-attendus-cette-nuit-dans-la-plupart-des-regions\/#article","isPartOf":{"@id":"https:\/\/kapitalis.com\/tunisie\/2022\/09\/30\/tunisie-meteo-vents-forts-attendus-cette-nuit-dans-la-plupart-des-regions\/"},"author":{"name":"Yusra NY","@id":"https:\/\/kapitalis.com\/tunisie\/#\/schema\/person\/74bbde0154d49d790a92aaeac5bc01d5"},"headline":"Tunisie-M\u00e9t\u00e9o : Vents forts attendus, cette nuit, dans la plupart des r\u00e9gions","datePublished":"2022-09-30T18:19:11+00:00","dateModified":"2022-09-30T18:19:13+00:00","mainEntityOfPage":{"@id":"https:\/\/kapitalis.com\/tunisie\/2022\/09\/30\/tunisie-meteo-vents-forts-attendus-cette-nuit-dans-la-plupart-des-regions\/"},"wordCount":114,"commentCount":0,"publisher":{"@id":"https:\/\/kapitalis.com\/tunisie\/#organization"},"image":{"@id":"https:\/\/kapitalis.com\/tunisie\/2022\/09\/30\/tunisie-meteo-vents-forts-attendus-cette-nuit-dans-la-plupart-des-regions\/#primaryimage"},"thumbnailUrl":"https:\/\/kapitalis.com\/tunisie\/wp-content\/uploads\/2022\/09\/vents-meteo-Tunisie.jpg","keywords":["INM","m\u00e9t\u00e9o","temp\u00e9ratures","Tunisie","vents forts"],"articleSection":["SOCIETE","Tunisie"],"inLanguage":"fr-FR","potentialAction":[{"@type":"CommentAction","name":"Comment","target":["https:\/\/kapitalis.com\/tunisie\/2022\/09\/30\/tunisie-meteo-vents-forts-attendus-cette-nuit-dans-la-plupart-des-regions\/#respond"]}]},{"@type":"WebPage","@id":"https:\/\/kapitalis.com\/tunisie\/2022\/09\/30\/tunisie-meteo-vents-forts-attendus-cette-nuit-dans-la-plupart-des-regions\/","url":"https:\/\/kapitalis.com\/tunisie\/2022\/09\/30\/tunisie-meteo-vents-forts-attendus-cette-nuit-dans-la-plupart-des-regions\/","name":"Tunisie-M\u00e9t\u00e9o : Vents forts attendus, cette nuit, dans la plupart des r\u00e9gions - Kapitalis","isPartOf":{"@id":"https:\/\/kapitalis.com\/tunisie\/#website"},"primaryImageOfPage":{"@id":"https:\/\/kapitalis.com\/tunisie\/2022\/09\/30\/tunisie-meteo-vents-forts-attendus-cette-nuit-dans-la-plupart-des-regions\/#primaryimage"},"image":{"@id":"https:\/\/kapitalis.com\/tunisie\/2022\/09\/30\/tunisie-meteo-vents-forts-attendus-cette-nuit-dans-la-plupart-des-regions\/#primaryimage"},"thumbnailUrl":"https:\/\/kapitalis.com\/tunisie\/wp-content\/uploads\/2022\/09\/vents-meteo-Tunisie.jpg","datePublished":"2022-09-30T18:19:11+00:00","dateModified":"2022-09-30T18:19:13+00:00","description":"Des vents forts sont attendus, cette nuit, sur la plupart des r\u00e9gions annonce l\u2019Institut national de la m\u00e9t\u00e9orologie (INM), ce vendredi 30 septembre 2022.","breadcrumb":{"@id":"https:\/\/kapitalis.com\/tunisie\/2022\/09\/30\/tunisie-meteo-vents-forts-attendus-cette-nuit-dans-la-plupart-des-regions\/#breadcrumb"},"inLanguage":"fr-FR","potentialAction":[{"@type":"ReadAction","target":["https:\/\/kapitalis.com\/tunisie\/2022\/09\/30\/tunisie-meteo-vents-forts-attendus-cette-nuit-dans-la-plupart-des-regions\/"]}]},{"@type":"ImageObject","inLanguage":"fr-FR","@id":"https:\/\/kapitalis.com\/tunisie\/2022\/09\/30\/tunisie-meteo-vents-forts-attendus-cette-nuit-dans-la-plupart-des-regions\/#primaryimage","url":"https:\/\/kapitalis.com\/tunisie\/wp-content\/uploads\/2022\/09\/vents-meteo-Tunisie.jpg","contentUrl":"https:\/\/kapitalis.com\/tunisie\/wp-content\/uploads\/2022\/09\/vents-meteo-Tunisie.jpg","width":1200,"height":630},{"@type":"BreadcrumbList","@id":"https:\/\/kapitalis.com\/tunisie\/2022\/09\/30\/tunisie-meteo-vents-forts-attendus-cette-nuit-dans-la-plupart-des-regions\/#breadcrumb","itemListElement":[{"@type":"ListItem","position":1,"name":"Accueil","item":"https:\/\/kapitalis.com\/tunisie\/"},{"@type":"ListItem","position":2,"name":"Tunisie-M\u00e9t\u00e9o : Vents forts attendus, cette nuit, dans la plupart des r\u00e9gions"}]},{"@type":"WebSite","@id":"https:\/\/kapitalis.com\/tunisie\/#website","url":"https:\/\/kapitalis.com\/tunisie\/","name":"Kapitalis","description":"L&#039;actualit\u00e9 en Tunisie et dans le monde","publisher":{"@id":"https:\/\/kapitalis.com\/tunisie\/#organization"},"potentialAction":[{"@type":"SearchAction","target":{"@type":"EntryPoint","urlTemplate":"https:\/\/kapitalis.com\/tunisie\/?s={search_term_string}"},"query-input":{"@type":"PropertyValueSpecification","valueRequired":true,"valueName":"search_term_string"}}],"inLanguage":"fr-FR"},{"@type":"Organization","@id":"https:\/\/kapitalis.com\/tunisie\/#organization","name":"Kapitalis","url":"https:\/\/kapitalis.com\/tunisie\/","logo":{"@type":"ImageObject","inLanguage":"fr-FR","@id":"https:\/\/kapitalis.com\/tunisie\/#\/schema\/logo\/image\/","url":"https:\/\/kapitalis.com\/tunisie\/wp-content\/uploads\/2022\/05\/Kapitalis-big-size.png","contentUrl":"https:\/\/kapitalis.com\/tunisie\/wp-content\/uploads\/2022\/05\/Kapitalis-big-size.png","width":5000,"height":1500,"caption":"Kapitalis"},"image":{"@id":"https:\/\/kapitalis.com\/tunisie\/#\/schema\/logo\/image\/"},"sameAs":["https:\/\/www.facebook.com\/KapitalisInfo\/","https:\/\/x.com\/KapitalisInfo","https:\/\/www.youtube.com\/channel\/UC-yDYrHyfFBWWZaOw3FPg9Q"]},{"@type":"Person","@id":"https:\/\/kapitalis.com\/tunisie\/#\/schema\/person\/74bbde0154d49d790a92aaeac5bc01d5","name":"Yusra NY","url":"https:\/\/kapitalis.com\/tunisie\/author\/yuza_adam\/"}]}},"_links":{"self":[{"href":"https:\/\/kapitalis.com\/tunisie\/wp-json\/wp\/v2\/posts\/4352132","targetHints":{"allow":["GET"]}}],"collection":[{"href":"https:\/\/kapitalis.com\/tunisie\/wp-json\/wp\/v2\/posts"}],"about":[{"href":"https:\/\/kapitalis.com\/tunisie\/wp-json\/wp\/v2\/types\/post"}],"author":[{"embeddable":true,"href":"https:\/\/kapitalis.com\/tunisie\/wp-json\/wp\/v2\/users\/6"}],"replies":[{"embeddable":true,"href":"https:\/\/kapitalis.com\/tunisie\/wp-json\/wp\/v2\/comments?post=4352132"}],"version-history":[{"count":0,"href":"https:\/\/kapitalis.com\/tunisie\/wp-json\/wp\/v2\/posts\/4352132\/revisions"}],"wp:featuredmedia":[{"embeddable":true,"href":"https:\/\/kapitalis.com\/tunisie\/wp-json\/wp\/v2\/media\/4352160"}],"wp:attachment":[{"href":"https:\/\/kapitalis.com\/tunisie\/wp-json\/wp\/v2\/media?parent=4352132"}],"wp:term":[{"taxonomy":"category","embeddable":true,"href":"https:\/\/kapitalis.com\/tunisie\/wp-json\/wp\/v2\/categories?post=4352132"},{"taxonomy":"post_tag","embeddable":true,"href":"https:\/\/kapitalis.com\/tunisie\/wp-json\/wp\/v2\/tags?post=4352132"}],"curies":[{"name":"wp","href":"https:\/\/api.w.org\/{rel}","templated":true}]}}