{"id":43603,"date":"2016-03-17T12:33:51","date_gmt":"2016-03-17T11:33:51","guid":{"rendered":"http:\/\/kapitalis.com\/tunisie\/?p=43603"},"modified":"2016-03-17T12:33:51","modified_gmt":"2016-03-17T11:33:51","slug":"ugtt-houcine-abassi-recoit-des-menaces-de-mort","status":"publish","type":"post","link":"https:\/\/kapitalis.com\/tunisie\/2016\/03\/17\/ugtt-houcine-abassi-recoit-des-menaces-de-mort\/","title":{"rendered":"UGTT : Houcine Abassi re\u00e7oit des menaces de mort"},"content":{"rendered":"<p style=\"text-align: center;\"><img loading=\"lazy\" decoding=\"async\" class=\"alignnone size-full wp-image-21003\" src=\"http:\/\/kapitalis.com\/tunisie\/wp-content\/uploads\/2015\/10\/abassi.jpg\" alt=\"abassi\" width=\"626\" height=\"380\" \/><\/p>\n<p><em><strong>Houcine Abassi, secr\u00e9taire g\u00e9n\u00e9ral de l&rsquo;Union g\u00e9n\u00e9rale tunisienne du travail (UGTT\u00a0), a re\u00e7u,\u00a0jeudi 17 mars 2016,<\/strong><strong>\u00a0des menaces de mort.<\/strong><\/em><\/p>\n<p><!--more--><\/p>\n<p>C\u2019est ce qu\u2019a annonc\u00e9 l\u2019UGTT, ce matin, en pr\u00e9cisant que les menaces ont \u00e9t\u00e9 envoy\u00e9es par lettre au si\u00e8ge de l&rsquo;organisation ouvri\u00e8re \u00e0 Tunis.<\/p>\n<p>Houcine Abassi en a alert\u00e9 la police qui a ouvert une enqu\u00eate.<\/p>\n<p>Ce n\u2019est pas la premi\u00e8re fois que le secr\u00e9taire g\u00e9n\u00e9ral de l\u2019UGTT est la cible de menaces. La derni\u00e8re en date remonte \u00e0 juillet 2015. Il avait alors inform\u00e9 Habib Essid, le chef du gouvernement, de cette menace, qui concernait\u00a0\u00e9galement plusieurs dirigeants de la centrale syndicale. Et des\u00a0mesures ont \u00e9t\u00e9 prises par le minist\u00e8re de l&rsquo;int\u00e9rieur pour renforcer la protection de l&rsquo;UGTT et de ses dirigeants.<\/p>\n<p style=\"text-align: right;\"><strong>Y. N.<\/strong><\/p>\n","protected":false},"excerpt":{"rendered":"<p>Houcine Abassi, secr\u00e9taire g\u00e9n\u00e9ral de l&rsquo;Union g\u00e9n\u00e9rale tunisienne du travail (UGTT\u00a0), a re\u00e7u,\u00a0jeudi 17 mars 2016,\u00a0des menaces de mort.<\/p>\n","protected":false},"author":6,"featured_media":0,"comment_status":"open","ping_status":"open","sticky":false,"template":"","format":"standard","meta":{"footnotes":""},"categories":[997,2433],"tags":[435,1714,15566],"class_list":["post-43603","post","type-post","status-publish","format-standard","hentry","category-politique","category-tunisie","tag-habib-essid","tag-houcine-abassi","tag-menaces-mort"],"yoast_head":"<!-- This site is optimized with the Yoast SEO plugin v26.6 - https:\/\/yoast.com\/wordpress\/plugins\/seo\/ -->\n<title>UGTT : Houcine Abassi re\u00e7oit des menaces de mort - Kapitalis<\/title>\n<meta name=\"robots\" content=\"index, follow, max-snippet:-1, max-image-preview:large, max-video-preview:-1\" \/>\n<link rel=\"canonical\" href=\"https:\/\/kapitalis.com\/tunisie\/2016\/03\/17\/ugtt-houcine-abassi-recoit-des-menaces-de-mort\/\" \/>\n<meta property=\"og:locale\" content=\"fr_FR\" \/>\n<meta property=\"og:type\" content=\"article\" \/>\n<meta property=\"og:title\" content=\"UGTT : Houcine Abassi re\u00e7oit des menaces de mort - Kapitalis\" \/>\n<meta property=\"og:description\" content=\"Houcine Abassi, secr\u00e9taire g\u00e9n\u00e9ral de l&rsquo;Union g\u00e9n\u00e9rale tunisienne du travail (UGTT\u00a0), a re\u00e7u,\u00a0jeudi 17 mars 2016,\u00a0des menaces de mort.\" \/>\n<meta property=\"og:url\" content=\"https:\/\/kapitalis.com\/tunisie\/2016\/03\/17\/ugtt-houcine-abassi-recoit-des-menaces-de-mort\/\" \/>\n<meta property=\"og:site_name\" content=\"Kapitalis\" \/>\n<meta property=\"article:publisher\" content=\"https:\/\/www.facebook.com\/KapitalisInfo\/\" \/>\n<meta property=\"article:published_time\" content=\"2016-03-17T11:33:51+00:00\" \/>\n<meta property=\"og:image\" content=\"http:\/\/kapitalis.com\/tunisie\/wp-content\/uploads\/2015\/10\/abassi.jpg\" \/>\n<meta name=\"author\" content=\"Yusra NY\" \/>\n<meta name=\"twitter:card\" content=\"summary_large_image\" \/>\n<meta name=\"twitter:creator\" content=\"@KapitalisInfo\" \/>\n<meta name=\"twitter:site\" content=\"@KapitalisInfo\" \/>\n<meta name=\"twitter:label1\" content=\"\u00c9crit par\" \/>\n\t<meta name=\"twitter:data1\" content=\"Yusra NY\" \/>\n\t<meta name=\"twitter:label2\" content=\"Dur\u00e9e de lecture estim\u00e9e\" \/>\n\t<meta name=\"twitter:data2\" content=\"1 minute\" \/>\n<script type=\"application\/ld+json\" class=\"yoast-schema-graph\">{\"@context\":\"https:\/\/schema.org\",\"@graph\":[{\"@type\":\"Article\",\"@id\":\"https:\/\/kapitalis.com\/tunisie\/2016\/03\/17\/ugtt-houcine-abassi-recoit-des-menaces-de-mort\/#article\",\"isPartOf\":{\"@id\":\"https:\/\/kapitalis.com\/tunisie\/2016\/03\/17\/ugtt-houcine-abassi-recoit-des-menaces-de-mort\/\"},\"author\":{\"name\":\"Yusra NY\",\"@id\":\"https:\/\/kapitalis.com\/tunisie\/#\/schema\/person\/74bbde0154d49d790a92aaeac5bc01d5\"},\"headline\":\"UGTT : Houcine Abassi re\u00e7oit des menaces de mort\",\"datePublished\":\"2016-03-17T11:33:51+00:00\",\"mainEntityOfPage\":{\"@id\":\"https:\/\/kapitalis.com\/tunisie\/2016\/03\/17\/ugtt-houcine-abassi-recoit-des-menaces-de-mort\/\"},\"wordCount\":154,\"commentCount\":1,\"publisher\":{\"@id\":\"https:\/\/kapitalis.com\/tunisie\/#organization\"},\"image\":{\"@id\":\"https:\/\/kapitalis.com\/tunisie\/2016\/03\/17\/ugtt-houcine-abassi-recoit-des-menaces-de-mort\/#primaryimage\"},\"thumbnailUrl\":\"http:\/\/kapitalis.com\/tunisie\/wp-content\/uploads\/2015\/10\/abassi.jpg\",\"keywords\":[\"Habib Essid\",\"Houcine Abassi\",\"menaces mort\"],\"articleSection\":[\"POLITIQUE\",\"Tunisie\"],\"inLanguage\":\"fr-FR\",\"potentialAction\":[{\"@type\":\"CommentAction\",\"name\":\"Comment\",\"target\":[\"https:\/\/kapitalis.com\/tunisie\/2016\/03\/17\/ugtt-houcine-abassi-recoit-des-menaces-de-mort\/#respond\"]}]},{\"@type\":\"WebPage\",\"@id\":\"https:\/\/kapitalis.com\/tunisie\/2016\/03\/17\/ugtt-houcine-abassi-recoit-des-menaces-de-mort\/\",\"url\":\"https:\/\/kapitalis.com\/tunisie\/2016\/03\/17\/ugtt-houcine-abassi-recoit-des-menaces-de-mort\/\",\"name\":\"UGTT : Houcine Abassi re\u00e7oit des menaces de mort - Kapitalis\",\"isPartOf\":{\"@id\":\"https:\/\/kapitalis.com\/tunisie\/#website\"},\"primaryImageOfPage\":{\"@id\":\"https:\/\/kapitalis.com\/tunisie\/2016\/03\/17\/ugtt-houcine-abassi-recoit-des-menaces-de-mort\/#primaryimage\"},\"image\":{\"@id\":\"https:\/\/kapitalis.com\/tunisie\/2016\/03\/17\/ugtt-houcine-abassi-recoit-des-menaces-de-mort\/#primaryimage\"},\"thumbnailUrl\":\"http:\/\/kapitalis.com\/tunisie\/wp-content\/uploads\/2015\/10\/abassi.jpg\",\"datePublished\":\"2016-03-17T11:33:51+00:00\",\"breadcrumb\":{\"@id\":\"https:\/\/kapitalis.com\/tunisie\/2016\/03\/17\/ugtt-houcine-abassi-recoit-des-menaces-de-mort\/#breadcrumb\"},\"inLanguage\":\"fr-FR\",\"potentialAction\":[{\"@type\":\"ReadAction\",\"target\":[\"https:\/\/kapitalis.com\/tunisie\/2016\/03\/17\/ugtt-houcine-abassi-recoit-des-menaces-de-mort\/\"]}]},{\"@type\":\"ImageObject\",\"inLanguage\":\"fr-FR\",\"@id\":\"https:\/\/kapitalis.com\/tunisie\/2016\/03\/17\/ugtt-houcine-abassi-recoit-des-menaces-de-mort\/#primaryimage\",\"url\":\"http:\/\/kapitalis.com\/tunisie\/wp-content\/uploads\/2015\/10\/abassi.jpg\",\"contentUrl\":\"http:\/\/kapitalis.com\/tunisie\/wp-content\/uploads\/2015\/10\/abassi.jpg\"},{\"@type\":\"BreadcrumbList\",\"@id\":\"https:\/\/kapitalis.com\/tunisie\/2016\/03\/17\/ugtt-houcine-abassi-recoit-des-menaces-de-mort\/#breadcrumb\",\"itemListElement\":[{\"@type\":\"ListItem\",\"position\":1,\"name\":\"Accueil\",\"item\":\"https:\/\/kapitalis.com\/tunisie\/\"},{\"@type\":\"ListItem\",\"position\":2,\"name\":\"UGTT : Houcine Abassi re\u00e7oit des menaces de mort\"}]},{\"@type\":\"WebSite\",\"@id\":\"https:\/\/kapitalis.com\/tunisie\/#website\",\"url\":\"https:\/\/kapitalis.com\/tunisie\/\",\"name\":\"Kapitalis\",\"description\":\"L&#039;actualit\u00e9 en Tunisie et dans le monde\",\"publisher\":{\"@id\":\"https:\/\/kapitalis.com\/tunisie\/#organization\"},\"potentialAction\":[{\"@type\":\"SearchAction\",\"target\":{\"@type\":\"EntryPoint\",\"urlTemplate\":\"https:\/\/kapitalis.com\/tunisie\/?s={search_term_string}\"},\"query-input\":{\"@type\":\"PropertyValueSpecification\",\"valueRequired\":true,\"valueName\":\"search_term_string\"}}],\"inLanguage\":\"fr-FR\"},{\"@type\":\"Organization\",\"@id\":\"https:\/\/kapitalis.com\/tunisie\/#organization\",\"name\":\"Kapitalis\",\"url\":\"https:\/\/kapitalis.com\/tunisie\/\",\"logo\":{\"@type\":\"ImageObject\",\"inLanguage\":\"fr-FR\",\"@id\":\"https:\/\/kapitalis.com\/tunisie\/#\/schema\/logo\/image\/\",\"url\":\"https:\/\/kapitalis.com\/tunisie\/wp-content\/uploads\/2022\/05\/Kapitalis-big-size.png\",\"contentUrl\":\"https:\/\/kapitalis.com\/tunisie\/wp-content\/uploads\/2022\/05\/Kapitalis-big-size.png\",\"width\":5000,\"height\":1500,\"caption\":\"Kapitalis\"},\"image\":{\"@id\":\"https:\/\/kapitalis.com\/tunisie\/#\/schema\/logo\/image\/\"},\"sameAs\":[\"https:\/\/www.facebook.com\/KapitalisInfo\/\",\"https:\/\/x.com\/KapitalisInfo\",\"https:\/\/www.youtube.com\/channel\/UC-yDYrHyfFBWWZaOw3FPg9Q\"]},{\"@type\":\"Person\",\"@id\":\"https:\/\/kapitalis.com\/tunisie\/#\/schema\/person\/74bbde0154d49d790a92aaeac5bc01d5\",\"name\":\"Yusra NY\",\"url\":\"https:\/\/kapitalis.com\/tunisie\/author\/yuza_adam\/\"}]}<\/script>\n<!-- \/ Yoast SEO plugin. -->","yoast_head_json":{"title":"UGTT : Houcine Abassi re\u00e7oit des menaces de mort - Kapitalis","robots":{"index":"index","follow":"follow","max-snippet":"max-snippet:-1","max-image-preview":"max-image-preview:large","max-video-preview":"max-video-preview:-1"},"canonical":"https:\/\/kapitalis.com\/tunisie\/2016\/03\/17\/ugtt-houcine-abassi-recoit-des-menaces-de-mort\/","og_locale":"fr_FR","og_type":"article","og_title":"UGTT : Houcine Abassi re\u00e7oit des menaces de mort - Kapitalis","og_description":"Houcine Abassi, secr\u00e9taire g\u00e9n\u00e9ral de l&rsquo;Union g\u00e9n\u00e9rale tunisienne du travail (UGTT\u00a0), a re\u00e7u,\u00a0jeudi 17 mars 2016,\u00a0des menaces de mort.","og_url":"https:\/\/kapitalis.com\/tunisie\/2016\/03\/17\/ugtt-houcine-abassi-recoit-des-menaces-de-mort\/","og_site_name":"Kapitalis","article_publisher":"https:\/\/www.facebook.com\/KapitalisInfo\/","article_published_time":"2016-03-17T11:33:51+00:00","og_image":[{"url":"http:\/\/kapitalis.com\/tunisie\/wp-content\/uploads\/2015\/10\/abassi.jpg","type":"","width":"","height":""}],"author":"Yusra NY","twitter_card":"summary_large_image","twitter_creator":"@KapitalisInfo","twitter_site":"@KapitalisInfo","twitter_misc":{"\u00c9crit par":"Yusra NY","Dur\u00e9e de lecture estim\u00e9e":"1 minute"},"schema":{"@context":"https:\/\/schema.org","@graph":[{"@type":"Article","@id":"https:\/\/kapitalis.com\/tunisie\/2016\/03\/17\/ugtt-houcine-abassi-recoit-des-menaces-de-mort\/#article","isPartOf":{"@id":"https:\/\/kapitalis.com\/tunisie\/2016\/03\/17\/ugtt-houcine-abassi-recoit-des-menaces-de-mort\/"},"author":{"name":"Yusra NY","@id":"https:\/\/kapitalis.com\/tunisie\/#\/schema\/person\/74bbde0154d49d790a92aaeac5bc01d5"},"headline":"UGTT : Houcine Abassi re\u00e7oit des menaces de mort","datePublished":"2016-03-17T11:33:51+00:00","mainEntityOfPage":{"@id":"https:\/\/kapitalis.com\/tunisie\/2016\/03\/17\/ugtt-houcine-abassi-recoit-des-menaces-de-mort\/"},"wordCount":154,"commentCount":1,"publisher":{"@id":"https:\/\/kapitalis.com\/tunisie\/#organization"},"image":{"@id":"https:\/\/kapitalis.com\/tunisie\/2016\/03\/17\/ugtt-houcine-abassi-recoit-des-menaces-de-mort\/#primaryimage"},"thumbnailUrl":"http:\/\/kapitalis.com\/tunisie\/wp-content\/uploads\/2015\/10\/abassi.jpg","keywords":["Habib Essid","Houcine Abassi","menaces mort"],"articleSection":["POLITIQUE","Tunisie"],"inLanguage":"fr-FR","potentialAction":[{"@type":"CommentAction","name":"Comment","target":["https:\/\/kapitalis.com\/tunisie\/2016\/03\/17\/ugtt-houcine-abassi-recoit-des-menaces-de-mort\/#respond"]}]},{"@type":"WebPage","@id":"https:\/\/kapitalis.com\/tunisie\/2016\/03\/17\/ugtt-houcine-abassi-recoit-des-menaces-de-mort\/","url":"https:\/\/kapitalis.com\/tunisie\/2016\/03\/17\/ugtt-houcine-abassi-recoit-des-menaces-de-mort\/","name":"UGTT : Houcine Abassi re\u00e7oit des menaces de mort - Kapitalis","isPartOf":{"@id":"https:\/\/kapitalis.com\/tunisie\/#website"},"primaryImageOfPage":{"@id":"https:\/\/kapitalis.com\/tunisie\/2016\/03\/17\/ugtt-houcine-abassi-recoit-des-menaces-de-mort\/#primaryimage"},"image":{"@id":"https:\/\/kapitalis.com\/tunisie\/2016\/03\/17\/ugtt-houcine-abassi-recoit-des-menaces-de-mort\/#primaryimage"},"thumbnailUrl":"http:\/\/kapitalis.com\/tunisie\/wp-content\/uploads\/2015\/10\/abassi.jpg","datePublished":"2016-03-17T11:33:51+00:00","breadcrumb":{"@id":"https:\/\/kapitalis.com\/tunisie\/2016\/03\/17\/ugtt-houcine-abassi-recoit-des-menaces-de-mort\/#breadcrumb"},"inLanguage":"fr-FR","potentialAction":[{"@type":"ReadAction","target":["https:\/\/kapitalis.com\/tunisie\/2016\/03\/17\/ugtt-houcine-abassi-recoit-des-menaces-de-mort\/"]}]},{"@type":"ImageObject","inLanguage":"fr-FR","@id":"https:\/\/kapitalis.com\/tunisie\/2016\/03\/17\/ugtt-houcine-abassi-recoit-des-menaces-de-mort\/#primaryimage","url":"http:\/\/kapitalis.com\/tunisie\/wp-content\/uploads\/2015\/10\/abassi.jpg","contentUrl":"http:\/\/kapitalis.com\/tunisie\/wp-content\/uploads\/2015\/10\/abassi.jpg"},{"@type":"BreadcrumbList","@id":"https:\/\/kapitalis.com\/tunisie\/2016\/03\/17\/ugtt-houcine-abassi-recoit-des-menaces-de-mort\/#breadcrumb","itemListElement":[{"@type":"ListItem","position":1,"name":"Accueil","item":"https:\/\/kapitalis.com\/tunisie\/"},{"@type":"ListItem","position":2,"name":"UGTT : Houcine Abassi re\u00e7oit des menaces de mort"}]},{"@type":"WebSite","@id":"https:\/\/kapitalis.com\/tunisie\/#website","url":"https:\/\/kapitalis.com\/tunisie\/","name":"Kapitalis","description":"L&#039;actualit\u00e9 en Tunisie et dans le monde","publisher":{"@id":"https:\/\/kapitalis.com\/tunisie\/#organization"},"potentialAction":[{"@type":"SearchAction","target":{"@type":"EntryPoint","urlTemplate":"https:\/\/kapitalis.com\/tunisie\/?s={search_term_string}"},"query-input":{"@type":"PropertyValueSpecification","valueRequired":true,"valueName":"search_term_string"}}],"inLanguage":"fr-FR"},{"@type":"Organization","@id":"https:\/\/kapitalis.com\/tunisie\/#organization","name":"Kapitalis","url":"https:\/\/kapitalis.com\/tunisie\/","logo":{"@type":"ImageObject","inLanguage":"fr-FR","@id":"https:\/\/kapitalis.com\/tunisie\/#\/schema\/logo\/image\/","url":"https:\/\/kapitalis.com\/tunisie\/wp-content\/uploads\/2022\/05\/Kapitalis-big-size.png","contentUrl":"https:\/\/kapitalis.com\/tunisie\/wp-content\/uploads\/2022\/05\/Kapitalis-big-size.png","width":5000,"height":1500,"caption":"Kapitalis"},"image":{"@id":"https:\/\/kapitalis.com\/tunisie\/#\/schema\/logo\/image\/"},"sameAs":["https:\/\/www.facebook.com\/KapitalisInfo\/","https:\/\/x.com\/KapitalisInfo","https:\/\/www.youtube.com\/channel\/UC-yDYrHyfFBWWZaOw3FPg9Q"]},{"@type":"Person","@id":"https:\/\/kapitalis.com\/tunisie\/#\/schema\/person\/74bbde0154d49d790a92aaeac5bc01d5","name":"Yusra NY","url":"https:\/\/kapitalis.com\/tunisie\/author\/yuza_adam\/"}]}},"_links":{"self":[{"href":"https:\/\/kapitalis.com\/tunisie\/wp-json\/wp\/v2\/posts\/43603","targetHints":{"allow":["GET"]}}],"collection":[{"href":"https:\/\/kapitalis.com\/tunisie\/wp-json\/wp\/v2\/posts"}],"about":[{"href":"https:\/\/kapitalis.com\/tunisie\/wp-json\/wp\/v2\/types\/post"}],"author":[{"embeddable":true,"href":"https:\/\/kapitalis.com\/tunisie\/wp-json\/wp\/v2\/users\/6"}],"replies":[{"embeddable":true,"href":"https:\/\/kapitalis.com\/tunisie\/wp-json\/wp\/v2\/comments?post=43603"}],"version-history":[{"count":0,"href":"https:\/\/kapitalis.com\/tunisie\/wp-json\/wp\/v2\/posts\/43603\/revisions"}],"wp:attachment":[{"href":"https:\/\/kapitalis.com\/tunisie\/wp-json\/wp\/v2\/media?parent=43603"}],"wp:term":[{"taxonomy":"category","embeddable":true,"href":"https:\/\/kapitalis.com\/tunisie\/wp-json\/wp\/v2\/categories?post=43603"},{"taxonomy":"post_tag","embeddable":true,"href":"https:\/\/kapitalis.com\/tunisie\/wp-json\/wp\/v2\/tags?post=43603"}],"curies":[{"name":"wp","href":"https:\/\/api.w.org\/{rel}","templated":true}]}}