{"id":4386527,"date":"2022-10-03T06:28:21","date_gmt":"2022-10-03T05:28:21","guid":{"rendered":"https:\/\/kapitalis.com\/tunisie\/?p=4386527"},"modified":"2022-10-03T06:28:23","modified_gmt":"2022-10-03T05:28:23","slug":"tunisie-le-parti-al-massar-boycotte-les-legislatives","status":"publish","type":"post","link":"https:\/\/kapitalis.com\/tunisie\/2022\/10\/03\/tunisie-le-parti-al-massar-boycotte-les-legislatives\/","title":{"rendered":"Tunisie : le parti Al-Massar boycotte les l\u00e9gislatives"},"content":{"rendered":"\n<p><strong><em>Le parti Al-Massar vient de rejoindre la cohorte des partis qui boycottent les \u00e9lections l\u00e9gislatives anticip\u00e9es du 17 d\u00e9cembre 2022. C\u2019est \u00e0 se demander si ce scrutin ne va-t-il pas se d\u00e9rouler sans la participation des partis, sauf les quelques formations opportunistes cr\u00e9\u00e9s r\u00e9cemment et qui cherchent \u00e0 profiter du vide ainsi cr\u00e9\u00e9 par le pr\u00e9sident de la r\u00e9publique Ka\u00efs Sa\u00efed avec sa constitution et sa loi \u00e9lectorale dignes d\u2019une r\u00e9publique banani\u00e8re. \u00a0\u00a0<\/em><\/strong><\/p>\n\n\n\n<!--more-->\n\n\n\n<p>Le parti Al-Massar (centre-gauche) a en effet d\u00e9clar\u00e9 qu\u2019il ne participerait pas aux prochaines l\u00e9gislatives, et ce en r\u00e9action \u00e0 <em>\u00abune loi \u00e9lectorale inconstitutionnelle, \u00e0 un climat politique d\u00e9favorable, \u00e0 l\u2019absence de garantie d\u2019\u00e9lections vraiment libres, pluralistes et transparentes\u00bb<\/em>, comme indiqu\u00e9 dans un communiqu\u00e9 publi\u00e9 dimanche 2 octobre.<\/p>\n\n\n\n<p><em>\u00abCes facteurs entravent toute participation s\u00e9rieuse aux \u00e9lections l\u00e9gislatives\u00bb<\/em>, ajoute le communiqu\u00e9 d\u2019Al-Massar qui exprime, en outre, son engagement avec tous les exclus de ces \u00e9lections, jeunes, femmes, partis politiques, organisations et associations nationales, \u00e0 s\u2019opposer \u00e0 la concentration du pouvoir et aux tentatives d\u2019entraver le pluralisme.<\/p>\n\n\n\n<p>Selon la nouvelle loi \u00e9lectorale telle que pr\u00e9sent\u00e9e par le pr\u00e9sident Ka\u00efs Sa\u00efed, le peuple tunisien votera pour ses d\u00e9put\u00e9s individuellement et non en votant pour une liste pr\u00e9sent\u00e9e par un parti politique, a soulign\u00e9 Al-Massar. Cette loi r\u00e9duira le r\u00f4le des partis politiques au sein de l\u2019Assembl\u00e9e des repr\u00e9sentants du peuple et dans la soci\u00e9t\u00e9.<\/p>\n\n\n\n<p>Al-Massar a d\u00e9clar\u00e9 qu\u2019il rejetait cette loi, annon\u00e7ant qu\u2019il boycotterait toutes les \u00e9lections organis\u00e9es en vertu de la Constitution actuelle, qui marginalise le parlement et met tous les pouvoirs entre les mains du pr\u00e9sident de la r\u00e9publique.<\/p>\n\n\n\n<p class=\"has-text-align-right\"><strong>I. B.<\/strong><\/p>\n\n\n\n<figure class=\"wp-block-embed is-type-wp-embed is-provider-kapitalis wp-block-embed-kapitalis\"><div class=\"wp-block-embed__wrapper\">\n<blockquote class=\"wp-embedded-content\" data-secret=\"BoQmQtfdZf\"><a href=\"https:\/\/kapitalis.com\/tunisie\/2022\/10\/02\/abid-briki-tunisie-en-avant-pourrait-boycotter-les-legislatives\/\">Abid Briki : \u00abTunisie en avant pourrait boycotter les l\u00e9gislatives\u00bb<\/a><\/blockquote><iframe loading=\"lazy\" class=\"wp-embedded-content\" sandbox=\"allow-scripts\" security=\"restricted\" style=\"position: absolute; clip: rect(1px, 1px, 1px, 1px);\" title=\"\u00ab\u00a0Abid Briki : \u00abTunisie en avant pourrait boycotter les l\u00e9gislatives\u00bb\u00a0\u00bb &#8212; Kapitalis\" src=\"https:\/\/kapitalis.com\/tunisie\/2022\/10\/02\/abid-briki-tunisie-en-avant-pourrait-boycotter-les-legislatives\/embed\/#?secret=So6FPxokSZ#?secret=BoQmQtfdZf\" data-secret=\"BoQmQtfdZf\" width=\"600\" height=\"338\" frameborder=\"0\" marginwidth=\"0\" marginheight=\"0\" scrolling=\"no\"><\/iframe>\n<\/div><\/figure>\n\n\n\n<figure class=\"wp-block-embed is-type-wp-embed is-provider-kapitalis wp-block-embed-kapitalis\"><div class=\"wp-block-embed__wrapper\">\n<blockquote class=\"wp-embedded-content\" data-secret=\"SGlpSbWWTZ\"><a href=\"https:\/\/kapitalis.com\/tunisie\/2022\/10\/02\/abir-moussi-les-legislatives-du-17-decembre-vont-blanchir-la-dictature\/\">Abir Moussi\u00a0: \u00abLes l\u00e9gislatives du 17 d\u00e9cembre vont blanchir \u00a0la dictature\u00bb<\/a><\/blockquote><iframe loading=\"lazy\" class=\"wp-embedded-content\" sandbox=\"allow-scripts\" security=\"restricted\" style=\"position: absolute; clip: rect(1px, 1px, 1px, 1px);\" title=\"\u00ab\u00a0Abir Moussi\u00a0: \u00abLes l\u00e9gislatives du 17 d\u00e9cembre vont blanchir \u00a0la dictature\u00bb\u00a0\u00bb &#8212; Kapitalis\" src=\"https:\/\/kapitalis.com\/tunisie\/2022\/10\/02\/abir-moussi-les-legislatives-du-17-decembre-vont-blanchir-la-dictature\/embed\/#?secret=m9XlHF9igq#?secret=SGlpSbWWTZ\" data-secret=\"SGlpSbWWTZ\" width=\"600\" height=\"338\" frameborder=\"0\" marginwidth=\"0\" marginheight=\"0\" scrolling=\"no\"><\/iframe>\n<\/div><\/figure>\n","protected":false},"excerpt":{"rendered":"<p>Le parti Al-Massar vient de rejoindre la cohorte des partis qui boycottent les \u00e9lections l\u00e9gislatives anticip\u00e9es du 17 d\u00e9cembre 2022. <\/p>\n","protected":false},"author":8,"featured_media":4386547,"comment_status":"open","ping_status":"open","sticky":false,"template":"","format":"standard","meta":{"footnotes":""},"categories":[997,2433],"tags":[6803,230,76012,73854,43626,62643],"class_list":["post-4386527","post","type-post","status-publish","format-standard","has-post-thumbnail","hentry","category-politique","category-tunisie","tag-al-massar","tag-constitution","tag-kais-saied-2","tag-legislatives-anticipees","tag-loi-electorale","tag-tunisie"],"yoast_head":"<!-- This site is optimized with the Yoast SEO plugin v26.6 - https:\/\/yoast.com\/wordpress\/plugins\/seo\/ -->\n<title>Tunisie : le parti Al-Massar boycotte les l\u00e9gislatives - Kapitalis<\/title>\n<meta name=\"robots\" content=\"index, follow, max-snippet:-1, max-image-preview:large, max-video-preview:-1\" \/>\n<link rel=\"canonical\" href=\"https:\/\/kapitalis.com\/tunisie\/2022\/10\/03\/tunisie-le-parti-al-massar-boycotte-les-legislatives\/\" \/>\n<meta property=\"og:locale\" content=\"fr_FR\" \/>\n<meta property=\"og:type\" content=\"article\" \/>\n<meta property=\"og:title\" content=\"Tunisie : le parti Al-Massar boycotte les l\u00e9gislatives - Kapitalis\" \/>\n<meta property=\"og:description\" content=\"Le parti Al-Massar vient de rejoindre la cohorte des partis qui boycottent les \u00e9lections l\u00e9gislatives anticip\u00e9es du 17 d\u00e9cembre 2022.\" \/>\n<meta property=\"og:url\" content=\"https:\/\/kapitalis.com\/tunisie\/2022\/10\/03\/tunisie-le-parti-al-massar-boycotte-les-legislatives\/\" \/>\n<meta property=\"og:site_name\" content=\"Kapitalis\" \/>\n<meta property=\"article:publisher\" content=\"https:\/\/www.facebook.com\/KapitalisInfo\/\" \/>\n<meta property=\"article:published_time\" content=\"2022-10-03T05:28:21+00:00\" \/>\n<meta property=\"article:modified_time\" content=\"2022-10-03T05:28:23+00:00\" \/>\n<meta property=\"og:image\" content=\"https:\/\/kapitalis.com\/tunisie\/wp-content\/uploads\/2022\/10\/Al-Massar.jpg\" \/>\n\t<meta property=\"og:image:width\" content=\"1200\" \/>\n\t<meta property=\"og:image:height\" content=\"630\" \/>\n\t<meta property=\"og:image:type\" content=\"image\/jpeg\" \/>\n<meta name=\"author\" content=\"webmaster kapitalis\" \/>\n<meta name=\"twitter:card\" content=\"summary_large_image\" \/>\n<meta name=\"twitter:creator\" content=\"@KapitalisInfo\" \/>\n<meta name=\"twitter:site\" content=\"@KapitalisInfo\" \/>\n<meta name=\"twitter:label1\" content=\"\u00c9crit par\" \/>\n\t<meta name=\"twitter:data1\" content=\"webmaster kapitalis\" \/>\n\t<meta name=\"twitter:label2\" content=\"Dur\u00e9e de lecture estim\u00e9e\" \/>\n\t<meta name=\"twitter:data2\" content=\"2 minutes\" \/>\n<script type=\"application\/ld+json\" class=\"yoast-schema-graph\">{\"@context\":\"https:\/\/schema.org\",\"@graph\":[{\"@type\":\"Article\",\"@id\":\"https:\/\/kapitalis.com\/tunisie\/2022\/10\/03\/tunisie-le-parti-al-massar-boycotte-les-legislatives\/#article\",\"isPartOf\":{\"@id\":\"https:\/\/kapitalis.com\/tunisie\/2022\/10\/03\/tunisie-le-parti-al-massar-boycotte-les-legislatives\/\"},\"author\":{\"name\":\"webmaster kapitalis\",\"@id\":\"https:\/\/kapitalis.com\/tunisie\/#\/schema\/person\/d71f33a9ca44f7bad4698210b480c8e9\"},\"headline\":\"Tunisie : le parti Al-Massar boycotte les l\u00e9gislatives\",\"datePublished\":\"2022-10-03T05:28:21+00:00\",\"dateModified\":\"2022-10-03T05:28:23+00:00\",\"mainEntityOfPage\":{\"@id\":\"https:\/\/kapitalis.com\/tunisie\/2022\/10\/03\/tunisie-le-parti-al-massar-boycotte-les-legislatives\/\"},\"wordCount\":319,\"commentCount\":1,\"publisher\":{\"@id\":\"https:\/\/kapitalis.com\/tunisie\/#organization\"},\"image\":{\"@id\":\"https:\/\/kapitalis.com\/tunisie\/2022\/10\/03\/tunisie-le-parti-al-massar-boycotte-les-legislatives\/#primaryimage\"},\"thumbnailUrl\":\"https:\/\/kapitalis.com\/tunisie\/wp-content\/uploads\/2022\/10\/Al-Massar.jpg\",\"keywords\":[\"Al-Massar\",\"constitution\",\"Ka\u00efs Sa\u00efed\",\"l\u00e9gislatives anticip\u00e9es\",\"loi \u00e9lectorale\",\"Tunisie\"],\"articleSection\":[\"POLITIQUE\",\"Tunisie\"],\"inLanguage\":\"fr-FR\",\"potentialAction\":[{\"@type\":\"CommentAction\",\"name\":\"Comment\",\"target\":[\"https:\/\/kapitalis.com\/tunisie\/2022\/10\/03\/tunisie-le-parti-al-massar-boycotte-les-legislatives\/#respond\"]}]},{\"@type\":\"WebPage\",\"@id\":\"https:\/\/kapitalis.com\/tunisie\/2022\/10\/03\/tunisie-le-parti-al-massar-boycotte-les-legislatives\/\",\"url\":\"https:\/\/kapitalis.com\/tunisie\/2022\/10\/03\/tunisie-le-parti-al-massar-boycotte-les-legislatives\/\",\"name\":\"Tunisie : le parti Al-Massar boycotte les l\u00e9gislatives - Kapitalis\",\"isPartOf\":{\"@id\":\"https:\/\/kapitalis.com\/tunisie\/#website\"},\"primaryImageOfPage\":{\"@id\":\"https:\/\/kapitalis.com\/tunisie\/2022\/10\/03\/tunisie-le-parti-al-massar-boycotte-les-legislatives\/#primaryimage\"},\"image\":{\"@id\":\"https:\/\/kapitalis.com\/tunisie\/2022\/10\/03\/tunisie-le-parti-al-massar-boycotte-les-legislatives\/#primaryimage\"},\"thumbnailUrl\":\"https:\/\/kapitalis.com\/tunisie\/wp-content\/uploads\/2022\/10\/Al-Massar.jpg\",\"datePublished\":\"2022-10-03T05:28:21+00:00\",\"dateModified\":\"2022-10-03T05:28:23+00:00\",\"breadcrumb\":{\"@id\":\"https:\/\/kapitalis.com\/tunisie\/2022\/10\/03\/tunisie-le-parti-al-massar-boycotte-les-legislatives\/#breadcrumb\"},\"inLanguage\":\"fr-FR\",\"potentialAction\":[{\"@type\":\"ReadAction\",\"target\":[\"https:\/\/kapitalis.com\/tunisie\/2022\/10\/03\/tunisie-le-parti-al-massar-boycotte-les-legislatives\/\"]}]},{\"@type\":\"ImageObject\",\"inLanguage\":\"fr-FR\",\"@id\":\"https:\/\/kapitalis.com\/tunisie\/2022\/10\/03\/tunisie-le-parti-al-massar-boycotte-les-legislatives\/#primaryimage\",\"url\":\"https:\/\/kapitalis.com\/tunisie\/wp-content\/uploads\/2022\/10\/Al-Massar.jpg\",\"contentUrl\":\"https:\/\/kapitalis.com\/tunisie\/wp-content\/uploads\/2022\/10\/Al-Massar.jpg\",\"width\":1200,\"height\":630},{\"@type\":\"BreadcrumbList\",\"@id\":\"https:\/\/kapitalis.com\/tunisie\/2022\/10\/03\/tunisie-le-parti-al-massar-boycotte-les-legislatives\/#breadcrumb\",\"itemListElement\":[{\"@type\":\"ListItem\",\"position\":1,\"name\":\"Accueil\",\"item\":\"https:\/\/kapitalis.com\/tunisie\/\"},{\"@type\":\"ListItem\",\"position\":2,\"name\":\"Tunisie : le parti Al-Massar boycotte les l\u00e9gislatives\"}]},{\"@type\":\"WebSite\",\"@id\":\"https:\/\/kapitalis.com\/tunisie\/#website\",\"url\":\"https:\/\/kapitalis.com\/tunisie\/\",\"name\":\"Kapitalis\",\"description\":\"L&#039;actualit\u00e9 en Tunisie et dans le monde\",\"publisher\":{\"@id\":\"https:\/\/kapitalis.com\/tunisie\/#organization\"},\"potentialAction\":[{\"@type\":\"SearchAction\",\"target\":{\"@type\":\"EntryPoint\",\"urlTemplate\":\"https:\/\/kapitalis.com\/tunisie\/?s={search_term_string}\"},\"query-input\":{\"@type\":\"PropertyValueSpecification\",\"valueRequired\":true,\"valueName\":\"search_term_string\"}}],\"inLanguage\":\"fr-FR\"},{\"@type\":\"Organization\",\"@id\":\"https:\/\/kapitalis.com\/tunisie\/#organization\",\"name\":\"Kapitalis\",\"url\":\"https:\/\/kapitalis.com\/tunisie\/\",\"logo\":{\"@type\":\"ImageObject\",\"inLanguage\":\"fr-FR\",\"@id\":\"https:\/\/kapitalis.com\/tunisie\/#\/schema\/logo\/image\/\",\"url\":\"https:\/\/kapitalis.com\/tunisie\/wp-content\/uploads\/2022\/05\/Kapitalis-big-size.png\",\"contentUrl\":\"https:\/\/kapitalis.com\/tunisie\/wp-content\/uploads\/2022\/05\/Kapitalis-big-size.png\",\"width\":5000,\"height\":1500,\"caption\":\"Kapitalis\"},\"image\":{\"@id\":\"https:\/\/kapitalis.com\/tunisie\/#\/schema\/logo\/image\/\"},\"sameAs\":[\"https:\/\/www.facebook.com\/KapitalisInfo\/\",\"https:\/\/x.com\/KapitalisInfo\",\"https:\/\/www.youtube.com\/channel\/UC-yDYrHyfFBWWZaOw3FPg9Q\"]},{\"@type\":\"Person\",\"@id\":\"https:\/\/kapitalis.com\/tunisie\/#\/schema\/person\/d71f33a9ca44f7bad4698210b480c8e9\",\"name\":\"webmaster kapitalis\",\"url\":\"https:\/\/kapitalis.com\/tunisie\/author\/webmaster-kapitalis\/\"}]}<\/script>\n<!-- \/ Yoast SEO plugin. -->","yoast_head_json":{"title":"Tunisie : le parti Al-Massar boycotte les l\u00e9gislatives - Kapitalis","robots":{"index":"index","follow":"follow","max-snippet":"max-snippet:-1","max-image-preview":"max-image-preview:large","max-video-preview":"max-video-preview:-1"},"canonical":"https:\/\/kapitalis.com\/tunisie\/2022\/10\/03\/tunisie-le-parti-al-massar-boycotte-les-legislatives\/","og_locale":"fr_FR","og_type":"article","og_title":"Tunisie : le parti Al-Massar boycotte les l\u00e9gislatives - Kapitalis","og_description":"Le parti Al-Massar vient de rejoindre la cohorte des partis qui boycottent les \u00e9lections l\u00e9gislatives anticip\u00e9es du 17 d\u00e9cembre 2022.","og_url":"https:\/\/kapitalis.com\/tunisie\/2022\/10\/03\/tunisie-le-parti-al-massar-boycotte-les-legislatives\/","og_site_name":"Kapitalis","article_publisher":"https:\/\/www.facebook.com\/KapitalisInfo\/","article_published_time":"2022-10-03T05:28:21+00:00","article_modified_time":"2022-10-03T05:28:23+00:00","og_image":[{"width":1200,"height":630,"url":"https:\/\/kapitalis.com\/tunisie\/wp-content\/uploads\/2022\/10\/Al-Massar.jpg","type":"image\/jpeg"}],"author":"webmaster kapitalis","twitter_card":"summary_large_image","twitter_creator":"@KapitalisInfo","twitter_site":"@KapitalisInfo","twitter_misc":{"\u00c9crit par":"webmaster kapitalis","Dur\u00e9e de lecture estim\u00e9e":"2 minutes"},"schema":{"@context":"https:\/\/schema.org","@graph":[{"@type":"Article","@id":"https:\/\/kapitalis.com\/tunisie\/2022\/10\/03\/tunisie-le-parti-al-massar-boycotte-les-legislatives\/#article","isPartOf":{"@id":"https:\/\/kapitalis.com\/tunisie\/2022\/10\/03\/tunisie-le-parti-al-massar-boycotte-les-legislatives\/"},"author":{"name":"webmaster kapitalis","@id":"https:\/\/kapitalis.com\/tunisie\/#\/schema\/person\/d71f33a9ca44f7bad4698210b480c8e9"},"headline":"Tunisie : le parti Al-Massar boycotte les l\u00e9gislatives","datePublished":"2022-10-03T05:28:21+00:00","dateModified":"2022-10-03T05:28:23+00:00","mainEntityOfPage":{"@id":"https:\/\/kapitalis.com\/tunisie\/2022\/10\/03\/tunisie-le-parti-al-massar-boycotte-les-legislatives\/"},"wordCount":319,"commentCount":1,"publisher":{"@id":"https:\/\/kapitalis.com\/tunisie\/#organization"},"image":{"@id":"https:\/\/kapitalis.com\/tunisie\/2022\/10\/03\/tunisie-le-parti-al-massar-boycotte-les-legislatives\/#primaryimage"},"thumbnailUrl":"https:\/\/kapitalis.com\/tunisie\/wp-content\/uploads\/2022\/10\/Al-Massar.jpg","keywords":["Al-Massar","constitution","Ka\u00efs Sa\u00efed","l\u00e9gislatives anticip\u00e9es","loi \u00e9lectorale","Tunisie"],"articleSection":["POLITIQUE","Tunisie"],"inLanguage":"fr-FR","potentialAction":[{"@type":"CommentAction","name":"Comment","target":["https:\/\/kapitalis.com\/tunisie\/2022\/10\/03\/tunisie-le-parti-al-massar-boycotte-les-legislatives\/#respond"]}]},{"@type":"WebPage","@id":"https:\/\/kapitalis.com\/tunisie\/2022\/10\/03\/tunisie-le-parti-al-massar-boycotte-les-legislatives\/","url":"https:\/\/kapitalis.com\/tunisie\/2022\/10\/03\/tunisie-le-parti-al-massar-boycotte-les-legislatives\/","name":"Tunisie : le parti Al-Massar boycotte les l\u00e9gislatives - Kapitalis","isPartOf":{"@id":"https:\/\/kapitalis.com\/tunisie\/#website"},"primaryImageOfPage":{"@id":"https:\/\/kapitalis.com\/tunisie\/2022\/10\/03\/tunisie-le-parti-al-massar-boycotte-les-legislatives\/#primaryimage"},"image":{"@id":"https:\/\/kapitalis.com\/tunisie\/2022\/10\/03\/tunisie-le-parti-al-massar-boycotte-les-legislatives\/#primaryimage"},"thumbnailUrl":"https:\/\/kapitalis.com\/tunisie\/wp-content\/uploads\/2022\/10\/Al-Massar.jpg","datePublished":"2022-10-03T05:28:21+00:00","dateModified":"2022-10-03T05:28:23+00:00","breadcrumb":{"@id":"https:\/\/kapitalis.com\/tunisie\/2022\/10\/03\/tunisie-le-parti-al-massar-boycotte-les-legislatives\/#breadcrumb"},"inLanguage":"fr-FR","potentialAction":[{"@type":"ReadAction","target":["https:\/\/kapitalis.com\/tunisie\/2022\/10\/03\/tunisie-le-parti-al-massar-boycotte-les-legislatives\/"]}]},{"@type":"ImageObject","inLanguage":"fr-FR","@id":"https:\/\/kapitalis.com\/tunisie\/2022\/10\/03\/tunisie-le-parti-al-massar-boycotte-les-legislatives\/#primaryimage","url":"https:\/\/kapitalis.com\/tunisie\/wp-content\/uploads\/2022\/10\/Al-Massar.jpg","contentUrl":"https:\/\/kapitalis.com\/tunisie\/wp-content\/uploads\/2022\/10\/Al-Massar.jpg","width":1200,"height":630},{"@type":"BreadcrumbList","@id":"https:\/\/kapitalis.com\/tunisie\/2022\/10\/03\/tunisie-le-parti-al-massar-boycotte-les-legislatives\/#breadcrumb","itemListElement":[{"@type":"ListItem","position":1,"name":"Accueil","item":"https:\/\/kapitalis.com\/tunisie\/"},{"@type":"ListItem","position":2,"name":"Tunisie : le parti Al-Massar boycotte les l\u00e9gislatives"}]},{"@type":"WebSite","@id":"https:\/\/kapitalis.com\/tunisie\/#website","url":"https:\/\/kapitalis.com\/tunisie\/","name":"Kapitalis","description":"L&#039;actualit\u00e9 en Tunisie et dans le monde","publisher":{"@id":"https:\/\/kapitalis.com\/tunisie\/#organization"},"potentialAction":[{"@type":"SearchAction","target":{"@type":"EntryPoint","urlTemplate":"https:\/\/kapitalis.com\/tunisie\/?s={search_term_string}"},"query-input":{"@type":"PropertyValueSpecification","valueRequired":true,"valueName":"search_term_string"}}],"inLanguage":"fr-FR"},{"@type":"Organization","@id":"https:\/\/kapitalis.com\/tunisie\/#organization","name":"Kapitalis","url":"https:\/\/kapitalis.com\/tunisie\/","logo":{"@type":"ImageObject","inLanguage":"fr-FR","@id":"https:\/\/kapitalis.com\/tunisie\/#\/schema\/logo\/image\/","url":"https:\/\/kapitalis.com\/tunisie\/wp-content\/uploads\/2022\/05\/Kapitalis-big-size.png","contentUrl":"https:\/\/kapitalis.com\/tunisie\/wp-content\/uploads\/2022\/05\/Kapitalis-big-size.png","width":5000,"height":1500,"caption":"Kapitalis"},"image":{"@id":"https:\/\/kapitalis.com\/tunisie\/#\/schema\/logo\/image\/"},"sameAs":["https:\/\/www.facebook.com\/KapitalisInfo\/","https:\/\/x.com\/KapitalisInfo","https:\/\/www.youtube.com\/channel\/UC-yDYrHyfFBWWZaOw3FPg9Q"]},{"@type":"Person","@id":"https:\/\/kapitalis.com\/tunisie\/#\/schema\/person\/d71f33a9ca44f7bad4698210b480c8e9","name":"webmaster kapitalis","url":"https:\/\/kapitalis.com\/tunisie\/author\/webmaster-kapitalis\/"}]}},"_links":{"self":[{"href":"https:\/\/kapitalis.com\/tunisie\/wp-json\/wp\/v2\/posts\/4386527","targetHints":{"allow":["GET"]}}],"collection":[{"href":"https:\/\/kapitalis.com\/tunisie\/wp-json\/wp\/v2\/posts"}],"about":[{"href":"https:\/\/kapitalis.com\/tunisie\/wp-json\/wp\/v2\/types\/post"}],"author":[{"embeddable":true,"href":"https:\/\/kapitalis.com\/tunisie\/wp-json\/wp\/v2\/users\/8"}],"replies":[{"embeddable":true,"href":"https:\/\/kapitalis.com\/tunisie\/wp-json\/wp\/v2\/comments?post=4386527"}],"version-history":[{"count":0,"href":"https:\/\/kapitalis.com\/tunisie\/wp-json\/wp\/v2\/posts\/4386527\/revisions"}],"wp:featuredmedia":[{"embeddable":true,"href":"https:\/\/kapitalis.com\/tunisie\/wp-json\/wp\/v2\/media\/4386547"}],"wp:attachment":[{"href":"https:\/\/kapitalis.com\/tunisie\/wp-json\/wp\/v2\/media?parent=4386527"}],"wp:term":[{"taxonomy":"category","embeddable":true,"href":"https:\/\/kapitalis.com\/tunisie\/wp-json\/wp\/v2\/categories?post=4386527"},{"taxonomy":"post_tag","embeddable":true,"href":"https:\/\/kapitalis.com\/tunisie\/wp-json\/wp\/v2\/tags?post=4386527"}],"curies":[{"name":"wp","href":"https:\/\/api.w.org\/{rel}","templated":true}]}}