{"id":440,"date":"2015-05-16T13:10:58","date_gmt":"2015-05-16T12:10:58","guid":{"rendered":"http:\/\/www.kapitalis.com\/tunisie\/?p=440"},"modified":"2015-05-16T13:10:58","modified_gmt":"2015-05-16T12:10:58","slug":"kairouan-un-2e-suicide-en-moins-de-24-heures","status":"publish","type":"post","link":"https:\/\/kapitalis.com\/tunisie\/2015\/05\/16\/kairouan-un-2e-suicide-en-moins-de-24-heures\/","title":{"rendered":"Kairouan : Un 2e suicide en moins de 24 heures !"},"content":{"rendered":"<p><a href=\"http:\/\/kapitalis.net\/wordpress\/wp-content\/uploads\/2015\/05\/pendu.jpg\"><img loading=\"lazy\" decoding=\"async\" class=\"aligncenter size-full wp-image-278\" src=\"http:\/\/kapitalis.net\/wordpress\/wp-content\/uploads\/2015\/05\/pendu.jpg\" alt=\"pendu\" width=\"626\" height=\"380\" \/><\/a><\/p>\n<p><em><strong>Une \u00e9l\u00e8ve de 18 ans a \u00e9t\u00e9 d\u00e9couverte pendue \u00e0 son domicile dans la d\u00e9l\u00e9gation de Sbikha, gouvernorat de Kairouan (centre), ce vendredi 15 mai 2015.<\/strong><\/em><\/p>\n<p>En rentrant du travail, en d\u00e9but d\u2019apr\u00e8s midi, la m\u00e8re a fait la macabre d\u00e9couverte et a alert\u00e9 la protection civile.<\/p>\n<p>La police et le procureur de la r\u00e9publique ont fait les constatations l\u00e9gales habituelles et le corps a \u00e9t\u00e9 transport\u00e9 \u00e0 l&rsquo;h\u00f4pital des Aghlabides \u00e0 Kairouan pour autopsie.<\/p>\n<p>La jeune fille, \u00e9tait connue pour son temp\u00e9rament calme et n\u2019avait pas de probl\u00e8me particulier.<\/p>\n<p>Scolaris\u00e9e au lyc\u00e9e de la r\u00e9gion, elle est originaire de la localit\u00e9 de Dar Jamiya, \u00e0 la d\u00e9l\u00e9gation de Sbikha, une zone rurale o\u00f9 r\u00e8gne la pr\u00e9carit\u00e9 \u2026<\/p>\n<p>Ce matin, un homme (67 ans) s\u2019est donn\u00e9 la mort en se pendant \u00e0 un poteau \u00e9lectrique, dans une zone rurale de la d\u00e9l\u00e9gation de Bouhajla, dans le m\u00eame gouvernorat.<\/p>\n<p>La d\u00e9l\u00e9gation de Sbikha avait d\u00e9j\u00e0 enregistr\u00e9 2 suicides en 24 heures. C\u2019\u00e9tait le 26 f\u00e9vrier dernier : un trentenaire et une enfant de 12 ans avaient mis fin \u00e0 leurs jours.<\/p>\n<p>Le ph\u00e9nom\u00e8ne du suicide, notamment celui des enfants, devient inqui\u00e9tant en Tunisie et particuli\u00e8rement alarmant \u00e0 Kairouan, qui a le triste record national dans ce domaine.<\/p>\n<p style=\"text-align: right;\"><strong>Y. N. M.<\/strong><\/p>\n","protected":false},"excerpt":{"rendered":"<p>Une \u00e9l\u00e8ve de 18 ans a \u00e9t\u00e9 d\u00e9couverte pendue \u00e0 son domicile dans la d\u00e9l\u00e9gation de Sbikha, gouvernorat de Kairouan (centre), ce vendredi 15 mai 2015. En rentrant du travail, en d\u00e9but d\u2019apr\u00e8s midi, la m\u00e8re a fait la macabre d\u00e9couverte et a alert\u00e9 la protection civile. La police et le procureur de la r\u00e9publique&#8230;<\/p>\n","protected":false},"author":1,"featured_media":0,"comment_status":"open","ping_status":"open","sticky":false,"template":"","format":"standard","meta":{"footnotes":""},"categories":[998],"tags":[865],"class_list":["post-440","post","type-post","status-publish","format-standard","hentry","category-societe","tag-suicide"],"yoast_head":"<!-- This site is optimized with the Yoast SEO plugin v26.6 - https:\/\/yoast.com\/wordpress\/plugins\/seo\/ -->\n<title>Kairouan : Un 2e suicide en moins de 24 heures ! - Kapitalis<\/title>\n<meta name=\"robots\" content=\"index, follow, max-snippet:-1, max-image-preview:large, max-video-preview:-1\" \/>\n<link rel=\"canonical\" href=\"https:\/\/kapitalis.com\/tunisie\/2015\/05\/16\/kairouan-un-2e-suicide-en-moins-de-24-heures\/\" \/>\n<meta property=\"og:locale\" content=\"fr_FR\" \/>\n<meta property=\"og:type\" content=\"article\" \/>\n<meta property=\"og:title\" content=\"Kairouan : Un 2e suicide en moins de 24 heures ! - Kapitalis\" \/>\n<meta property=\"og:description\" content=\"Une \u00e9l\u00e8ve de 18 ans a \u00e9t\u00e9 d\u00e9couverte pendue \u00e0 son domicile dans la d\u00e9l\u00e9gation de Sbikha, gouvernorat de Kairouan (centre), ce vendredi 15 mai 2015. En rentrant du travail, en d\u00e9but d\u2019apr\u00e8s midi, la m\u00e8re a fait la macabre d\u00e9couverte et a alert\u00e9 la protection civile. La police et le procureur de la r\u00e9publique...\" \/>\n<meta property=\"og:url\" content=\"https:\/\/kapitalis.com\/tunisie\/2015\/05\/16\/kairouan-un-2e-suicide-en-moins-de-24-heures\/\" \/>\n<meta property=\"og:site_name\" content=\"Kapitalis\" \/>\n<meta property=\"article:publisher\" content=\"https:\/\/www.facebook.com\/KapitalisInfo\/\" \/>\n<meta property=\"article:published_time\" content=\"2015-05-16T12:10:58+00:00\" \/>\n<meta property=\"og:image\" content=\"http:\/\/kapitalis.net\/wordpress\/wp-content\/uploads\/2015\/05\/pendu.jpg\" \/>\n<meta name=\"author\" content=\"mounir\" \/>\n<meta name=\"twitter:card\" content=\"summary_large_image\" \/>\n<meta name=\"twitter:creator\" content=\"@KapitalisInfo\" \/>\n<meta name=\"twitter:site\" content=\"@KapitalisInfo\" \/>\n<meta name=\"twitter:label1\" content=\"\u00c9crit par\" \/>\n\t<meta name=\"twitter:data1\" content=\"mounir\" \/>\n\t<meta name=\"twitter:label2\" content=\"Dur\u00e9e de lecture estim\u00e9e\" \/>\n\t<meta name=\"twitter:data2\" content=\"1 minute\" \/>\n<script type=\"application\/ld+json\" class=\"yoast-schema-graph\">{\"@context\":\"https:\/\/schema.org\",\"@graph\":[{\"@type\":\"Article\",\"@id\":\"https:\/\/kapitalis.com\/tunisie\/2015\/05\/16\/kairouan-un-2e-suicide-en-moins-de-24-heures\/#article\",\"isPartOf\":{\"@id\":\"https:\/\/kapitalis.com\/tunisie\/2015\/05\/16\/kairouan-un-2e-suicide-en-moins-de-24-heures\/\"},\"author\":{\"name\":\"mounir\",\"@id\":\"https:\/\/kapitalis.com\/tunisie\/#\/schema\/person\/aa55121cdc1c0fa4794a24cff31f746f\"},\"headline\":\"Kairouan : Un 2e suicide en moins de 24 heures !\",\"datePublished\":\"2015-05-16T12:10:58+00:00\",\"mainEntityOfPage\":{\"@id\":\"https:\/\/kapitalis.com\/tunisie\/2015\/05\/16\/kairouan-un-2e-suicide-en-moins-de-24-heures\/\"},\"wordCount\":235,\"commentCount\":0,\"publisher\":{\"@id\":\"https:\/\/kapitalis.com\/tunisie\/#organization\"},\"image\":{\"@id\":\"https:\/\/kapitalis.com\/tunisie\/2015\/05\/16\/kairouan-un-2e-suicide-en-moins-de-24-heures\/#primaryimage\"},\"thumbnailUrl\":\"http:\/\/kapitalis.net\/wordpress\/wp-content\/uploads\/2015\/05\/pendu.jpg\",\"keywords\":[\"suicide\"],\"articleSection\":[\"SOCIETE\"],\"inLanguage\":\"fr-FR\",\"potentialAction\":[{\"@type\":\"CommentAction\",\"name\":\"Comment\",\"target\":[\"https:\/\/kapitalis.com\/tunisie\/2015\/05\/16\/kairouan-un-2e-suicide-en-moins-de-24-heures\/#respond\"]}]},{\"@type\":\"WebPage\",\"@id\":\"https:\/\/kapitalis.com\/tunisie\/2015\/05\/16\/kairouan-un-2e-suicide-en-moins-de-24-heures\/\",\"url\":\"https:\/\/kapitalis.com\/tunisie\/2015\/05\/16\/kairouan-un-2e-suicide-en-moins-de-24-heures\/\",\"name\":\"Kairouan : Un 2e suicide en moins de 24 heures ! - Kapitalis\",\"isPartOf\":{\"@id\":\"https:\/\/kapitalis.com\/tunisie\/#website\"},\"primaryImageOfPage\":{\"@id\":\"https:\/\/kapitalis.com\/tunisie\/2015\/05\/16\/kairouan-un-2e-suicide-en-moins-de-24-heures\/#primaryimage\"},\"image\":{\"@id\":\"https:\/\/kapitalis.com\/tunisie\/2015\/05\/16\/kairouan-un-2e-suicide-en-moins-de-24-heures\/#primaryimage\"},\"thumbnailUrl\":\"http:\/\/kapitalis.net\/wordpress\/wp-content\/uploads\/2015\/05\/pendu.jpg\",\"datePublished\":\"2015-05-16T12:10:58+00:00\",\"breadcrumb\":{\"@id\":\"https:\/\/kapitalis.com\/tunisie\/2015\/05\/16\/kairouan-un-2e-suicide-en-moins-de-24-heures\/#breadcrumb\"},\"inLanguage\":\"fr-FR\",\"potentialAction\":[{\"@type\":\"ReadAction\",\"target\":[\"https:\/\/kapitalis.com\/tunisie\/2015\/05\/16\/kairouan-un-2e-suicide-en-moins-de-24-heures\/\"]}]},{\"@type\":\"ImageObject\",\"inLanguage\":\"fr-FR\",\"@id\":\"https:\/\/kapitalis.com\/tunisie\/2015\/05\/16\/kairouan-un-2e-suicide-en-moins-de-24-heures\/#primaryimage\",\"url\":\"http:\/\/kapitalis.net\/wordpress\/wp-content\/uploads\/2015\/05\/pendu.jpg\",\"contentUrl\":\"http:\/\/kapitalis.net\/wordpress\/wp-content\/uploads\/2015\/05\/pendu.jpg\"},{\"@type\":\"BreadcrumbList\",\"@id\":\"https:\/\/kapitalis.com\/tunisie\/2015\/05\/16\/kairouan-un-2e-suicide-en-moins-de-24-heures\/#breadcrumb\",\"itemListElement\":[{\"@type\":\"ListItem\",\"position\":1,\"name\":\"Accueil\",\"item\":\"https:\/\/kapitalis.com\/tunisie\/\"},{\"@type\":\"ListItem\",\"position\":2,\"name\":\"Kairouan : Un 2e suicide en moins de 24 heures !\"}]},{\"@type\":\"WebSite\",\"@id\":\"https:\/\/kapitalis.com\/tunisie\/#website\",\"url\":\"https:\/\/kapitalis.com\/tunisie\/\",\"name\":\"Kapitalis\",\"description\":\"L&#039;actualit\u00e9 en Tunisie et dans le monde\",\"publisher\":{\"@id\":\"https:\/\/kapitalis.com\/tunisie\/#organization\"},\"potentialAction\":[{\"@type\":\"SearchAction\",\"target\":{\"@type\":\"EntryPoint\",\"urlTemplate\":\"https:\/\/kapitalis.com\/tunisie\/?s={search_term_string}\"},\"query-input\":{\"@type\":\"PropertyValueSpecification\",\"valueRequired\":true,\"valueName\":\"search_term_string\"}}],\"inLanguage\":\"fr-FR\"},{\"@type\":\"Organization\",\"@id\":\"https:\/\/kapitalis.com\/tunisie\/#organization\",\"name\":\"Kapitalis\",\"url\":\"https:\/\/kapitalis.com\/tunisie\/\",\"logo\":{\"@type\":\"ImageObject\",\"inLanguage\":\"fr-FR\",\"@id\":\"https:\/\/kapitalis.com\/tunisie\/#\/schema\/logo\/image\/\",\"url\":\"https:\/\/kapitalis.com\/tunisie\/wp-content\/uploads\/2022\/05\/Kapitalis-big-size.png\",\"contentUrl\":\"https:\/\/kapitalis.com\/tunisie\/wp-content\/uploads\/2022\/05\/Kapitalis-big-size.png\",\"width\":5000,\"height\":1500,\"caption\":\"Kapitalis\"},\"image\":{\"@id\":\"https:\/\/kapitalis.com\/tunisie\/#\/schema\/logo\/image\/\"},\"sameAs\":[\"https:\/\/www.facebook.com\/KapitalisInfo\/\",\"https:\/\/x.com\/KapitalisInfo\",\"https:\/\/www.youtube.com\/channel\/UC-yDYrHyfFBWWZaOw3FPg9Q\"]},{\"@type\":\"Person\",\"@id\":\"https:\/\/kapitalis.com\/tunisie\/#\/schema\/person\/aa55121cdc1c0fa4794a24cff31f746f\",\"name\":\"mounir\",\"sameAs\":[\"https:\/\/kapitalis.com\/tunisie\"],\"url\":\"https:\/\/kapitalis.com\/tunisie\/author\/mounir\/\"}]}<\/script>\n<!-- \/ Yoast SEO plugin. -->","yoast_head_json":{"title":"Kairouan : Un 2e suicide en moins de 24 heures ! - Kapitalis","robots":{"index":"index","follow":"follow","max-snippet":"max-snippet:-1","max-image-preview":"max-image-preview:large","max-video-preview":"max-video-preview:-1"},"canonical":"https:\/\/kapitalis.com\/tunisie\/2015\/05\/16\/kairouan-un-2e-suicide-en-moins-de-24-heures\/","og_locale":"fr_FR","og_type":"article","og_title":"Kairouan : Un 2e suicide en moins de 24 heures ! - Kapitalis","og_description":"Une \u00e9l\u00e8ve de 18 ans a \u00e9t\u00e9 d\u00e9couverte pendue \u00e0 son domicile dans la d\u00e9l\u00e9gation de Sbikha, gouvernorat de Kairouan (centre), ce vendredi 15 mai 2015. En rentrant du travail, en d\u00e9but d\u2019apr\u00e8s midi, la m\u00e8re a fait la macabre d\u00e9couverte et a alert\u00e9 la protection civile. La police et le procureur de la r\u00e9publique...","og_url":"https:\/\/kapitalis.com\/tunisie\/2015\/05\/16\/kairouan-un-2e-suicide-en-moins-de-24-heures\/","og_site_name":"Kapitalis","article_publisher":"https:\/\/www.facebook.com\/KapitalisInfo\/","article_published_time":"2015-05-16T12:10:58+00:00","og_image":[{"url":"http:\/\/kapitalis.net\/wordpress\/wp-content\/uploads\/2015\/05\/pendu.jpg","type":"","width":"","height":""}],"author":"mounir","twitter_card":"summary_large_image","twitter_creator":"@KapitalisInfo","twitter_site":"@KapitalisInfo","twitter_misc":{"\u00c9crit par":"mounir","Dur\u00e9e de lecture estim\u00e9e":"1 minute"},"schema":{"@context":"https:\/\/schema.org","@graph":[{"@type":"Article","@id":"https:\/\/kapitalis.com\/tunisie\/2015\/05\/16\/kairouan-un-2e-suicide-en-moins-de-24-heures\/#article","isPartOf":{"@id":"https:\/\/kapitalis.com\/tunisie\/2015\/05\/16\/kairouan-un-2e-suicide-en-moins-de-24-heures\/"},"author":{"name":"mounir","@id":"https:\/\/kapitalis.com\/tunisie\/#\/schema\/person\/aa55121cdc1c0fa4794a24cff31f746f"},"headline":"Kairouan : Un 2e suicide en moins de 24 heures !","datePublished":"2015-05-16T12:10:58+00:00","mainEntityOfPage":{"@id":"https:\/\/kapitalis.com\/tunisie\/2015\/05\/16\/kairouan-un-2e-suicide-en-moins-de-24-heures\/"},"wordCount":235,"commentCount":0,"publisher":{"@id":"https:\/\/kapitalis.com\/tunisie\/#organization"},"image":{"@id":"https:\/\/kapitalis.com\/tunisie\/2015\/05\/16\/kairouan-un-2e-suicide-en-moins-de-24-heures\/#primaryimage"},"thumbnailUrl":"http:\/\/kapitalis.net\/wordpress\/wp-content\/uploads\/2015\/05\/pendu.jpg","keywords":["suicide"],"articleSection":["SOCIETE"],"inLanguage":"fr-FR","potentialAction":[{"@type":"CommentAction","name":"Comment","target":["https:\/\/kapitalis.com\/tunisie\/2015\/05\/16\/kairouan-un-2e-suicide-en-moins-de-24-heures\/#respond"]}]},{"@type":"WebPage","@id":"https:\/\/kapitalis.com\/tunisie\/2015\/05\/16\/kairouan-un-2e-suicide-en-moins-de-24-heures\/","url":"https:\/\/kapitalis.com\/tunisie\/2015\/05\/16\/kairouan-un-2e-suicide-en-moins-de-24-heures\/","name":"Kairouan : Un 2e suicide en moins de 24 heures ! - Kapitalis","isPartOf":{"@id":"https:\/\/kapitalis.com\/tunisie\/#website"},"primaryImageOfPage":{"@id":"https:\/\/kapitalis.com\/tunisie\/2015\/05\/16\/kairouan-un-2e-suicide-en-moins-de-24-heures\/#primaryimage"},"image":{"@id":"https:\/\/kapitalis.com\/tunisie\/2015\/05\/16\/kairouan-un-2e-suicide-en-moins-de-24-heures\/#primaryimage"},"thumbnailUrl":"http:\/\/kapitalis.net\/wordpress\/wp-content\/uploads\/2015\/05\/pendu.jpg","datePublished":"2015-05-16T12:10:58+00:00","breadcrumb":{"@id":"https:\/\/kapitalis.com\/tunisie\/2015\/05\/16\/kairouan-un-2e-suicide-en-moins-de-24-heures\/#breadcrumb"},"inLanguage":"fr-FR","potentialAction":[{"@type":"ReadAction","target":["https:\/\/kapitalis.com\/tunisie\/2015\/05\/16\/kairouan-un-2e-suicide-en-moins-de-24-heures\/"]}]},{"@type":"ImageObject","inLanguage":"fr-FR","@id":"https:\/\/kapitalis.com\/tunisie\/2015\/05\/16\/kairouan-un-2e-suicide-en-moins-de-24-heures\/#primaryimage","url":"http:\/\/kapitalis.net\/wordpress\/wp-content\/uploads\/2015\/05\/pendu.jpg","contentUrl":"http:\/\/kapitalis.net\/wordpress\/wp-content\/uploads\/2015\/05\/pendu.jpg"},{"@type":"BreadcrumbList","@id":"https:\/\/kapitalis.com\/tunisie\/2015\/05\/16\/kairouan-un-2e-suicide-en-moins-de-24-heures\/#breadcrumb","itemListElement":[{"@type":"ListItem","position":1,"name":"Accueil","item":"https:\/\/kapitalis.com\/tunisie\/"},{"@type":"ListItem","position":2,"name":"Kairouan : Un 2e suicide en moins de 24 heures !"}]},{"@type":"WebSite","@id":"https:\/\/kapitalis.com\/tunisie\/#website","url":"https:\/\/kapitalis.com\/tunisie\/","name":"Kapitalis","description":"L&#039;actualit\u00e9 en Tunisie et dans le monde","publisher":{"@id":"https:\/\/kapitalis.com\/tunisie\/#organization"},"potentialAction":[{"@type":"SearchAction","target":{"@type":"EntryPoint","urlTemplate":"https:\/\/kapitalis.com\/tunisie\/?s={search_term_string}"},"query-input":{"@type":"PropertyValueSpecification","valueRequired":true,"valueName":"search_term_string"}}],"inLanguage":"fr-FR"},{"@type":"Organization","@id":"https:\/\/kapitalis.com\/tunisie\/#organization","name":"Kapitalis","url":"https:\/\/kapitalis.com\/tunisie\/","logo":{"@type":"ImageObject","inLanguage":"fr-FR","@id":"https:\/\/kapitalis.com\/tunisie\/#\/schema\/logo\/image\/","url":"https:\/\/kapitalis.com\/tunisie\/wp-content\/uploads\/2022\/05\/Kapitalis-big-size.png","contentUrl":"https:\/\/kapitalis.com\/tunisie\/wp-content\/uploads\/2022\/05\/Kapitalis-big-size.png","width":5000,"height":1500,"caption":"Kapitalis"},"image":{"@id":"https:\/\/kapitalis.com\/tunisie\/#\/schema\/logo\/image\/"},"sameAs":["https:\/\/www.facebook.com\/KapitalisInfo\/","https:\/\/x.com\/KapitalisInfo","https:\/\/www.youtube.com\/channel\/UC-yDYrHyfFBWWZaOw3FPg9Q"]},{"@type":"Person","@id":"https:\/\/kapitalis.com\/tunisie\/#\/schema\/person\/aa55121cdc1c0fa4794a24cff31f746f","name":"mounir","sameAs":["https:\/\/kapitalis.com\/tunisie"],"url":"https:\/\/kapitalis.com\/tunisie\/author\/mounir\/"}]}},"_links":{"self":[{"href":"https:\/\/kapitalis.com\/tunisie\/wp-json\/wp\/v2\/posts\/440","targetHints":{"allow":["GET"]}}],"collection":[{"href":"https:\/\/kapitalis.com\/tunisie\/wp-json\/wp\/v2\/posts"}],"about":[{"href":"https:\/\/kapitalis.com\/tunisie\/wp-json\/wp\/v2\/types\/post"}],"author":[{"embeddable":true,"href":"https:\/\/kapitalis.com\/tunisie\/wp-json\/wp\/v2\/users\/1"}],"replies":[{"embeddable":true,"href":"https:\/\/kapitalis.com\/tunisie\/wp-json\/wp\/v2\/comments?post=440"}],"version-history":[{"count":0,"href":"https:\/\/kapitalis.com\/tunisie\/wp-json\/wp\/v2\/posts\/440\/revisions"}],"wp:attachment":[{"href":"https:\/\/kapitalis.com\/tunisie\/wp-json\/wp\/v2\/media?parent=440"}],"wp:term":[{"taxonomy":"category","embeddable":true,"href":"https:\/\/kapitalis.com\/tunisie\/wp-json\/wp\/v2\/categories?post=440"},{"taxonomy":"post_tag","embeddable":true,"href":"https:\/\/kapitalis.com\/tunisie\/wp-json\/wp\/v2\/tags?post=440"}],"curies":[{"name":"wp","href":"https:\/\/api.w.org\/{rel}","templated":true}]}}