{"id":4403108,"date":"2022-10-04T08:47:02","date_gmt":"2022-10-04T07:47:02","guid":{"rendered":"https:\/\/kapitalis.com\/tunisie\/?p=4403108"},"modified":"2022-10-04T08:47:03","modified_gmt":"2022-10-04T07:47:03","slug":"la-tunisie-une-porte-dentree-pour-la-tchequie-vers-lafrique","status":"publish","type":"post","link":"https:\/\/kapitalis.com\/tunisie\/2022\/10\/04\/la-tunisie-une-porte-dentree-pour-la-tchequie-vers-lafrique\/","title":{"rendered":"La Tunisie, une porte d\u2019entr\u00e9e pour la Tch\u00e9quie vers l\u2019Afrique"},"content":{"rendered":"\n<p><strong><em>Lors d\u2019une conf\u00e9rence en ligne sur \u00ables opportunit\u00e9s \u00e9conomiques de commerce et d\u2019investissement entre la Tunisie et la R\u00e9publique tch\u00e8que\u00bb, organis\u00e9e par la Conf\u00e9d\u00e9ration des entreprises citoyennes tunisiennes (Conect), les participants ont d\u00e9clar\u00e9 que ces opportunit\u00e9s sont susceptibles de stimuler les \u00e9changes entre les deux pays.<\/em><\/strong><\/p>\n\n\n\n<!--more-->\n\n\n\n<p><em>\u00abLa Tunisie dispose de comp\u00e9tences lui permettant de devenir un partenaire majeur pour les entreprises tch\u00e8ques, notamment dans les secteurs de l\u2019agriculture, du tourisme, de l\u2019industrie, des technologies vertes et de l\u2019\u00e9nergie verte\u00bb<\/em>, a d\u00e9clar\u00e9 le pr\u00e9sident de la Conect, Tarak Cherif. Il a appel\u00e9 \u00e0 des efforts conjoints pour renforcer et diversifier le partenariat \u00e9conomique avec la Tch\u00e9quie dans ces secteurs, les exhortant \u00e0 s\u2019ouvrir \u00e9galement au march\u00e9 africain.<\/p>\n\n\n\n<p>L\u2019ambassadrice de Tunisie en R\u00e9publique tch\u00e8que, Yosra Souiden, a soulign\u00e9 que <em>\u00abla R\u00e9publique tch\u00e8que, qui est l\u2019une des \u00e9conomies les plus dynamiques d\u2019Europe centrale, peut devenir un partenaire majeur pour la Tunisie, qui travaille \u00e0 la diversification de ses partenaires \u00e9conomiques. La Tunisie, c\u2019est aussi pour la R\u00e9publique tch\u00e8que une porte d\u2019entr\u00e9e vers la Libye et l\u2019Afrique, compte tenu de sa position g\u00e9ographique strat\u00e9gique et de sa proximit\u00e9 avec l\u2019Europe\u00bb<\/em>, a-t-elle ajout\u00e9.<\/p>\n\n\n\n<p>Selon les donn\u00e9es fournies par le directeur g\u00e9n\u00e9ral du Centre de promotion des exportations (Cepex), les \u00e9changes commerciaux entre les deux pays ont atteint 560 millions de dinars en 2021, en hausse de 31,3%.<\/p>\n\n\n\n<p class=\"has-text-align-right\"><strong>D\u2019apr\u00e8s Tap. <\/strong><\/p>\n\n\n\n<figure class=\"wp-block-embed is-type-wp-embed is-provider-kapitalis wp-block-embed-kapitalis\"><div class=\"wp-block-embed__wrapper\">\n<blockquote class=\"wp-embedded-content\" data-secret=\"O8mdCEyJ1p\"><a href=\"https:\/\/kapitalis.com\/tunisie\/2022\/09\/12\/mission-daffaires-tunisienne-en-republique-tcheque\/\">Mission d\u2019affaires tunisienne en R\u00e9publique Tch\u00e8que<\/a><\/blockquote><iframe loading=\"lazy\" class=\"wp-embedded-content\" sandbox=\"allow-scripts\" security=\"restricted\" style=\"position: absolute; clip: rect(1px, 1px, 1px, 1px);\" title=\"\u00ab\u00a0Mission d\u2019affaires tunisienne en R\u00e9publique Tch\u00e8que\u00a0\u00bb &#8212; Kapitalis\" src=\"https:\/\/kapitalis.com\/tunisie\/2022\/09\/12\/mission-daffaires-tunisienne-en-republique-tcheque\/embed\/#?secret=mY38ZEOB2o#?secret=O8mdCEyJ1p\" data-secret=\"O8mdCEyJ1p\" width=\"600\" height=\"338\" frameborder=\"0\" marginwidth=\"0\" marginheight=\"0\" scrolling=\"no\"><\/iframe>\n<\/div><\/figure>\n\n\n\n<p class=\"has-text-align-right\">\u00a0<\/p>\n","protected":false},"excerpt":{"rendered":"<p>La R\u00e9publique tch\u00e8que, qui est l\u2019une des \u00e9conomies les plus dynamiques d\u2019Europe centrale, peut devenir un partenaire majeur pour la Tunisie.<\/p>\n","protected":false},"author":8,"featured_media":4403132,"comment_status":"open","ping_status":"open","sticky":false,"template":"","format":"standard","meta":{"footnotes":""},"categories":[995,2433],"tags":[41,2144,103367,544,93559,3558,62643],"class_list":["post-4403108","post","type-post","status-publish","format-standard","has-post-thumbnail","hentry","category-economie","category-tunisie","tag-afrique","tag-conect","tag-europe-centrale","tag-libye","tag-republique-tcheque","tag-tarak-cherif","tag-tunisie"],"yoast_head":"<!-- This site is optimized with the Yoast SEO plugin v26.6 - https:\/\/yoast.com\/wordpress\/plugins\/seo\/ -->\n<title>La Tunisie, une porte d\u2019entr\u00e9e pour la Tch\u00e9quie vers l\u2019Afrique - Kapitalis<\/title>\n<meta name=\"robots\" content=\"index, follow, max-snippet:-1, max-image-preview:large, max-video-preview:-1\" \/>\n<link rel=\"canonical\" href=\"https:\/\/kapitalis.com\/tunisie\/2022\/10\/04\/la-tunisie-une-porte-dentree-pour-la-tchequie-vers-lafrique\/\" \/>\n<meta property=\"og:locale\" content=\"fr_FR\" \/>\n<meta property=\"og:type\" content=\"article\" \/>\n<meta property=\"og:title\" content=\"La Tunisie, une porte d\u2019entr\u00e9e pour la Tch\u00e9quie vers l\u2019Afrique - Kapitalis\" \/>\n<meta property=\"og:description\" content=\"La R\u00e9publique tch\u00e8que, qui est l\u2019une des \u00e9conomies les plus dynamiques d\u2019Europe centrale, peut devenir un partenaire majeur pour la Tunisie.\" \/>\n<meta property=\"og:url\" content=\"https:\/\/kapitalis.com\/tunisie\/2022\/10\/04\/la-tunisie-une-porte-dentree-pour-la-tchequie-vers-lafrique\/\" \/>\n<meta property=\"og:site_name\" content=\"Kapitalis\" \/>\n<meta property=\"article:publisher\" content=\"https:\/\/www.facebook.com\/KapitalisInfo\/\" \/>\n<meta property=\"article:published_time\" content=\"2022-10-04T07:47:02+00:00\" \/>\n<meta property=\"article:modified_time\" content=\"2022-10-04T07:47:03+00:00\" \/>\n<meta property=\"og:image\" content=\"https:\/\/kapitalis.com\/tunisie\/wp-content\/uploads\/2022\/10\/Conect-Tunisie-Tchequie.jpg\" \/>\n\t<meta property=\"og:image:width\" content=\"1200\" \/>\n\t<meta property=\"og:image:height\" content=\"630\" \/>\n\t<meta property=\"og:image:type\" content=\"image\/jpeg\" \/>\n<meta name=\"author\" content=\"webmaster kapitalis\" \/>\n<meta name=\"twitter:card\" content=\"summary_large_image\" \/>\n<meta name=\"twitter:creator\" content=\"@KapitalisInfo\" \/>\n<meta name=\"twitter:site\" content=\"@KapitalisInfo\" \/>\n<meta name=\"twitter:label1\" content=\"\u00c9crit par\" \/>\n\t<meta name=\"twitter:data1\" content=\"webmaster kapitalis\" \/>\n\t<meta name=\"twitter:label2\" content=\"Dur\u00e9e de lecture estim\u00e9e\" \/>\n\t<meta name=\"twitter:data2\" content=\"2 minutes\" \/>\n<script type=\"application\/ld+json\" class=\"yoast-schema-graph\">{\"@context\":\"https:\/\/schema.org\",\"@graph\":[{\"@type\":\"Article\",\"@id\":\"https:\/\/kapitalis.com\/tunisie\/2022\/10\/04\/la-tunisie-une-porte-dentree-pour-la-tchequie-vers-lafrique\/#article\",\"isPartOf\":{\"@id\":\"https:\/\/kapitalis.com\/tunisie\/2022\/10\/04\/la-tunisie-une-porte-dentree-pour-la-tchequie-vers-lafrique\/\"},\"author\":{\"name\":\"webmaster kapitalis\",\"@id\":\"https:\/\/kapitalis.com\/tunisie\/#\/schema\/person\/d71f33a9ca44f7bad4698210b480c8e9\"},\"headline\":\"La Tunisie, une porte d\u2019entr\u00e9e pour la Tch\u00e9quie vers l\u2019Afrique\",\"datePublished\":\"2022-10-04T07:47:02+00:00\",\"dateModified\":\"2022-10-04T07:47:03+00:00\",\"mainEntityOfPage\":{\"@id\":\"https:\/\/kapitalis.com\/tunisie\/2022\/10\/04\/la-tunisie-une-porte-dentree-pour-la-tchequie-vers-lafrique\/\"},\"wordCount\":278,\"commentCount\":0,\"publisher\":{\"@id\":\"https:\/\/kapitalis.com\/tunisie\/#organization\"},\"image\":{\"@id\":\"https:\/\/kapitalis.com\/tunisie\/2022\/10\/04\/la-tunisie-une-porte-dentree-pour-la-tchequie-vers-lafrique\/#primaryimage\"},\"thumbnailUrl\":\"https:\/\/kapitalis.com\/tunisie\/wp-content\/uploads\/2022\/10\/Conect-Tunisie-Tchequie.jpg\",\"keywords\":[\"Afrique\",\"Conect\",\"Europe centrale\",\"Libye\",\"R\u00e9publique tch\u00e8que\",\"Tarak Cherif\",\"Tunisie\"],\"articleSection\":[\"ECONOMIE\",\"Tunisie\"],\"inLanguage\":\"fr-FR\",\"potentialAction\":[{\"@type\":\"CommentAction\",\"name\":\"Comment\",\"target\":[\"https:\/\/kapitalis.com\/tunisie\/2022\/10\/04\/la-tunisie-une-porte-dentree-pour-la-tchequie-vers-lafrique\/#respond\"]}]},{\"@type\":\"WebPage\",\"@id\":\"https:\/\/kapitalis.com\/tunisie\/2022\/10\/04\/la-tunisie-une-porte-dentree-pour-la-tchequie-vers-lafrique\/\",\"url\":\"https:\/\/kapitalis.com\/tunisie\/2022\/10\/04\/la-tunisie-une-porte-dentree-pour-la-tchequie-vers-lafrique\/\",\"name\":\"La Tunisie, une porte d\u2019entr\u00e9e pour la Tch\u00e9quie vers l\u2019Afrique - Kapitalis\",\"isPartOf\":{\"@id\":\"https:\/\/kapitalis.com\/tunisie\/#website\"},\"primaryImageOfPage\":{\"@id\":\"https:\/\/kapitalis.com\/tunisie\/2022\/10\/04\/la-tunisie-une-porte-dentree-pour-la-tchequie-vers-lafrique\/#primaryimage\"},\"image\":{\"@id\":\"https:\/\/kapitalis.com\/tunisie\/2022\/10\/04\/la-tunisie-une-porte-dentree-pour-la-tchequie-vers-lafrique\/#primaryimage\"},\"thumbnailUrl\":\"https:\/\/kapitalis.com\/tunisie\/wp-content\/uploads\/2022\/10\/Conect-Tunisie-Tchequie.jpg\",\"datePublished\":\"2022-10-04T07:47:02+00:00\",\"dateModified\":\"2022-10-04T07:47:03+00:00\",\"breadcrumb\":{\"@id\":\"https:\/\/kapitalis.com\/tunisie\/2022\/10\/04\/la-tunisie-une-porte-dentree-pour-la-tchequie-vers-lafrique\/#breadcrumb\"},\"inLanguage\":\"fr-FR\",\"potentialAction\":[{\"@type\":\"ReadAction\",\"target\":[\"https:\/\/kapitalis.com\/tunisie\/2022\/10\/04\/la-tunisie-une-porte-dentree-pour-la-tchequie-vers-lafrique\/\"]}]},{\"@type\":\"ImageObject\",\"inLanguage\":\"fr-FR\",\"@id\":\"https:\/\/kapitalis.com\/tunisie\/2022\/10\/04\/la-tunisie-une-porte-dentree-pour-la-tchequie-vers-lafrique\/#primaryimage\",\"url\":\"https:\/\/kapitalis.com\/tunisie\/wp-content\/uploads\/2022\/10\/Conect-Tunisie-Tchequie.jpg\",\"contentUrl\":\"https:\/\/kapitalis.com\/tunisie\/wp-content\/uploads\/2022\/10\/Conect-Tunisie-Tchequie.jpg\",\"width\":1200,\"height\":630},{\"@type\":\"BreadcrumbList\",\"@id\":\"https:\/\/kapitalis.com\/tunisie\/2022\/10\/04\/la-tunisie-une-porte-dentree-pour-la-tchequie-vers-lafrique\/#breadcrumb\",\"itemListElement\":[{\"@type\":\"ListItem\",\"position\":1,\"name\":\"Accueil\",\"item\":\"https:\/\/kapitalis.com\/tunisie\/\"},{\"@type\":\"ListItem\",\"position\":2,\"name\":\"La Tunisie, une porte d\u2019entr\u00e9e pour la Tch\u00e9quie vers l\u2019Afrique\"}]},{\"@type\":\"WebSite\",\"@id\":\"https:\/\/kapitalis.com\/tunisie\/#website\",\"url\":\"https:\/\/kapitalis.com\/tunisie\/\",\"name\":\"Kapitalis\",\"description\":\"L&#039;actualit\u00e9 en Tunisie et dans le monde\",\"publisher\":{\"@id\":\"https:\/\/kapitalis.com\/tunisie\/#organization\"},\"potentialAction\":[{\"@type\":\"SearchAction\",\"target\":{\"@type\":\"EntryPoint\",\"urlTemplate\":\"https:\/\/kapitalis.com\/tunisie\/?s={search_term_string}\"},\"query-input\":{\"@type\":\"PropertyValueSpecification\",\"valueRequired\":true,\"valueName\":\"search_term_string\"}}],\"inLanguage\":\"fr-FR\"},{\"@type\":\"Organization\",\"@id\":\"https:\/\/kapitalis.com\/tunisie\/#organization\",\"name\":\"Kapitalis\",\"url\":\"https:\/\/kapitalis.com\/tunisie\/\",\"logo\":{\"@type\":\"ImageObject\",\"inLanguage\":\"fr-FR\",\"@id\":\"https:\/\/kapitalis.com\/tunisie\/#\/schema\/logo\/image\/\",\"url\":\"https:\/\/kapitalis.com\/tunisie\/wp-content\/uploads\/2022\/05\/Kapitalis-big-size.png\",\"contentUrl\":\"https:\/\/kapitalis.com\/tunisie\/wp-content\/uploads\/2022\/05\/Kapitalis-big-size.png\",\"width\":5000,\"height\":1500,\"caption\":\"Kapitalis\"},\"image\":{\"@id\":\"https:\/\/kapitalis.com\/tunisie\/#\/schema\/logo\/image\/\"},\"sameAs\":[\"https:\/\/www.facebook.com\/KapitalisInfo\/\",\"https:\/\/x.com\/KapitalisInfo\",\"https:\/\/www.youtube.com\/channel\/UC-yDYrHyfFBWWZaOw3FPg9Q\"]},{\"@type\":\"Person\",\"@id\":\"https:\/\/kapitalis.com\/tunisie\/#\/schema\/person\/d71f33a9ca44f7bad4698210b480c8e9\",\"name\":\"webmaster kapitalis\",\"url\":\"https:\/\/kapitalis.com\/tunisie\/author\/webmaster-kapitalis\/\"}]}<\/script>\n<!-- \/ Yoast SEO plugin. -->","yoast_head_json":{"title":"La Tunisie, une porte d\u2019entr\u00e9e pour la Tch\u00e9quie vers l\u2019Afrique - Kapitalis","robots":{"index":"index","follow":"follow","max-snippet":"max-snippet:-1","max-image-preview":"max-image-preview:large","max-video-preview":"max-video-preview:-1"},"canonical":"https:\/\/kapitalis.com\/tunisie\/2022\/10\/04\/la-tunisie-une-porte-dentree-pour-la-tchequie-vers-lafrique\/","og_locale":"fr_FR","og_type":"article","og_title":"La Tunisie, une porte d\u2019entr\u00e9e pour la Tch\u00e9quie vers l\u2019Afrique - Kapitalis","og_description":"La R\u00e9publique tch\u00e8que, qui est l\u2019une des \u00e9conomies les plus dynamiques d\u2019Europe centrale, peut devenir un partenaire majeur pour la Tunisie.","og_url":"https:\/\/kapitalis.com\/tunisie\/2022\/10\/04\/la-tunisie-une-porte-dentree-pour-la-tchequie-vers-lafrique\/","og_site_name":"Kapitalis","article_publisher":"https:\/\/www.facebook.com\/KapitalisInfo\/","article_published_time":"2022-10-04T07:47:02+00:00","article_modified_time":"2022-10-04T07:47:03+00:00","og_image":[{"width":1200,"height":630,"url":"https:\/\/kapitalis.com\/tunisie\/wp-content\/uploads\/2022\/10\/Conect-Tunisie-Tchequie.jpg","type":"image\/jpeg"}],"author":"webmaster kapitalis","twitter_card":"summary_large_image","twitter_creator":"@KapitalisInfo","twitter_site":"@KapitalisInfo","twitter_misc":{"\u00c9crit par":"webmaster kapitalis","Dur\u00e9e de lecture estim\u00e9e":"2 minutes"},"schema":{"@context":"https:\/\/schema.org","@graph":[{"@type":"Article","@id":"https:\/\/kapitalis.com\/tunisie\/2022\/10\/04\/la-tunisie-une-porte-dentree-pour-la-tchequie-vers-lafrique\/#article","isPartOf":{"@id":"https:\/\/kapitalis.com\/tunisie\/2022\/10\/04\/la-tunisie-une-porte-dentree-pour-la-tchequie-vers-lafrique\/"},"author":{"name":"webmaster kapitalis","@id":"https:\/\/kapitalis.com\/tunisie\/#\/schema\/person\/d71f33a9ca44f7bad4698210b480c8e9"},"headline":"La Tunisie, une porte d\u2019entr\u00e9e pour la Tch\u00e9quie vers l\u2019Afrique","datePublished":"2022-10-04T07:47:02+00:00","dateModified":"2022-10-04T07:47:03+00:00","mainEntityOfPage":{"@id":"https:\/\/kapitalis.com\/tunisie\/2022\/10\/04\/la-tunisie-une-porte-dentree-pour-la-tchequie-vers-lafrique\/"},"wordCount":278,"commentCount":0,"publisher":{"@id":"https:\/\/kapitalis.com\/tunisie\/#organization"},"image":{"@id":"https:\/\/kapitalis.com\/tunisie\/2022\/10\/04\/la-tunisie-une-porte-dentree-pour-la-tchequie-vers-lafrique\/#primaryimage"},"thumbnailUrl":"https:\/\/kapitalis.com\/tunisie\/wp-content\/uploads\/2022\/10\/Conect-Tunisie-Tchequie.jpg","keywords":["Afrique","Conect","Europe centrale","Libye","R\u00e9publique tch\u00e8que","Tarak Cherif","Tunisie"],"articleSection":["ECONOMIE","Tunisie"],"inLanguage":"fr-FR","potentialAction":[{"@type":"CommentAction","name":"Comment","target":["https:\/\/kapitalis.com\/tunisie\/2022\/10\/04\/la-tunisie-une-porte-dentree-pour-la-tchequie-vers-lafrique\/#respond"]}]},{"@type":"WebPage","@id":"https:\/\/kapitalis.com\/tunisie\/2022\/10\/04\/la-tunisie-une-porte-dentree-pour-la-tchequie-vers-lafrique\/","url":"https:\/\/kapitalis.com\/tunisie\/2022\/10\/04\/la-tunisie-une-porte-dentree-pour-la-tchequie-vers-lafrique\/","name":"La Tunisie, une porte d\u2019entr\u00e9e pour la Tch\u00e9quie vers l\u2019Afrique - Kapitalis","isPartOf":{"@id":"https:\/\/kapitalis.com\/tunisie\/#website"},"primaryImageOfPage":{"@id":"https:\/\/kapitalis.com\/tunisie\/2022\/10\/04\/la-tunisie-une-porte-dentree-pour-la-tchequie-vers-lafrique\/#primaryimage"},"image":{"@id":"https:\/\/kapitalis.com\/tunisie\/2022\/10\/04\/la-tunisie-une-porte-dentree-pour-la-tchequie-vers-lafrique\/#primaryimage"},"thumbnailUrl":"https:\/\/kapitalis.com\/tunisie\/wp-content\/uploads\/2022\/10\/Conect-Tunisie-Tchequie.jpg","datePublished":"2022-10-04T07:47:02+00:00","dateModified":"2022-10-04T07:47:03+00:00","breadcrumb":{"@id":"https:\/\/kapitalis.com\/tunisie\/2022\/10\/04\/la-tunisie-une-porte-dentree-pour-la-tchequie-vers-lafrique\/#breadcrumb"},"inLanguage":"fr-FR","potentialAction":[{"@type":"ReadAction","target":["https:\/\/kapitalis.com\/tunisie\/2022\/10\/04\/la-tunisie-une-porte-dentree-pour-la-tchequie-vers-lafrique\/"]}]},{"@type":"ImageObject","inLanguage":"fr-FR","@id":"https:\/\/kapitalis.com\/tunisie\/2022\/10\/04\/la-tunisie-une-porte-dentree-pour-la-tchequie-vers-lafrique\/#primaryimage","url":"https:\/\/kapitalis.com\/tunisie\/wp-content\/uploads\/2022\/10\/Conect-Tunisie-Tchequie.jpg","contentUrl":"https:\/\/kapitalis.com\/tunisie\/wp-content\/uploads\/2022\/10\/Conect-Tunisie-Tchequie.jpg","width":1200,"height":630},{"@type":"BreadcrumbList","@id":"https:\/\/kapitalis.com\/tunisie\/2022\/10\/04\/la-tunisie-une-porte-dentree-pour-la-tchequie-vers-lafrique\/#breadcrumb","itemListElement":[{"@type":"ListItem","position":1,"name":"Accueil","item":"https:\/\/kapitalis.com\/tunisie\/"},{"@type":"ListItem","position":2,"name":"La Tunisie, une porte d\u2019entr\u00e9e pour la Tch\u00e9quie vers l\u2019Afrique"}]},{"@type":"WebSite","@id":"https:\/\/kapitalis.com\/tunisie\/#website","url":"https:\/\/kapitalis.com\/tunisie\/","name":"Kapitalis","description":"L&#039;actualit\u00e9 en Tunisie et dans le monde","publisher":{"@id":"https:\/\/kapitalis.com\/tunisie\/#organization"},"potentialAction":[{"@type":"SearchAction","target":{"@type":"EntryPoint","urlTemplate":"https:\/\/kapitalis.com\/tunisie\/?s={search_term_string}"},"query-input":{"@type":"PropertyValueSpecification","valueRequired":true,"valueName":"search_term_string"}}],"inLanguage":"fr-FR"},{"@type":"Organization","@id":"https:\/\/kapitalis.com\/tunisie\/#organization","name":"Kapitalis","url":"https:\/\/kapitalis.com\/tunisie\/","logo":{"@type":"ImageObject","inLanguage":"fr-FR","@id":"https:\/\/kapitalis.com\/tunisie\/#\/schema\/logo\/image\/","url":"https:\/\/kapitalis.com\/tunisie\/wp-content\/uploads\/2022\/05\/Kapitalis-big-size.png","contentUrl":"https:\/\/kapitalis.com\/tunisie\/wp-content\/uploads\/2022\/05\/Kapitalis-big-size.png","width":5000,"height":1500,"caption":"Kapitalis"},"image":{"@id":"https:\/\/kapitalis.com\/tunisie\/#\/schema\/logo\/image\/"},"sameAs":["https:\/\/www.facebook.com\/KapitalisInfo\/","https:\/\/x.com\/KapitalisInfo","https:\/\/www.youtube.com\/channel\/UC-yDYrHyfFBWWZaOw3FPg9Q"]},{"@type":"Person","@id":"https:\/\/kapitalis.com\/tunisie\/#\/schema\/person\/d71f33a9ca44f7bad4698210b480c8e9","name":"webmaster kapitalis","url":"https:\/\/kapitalis.com\/tunisie\/author\/webmaster-kapitalis\/"}]}},"_links":{"self":[{"href":"https:\/\/kapitalis.com\/tunisie\/wp-json\/wp\/v2\/posts\/4403108","targetHints":{"allow":["GET"]}}],"collection":[{"href":"https:\/\/kapitalis.com\/tunisie\/wp-json\/wp\/v2\/posts"}],"about":[{"href":"https:\/\/kapitalis.com\/tunisie\/wp-json\/wp\/v2\/types\/post"}],"author":[{"embeddable":true,"href":"https:\/\/kapitalis.com\/tunisie\/wp-json\/wp\/v2\/users\/8"}],"replies":[{"embeddable":true,"href":"https:\/\/kapitalis.com\/tunisie\/wp-json\/wp\/v2\/comments?post=4403108"}],"version-history":[{"count":0,"href":"https:\/\/kapitalis.com\/tunisie\/wp-json\/wp\/v2\/posts\/4403108\/revisions"}],"wp:featuredmedia":[{"embeddable":true,"href":"https:\/\/kapitalis.com\/tunisie\/wp-json\/wp\/v2\/media\/4403132"}],"wp:attachment":[{"href":"https:\/\/kapitalis.com\/tunisie\/wp-json\/wp\/v2\/media?parent=4403108"}],"wp:term":[{"taxonomy":"category","embeddable":true,"href":"https:\/\/kapitalis.com\/tunisie\/wp-json\/wp\/v2\/categories?post=4403108"},{"taxonomy":"post_tag","embeddable":true,"href":"https:\/\/kapitalis.com\/tunisie\/wp-json\/wp\/v2\/tags?post=4403108"}],"curies":[{"name":"wp","href":"https:\/\/api.w.org\/{rel}","templated":true}]}}