{"id":4425062,"date":"2022-10-05T16:11:58","date_gmt":"2022-10-05T15:11:58","guid":{"rendered":"https:\/\/kapitalis.com\/tunisie\/?p=4425062"},"modified":"2022-10-05T16:11:59","modified_gmt":"2022-10-05T15:11:59","slug":"le-groupe-bna-partenaire-de-la-5e-edition-du-forum-de-lofficine","status":"publish","type":"post","link":"https:\/\/kapitalis.com\/tunisie\/2022\/10\/05\/le-groupe-bna-partenaire-de-la-5e-edition-du-forum-de-lofficine\/","title":{"rendered":"Le Groupe BNA partenaire de la 5e \u00e9dition du Forum de l\u2019officine"},"content":{"rendered":"\n<p><strong><em>Le Forum de l\u2019officine a \u00e9t\u00e9 organis\u00e9 dans sa 5\u00e8me \u00e9dition 2022 par le Syndicat des pharmaciens d\u2019officine de Tunisie, du 29 septembre au 1er octobre, au Parc des Expositions du Kram.<\/em><\/strong><\/p>\n\n\n\n<!--more-->\n\n\n\n<p>Engag\u00e9 et conscient de l&rsquo;importance du r\u00f4le de chacun pour atteindre les objectifs de d\u00e9veloppement durable, le groupe BNA \u2013 la BNA avec ses filiales financi\u00e8res et immobili\u00e8res- a parrain\u00e9 activement ce rendez-vous qui a r\u00e9uni tous les acteurs et professionnels de la sant\u00e9 permettant de contribuer \u00e0 l\u2019\u00e9volution de la pharmacie d\u2019Officine en Tunisie, notamment par la comparaison avec celles d\u2019autres pays afin de faire des propositions pour promouvoir l\u2019industrie locale des m\u00e9dicaments.<\/p>\n\n\n\n<p>Une multitude de th\u00e9matiques, telles que la sant\u00e9 pr\u00e9ventive, les droits du patient, l\u2019acc\u00e8s aux m\u00e9dicaments, le code du travail et la convention sectorielle des officines ont fait l\u2019objet de riches d\u00e9bats abord\u00e9s par des intervenants de haut rang: professeurs, repr\u00e9sentants du minist\u00e8re de la sant\u00e9, inspecteurs du travail, juristes, experts-comptables ainsi que des repr\u00e9sentants du Spot.<\/p>\n\n\n\n<p>En marge du forum, un \u00e9v\u00e8nement e Health Valley a \u00e9t\u00e9 programm\u00e9 dans un espace sp\u00e9cial sant\u00e9 num\u00e9rique permettant de d\u00e9couvrir les jeunes talents et les d\u00e9veloppeurs d\u2019applications dans le domaine de la sant\u00e9 num\u00e9rique. Il a \u00e9t\u00e9 compos\u00e9 de 3 espaces\u00a0:<br>&#8211; FishBowl\u00a0: pour cr\u00e9er une conversation avec un grand groupe autour de l\u2019\u00e9cosyst\u00e8me de la Health Tech et r\u00e9fl\u00e9chir sur les enjeux, probl\u00e9matiques et perspectives.<br>&#8211; Hackathon\u00a0: qui a \u00e9t\u00e9 organis\u00e9 et focalis\u00e9 autour des probl\u00e9matiques de l\u2019e-Health. Les participants parmi les jeunes entrepreneurs ont eu pour challenge de trouver des id\u00e9es innovantes qui apportent facilitations et solutions \u00e0 des probl\u00e8mes bien pr\u00e9cis dans le secteur de la e-sant\u00e9. Quarante jeunes d\u2019horizons diff\u00e9rents ont \u00e9t\u00e9 pr\u00e9s\u00e9lectionn\u00e9s pour participer au Hackathon pendant 24 heures non-stop.<br>&#8211; Un espace d\u2019exposition\u00a0: r\u00e9unissant startups, partenaires et sponsors dans l\u2019objectif de nouer des partenariats avec d\u2019autres programmes et projets autour de la Health Tech.<\/p>\n\n\n\n<p>Le forum a r\u00e9uni plus de 3000 participants, parmi lesquels nous comptons les repr\u00e9sentants du groupe BNA, qui ont \u00e9volu\u00e9 dans les diff\u00e9rents symposiums, workshops et tables rondes pour traiter de sujets autour du financement et de l\u2019investissement dans le secteur de la sant\u00e9, en pr\u00e9sentant des offres exclusives et avantageuses r\u00e9pondant aux besoins sp\u00e9cifiques des pharmaciens.<\/p>\n\n\n\n<p>C\u2019est dans ce cadre, que des conventions de partenariat avec le Spot ont \u00e9t\u00e9 sign\u00e9es, comportant des offres de produits et de services adapt\u00e9es aux besoins professionnels et personnels des pharmaciens \u00e0 des tarifs pr\u00e9f\u00e9rentiels.<\/p>\n\n\n\n<p>Par ailleurs, un vaste espace d\u2019exposition a \u00e9t\u00e9 d\u00e9di\u00e9 aux stands des grossistes r\u00e9partiteurs, industriels pharmaceutiques et parapharmaceutiques, \u00e9quipementiers et agenceurs d\u2019officines, \u00e9diteurs de logiciels et autres exposants. <\/p>\n\n\n\n<p>Le groupe BNA a mobilis\u00e9 des \u00e9quipes commerciales au niveau de ses diff\u00e9rents stands pour accompagner, encadrer et assister les pharmaciens par rapports aux nouvelles offres de produits et services d\u00e9di\u00e9s au secteur pharmaceutique.<\/p>\n\n\n\n<p><strong><em>Source :<\/em><\/strong> Communiqu\u00e9.<\/p>\n","protected":false},"excerpt":{"rendered":"<p>Le Forum de l\u2019officine a \u00e9t\u00e9 organis\u00e9 dans sa 5\u00e8me \u00e9dition 2022 par le Syndicat des pharmaciens d\u2019officine de Tunisie, du 29 septembre au 1er octobre, au Parc des Expositions du Kram.<\/p>\n","protected":false},"author":24,"featured_media":4425263,"comment_status":"open","ping_status":"open","sticky":false,"template":"","format":"standard","meta":{"footnotes":""},"categories":[998,2433],"tags":[154,103426,103427],"class_list":["post-4425062","post","type-post","status-publish","format-standard","has-post-thumbnail","hentry","category-societe","category-tunisie","tag-bna","tag-forum-de-lofficine","tag-syndicat-des-pharmaciens-dofficine-de-tunisie"],"yoast_head":"<!-- This site is optimized with the Yoast SEO plugin v26.6 - https:\/\/yoast.com\/wordpress\/plugins\/seo\/ -->\n<title>Le Groupe BNA partenaire de la 5e \u00e9dition du Forum de l\u2019officine - Kapitalis<\/title>\n<meta name=\"robots\" content=\"index, follow, max-snippet:-1, max-image-preview:large, max-video-preview:-1\" \/>\n<link rel=\"canonical\" href=\"https:\/\/kapitalis.com\/tunisie\/2022\/10\/05\/le-groupe-bna-partenaire-de-la-5e-edition-du-forum-de-lofficine\/\" \/>\n<meta property=\"og:locale\" content=\"fr_FR\" \/>\n<meta property=\"og:type\" content=\"article\" \/>\n<meta property=\"og:title\" content=\"Le Groupe BNA partenaire de la 5e \u00e9dition du Forum de l\u2019officine - Kapitalis\" \/>\n<meta property=\"og:description\" content=\"Le Forum de l\u2019officine a \u00e9t\u00e9 organis\u00e9 dans sa 5\u00e8me \u00e9dition 2022 par le Syndicat des pharmaciens d\u2019officine de Tunisie, du 29 septembre au 1er octobre, au Parc des Expositions du Kram.\" \/>\n<meta property=\"og:url\" content=\"https:\/\/kapitalis.com\/tunisie\/2022\/10\/05\/le-groupe-bna-partenaire-de-la-5e-edition-du-forum-de-lofficine\/\" \/>\n<meta property=\"og:site_name\" content=\"Kapitalis\" \/>\n<meta property=\"article:publisher\" content=\"https:\/\/www.facebook.com\/KapitalisInfo\/\" \/>\n<meta property=\"article:published_time\" content=\"2022-10-05T15:11:58+00:00\" \/>\n<meta property=\"article:modified_time\" content=\"2022-10-05T15:11:59+00:00\" \/>\n<meta property=\"og:image\" content=\"https:\/\/kapitalis.com\/tunisie\/wp-content\/uploads\/2022\/10\/forum-de-lofficine.jpg\" \/>\n\t<meta property=\"og:image:width\" content=\"1200\" \/>\n\t<meta property=\"og:image:height\" content=\"630\" \/>\n\t<meta property=\"og:image:type\" content=\"image\/jpeg\" \/>\n<meta name=\"author\" content=\"Cherif Benyounes\" \/>\n<meta name=\"twitter:card\" content=\"summary_large_image\" \/>\n<meta name=\"twitter:creator\" content=\"@KapitalisInfo\" \/>\n<meta name=\"twitter:site\" content=\"@KapitalisInfo\" \/>\n<meta name=\"twitter:label1\" content=\"\u00c9crit par\" \/>\n\t<meta name=\"twitter:data1\" content=\"Cherif Benyounes\" \/>\n\t<meta name=\"twitter:label2\" content=\"Dur\u00e9e de lecture estim\u00e9e\" \/>\n\t<meta name=\"twitter:data2\" content=\"3 minutes\" \/>\n<script type=\"application\/ld+json\" class=\"yoast-schema-graph\">{\"@context\":\"https:\/\/schema.org\",\"@graph\":[{\"@type\":\"Article\",\"@id\":\"https:\/\/kapitalis.com\/tunisie\/2022\/10\/05\/le-groupe-bna-partenaire-de-la-5e-edition-du-forum-de-lofficine\/#article\",\"isPartOf\":{\"@id\":\"https:\/\/kapitalis.com\/tunisie\/2022\/10\/05\/le-groupe-bna-partenaire-de-la-5e-edition-du-forum-de-lofficine\/\"},\"author\":{\"name\":\"Cherif Benyounes\",\"@id\":\"https:\/\/kapitalis.com\/tunisie\/#\/schema\/person\/b35b8d631961131107263178aeb8019e\"},\"headline\":\"Le Groupe BNA partenaire de la 5e \u00e9dition du Forum de l\u2019officine\",\"datePublished\":\"2022-10-05T15:11:58+00:00\",\"dateModified\":\"2022-10-05T15:11:59+00:00\",\"mainEntityOfPage\":{\"@id\":\"https:\/\/kapitalis.com\/tunisie\/2022\/10\/05\/le-groupe-bna-partenaire-de-la-5e-edition-du-forum-de-lofficine\/\"},\"wordCount\":543,\"commentCount\":0,\"publisher\":{\"@id\":\"https:\/\/kapitalis.com\/tunisie\/#organization\"},\"image\":{\"@id\":\"https:\/\/kapitalis.com\/tunisie\/2022\/10\/05\/le-groupe-bna-partenaire-de-la-5e-edition-du-forum-de-lofficine\/#primaryimage\"},\"thumbnailUrl\":\"https:\/\/kapitalis.com\/tunisie\/wp-content\/uploads\/2022\/10\/forum-de-lofficine.jpg\",\"keywords\":[\"BNA\",\"Forum de l\u2019officine\",\"Syndicat des pharmaciens d\u2019officine de Tunisie\"],\"articleSection\":[\"SOCIETE\",\"Tunisie\"],\"inLanguage\":\"fr-FR\",\"potentialAction\":[{\"@type\":\"CommentAction\",\"name\":\"Comment\",\"target\":[\"https:\/\/kapitalis.com\/tunisie\/2022\/10\/05\/le-groupe-bna-partenaire-de-la-5e-edition-du-forum-de-lofficine\/#respond\"]}]},{\"@type\":\"WebPage\",\"@id\":\"https:\/\/kapitalis.com\/tunisie\/2022\/10\/05\/le-groupe-bna-partenaire-de-la-5e-edition-du-forum-de-lofficine\/\",\"url\":\"https:\/\/kapitalis.com\/tunisie\/2022\/10\/05\/le-groupe-bna-partenaire-de-la-5e-edition-du-forum-de-lofficine\/\",\"name\":\"Le Groupe BNA partenaire de la 5e \u00e9dition du Forum de l\u2019officine - Kapitalis\",\"isPartOf\":{\"@id\":\"https:\/\/kapitalis.com\/tunisie\/#website\"},\"primaryImageOfPage\":{\"@id\":\"https:\/\/kapitalis.com\/tunisie\/2022\/10\/05\/le-groupe-bna-partenaire-de-la-5e-edition-du-forum-de-lofficine\/#primaryimage\"},\"image\":{\"@id\":\"https:\/\/kapitalis.com\/tunisie\/2022\/10\/05\/le-groupe-bna-partenaire-de-la-5e-edition-du-forum-de-lofficine\/#primaryimage\"},\"thumbnailUrl\":\"https:\/\/kapitalis.com\/tunisie\/wp-content\/uploads\/2022\/10\/forum-de-lofficine.jpg\",\"datePublished\":\"2022-10-05T15:11:58+00:00\",\"dateModified\":\"2022-10-05T15:11:59+00:00\",\"breadcrumb\":{\"@id\":\"https:\/\/kapitalis.com\/tunisie\/2022\/10\/05\/le-groupe-bna-partenaire-de-la-5e-edition-du-forum-de-lofficine\/#breadcrumb\"},\"inLanguage\":\"fr-FR\",\"potentialAction\":[{\"@type\":\"ReadAction\",\"target\":[\"https:\/\/kapitalis.com\/tunisie\/2022\/10\/05\/le-groupe-bna-partenaire-de-la-5e-edition-du-forum-de-lofficine\/\"]}]},{\"@type\":\"ImageObject\",\"inLanguage\":\"fr-FR\",\"@id\":\"https:\/\/kapitalis.com\/tunisie\/2022\/10\/05\/le-groupe-bna-partenaire-de-la-5e-edition-du-forum-de-lofficine\/#primaryimage\",\"url\":\"https:\/\/kapitalis.com\/tunisie\/wp-content\/uploads\/2022\/10\/forum-de-lofficine.jpg\",\"contentUrl\":\"https:\/\/kapitalis.com\/tunisie\/wp-content\/uploads\/2022\/10\/forum-de-lofficine.jpg\",\"width\":1200,\"height\":630},{\"@type\":\"BreadcrumbList\",\"@id\":\"https:\/\/kapitalis.com\/tunisie\/2022\/10\/05\/le-groupe-bna-partenaire-de-la-5e-edition-du-forum-de-lofficine\/#breadcrumb\",\"itemListElement\":[{\"@type\":\"ListItem\",\"position\":1,\"name\":\"Accueil\",\"item\":\"https:\/\/kapitalis.com\/tunisie\/\"},{\"@type\":\"ListItem\",\"position\":2,\"name\":\"Le Groupe BNA partenaire de la 5e \u00e9dition du Forum de l\u2019officine\"}]},{\"@type\":\"WebSite\",\"@id\":\"https:\/\/kapitalis.com\/tunisie\/#website\",\"url\":\"https:\/\/kapitalis.com\/tunisie\/\",\"name\":\"Kapitalis\",\"description\":\"L&#039;actualit\u00e9 en Tunisie et dans le monde\",\"publisher\":{\"@id\":\"https:\/\/kapitalis.com\/tunisie\/#organization\"},\"potentialAction\":[{\"@type\":\"SearchAction\",\"target\":{\"@type\":\"EntryPoint\",\"urlTemplate\":\"https:\/\/kapitalis.com\/tunisie\/?s={search_term_string}\"},\"query-input\":{\"@type\":\"PropertyValueSpecification\",\"valueRequired\":true,\"valueName\":\"search_term_string\"}}],\"inLanguage\":\"fr-FR\"},{\"@type\":\"Organization\",\"@id\":\"https:\/\/kapitalis.com\/tunisie\/#organization\",\"name\":\"Kapitalis\",\"url\":\"https:\/\/kapitalis.com\/tunisie\/\",\"logo\":{\"@type\":\"ImageObject\",\"inLanguage\":\"fr-FR\",\"@id\":\"https:\/\/kapitalis.com\/tunisie\/#\/schema\/logo\/image\/\",\"url\":\"https:\/\/kapitalis.com\/tunisie\/wp-content\/uploads\/2022\/05\/Kapitalis-big-size.png\",\"contentUrl\":\"https:\/\/kapitalis.com\/tunisie\/wp-content\/uploads\/2022\/05\/Kapitalis-big-size.png\",\"width\":5000,\"height\":1500,\"caption\":\"Kapitalis\"},\"image\":{\"@id\":\"https:\/\/kapitalis.com\/tunisie\/#\/schema\/logo\/image\/\"},\"sameAs\":[\"https:\/\/www.facebook.com\/KapitalisInfo\/\",\"https:\/\/x.com\/KapitalisInfo\",\"https:\/\/www.youtube.com\/channel\/UC-yDYrHyfFBWWZaOw3FPg9Q\"]},{\"@type\":\"Person\",\"@id\":\"https:\/\/kapitalis.com\/tunisie\/#\/schema\/person\/b35b8d631961131107263178aeb8019e\",\"name\":\"Cherif Benyounes\",\"url\":\"https:\/\/kapitalis.com\/tunisie\/author\/cherif\/\"}]}<\/script>\n<!-- \/ Yoast SEO plugin. -->","yoast_head_json":{"title":"Le Groupe BNA partenaire de la 5e \u00e9dition du Forum de l\u2019officine - Kapitalis","robots":{"index":"index","follow":"follow","max-snippet":"max-snippet:-1","max-image-preview":"max-image-preview:large","max-video-preview":"max-video-preview:-1"},"canonical":"https:\/\/kapitalis.com\/tunisie\/2022\/10\/05\/le-groupe-bna-partenaire-de-la-5e-edition-du-forum-de-lofficine\/","og_locale":"fr_FR","og_type":"article","og_title":"Le Groupe BNA partenaire de la 5e \u00e9dition du Forum de l\u2019officine - Kapitalis","og_description":"Le Forum de l\u2019officine a \u00e9t\u00e9 organis\u00e9 dans sa 5\u00e8me \u00e9dition 2022 par le Syndicat des pharmaciens d\u2019officine de Tunisie, du 29 septembre au 1er octobre, au Parc des Expositions du Kram.","og_url":"https:\/\/kapitalis.com\/tunisie\/2022\/10\/05\/le-groupe-bna-partenaire-de-la-5e-edition-du-forum-de-lofficine\/","og_site_name":"Kapitalis","article_publisher":"https:\/\/www.facebook.com\/KapitalisInfo\/","article_published_time":"2022-10-05T15:11:58+00:00","article_modified_time":"2022-10-05T15:11:59+00:00","og_image":[{"width":1200,"height":630,"url":"https:\/\/kapitalis.com\/tunisie\/wp-content\/uploads\/2022\/10\/forum-de-lofficine.jpg","type":"image\/jpeg"}],"author":"Cherif Benyounes","twitter_card":"summary_large_image","twitter_creator":"@KapitalisInfo","twitter_site":"@KapitalisInfo","twitter_misc":{"\u00c9crit par":"Cherif Benyounes","Dur\u00e9e de lecture estim\u00e9e":"3 minutes"},"schema":{"@context":"https:\/\/schema.org","@graph":[{"@type":"Article","@id":"https:\/\/kapitalis.com\/tunisie\/2022\/10\/05\/le-groupe-bna-partenaire-de-la-5e-edition-du-forum-de-lofficine\/#article","isPartOf":{"@id":"https:\/\/kapitalis.com\/tunisie\/2022\/10\/05\/le-groupe-bna-partenaire-de-la-5e-edition-du-forum-de-lofficine\/"},"author":{"name":"Cherif Benyounes","@id":"https:\/\/kapitalis.com\/tunisie\/#\/schema\/person\/b35b8d631961131107263178aeb8019e"},"headline":"Le Groupe BNA partenaire de la 5e \u00e9dition du Forum de l\u2019officine","datePublished":"2022-10-05T15:11:58+00:00","dateModified":"2022-10-05T15:11:59+00:00","mainEntityOfPage":{"@id":"https:\/\/kapitalis.com\/tunisie\/2022\/10\/05\/le-groupe-bna-partenaire-de-la-5e-edition-du-forum-de-lofficine\/"},"wordCount":543,"commentCount":0,"publisher":{"@id":"https:\/\/kapitalis.com\/tunisie\/#organization"},"image":{"@id":"https:\/\/kapitalis.com\/tunisie\/2022\/10\/05\/le-groupe-bna-partenaire-de-la-5e-edition-du-forum-de-lofficine\/#primaryimage"},"thumbnailUrl":"https:\/\/kapitalis.com\/tunisie\/wp-content\/uploads\/2022\/10\/forum-de-lofficine.jpg","keywords":["BNA","Forum de l\u2019officine","Syndicat des pharmaciens d\u2019officine de Tunisie"],"articleSection":["SOCIETE","Tunisie"],"inLanguage":"fr-FR","potentialAction":[{"@type":"CommentAction","name":"Comment","target":["https:\/\/kapitalis.com\/tunisie\/2022\/10\/05\/le-groupe-bna-partenaire-de-la-5e-edition-du-forum-de-lofficine\/#respond"]}]},{"@type":"WebPage","@id":"https:\/\/kapitalis.com\/tunisie\/2022\/10\/05\/le-groupe-bna-partenaire-de-la-5e-edition-du-forum-de-lofficine\/","url":"https:\/\/kapitalis.com\/tunisie\/2022\/10\/05\/le-groupe-bna-partenaire-de-la-5e-edition-du-forum-de-lofficine\/","name":"Le Groupe BNA partenaire de la 5e \u00e9dition du Forum de l\u2019officine - Kapitalis","isPartOf":{"@id":"https:\/\/kapitalis.com\/tunisie\/#website"},"primaryImageOfPage":{"@id":"https:\/\/kapitalis.com\/tunisie\/2022\/10\/05\/le-groupe-bna-partenaire-de-la-5e-edition-du-forum-de-lofficine\/#primaryimage"},"image":{"@id":"https:\/\/kapitalis.com\/tunisie\/2022\/10\/05\/le-groupe-bna-partenaire-de-la-5e-edition-du-forum-de-lofficine\/#primaryimage"},"thumbnailUrl":"https:\/\/kapitalis.com\/tunisie\/wp-content\/uploads\/2022\/10\/forum-de-lofficine.jpg","datePublished":"2022-10-05T15:11:58+00:00","dateModified":"2022-10-05T15:11:59+00:00","breadcrumb":{"@id":"https:\/\/kapitalis.com\/tunisie\/2022\/10\/05\/le-groupe-bna-partenaire-de-la-5e-edition-du-forum-de-lofficine\/#breadcrumb"},"inLanguage":"fr-FR","potentialAction":[{"@type":"ReadAction","target":["https:\/\/kapitalis.com\/tunisie\/2022\/10\/05\/le-groupe-bna-partenaire-de-la-5e-edition-du-forum-de-lofficine\/"]}]},{"@type":"ImageObject","inLanguage":"fr-FR","@id":"https:\/\/kapitalis.com\/tunisie\/2022\/10\/05\/le-groupe-bna-partenaire-de-la-5e-edition-du-forum-de-lofficine\/#primaryimage","url":"https:\/\/kapitalis.com\/tunisie\/wp-content\/uploads\/2022\/10\/forum-de-lofficine.jpg","contentUrl":"https:\/\/kapitalis.com\/tunisie\/wp-content\/uploads\/2022\/10\/forum-de-lofficine.jpg","width":1200,"height":630},{"@type":"BreadcrumbList","@id":"https:\/\/kapitalis.com\/tunisie\/2022\/10\/05\/le-groupe-bna-partenaire-de-la-5e-edition-du-forum-de-lofficine\/#breadcrumb","itemListElement":[{"@type":"ListItem","position":1,"name":"Accueil","item":"https:\/\/kapitalis.com\/tunisie\/"},{"@type":"ListItem","position":2,"name":"Le Groupe BNA partenaire de la 5e \u00e9dition du Forum de l\u2019officine"}]},{"@type":"WebSite","@id":"https:\/\/kapitalis.com\/tunisie\/#website","url":"https:\/\/kapitalis.com\/tunisie\/","name":"Kapitalis","description":"L&#039;actualit\u00e9 en Tunisie et dans le monde","publisher":{"@id":"https:\/\/kapitalis.com\/tunisie\/#organization"},"potentialAction":[{"@type":"SearchAction","target":{"@type":"EntryPoint","urlTemplate":"https:\/\/kapitalis.com\/tunisie\/?s={search_term_string}"},"query-input":{"@type":"PropertyValueSpecification","valueRequired":true,"valueName":"search_term_string"}}],"inLanguage":"fr-FR"},{"@type":"Organization","@id":"https:\/\/kapitalis.com\/tunisie\/#organization","name":"Kapitalis","url":"https:\/\/kapitalis.com\/tunisie\/","logo":{"@type":"ImageObject","inLanguage":"fr-FR","@id":"https:\/\/kapitalis.com\/tunisie\/#\/schema\/logo\/image\/","url":"https:\/\/kapitalis.com\/tunisie\/wp-content\/uploads\/2022\/05\/Kapitalis-big-size.png","contentUrl":"https:\/\/kapitalis.com\/tunisie\/wp-content\/uploads\/2022\/05\/Kapitalis-big-size.png","width":5000,"height":1500,"caption":"Kapitalis"},"image":{"@id":"https:\/\/kapitalis.com\/tunisie\/#\/schema\/logo\/image\/"},"sameAs":["https:\/\/www.facebook.com\/KapitalisInfo\/","https:\/\/x.com\/KapitalisInfo","https:\/\/www.youtube.com\/channel\/UC-yDYrHyfFBWWZaOw3FPg9Q"]},{"@type":"Person","@id":"https:\/\/kapitalis.com\/tunisie\/#\/schema\/person\/b35b8d631961131107263178aeb8019e","name":"Cherif Benyounes","url":"https:\/\/kapitalis.com\/tunisie\/author\/cherif\/"}]}},"_links":{"self":[{"href":"https:\/\/kapitalis.com\/tunisie\/wp-json\/wp\/v2\/posts\/4425062","targetHints":{"allow":["GET"]}}],"collection":[{"href":"https:\/\/kapitalis.com\/tunisie\/wp-json\/wp\/v2\/posts"}],"about":[{"href":"https:\/\/kapitalis.com\/tunisie\/wp-json\/wp\/v2\/types\/post"}],"author":[{"embeddable":true,"href":"https:\/\/kapitalis.com\/tunisie\/wp-json\/wp\/v2\/users\/24"}],"replies":[{"embeddable":true,"href":"https:\/\/kapitalis.com\/tunisie\/wp-json\/wp\/v2\/comments?post=4425062"}],"version-history":[{"count":0,"href":"https:\/\/kapitalis.com\/tunisie\/wp-json\/wp\/v2\/posts\/4425062\/revisions"}],"wp:featuredmedia":[{"embeddable":true,"href":"https:\/\/kapitalis.com\/tunisie\/wp-json\/wp\/v2\/media\/4425263"}],"wp:attachment":[{"href":"https:\/\/kapitalis.com\/tunisie\/wp-json\/wp\/v2\/media?parent=4425062"}],"wp:term":[{"taxonomy":"category","embeddable":true,"href":"https:\/\/kapitalis.com\/tunisie\/wp-json\/wp\/v2\/categories?post=4425062"},{"taxonomy":"post_tag","embeddable":true,"href":"https:\/\/kapitalis.com\/tunisie\/wp-json\/wp\/v2\/tags?post=4425062"}],"curies":[{"name":"wp","href":"https:\/\/api.w.org\/{rel}","templated":true}]}}