{"id":44288,"date":"2016-03-23T10:45:54","date_gmt":"2016-03-23T09:45:54","guid":{"rendered":"http:\/\/kapitalis.com\/tunisie\/?p=44288"},"modified":"2016-03-23T10:49:15","modified_gmt":"2016-03-23T09:49:15","slug":"la-france-invitee-dhonneur-de-la-foire-du-livre-de-tunis","status":"publish","type":"post","link":"https:\/\/kapitalis.com\/tunisie\/2016\/03\/23\/la-france-invitee-dhonneur-de-la-foire-du-livre-de-tunis\/","title":{"rendered":"La France invit\u00e9e d\u2019honneur de la Foire du Livre de Tunis\u00a0"},"content":{"rendered":"<p style=\"text-align: center;\"><img loading=\"lazy\" decoding=\"async\" class=\"alignnone size-full wp-image-22846\" src=\"http:\/\/kapitalis.com\/tunisie\/wp-content\/uploads\/2015\/11\/He\u0301di-Kaddour.jpg\" alt=\"He\u0301di-Kaddour\" width=\"626\" height=\"380\" \/><\/p>\n<p style=\"text-align: center;\"><em>H\u00e9di Kaddour.<\/em><\/p>\n<p style=\"text-align: left;\"><em><strong>Apr\u00e8s le Maroc, lors de la pr\u00e9c\u00e9dente \u00e9dition, c\u2019est la France qui sera, cette ann\u00e9e, l\u2019invit\u00e9e d\u2019honneur de la Foire internationale du livre de Tunis (FILT)<\/strong><\/em><\/p>\n<p style=\"text-align: left;\"><!--more--><\/p>\n<p style=\"text-align: left;\">La 32e \u00e9dition de cet \u00e9v\u00e9nement tr\u00e8s attendu se d\u00e9roulera du\u00a025 mars\u00a0au\u00a03 avril\u00a02016 au Parc des expositions du Kram, au nord de Tunis.<\/p>\n<p style=\"text-align: left;\">Le stand de l\u2019Institut fran\u00e7ais de Tunisie (IFT), qui prendra place dans le Hall 1 et portera le num\u00e9ro 401, accueillera de nombreuses manifestations autour de la litt\u00e9rature et de la langue fran\u00e7aises.<\/p>\n<p style=\"text-align: left;\">Parmi les personnalit\u00e9s ayant d\u00e9j\u00e0 confirm\u00e9 leur participation aux conf\u00e9rences-d\u00e9bats et tables rondes inscrites au programme du stand de la France, on signale H\u00e9di Kaddour, po\u00e8te et romancier fran\u00e7ais d&rsquo;origine tunisienne, prix Goncourt du premier roman en 2006 pour &lsquo;<em>&lsquo;Waltenberg<\/em>\u00a0\u00bb et Grand Prix du roman 2015 de l\u2019Acad\u00e9mie fran\u00e7aise pour \u00ab\u00a0<em>Les pr\u00e9pond\u00e9rants<\/em>\u00ab\u00a0, qu\u2019il viendra pr\u00e9senter au stand fran\u00e7ais, le samedi 26 mars 2016, \u00e0 16h30.<\/p>\n<p style=\"text-align: left;\">On signale aussi la pr\u00e9sence de Jean-Marc Salmon, l&rsquo;auteur du livre \u00ab\u00a029 jours de r\u00e9volution : histoire du soul\u00e8vement tunisien\u00a0\u00bb, qui viendra pr\u00e9senter son opus, mercredi 30 mars \u00e0 15 heures. Il retra\u00e7era, \u00e0 travers une lecture sociologique des \u00e9v\u00e9nements, les 6 moments forts de la r\u00e9volution tunisienne, depuis l\u2019auto-immolation par le feu de Bouazizi jusqu\u2019au d\u00e9part de Ben Ali.<\/p>\n<p style=\"text-align: left;\">Au programme figurent aussi deux tables-rondes sur les th\u00e8mes suivants: \u00ab<em>Alt\u00e9rites tunisiennes, un grand regard sur le pays natal\u00bb<\/em> avec H\u00e9di Kaddour, Fawzi Mellah et Rafik Ben Salah; <em>\u00abQui \u00e9crit l\u2019histoire?<\/em>\u00bb avec Benjamin Stora, Habib Kazdaghli et Kmar Bendana.<\/p>\n<p style=\"text-align: right;\"><strong>Wajdi Msaed<\/strong><\/p>\n","protected":false},"excerpt":{"rendered":"<p>H\u00e9di Kaddour. Apr\u00e8s le Maroc, lors de la pr\u00e9c\u00e9dente \u00e9dition, c\u2019est la France qui sera, cette ann\u00e9e, l\u2019invit\u00e9e d\u2019honneur de la Foire internationale du livre de Tunis (FILT)<\/p>\n","protected":false},"author":8,"featured_media":0,"comment_status":"open","ping_status":"open","sticky":false,"template":"","format":"standard","meta":{"footnotes":""},"categories":[994,2433],"tags":[15775,395,3581,8340],"class_list":["post-44288","post","type-post","status-publish","format-standard","hentry","category-culture","category-tunisie","tag-foire-du-livre-de-tunis","tag-france","tag-habib-kazdaghli","tag-hedi-kaddour"],"yoast_head":"<!-- This site is optimized with the Yoast SEO plugin v26.6 - https:\/\/yoast.com\/wordpress\/plugins\/seo\/ -->\n<title>La France invit\u00e9e d\u2019honneur de la Foire du Livre de Tunis\u00a0 - Kapitalis<\/title>\n<meta name=\"robots\" content=\"index, follow, max-snippet:-1, max-image-preview:large, max-video-preview:-1\" \/>\n<link rel=\"canonical\" href=\"https:\/\/kapitalis.com\/tunisie\/2016\/03\/23\/la-france-invitee-dhonneur-de-la-foire-du-livre-de-tunis\/\" \/>\n<meta property=\"og:locale\" content=\"fr_FR\" \/>\n<meta property=\"og:type\" content=\"article\" \/>\n<meta property=\"og:title\" content=\"La France invit\u00e9e d\u2019honneur de la Foire du Livre de Tunis\u00a0 - Kapitalis\" \/>\n<meta property=\"og:description\" content=\"H\u00e9di Kaddour. Apr\u00e8s le Maroc, lors de la pr\u00e9c\u00e9dente \u00e9dition, c\u2019est la France qui sera, cette ann\u00e9e, l\u2019invit\u00e9e d\u2019honneur de la Foire internationale du livre de Tunis (FILT)\" \/>\n<meta property=\"og:url\" content=\"https:\/\/kapitalis.com\/tunisie\/2016\/03\/23\/la-france-invitee-dhonneur-de-la-foire-du-livre-de-tunis\/\" \/>\n<meta property=\"og:site_name\" content=\"Kapitalis\" \/>\n<meta property=\"article:publisher\" content=\"https:\/\/www.facebook.com\/KapitalisInfo\/\" \/>\n<meta property=\"article:published_time\" content=\"2016-03-23T09:45:54+00:00\" \/>\n<meta property=\"article:modified_time\" content=\"2016-03-23T09:49:15+00:00\" \/>\n<meta property=\"og:image\" content=\"https:\/\/kapitalis.com\/tunisie\/wp-content\/uploads\/2022\/05\/kapitalis-logo-fb.png\" \/>\n\t<meta property=\"og:image:width\" content=\"1200\" \/>\n\t<meta property=\"og:image:height\" content=\"630\" \/>\n\t<meta property=\"og:image:type\" content=\"image\/png\" \/>\n<meta name=\"author\" content=\"webmaster kapitalis\" \/>\n<meta name=\"twitter:card\" content=\"summary_large_image\" \/>\n<meta name=\"twitter:creator\" content=\"@KapitalisInfo\" \/>\n<meta name=\"twitter:site\" content=\"@KapitalisInfo\" \/>\n<meta name=\"twitter:label1\" content=\"\u00c9crit par\" \/>\n\t<meta name=\"twitter:data1\" content=\"webmaster kapitalis\" \/>\n\t<meta name=\"twitter:label2\" content=\"Dur\u00e9e de lecture estim\u00e9e\" \/>\n\t<meta name=\"twitter:data2\" content=\"1 minute\" \/>\n<script type=\"application\/ld+json\" class=\"yoast-schema-graph\">{\"@context\":\"https:\/\/schema.org\",\"@graph\":[{\"@type\":\"Article\",\"@id\":\"https:\/\/kapitalis.com\/tunisie\/2016\/03\/23\/la-france-invitee-dhonneur-de-la-foire-du-livre-de-tunis\/#article\",\"isPartOf\":{\"@id\":\"https:\/\/kapitalis.com\/tunisie\/2016\/03\/23\/la-france-invitee-dhonneur-de-la-foire-du-livre-de-tunis\/\"},\"author\":{\"name\":\"webmaster kapitalis\",\"@id\":\"https:\/\/kapitalis.com\/tunisie\/#\/schema\/person\/d71f33a9ca44f7bad4698210b480c8e9\"},\"headline\":\"La France invit\u00e9e d\u2019honneur de la Foire du Livre de Tunis\u00a0\",\"datePublished\":\"2016-03-23T09:45:54+00:00\",\"dateModified\":\"2016-03-23T09:49:15+00:00\",\"mainEntityOfPage\":{\"@id\":\"https:\/\/kapitalis.com\/tunisie\/2016\/03\/23\/la-france-invitee-dhonneur-de-la-foire-du-livre-de-tunis\/\"},\"wordCount\":296,\"commentCount\":3,\"publisher\":{\"@id\":\"https:\/\/kapitalis.com\/tunisie\/#organization\"},\"keywords\":[\"Foire du Livre de Tunis\",\"France\",\"Habib Kazdaghli\",\"H\u00e9di Kaddour\"],\"articleSection\":[\"CULTURE\",\"Tunisie\"],\"inLanguage\":\"fr-FR\",\"potentialAction\":[{\"@type\":\"CommentAction\",\"name\":\"Comment\",\"target\":[\"https:\/\/kapitalis.com\/tunisie\/2016\/03\/23\/la-france-invitee-dhonneur-de-la-foire-du-livre-de-tunis\/#respond\"]}]},{\"@type\":\"WebPage\",\"@id\":\"https:\/\/kapitalis.com\/tunisie\/2016\/03\/23\/la-france-invitee-dhonneur-de-la-foire-du-livre-de-tunis\/\",\"url\":\"https:\/\/kapitalis.com\/tunisie\/2016\/03\/23\/la-france-invitee-dhonneur-de-la-foire-du-livre-de-tunis\/\",\"name\":\"La France invit\u00e9e d\u2019honneur de la Foire du Livre de Tunis\u00a0 - Kapitalis\",\"isPartOf\":{\"@id\":\"https:\/\/kapitalis.com\/tunisie\/#website\"},\"datePublished\":\"2016-03-23T09:45:54+00:00\",\"dateModified\":\"2016-03-23T09:49:15+00:00\",\"breadcrumb\":{\"@id\":\"https:\/\/kapitalis.com\/tunisie\/2016\/03\/23\/la-france-invitee-dhonneur-de-la-foire-du-livre-de-tunis\/#breadcrumb\"},\"inLanguage\":\"fr-FR\",\"potentialAction\":[{\"@type\":\"ReadAction\",\"target\":[\"https:\/\/kapitalis.com\/tunisie\/2016\/03\/23\/la-france-invitee-dhonneur-de-la-foire-du-livre-de-tunis\/\"]}]},{\"@type\":\"BreadcrumbList\",\"@id\":\"https:\/\/kapitalis.com\/tunisie\/2016\/03\/23\/la-france-invitee-dhonneur-de-la-foire-du-livre-de-tunis\/#breadcrumb\",\"itemListElement\":[{\"@type\":\"ListItem\",\"position\":1,\"name\":\"Accueil\",\"item\":\"https:\/\/kapitalis.com\/tunisie\/\"},{\"@type\":\"ListItem\",\"position\":2,\"name\":\"La France invit\u00e9e d\u2019honneur de la Foire du Livre de Tunis\u00a0\"}]},{\"@type\":\"WebSite\",\"@id\":\"https:\/\/kapitalis.com\/tunisie\/#website\",\"url\":\"https:\/\/kapitalis.com\/tunisie\/\",\"name\":\"Kapitalis\",\"description\":\"L&#039;actualit\u00e9 en Tunisie et dans le monde\",\"publisher\":{\"@id\":\"https:\/\/kapitalis.com\/tunisie\/#organization\"},\"potentialAction\":[{\"@type\":\"SearchAction\",\"target\":{\"@type\":\"EntryPoint\",\"urlTemplate\":\"https:\/\/kapitalis.com\/tunisie\/?s={search_term_string}\"},\"query-input\":{\"@type\":\"PropertyValueSpecification\",\"valueRequired\":true,\"valueName\":\"search_term_string\"}}],\"inLanguage\":\"fr-FR\"},{\"@type\":\"Organization\",\"@id\":\"https:\/\/kapitalis.com\/tunisie\/#organization\",\"name\":\"Kapitalis\",\"url\":\"https:\/\/kapitalis.com\/tunisie\/\",\"logo\":{\"@type\":\"ImageObject\",\"inLanguage\":\"fr-FR\",\"@id\":\"https:\/\/kapitalis.com\/tunisie\/#\/schema\/logo\/image\/\",\"url\":\"https:\/\/kapitalis.com\/tunisie\/wp-content\/uploads\/2022\/05\/Kapitalis-big-size.png\",\"contentUrl\":\"https:\/\/kapitalis.com\/tunisie\/wp-content\/uploads\/2022\/05\/Kapitalis-big-size.png\",\"width\":5000,\"height\":1500,\"caption\":\"Kapitalis\"},\"image\":{\"@id\":\"https:\/\/kapitalis.com\/tunisie\/#\/schema\/logo\/image\/\"},\"sameAs\":[\"https:\/\/www.facebook.com\/KapitalisInfo\/\",\"https:\/\/x.com\/KapitalisInfo\",\"https:\/\/www.youtube.com\/channel\/UC-yDYrHyfFBWWZaOw3FPg9Q\"]},{\"@type\":\"Person\",\"@id\":\"https:\/\/kapitalis.com\/tunisie\/#\/schema\/person\/d71f33a9ca44f7bad4698210b480c8e9\",\"name\":\"webmaster kapitalis\",\"url\":\"https:\/\/kapitalis.com\/tunisie\/author\/webmaster-kapitalis\/\"}]}<\/script>\n<!-- \/ Yoast SEO plugin. -->","yoast_head_json":{"title":"La France invit\u00e9e d\u2019honneur de la Foire du Livre de Tunis\u00a0 - Kapitalis","robots":{"index":"index","follow":"follow","max-snippet":"max-snippet:-1","max-image-preview":"max-image-preview:large","max-video-preview":"max-video-preview:-1"},"canonical":"https:\/\/kapitalis.com\/tunisie\/2016\/03\/23\/la-france-invitee-dhonneur-de-la-foire-du-livre-de-tunis\/","og_locale":"fr_FR","og_type":"article","og_title":"La France invit\u00e9e d\u2019honneur de la Foire du Livre de Tunis\u00a0 - Kapitalis","og_description":"H\u00e9di Kaddour. Apr\u00e8s le Maroc, lors de la pr\u00e9c\u00e9dente \u00e9dition, c\u2019est la France qui sera, cette ann\u00e9e, l\u2019invit\u00e9e d\u2019honneur de la Foire internationale du livre de Tunis (FILT)","og_url":"https:\/\/kapitalis.com\/tunisie\/2016\/03\/23\/la-france-invitee-dhonneur-de-la-foire-du-livre-de-tunis\/","og_site_name":"Kapitalis","article_publisher":"https:\/\/www.facebook.com\/KapitalisInfo\/","article_published_time":"2016-03-23T09:45:54+00:00","article_modified_time":"2016-03-23T09:49:15+00:00","og_image":[{"width":1200,"height":630,"url":"https:\/\/kapitalis.com\/tunisie\/wp-content\/uploads\/2022\/05\/kapitalis-logo-fb.png","type":"image\/png"}],"author":"webmaster kapitalis","twitter_card":"summary_large_image","twitter_creator":"@KapitalisInfo","twitter_site":"@KapitalisInfo","twitter_misc":{"\u00c9crit par":"webmaster kapitalis","Dur\u00e9e de lecture estim\u00e9e":"1 minute"},"schema":{"@context":"https:\/\/schema.org","@graph":[{"@type":"Article","@id":"https:\/\/kapitalis.com\/tunisie\/2016\/03\/23\/la-france-invitee-dhonneur-de-la-foire-du-livre-de-tunis\/#article","isPartOf":{"@id":"https:\/\/kapitalis.com\/tunisie\/2016\/03\/23\/la-france-invitee-dhonneur-de-la-foire-du-livre-de-tunis\/"},"author":{"name":"webmaster kapitalis","@id":"https:\/\/kapitalis.com\/tunisie\/#\/schema\/person\/d71f33a9ca44f7bad4698210b480c8e9"},"headline":"La France invit\u00e9e d\u2019honneur de la Foire du Livre de Tunis\u00a0","datePublished":"2016-03-23T09:45:54+00:00","dateModified":"2016-03-23T09:49:15+00:00","mainEntityOfPage":{"@id":"https:\/\/kapitalis.com\/tunisie\/2016\/03\/23\/la-france-invitee-dhonneur-de-la-foire-du-livre-de-tunis\/"},"wordCount":296,"commentCount":3,"publisher":{"@id":"https:\/\/kapitalis.com\/tunisie\/#organization"},"keywords":["Foire du Livre de Tunis","France","Habib Kazdaghli","H\u00e9di Kaddour"],"articleSection":["CULTURE","Tunisie"],"inLanguage":"fr-FR","potentialAction":[{"@type":"CommentAction","name":"Comment","target":["https:\/\/kapitalis.com\/tunisie\/2016\/03\/23\/la-france-invitee-dhonneur-de-la-foire-du-livre-de-tunis\/#respond"]}]},{"@type":"WebPage","@id":"https:\/\/kapitalis.com\/tunisie\/2016\/03\/23\/la-france-invitee-dhonneur-de-la-foire-du-livre-de-tunis\/","url":"https:\/\/kapitalis.com\/tunisie\/2016\/03\/23\/la-france-invitee-dhonneur-de-la-foire-du-livre-de-tunis\/","name":"La France invit\u00e9e d\u2019honneur de la Foire du Livre de Tunis\u00a0 - Kapitalis","isPartOf":{"@id":"https:\/\/kapitalis.com\/tunisie\/#website"},"datePublished":"2016-03-23T09:45:54+00:00","dateModified":"2016-03-23T09:49:15+00:00","breadcrumb":{"@id":"https:\/\/kapitalis.com\/tunisie\/2016\/03\/23\/la-france-invitee-dhonneur-de-la-foire-du-livre-de-tunis\/#breadcrumb"},"inLanguage":"fr-FR","potentialAction":[{"@type":"ReadAction","target":["https:\/\/kapitalis.com\/tunisie\/2016\/03\/23\/la-france-invitee-dhonneur-de-la-foire-du-livre-de-tunis\/"]}]},{"@type":"BreadcrumbList","@id":"https:\/\/kapitalis.com\/tunisie\/2016\/03\/23\/la-france-invitee-dhonneur-de-la-foire-du-livre-de-tunis\/#breadcrumb","itemListElement":[{"@type":"ListItem","position":1,"name":"Accueil","item":"https:\/\/kapitalis.com\/tunisie\/"},{"@type":"ListItem","position":2,"name":"La France invit\u00e9e d\u2019honneur de la Foire du Livre de Tunis\u00a0"}]},{"@type":"WebSite","@id":"https:\/\/kapitalis.com\/tunisie\/#website","url":"https:\/\/kapitalis.com\/tunisie\/","name":"Kapitalis","description":"L&#039;actualit\u00e9 en Tunisie et dans le monde","publisher":{"@id":"https:\/\/kapitalis.com\/tunisie\/#organization"},"potentialAction":[{"@type":"SearchAction","target":{"@type":"EntryPoint","urlTemplate":"https:\/\/kapitalis.com\/tunisie\/?s={search_term_string}"},"query-input":{"@type":"PropertyValueSpecification","valueRequired":true,"valueName":"search_term_string"}}],"inLanguage":"fr-FR"},{"@type":"Organization","@id":"https:\/\/kapitalis.com\/tunisie\/#organization","name":"Kapitalis","url":"https:\/\/kapitalis.com\/tunisie\/","logo":{"@type":"ImageObject","inLanguage":"fr-FR","@id":"https:\/\/kapitalis.com\/tunisie\/#\/schema\/logo\/image\/","url":"https:\/\/kapitalis.com\/tunisie\/wp-content\/uploads\/2022\/05\/Kapitalis-big-size.png","contentUrl":"https:\/\/kapitalis.com\/tunisie\/wp-content\/uploads\/2022\/05\/Kapitalis-big-size.png","width":5000,"height":1500,"caption":"Kapitalis"},"image":{"@id":"https:\/\/kapitalis.com\/tunisie\/#\/schema\/logo\/image\/"},"sameAs":["https:\/\/www.facebook.com\/KapitalisInfo\/","https:\/\/x.com\/KapitalisInfo","https:\/\/www.youtube.com\/channel\/UC-yDYrHyfFBWWZaOw3FPg9Q"]},{"@type":"Person","@id":"https:\/\/kapitalis.com\/tunisie\/#\/schema\/person\/d71f33a9ca44f7bad4698210b480c8e9","name":"webmaster kapitalis","url":"https:\/\/kapitalis.com\/tunisie\/author\/webmaster-kapitalis\/"}]}},"_links":{"self":[{"href":"https:\/\/kapitalis.com\/tunisie\/wp-json\/wp\/v2\/posts\/44288","targetHints":{"allow":["GET"]}}],"collection":[{"href":"https:\/\/kapitalis.com\/tunisie\/wp-json\/wp\/v2\/posts"}],"about":[{"href":"https:\/\/kapitalis.com\/tunisie\/wp-json\/wp\/v2\/types\/post"}],"author":[{"embeddable":true,"href":"https:\/\/kapitalis.com\/tunisie\/wp-json\/wp\/v2\/users\/8"}],"replies":[{"embeddable":true,"href":"https:\/\/kapitalis.com\/tunisie\/wp-json\/wp\/v2\/comments?post=44288"}],"version-history":[{"count":0,"href":"https:\/\/kapitalis.com\/tunisie\/wp-json\/wp\/v2\/posts\/44288\/revisions"}],"wp:attachment":[{"href":"https:\/\/kapitalis.com\/tunisie\/wp-json\/wp\/v2\/media?parent=44288"}],"wp:term":[{"taxonomy":"category","embeddable":true,"href":"https:\/\/kapitalis.com\/tunisie\/wp-json\/wp\/v2\/categories?post=44288"},{"taxonomy":"post_tag","embeddable":true,"href":"https:\/\/kapitalis.com\/tunisie\/wp-json\/wp\/v2\/tags?post=44288"}],"curies":[{"name":"wp","href":"https:\/\/api.w.org\/{rel}","templated":true}]}}