{"id":44317,"date":"2016-03-23T12:54:57","date_gmt":"2016-03-23T11:54:57","guid":{"rendered":"http:\/\/kapitalis.com\/tunisie\/?p=44317"},"modified":"2016-03-23T13:40:35","modified_gmt":"2016-03-23T12:40:35","slug":"zizou-de-boughedir-au-filmfest-dc-washington","status":"publish","type":"post","link":"https:\/\/kapitalis.com\/tunisie\/2016\/03\/23\/zizou-de-boughedir-au-filmfest-dc-washington\/","title":{"rendered":"\u2018\u2018Zizou\u2019\u2019 de Boughedir au FilmFest DC \u00e0 Washington"},"content":{"rendered":"<p style=\"text-align: center;\"><img loading=\"lazy\" decoding=\"async\" class=\"alignnone wp-image-44335 size-full\" src=\"http:\/\/kapitalis.com\/tunisie\/wp-content\/uploads\/2016\/03\/Zizou-Boughedir-parfun-primtemps.jpg\" alt=\"\" width=\"626\" height=\"380\" \/><\/p>\n<p style=\"text-align: left;\"><em><strong>Le nouveau film de F\u00e9rid Boughedir \u2018\u2018Zizou\u2019\u2019 (Parfum de Printemps) a \u00e9t\u00e9 retenu en s\u00e9lection officielle de l\u2019\u00e9dition 2016 du Festival international du film de Washington (FilmFest DC).<\/strong> <\/em><\/p>\n<p style=\"text-align: left;\"><!--more--><\/p>\n<p style=\"text-align: left;\">Le film sera projet\u00e9 sous le titre traduit en anglais <em>\u2018\u2018Sweet Smell of Spring\u2019\u2019<\/em> (Doux parfum de printemps), et ce, lors de la 30e \u00e9dition de ce rendez-vous cin\u00e9matographique qui se tient du 14 au 24 avril 2016.<\/p>\n<p style=\"text-align: left;\">Le cin\u00e9aste, actuellement \u00e0 Paris, a indiqu\u00e9 \u00e0 l\u2019agence Tap que son film sera projet\u00e9 le 15 avril, en Premi\u00e8re Mondiale, FilmFest DC.<\/p>\n<p style=\"text-align: left;\"><em>\u2018\u2018Zizou\u2019\u2019<\/em> est la derni\u00e8re partie de la trilogie tunisienne de Boughedir, apr\u00e8s <em>\u2018\u2018Asfour Stah\u2019\u2019<\/em> (Halfaouine), inspir\u00e9 de l\u2019enfance dans un quartier populaire de Tunis, et <em>\u2018\u2018Un \u00e9t\u00e9 \u00e0 la Goulette\u2019\u2019<\/em>, qui retrace l\u2019adolescence estivale pass\u00e9e dans le village multiconfessionnel La Goulette, au nord de Tunis, dans les ann\u00e9es 1960.<\/p>\n<div class=\"embed\">\n<div class=\"video\"><iframe loading=\"lazy\" src=\"https:\/\/www.youtube.com\/embed\/WyRM088JmRw\" width=\"560\" height=\"315\" frameborder=\"0\" allowfullscreen=\"allowfullscreen\"><\/iframe><\/div>\n<\/div>\n<p>&nbsp;<\/p>\n<p style=\"text-align: left;\">Ce nouveau film, inspir\u00e9 quant \u00e0 lui, de l\u2019\u00e2ge adulte, est situ\u00e9 \u00e0 une ann\u00e9e charni\u00e8re de l\u2019histoire r\u00e9cente de la Tunisie, celle des 12 mois pr\u00e9c\u00e9dant les grands bouleversements politique, social et culturel de la R\u00e9volution de janvier 2011.<\/p>\n<p style=\"text-align: left;\">Essayant de r\u00e9unir des acteurs professionnels et des jeunes d\u00e9couvertes, F\u00e9rid Boughdir a eu recours entre autres \u00e0 la c\u00e9l\u00e8bre actrice Fatma Ben Saidane et \u00e0 un nouveau visage Zied Ayadi.<\/p>\n<p style=\"text-align: left;\"><img loading=\"lazy\" decoding=\"async\" class=\"alignnone size-full wp-image-44338 aligncenter\" src=\"http:\/\/kapitalis.com\/tunisie\/wp-content\/uploads\/2016\/03\/Zizou-Boughedir-3.jpg\" alt=\"Zizou-Boughedir-3\" width=\"500\" height=\"300\" \/><\/p>\n<p style=\"text-align: left;\">Apr\u00e8s plusieurs films de fiction ou documentaires d\u2019autres r\u00e9alisateurs, qui ont trait\u00e9 ces \u00e9v\u00e9nements sur <em>\u00able mode dramatique\u00bb<\/em>, F\u00e9rid Boughedir a choisi, selon son style, de traiter avec l\u00e9g\u00e8ret\u00e9, gaiet\u00e9 et humour des sujets qui peuvent \u00eatre graves.<\/p>\n<p style=\"text-align: left;\">Il propose cela sous la forme d\u2019un conte ironique qui fait revivre l\u2019\u00e9tonnement et la confusion que cet \u00e9v\u00e9nement a suscit\u00e9 \u00e0 ses d\u00e9buts, avant de gagner toute la r\u00e9gion et d\u2019avoir, selon les pays concern\u00e9s, des r\u00e9percussions fort diff\u00e9rentes : le personnage principal, Zizou, est un jeune dipl\u00f4m\u00e9-ch\u00f4meur d\u00e9barquant de son lointain village dans la capitale o\u00f9 il trouve un emploi d\u2019installateur de paraboles. Un m\u00e9tier qui lui permet d\u2019entrer aussi bien chez les riches que chez les pauvres, dans les milieux modernistes comme dans les milieux conservateurs, nous faisant d\u00e9couvrir ainsi, \u00e0 sa suite, tout un panorama de la soci\u00e9t\u00e9 tunisienne actuelle.<\/p>\n<p style=\"text-align: left;\">Honn\u00eate et innocent, Zizou repr\u00e9sente un v\u00e9ritable <em>\u2018\u2018Candide\u2019\u2019<\/em> moderne, \u00e0 qui sa na\u00efvet\u00e9 et ses maladresses feront vivre mille p\u00e9rip\u00e9ties qui vont l\u2019initier et lui faire d\u00e9couvrir v\u00e9ritablement sa soci\u00e9t\u00e9.<\/p>\n<p style=\"text-align: left;\"><img loading=\"lazy\" decoding=\"async\" class=\"alignnone size-full wp-image-44339 aligncenter\" src=\"http:\/\/kapitalis.com\/tunisie\/wp-content\/uploads\/2016\/03\/Zizou-Boughedir-2.jpg\" alt=\"Zizou-Boughedir-2\" width=\"500\" height=\"300\" \/><\/p>\n<p style=\"text-align: left;\">Le film ayant pu \u00eatre mis sur pied gr\u00e2ce \u00e0 une coproduction tuniso-fran\u00e7aise, en vertu <em>\u00abd\u2019accords-cadres\u00bb<\/em> officiels de coproduction entre la Tunisie et la France, a \u00e9t\u00e9 tourn\u00e9 en deux versions fran\u00e7aise et tunisienne, comme c\u2019\u00e9tait d\u00e9j\u00e0 pour <em>\u2018\u2018Asfour Stah\u2019\u2019<\/em> et porte comme ce dernier deux titres: <em>\u2018\u2018Zizou\u2019\u2019<\/em> pour la sortie tunisienne et <em>\u2018\u2018Parfum de Printemps\u2019\u2019<\/em> pour la sortie en France (un titre pr\u00e9f\u00e9r\u00e9 par le distributeur fran\u00e7ais, car selon lui le titre tunisien rappelait trop le surnom donn\u00e9 en France au footballeur Zineddine Zidane).<\/p>\n<p style=\"text-align: left;\">Il est \u00e0 noter que c\u2019est la version tunisienne, parlant int\u00e9gralement en arabe, qui a \u00e9t\u00e9 choisie pour faire partie de la s\u00e9lection officielle du FilmFest DC, o\u00f9 elle sera pr\u00e9sent\u00e9e sous le titre traduit en anglais <em>\u2018\u2018Smell of Spring\u2019\u2019<\/em>, et ce, \u00e0 l\u2019occasion du trenti\u00e8me anniversaire de la cr\u00e9ation de la manifestation internationale: 30 ann\u00e9es durant lesquelles le Festival a mis\u00e9 sur la d\u00e9fense de la diversit\u00e9 culturelle du cin\u00e9ma tout en \u0153uvrant \u00e0 faire conna\u00eetre et d\u00e9couvrir au public am\u00e9ricain, dans sa s\u00e9lection officielle annuelle, les meilleurs films de la production mondiale.<\/p>\n<p style=\"text-align: left;\"><em><strong>Source<\/strong><\/em> : Tap.<\/p>\n","protected":false},"excerpt":{"rendered":"<p>Le nouveau film de F\u00e9rid Boughedir \u2018\u2018Zizou\u2019\u2019 (Parfum de Printemps) a \u00e9t\u00e9 retenu en s\u00e9lection officielle de l\u2019\u00e9dition 2016 du Festival international du film de Washington (FilmFest DC).<\/p>\n","protected":false},"author":8,"featured_media":44320,"comment_status":"open","ping_status":"open","sticky":false,"template":"","format":"standard","meta":{"footnotes":""},"categories":[2433,4806],"tags":[10228,15789,15790],"class_list":["post-44317","post","type-post","status-publish","format-standard","has-post-thumbnail","hentry","category-tunisie","category-videos","tag-fatma-ben-saidane","tag-ferid-boughedir","tag-zizou"],"yoast_head":"<!-- This site is optimized with the Yoast SEO plugin v26.6 - https:\/\/yoast.com\/wordpress\/plugins\/seo\/ -->\n<title>\u2018\u2018Zizou\u2019\u2019 de Boughedir au FilmFest DC \u00e0 Washington - Kapitalis<\/title>\n<meta name=\"robots\" content=\"index, follow, max-snippet:-1, max-image-preview:large, max-video-preview:-1\" \/>\n<link rel=\"canonical\" href=\"https:\/\/kapitalis.com\/tunisie\/2016\/03\/23\/zizou-de-boughedir-au-filmfest-dc-washington\/\" \/>\n<meta property=\"og:locale\" content=\"fr_FR\" \/>\n<meta property=\"og:type\" content=\"article\" \/>\n<meta property=\"og:title\" content=\"\u2018\u2018Zizou\u2019\u2019 de Boughedir au FilmFest DC \u00e0 Washington - Kapitalis\" \/>\n<meta property=\"og:description\" content=\"Le nouveau film de F\u00e9rid Boughedir \u2018\u2018Zizou\u2019\u2019 (Parfum de Printemps) a \u00e9t\u00e9 retenu en s\u00e9lection officielle de l\u2019\u00e9dition 2016 du Festival international du film de Washington (FilmFest DC).\" \/>\n<meta property=\"og:url\" content=\"https:\/\/kapitalis.com\/tunisie\/2016\/03\/23\/zizou-de-boughedir-au-filmfest-dc-washington\/\" \/>\n<meta property=\"og:site_name\" content=\"Kapitalis\" \/>\n<meta property=\"article:publisher\" content=\"https:\/\/www.facebook.com\/KapitalisInfo\/\" \/>\n<meta property=\"article:published_time\" content=\"2016-03-23T11:54:57+00:00\" \/>\n<meta property=\"article:modified_time\" content=\"2016-03-23T12:40:35+00:00\" \/>\n<meta property=\"og:image\" content=\"https:\/\/kapitalis.com\/tunisie\/wp-content\/uploads\/2022\/05\/kapitalis-logo-fb.png\" \/>\n\t<meta property=\"og:image:width\" content=\"1200\" \/>\n\t<meta property=\"og:image:height\" content=\"630\" \/>\n\t<meta property=\"og:image:type\" content=\"image\/png\" \/>\n<meta name=\"author\" content=\"webmaster kapitalis\" \/>\n<meta name=\"twitter:card\" content=\"summary_large_image\" \/>\n<meta name=\"twitter:creator\" content=\"@KapitalisInfo\" \/>\n<meta name=\"twitter:site\" content=\"@KapitalisInfo\" \/>\n<meta name=\"twitter:label1\" content=\"\u00c9crit par\" \/>\n\t<meta name=\"twitter:data1\" content=\"webmaster kapitalis\" \/>\n\t<meta name=\"twitter:label2\" content=\"Dur\u00e9e de lecture estim\u00e9e\" \/>\n\t<meta name=\"twitter:data2\" content=\"3 minutes\" \/>\n<script type=\"application\/ld+json\" class=\"yoast-schema-graph\">{\"@context\":\"https:\/\/schema.org\",\"@graph\":[{\"@type\":\"Article\",\"@id\":\"https:\/\/kapitalis.com\/tunisie\/2016\/03\/23\/zizou-de-boughedir-au-filmfest-dc-washington\/#article\",\"isPartOf\":{\"@id\":\"https:\/\/kapitalis.com\/tunisie\/2016\/03\/23\/zizou-de-boughedir-au-filmfest-dc-washington\/\"},\"author\":{\"name\":\"webmaster kapitalis\",\"@id\":\"https:\/\/kapitalis.com\/tunisie\/#\/schema\/person\/d71f33a9ca44f7bad4698210b480c8e9\"},\"headline\":\"\u2018\u2018Zizou\u2019\u2019 de Boughedir au FilmFest DC \u00e0 Washington\",\"datePublished\":\"2016-03-23T11:54:57+00:00\",\"dateModified\":\"2016-03-23T12:40:35+00:00\",\"mainEntityOfPage\":{\"@id\":\"https:\/\/kapitalis.com\/tunisie\/2016\/03\/23\/zizou-de-boughedir-au-filmfest-dc-washington\/\"},\"wordCount\":631,\"commentCount\":2,\"publisher\":{\"@id\":\"https:\/\/kapitalis.com\/tunisie\/#organization\"},\"image\":{\"@id\":\"https:\/\/kapitalis.com\/tunisie\/2016\/03\/23\/zizou-de-boughedir-au-filmfest-dc-washington\/#primaryimage\"},\"thumbnailUrl\":\"\",\"keywords\":[\"Fatma Ben Sa\u00efdane\",\"F\u00e9rid Boughedir\",\"Zizou\"],\"articleSection\":[\"Tunisie\",\"VIDEOS\"],\"inLanguage\":\"fr-FR\",\"potentialAction\":[{\"@type\":\"CommentAction\",\"name\":\"Comment\",\"target\":[\"https:\/\/kapitalis.com\/tunisie\/2016\/03\/23\/zizou-de-boughedir-au-filmfest-dc-washington\/#respond\"]}]},{\"@type\":\"WebPage\",\"@id\":\"https:\/\/kapitalis.com\/tunisie\/2016\/03\/23\/zizou-de-boughedir-au-filmfest-dc-washington\/\",\"url\":\"https:\/\/kapitalis.com\/tunisie\/2016\/03\/23\/zizou-de-boughedir-au-filmfest-dc-washington\/\",\"name\":\"\u2018\u2018Zizou\u2019\u2019 de Boughedir au FilmFest DC \u00e0 Washington - Kapitalis\",\"isPartOf\":{\"@id\":\"https:\/\/kapitalis.com\/tunisie\/#website\"},\"primaryImageOfPage\":{\"@id\":\"https:\/\/kapitalis.com\/tunisie\/2016\/03\/23\/zizou-de-boughedir-au-filmfest-dc-washington\/#primaryimage\"},\"image\":{\"@id\":\"https:\/\/kapitalis.com\/tunisie\/2016\/03\/23\/zizou-de-boughedir-au-filmfest-dc-washington\/#primaryimage\"},\"thumbnailUrl\":\"\",\"datePublished\":\"2016-03-23T11:54:57+00:00\",\"dateModified\":\"2016-03-23T12:40:35+00:00\",\"breadcrumb\":{\"@id\":\"https:\/\/kapitalis.com\/tunisie\/2016\/03\/23\/zizou-de-boughedir-au-filmfest-dc-washington\/#breadcrumb\"},\"inLanguage\":\"fr-FR\",\"potentialAction\":[{\"@type\":\"ReadAction\",\"target\":[\"https:\/\/kapitalis.com\/tunisie\/2016\/03\/23\/zizou-de-boughedir-au-filmfest-dc-washington\/\"]}]},{\"@type\":\"ImageObject\",\"inLanguage\":\"fr-FR\",\"@id\":\"https:\/\/kapitalis.com\/tunisie\/2016\/03\/23\/zizou-de-boughedir-au-filmfest-dc-washington\/#primaryimage\",\"url\":\"\",\"contentUrl\":\"\"},{\"@type\":\"BreadcrumbList\",\"@id\":\"https:\/\/kapitalis.com\/tunisie\/2016\/03\/23\/zizou-de-boughedir-au-filmfest-dc-washington\/#breadcrumb\",\"itemListElement\":[{\"@type\":\"ListItem\",\"position\":1,\"name\":\"Accueil\",\"item\":\"https:\/\/kapitalis.com\/tunisie\/\"},{\"@type\":\"ListItem\",\"position\":2,\"name\":\"\u2018\u2018Zizou\u2019\u2019 de Boughedir au FilmFest DC \u00e0 Washington\"}]},{\"@type\":\"WebSite\",\"@id\":\"https:\/\/kapitalis.com\/tunisie\/#website\",\"url\":\"https:\/\/kapitalis.com\/tunisie\/\",\"name\":\"Kapitalis\",\"description\":\"L&#039;actualit\u00e9 en Tunisie et dans le monde\",\"publisher\":{\"@id\":\"https:\/\/kapitalis.com\/tunisie\/#organization\"},\"potentialAction\":[{\"@type\":\"SearchAction\",\"target\":{\"@type\":\"EntryPoint\",\"urlTemplate\":\"https:\/\/kapitalis.com\/tunisie\/?s={search_term_string}\"},\"query-input\":{\"@type\":\"PropertyValueSpecification\",\"valueRequired\":true,\"valueName\":\"search_term_string\"}}],\"inLanguage\":\"fr-FR\"},{\"@type\":\"Organization\",\"@id\":\"https:\/\/kapitalis.com\/tunisie\/#organization\",\"name\":\"Kapitalis\",\"url\":\"https:\/\/kapitalis.com\/tunisie\/\",\"logo\":{\"@type\":\"ImageObject\",\"inLanguage\":\"fr-FR\",\"@id\":\"https:\/\/kapitalis.com\/tunisie\/#\/schema\/logo\/image\/\",\"url\":\"https:\/\/kapitalis.com\/tunisie\/wp-content\/uploads\/2022\/05\/Kapitalis-big-size.png\",\"contentUrl\":\"https:\/\/kapitalis.com\/tunisie\/wp-content\/uploads\/2022\/05\/Kapitalis-big-size.png\",\"width\":5000,\"height\":1500,\"caption\":\"Kapitalis\"},\"image\":{\"@id\":\"https:\/\/kapitalis.com\/tunisie\/#\/schema\/logo\/image\/\"},\"sameAs\":[\"https:\/\/www.facebook.com\/KapitalisInfo\/\",\"https:\/\/x.com\/KapitalisInfo\",\"https:\/\/www.youtube.com\/channel\/UC-yDYrHyfFBWWZaOw3FPg9Q\"]},{\"@type\":\"Person\",\"@id\":\"https:\/\/kapitalis.com\/tunisie\/#\/schema\/person\/d71f33a9ca44f7bad4698210b480c8e9\",\"name\":\"webmaster kapitalis\",\"url\":\"https:\/\/kapitalis.com\/tunisie\/author\/webmaster-kapitalis\/\"}]}<\/script>\n<!-- \/ Yoast SEO plugin. -->","yoast_head_json":{"title":"\u2018\u2018Zizou\u2019\u2019 de Boughedir au FilmFest DC \u00e0 Washington - Kapitalis","robots":{"index":"index","follow":"follow","max-snippet":"max-snippet:-1","max-image-preview":"max-image-preview:large","max-video-preview":"max-video-preview:-1"},"canonical":"https:\/\/kapitalis.com\/tunisie\/2016\/03\/23\/zizou-de-boughedir-au-filmfest-dc-washington\/","og_locale":"fr_FR","og_type":"article","og_title":"\u2018\u2018Zizou\u2019\u2019 de Boughedir au FilmFest DC \u00e0 Washington - Kapitalis","og_description":"Le nouveau film de F\u00e9rid Boughedir \u2018\u2018Zizou\u2019\u2019 (Parfum de Printemps) a \u00e9t\u00e9 retenu en s\u00e9lection officielle de l\u2019\u00e9dition 2016 du Festival international du film de Washington (FilmFest DC).","og_url":"https:\/\/kapitalis.com\/tunisie\/2016\/03\/23\/zizou-de-boughedir-au-filmfest-dc-washington\/","og_site_name":"Kapitalis","article_publisher":"https:\/\/www.facebook.com\/KapitalisInfo\/","article_published_time":"2016-03-23T11:54:57+00:00","article_modified_time":"2016-03-23T12:40:35+00:00","og_image":[{"width":1200,"height":630,"url":"https:\/\/kapitalis.com\/tunisie\/wp-content\/uploads\/2022\/05\/kapitalis-logo-fb.png","type":"image\/png"}],"author":"webmaster kapitalis","twitter_card":"summary_large_image","twitter_creator":"@KapitalisInfo","twitter_site":"@KapitalisInfo","twitter_misc":{"\u00c9crit par":"webmaster kapitalis","Dur\u00e9e de lecture estim\u00e9e":"3 minutes"},"schema":{"@context":"https:\/\/schema.org","@graph":[{"@type":"Article","@id":"https:\/\/kapitalis.com\/tunisie\/2016\/03\/23\/zizou-de-boughedir-au-filmfest-dc-washington\/#article","isPartOf":{"@id":"https:\/\/kapitalis.com\/tunisie\/2016\/03\/23\/zizou-de-boughedir-au-filmfest-dc-washington\/"},"author":{"name":"webmaster kapitalis","@id":"https:\/\/kapitalis.com\/tunisie\/#\/schema\/person\/d71f33a9ca44f7bad4698210b480c8e9"},"headline":"\u2018\u2018Zizou\u2019\u2019 de Boughedir au FilmFest DC \u00e0 Washington","datePublished":"2016-03-23T11:54:57+00:00","dateModified":"2016-03-23T12:40:35+00:00","mainEntityOfPage":{"@id":"https:\/\/kapitalis.com\/tunisie\/2016\/03\/23\/zizou-de-boughedir-au-filmfest-dc-washington\/"},"wordCount":631,"commentCount":2,"publisher":{"@id":"https:\/\/kapitalis.com\/tunisie\/#organization"},"image":{"@id":"https:\/\/kapitalis.com\/tunisie\/2016\/03\/23\/zizou-de-boughedir-au-filmfest-dc-washington\/#primaryimage"},"thumbnailUrl":"","keywords":["Fatma Ben Sa\u00efdane","F\u00e9rid Boughedir","Zizou"],"articleSection":["Tunisie","VIDEOS"],"inLanguage":"fr-FR","potentialAction":[{"@type":"CommentAction","name":"Comment","target":["https:\/\/kapitalis.com\/tunisie\/2016\/03\/23\/zizou-de-boughedir-au-filmfest-dc-washington\/#respond"]}]},{"@type":"WebPage","@id":"https:\/\/kapitalis.com\/tunisie\/2016\/03\/23\/zizou-de-boughedir-au-filmfest-dc-washington\/","url":"https:\/\/kapitalis.com\/tunisie\/2016\/03\/23\/zizou-de-boughedir-au-filmfest-dc-washington\/","name":"\u2018\u2018Zizou\u2019\u2019 de Boughedir au FilmFest DC \u00e0 Washington - Kapitalis","isPartOf":{"@id":"https:\/\/kapitalis.com\/tunisie\/#website"},"primaryImageOfPage":{"@id":"https:\/\/kapitalis.com\/tunisie\/2016\/03\/23\/zizou-de-boughedir-au-filmfest-dc-washington\/#primaryimage"},"image":{"@id":"https:\/\/kapitalis.com\/tunisie\/2016\/03\/23\/zizou-de-boughedir-au-filmfest-dc-washington\/#primaryimage"},"thumbnailUrl":"","datePublished":"2016-03-23T11:54:57+00:00","dateModified":"2016-03-23T12:40:35+00:00","breadcrumb":{"@id":"https:\/\/kapitalis.com\/tunisie\/2016\/03\/23\/zizou-de-boughedir-au-filmfest-dc-washington\/#breadcrumb"},"inLanguage":"fr-FR","potentialAction":[{"@type":"ReadAction","target":["https:\/\/kapitalis.com\/tunisie\/2016\/03\/23\/zizou-de-boughedir-au-filmfest-dc-washington\/"]}]},{"@type":"ImageObject","inLanguage":"fr-FR","@id":"https:\/\/kapitalis.com\/tunisie\/2016\/03\/23\/zizou-de-boughedir-au-filmfest-dc-washington\/#primaryimage","url":"","contentUrl":""},{"@type":"BreadcrumbList","@id":"https:\/\/kapitalis.com\/tunisie\/2016\/03\/23\/zizou-de-boughedir-au-filmfest-dc-washington\/#breadcrumb","itemListElement":[{"@type":"ListItem","position":1,"name":"Accueil","item":"https:\/\/kapitalis.com\/tunisie\/"},{"@type":"ListItem","position":2,"name":"\u2018\u2018Zizou\u2019\u2019 de Boughedir au FilmFest DC \u00e0 Washington"}]},{"@type":"WebSite","@id":"https:\/\/kapitalis.com\/tunisie\/#website","url":"https:\/\/kapitalis.com\/tunisie\/","name":"Kapitalis","description":"L&#039;actualit\u00e9 en Tunisie et dans le monde","publisher":{"@id":"https:\/\/kapitalis.com\/tunisie\/#organization"},"potentialAction":[{"@type":"SearchAction","target":{"@type":"EntryPoint","urlTemplate":"https:\/\/kapitalis.com\/tunisie\/?s={search_term_string}"},"query-input":{"@type":"PropertyValueSpecification","valueRequired":true,"valueName":"search_term_string"}}],"inLanguage":"fr-FR"},{"@type":"Organization","@id":"https:\/\/kapitalis.com\/tunisie\/#organization","name":"Kapitalis","url":"https:\/\/kapitalis.com\/tunisie\/","logo":{"@type":"ImageObject","inLanguage":"fr-FR","@id":"https:\/\/kapitalis.com\/tunisie\/#\/schema\/logo\/image\/","url":"https:\/\/kapitalis.com\/tunisie\/wp-content\/uploads\/2022\/05\/Kapitalis-big-size.png","contentUrl":"https:\/\/kapitalis.com\/tunisie\/wp-content\/uploads\/2022\/05\/Kapitalis-big-size.png","width":5000,"height":1500,"caption":"Kapitalis"},"image":{"@id":"https:\/\/kapitalis.com\/tunisie\/#\/schema\/logo\/image\/"},"sameAs":["https:\/\/www.facebook.com\/KapitalisInfo\/","https:\/\/x.com\/KapitalisInfo","https:\/\/www.youtube.com\/channel\/UC-yDYrHyfFBWWZaOw3FPg9Q"]},{"@type":"Person","@id":"https:\/\/kapitalis.com\/tunisie\/#\/schema\/person\/d71f33a9ca44f7bad4698210b480c8e9","name":"webmaster kapitalis","url":"https:\/\/kapitalis.com\/tunisie\/author\/webmaster-kapitalis\/"}]}},"_links":{"self":[{"href":"https:\/\/kapitalis.com\/tunisie\/wp-json\/wp\/v2\/posts\/44317","targetHints":{"allow":["GET"]}}],"collection":[{"href":"https:\/\/kapitalis.com\/tunisie\/wp-json\/wp\/v2\/posts"}],"about":[{"href":"https:\/\/kapitalis.com\/tunisie\/wp-json\/wp\/v2\/types\/post"}],"author":[{"embeddable":true,"href":"https:\/\/kapitalis.com\/tunisie\/wp-json\/wp\/v2\/users\/8"}],"replies":[{"embeddable":true,"href":"https:\/\/kapitalis.com\/tunisie\/wp-json\/wp\/v2\/comments?post=44317"}],"version-history":[{"count":0,"href":"https:\/\/kapitalis.com\/tunisie\/wp-json\/wp\/v2\/posts\/44317\/revisions"}],"wp:featuredmedia":[{"embeddable":true,"href":"https:\/\/kapitalis.com\/tunisie\/wp-json\/wp\/v2\/media\/44320"}],"wp:attachment":[{"href":"https:\/\/kapitalis.com\/tunisie\/wp-json\/wp\/v2\/media?parent=44317"}],"wp:term":[{"taxonomy":"category","embeddable":true,"href":"https:\/\/kapitalis.com\/tunisie\/wp-json\/wp\/v2\/categories?post=44317"},{"taxonomy":"post_tag","embeddable":true,"href":"https:\/\/kapitalis.com\/tunisie\/wp-json\/wp\/v2\/tags?post=44317"}],"curies":[{"name":"wp","href":"https:\/\/api.w.org\/{rel}","templated":true}]}}