{"id":4432302,"date":"2022-10-06T10:42:55","date_gmt":"2022-10-06T09:42:55","guid":{"rendered":"https:\/\/kapitalis.com\/tunisie\/?p=4432302"},"modified":"2022-10-06T10:44:53","modified_gmt":"2022-10-06T09:44:53","slug":"la-marsa-tgm-gallery-exposition-corps-des-accords-le-corps-dans-la-photographie-contemporaine","status":"publish","type":"post","link":"https:\/\/kapitalis.com\/tunisie\/2022\/10\/06\/la-marsa-tgm-gallery-exposition-corps-des-accords-le-corps-dans-la-photographie-contemporaine\/","title":{"rendered":"La Marsa\u00a0: TGM Gallery\u00a0: Exposition \u00ab\u00a0CORPS (D\u00c9S) \u2013 ACCORDS\u00a0\u00bb, le corps dans la photographie contemporaine"},"content":{"rendered":"\n<p><em><strong>La TGM Gallery  \u00e0 la Marsa accueille du 10 au 23 octobre l\u2019exposition collective \u00ab\u00a0CORPS (D\u00c9S) \u2013 ACCORDS\u00a0\u00bb qui r\u00e9unit six photographes dans le cadre du festival Jaou Tunis.<\/strong><\/em><\/p>\n\n\n\n<!--more-->\n\n\n\n<p>Le corps en tant que sujet-objet en photographie contemporaine est le th\u00e8me autour duquel ont travaill\u00e9 les artistes Meriem Bouderbala, H\u00e9la Ammar, Marianne Catzaras, Michel Giliberti, Kais Ben Farhat et Firas Ben Ali dans le cadre d\u2019un exposition qui se tient \u00e0 l\u2019occasion de la biennale d\u2019art contemporain Jaou Tunis.<\/p>\n\n\n\n<p>Jaou Tunis d\u00e9marre aujourd\u2019hui et se poursuit jusqu\u2019au 20 octobre dans diff\u00e9rents espaces de la capitale, dont la Galerie TGM qui a ouvert cette ann\u00e9e ses portes sous la direction de Alya Hamza.<\/p>\n\n\n\n<p>\u00ab\u00a0<em>Le corps n\u2019est plus uniquement sujet acad\u00e9mique, destin\u00e9 \u00e0 la peinture, il devient objet offert aux explorations photographiques. Ici, le rapport au corps se lib\u00e8re et les artistes photographes exploitent de nouvelles visions o\u00f9 le visage n\u2019est plus central. De nouveaux cadrages, de nouvelles perspectives sont alors de mise o\u00f9 le corps devient volume, mati\u00e8re et objet modulables.<\/em>\u00a0\u00bb, explique la commissaire de l\u2019exposition Rim Ben Boubaker.<\/p>\n\n\n\n<p class=\"has-text-align-right\"><strong>F.B<\/strong><\/p>\n","protected":false},"excerpt":{"rendered":"<p>La TGM Gallery \u00e0 la Marsa accueille du 10 au 23 octobre l\u2019exposition collective \u00ab\u00a0CORPS (D\u00c9S) \u2013 ACCORDS\u00a0\u00bb qui r\u00e9unit six photographes dans le cadre du festival Jaou Tunis.<\/p>\n","protected":false},"author":26,"featured_media":4432957,"comment_status":"open","ping_status":"open","sticky":false,"template":"","format":"standard","meta":{"footnotes":""},"categories":[994,2433],"tags":[86106,103441,2991,96296,62643],"class_list":["post-4432302","post","type-post","status-publish","format-standard","has-post-thumbnail","hentry","category-culture","category-tunisie","tag-exposition-photographique","tag-jaou-tunis-2022","tag-la-marsa","tag-tgm-gallery","tag-tunisie"],"yoast_head":"<!-- This site is optimized with the Yoast SEO plugin v26.6 - https:\/\/yoast.com\/wordpress\/plugins\/seo\/ -->\n<title>La Marsa\u00a0: TGM Gallery\u00a0: Exposition \u00ab\u00a0CORPS (D\u00c9S) \u2013 ACCORDS\u00a0\u00bb, le corps dans la photographie contemporaine - Kapitalis<\/title>\n<meta name=\"robots\" content=\"index, follow, max-snippet:-1, max-image-preview:large, max-video-preview:-1\" \/>\n<link rel=\"canonical\" href=\"https:\/\/kapitalis.com\/tunisie\/2022\/10\/06\/la-marsa-tgm-gallery-exposition-corps-des-accords-le-corps-dans-la-photographie-contemporaine\/\" \/>\n<meta property=\"og:locale\" content=\"fr_FR\" \/>\n<meta property=\"og:type\" content=\"article\" \/>\n<meta property=\"og:title\" content=\"La Marsa\u00a0: TGM Gallery\u00a0: Exposition \u00ab\u00a0CORPS (D\u00c9S) \u2013 ACCORDS\u00a0\u00bb, le corps dans la photographie contemporaine - Kapitalis\" \/>\n<meta property=\"og:description\" content=\"La TGM Gallery \u00e0 la Marsa accueille du 10 au 23 octobre l\u2019exposition collective \u00ab\u00a0CORPS (D\u00c9S) \u2013 ACCORDS\u00a0\u00bb qui r\u00e9unit six photographes dans le cadre du festival Jaou Tunis.\" \/>\n<meta property=\"og:url\" content=\"https:\/\/kapitalis.com\/tunisie\/2022\/10\/06\/la-marsa-tgm-gallery-exposition-corps-des-accords-le-corps-dans-la-photographie-contemporaine\/\" \/>\n<meta property=\"og:site_name\" content=\"Kapitalis\" \/>\n<meta property=\"article:publisher\" content=\"https:\/\/www.facebook.com\/KapitalisInfo\/\" \/>\n<meta property=\"article:published_time\" content=\"2022-10-06T09:42:55+00:00\" \/>\n<meta property=\"article:modified_time\" content=\"2022-10-06T09:44:53+00:00\" \/>\n<meta property=\"og:image\" content=\"https:\/\/kapitalis.com\/tunisie\/wp-content\/uploads\/2022\/10\/TGM-Gallery-Jaou-Tunis.jpg\" \/>\n\t<meta property=\"og:image:width\" content=\"1200\" \/>\n\t<meta property=\"og:image:height\" content=\"630\" \/>\n\t<meta property=\"og:image:type\" content=\"image\/jpeg\" \/>\n<meta name=\"author\" content=\"Fawz BenAli\" \/>\n<meta name=\"twitter:card\" content=\"summary_large_image\" \/>\n<meta name=\"twitter:creator\" content=\"@KapitalisInfo\" \/>\n<meta name=\"twitter:site\" content=\"@KapitalisInfo\" \/>\n<meta name=\"twitter:label1\" content=\"\u00c9crit par\" \/>\n\t<meta name=\"twitter:data1\" content=\"Fawz BenAli\" \/>\n\t<meta name=\"twitter:label2\" content=\"Dur\u00e9e de lecture estim\u00e9e\" \/>\n\t<meta name=\"twitter:data2\" content=\"1 minute\" \/>\n<script type=\"application\/ld+json\" class=\"yoast-schema-graph\">{\"@context\":\"https:\/\/schema.org\",\"@graph\":[{\"@type\":\"Article\",\"@id\":\"https:\/\/kapitalis.com\/tunisie\/2022\/10\/06\/la-marsa-tgm-gallery-exposition-corps-des-accords-le-corps-dans-la-photographie-contemporaine\/#article\",\"isPartOf\":{\"@id\":\"https:\/\/kapitalis.com\/tunisie\/2022\/10\/06\/la-marsa-tgm-gallery-exposition-corps-des-accords-le-corps-dans-la-photographie-contemporaine\/\"},\"author\":{\"name\":\"Fawz BenAli\",\"@id\":\"https:\/\/kapitalis.com\/tunisie\/#\/schema\/person\/73a5ecc1f6ae540c6ed91342eadca948\"},\"headline\":\"La Marsa\u00a0: TGM Gallery\u00a0: Exposition \u00ab\u00a0CORPS (D\u00c9S) \u2013 ACCORDS\u00a0\u00bb, le corps dans la photographie contemporaine\",\"datePublished\":\"2022-10-06T09:42:55+00:00\",\"dateModified\":\"2022-10-06T09:44:53+00:00\",\"mainEntityOfPage\":{\"@id\":\"https:\/\/kapitalis.com\/tunisie\/2022\/10\/06\/la-marsa-tgm-gallery-exposition-corps-des-accords-le-corps-dans-la-photographie-contemporaine\/\"},\"wordCount\":207,\"commentCount\":0,\"publisher\":{\"@id\":\"https:\/\/kapitalis.com\/tunisie\/#organization\"},\"image\":{\"@id\":\"https:\/\/kapitalis.com\/tunisie\/2022\/10\/06\/la-marsa-tgm-gallery-exposition-corps-des-accords-le-corps-dans-la-photographie-contemporaine\/#primaryimage\"},\"thumbnailUrl\":\"https:\/\/kapitalis.com\/tunisie\/wp-content\/uploads\/2022\/10\/TGM-Gallery-Jaou-Tunis.jpg\",\"keywords\":[\"exposition photographique\",\"Jaou Tunis 2022\",\"La Marsa\",\"TGM Gallery\",\"Tunisie\"],\"articleSection\":[\"CULTURE\",\"Tunisie\"],\"inLanguage\":\"fr-FR\",\"potentialAction\":[{\"@type\":\"CommentAction\",\"name\":\"Comment\",\"target\":[\"https:\/\/kapitalis.com\/tunisie\/2022\/10\/06\/la-marsa-tgm-gallery-exposition-corps-des-accords-le-corps-dans-la-photographie-contemporaine\/#respond\"]}]},{\"@type\":\"WebPage\",\"@id\":\"https:\/\/kapitalis.com\/tunisie\/2022\/10\/06\/la-marsa-tgm-gallery-exposition-corps-des-accords-le-corps-dans-la-photographie-contemporaine\/\",\"url\":\"https:\/\/kapitalis.com\/tunisie\/2022\/10\/06\/la-marsa-tgm-gallery-exposition-corps-des-accords-le-corps-dans-la-photographie-contemporaine\/\",\"name\":\"La Marsa\u00a0: TGM Gallery\u00a0: Exposition \u00ab\u00a0CORPS (D\u00c9S) \u2013 ACCORDS\u00a0\u00bb, le corps dans la photographie contemporaine - Kapitalis\",\"isPartOf\":{\"@id\":\"https:\/\/kapitalis.com\/tunisie\/#website\"},\"primaryImageOfPage\":{\"@id\":\"https:\/\/kapitalis.com\/tunisie\/2022\/10\/06\/la-marsa-tgm-gallery-exposition-corps-des-accords-le-corps-dans-la-photographie-contemporaine\/#primaryimage\"},\"image\":{\"@id\":\"https:\/\/kapitalis.com\/tunisie\/2022\/10\/06\/la-marsa-tgm-gallery-exposition-corps-des-accords-le-corps-dans-la-photographie-contemporaine\/#primaryimage\"},\"thumbnailUrl\":\"https:\/\/kapitalis.com\/tunisie\/wp-content\/uploads\/2022\/10\/TGM-Gallery-Jaou-Tunis.jpg\",\"datePublished\":\"2022-10-06T09:42:55+00:00\",\"dateModified\":\"2022-10-06T09:44:53+00:00\",\"breadcrumb\":{\"@id\":\"https:\/\/kapitalis.com\/tunisie\/2022\/10\/06\/la-marsa-tgm-gallery-exposition-corps-des-accords-le-corps-dans-la-photographie-contemporaine\/#breadcrumb\"},\"inLanguage\":\"fr-FR\",\"potentialAction\":[{\"@type\":\"ReadAction\",\"target\":[\"https:\/\/kapitalis.com\/tunisie\/2022\/10\/06\/la-marsa-tgm-gallery-exposition-corps-des-accords-le-corps-dans-la-photographie-contemporaine\/\"]}]},{\"@type\":\"ImageObject\",\"inLanguage\":\"fr-FR\",\"@id\":\"https:\/\/kapitalis.com\/tunisie\/2022\/10\/06\/la-marsa-tgm-gallery-exposition-corps-des-accords-le-corps-dans-la-photographie-contemporaine\/#primaryimage\",\"url\":\"https:\/\/kapitalis.com\/tunisie\/wp-content\/uploads\/2022\/10\/TGM-Gallery-Jaou-Tunis.jpg\",\"contentUrl\":\"https:\/\/kapitalis.com\/tunisie\/wp-content\/uploads\/2022\/10\/TGM-Gallery-Jaou-Tunis.jpg\",\"width\":1200,\"height\":630},{\"@type\":\"BreadcrumbList\",\"@id\":\"https:\/\/kapitalis.com\/tunisie\/2022\/10\/06\/la-marsa-tgm-gallery-exposition-corps-des-accords-le-corps-dans-la-photographie-contemporaine\/#breadcrumb\",\"itemListElement\":[{\"@type\":\"ListItem\",\"position\":1,\"name\":\"Accueil\",\"item\":\"https:\/\/kapitalis.com\/tunisie\/\"},{\"@type\":\"ListItem\",\"position\":2,\"name\":\"La Marsa\u00a0: TGM Gallery\u00a0: Exposition \u00ab\u00a0CORPS (D\u00c9S) \u2013 ACCORDS\u00a0\u00bb, le corps dans la photographie contemporaine\"}]},{\"@type\":\"WebSite\",\"@id\":\"https:\/\/kapitalis.com\/tunisie\/#website\",\"url\":\"https:\/\/kapitalis.com\/tunisie\/\",\"name\":\"Kapitalis\",\"description\":\"L&#039;actualit\u00e9 en Tunisie et dans le monde\",\"publisher\":{\"@id\":\"https:\/\/kapitalis.com\/tunisie\/#organization\"},\"potentialAction\":[{\"@type\":\"SearchAction\",\"target\":{\"@type\":\"EntryPoint\",\"urlTemplate\":\"https:\/\/kapitalis.com\/tunisie\/?s={search_term_string}\"},\"query-input\":{\"@type\":\"PropertyValueSpecification\",\"valueRequired\":true,\"valueName\":\"search_term_string\"}}],\"inLanguage\":\"fr-FR\"},{\"@type\":\"Organization\",\"@id\":\"https:\/\/kapitalis.com\/tunisie\/#organization\",\"name\":\"Kapitalis\",\"url\":\"https:\/\/kapitalis.com\/tunisie\/\",\"logo\":{\"@type\":\"ImageObject\",\"inLanguage\":\"fr-FR\",\"@id\":\"https:\/\/kapitalis.com\/tunisie\/#\/schema\/logo\/image\/\",\"url\":\"https:\/\/kapitalis.com\/tunisie\/wp-content\/uploads\/2022\/05\/Kapitalis-big-size.png\",\"contentUrl\":\"https:\/\/kapitalis.com\/tunisie\/wp-content\/uploads\/2022\/05\/Kapitalis-big-size.png\",\"width\":5000,\"height\":1500,\"caption\":\"Kapitalis\"},\"image\":{\"@id\":\"https:\/\/kapitalis.com\/tunisie\/#\/schema\/logo\/image\/\"},\"sameAs\":[\"https:\/\/www.facebook.com\/KapitalisInfo\/\",\"https:\/\/x.com\/KapitalisInfo\",\"https:\/\/www.youtube.com\/channel\/UC-yDYrHyfFBWWZaOw3FPg9Q\"]},{\"@type\":\"Person\",\"@id\":\"https:\/\/kapitalis.com\/tunisie\/#\/schema\/person\/73a5ecc1f6ae540c6ed91342eadca948\",\"name\":\"Fawz BenAli\",\"url\":\"https:\/\/kapitalis.com\/tunisie\/author\/fawz\/\"}]}<\/script>\n<!-- \/ Yoast SEO plugin. -->","yoast_head_json":{"title":"La Marsa\u00a0: TGM Gallery\u00a0: Exposition \u00ab\u00a0CORPS (D\u00c9S) \u2013 ACCORDS\u00a0\u00bb, le corps dans la photographie contemporaine - Kapitalis","robots":{"index":"index","follow":"follow","max-snippet":"max-snippet:-1","max-image-preview":"max-image-preview:large","max-video-preview":"max-video-preview:-1"},"canonical":"https:\/\/kapitalis.com\/tunisie\/2022\/10\/06\/la-marsa-tgm-gallery-exposition-corps-des-accords-le-corps-dans-la-photographie-contemporaine\/","og_locale":"fr_FR","og_type":"article","og_title":"La Marsa\u00a0: TGM Gallery\u00a0: Exposition \u00ab\u00a0CORPS (D\u00c9S) \u2013 ACCORDS\u00a0\u00bb, le corps dans la photographie contemporaine - Kapitalis","og_description":"La TGM Gallery \u00e0 la Marsa accueille du 10 au 23 octobre l\u2019exposition collective \u00ab\u00a0CORPS (D\u00c9S) \u2013 ACCORDS\u00a0\u00bb qui r\u00e9unit six photographes dans le cadre du festival Jaou Tunis.","og_url":"https:\/\/kapitalis.com\/tunisie\/2022\/10\/06\/la-marsa-tgm-gallery-exposition-corps-des-accords-le-corps-dans-la-photographie-contemporaine\/","og_site_name":"Kapitalis","article_publisher":"https:\/\/www.facebook.com\/KapitalisInfo\/","article_published_time":"2022-10-06T09:42:55+00:00","article_modified_time":"2022-10-06T09:44:53+00:00","og_image":[{"width":1200,"height":630,"url":"https:\/\/kapitalis.com\/tunisie\/wp-content\/uploads\/2022\/10\/TGM-Gallery-Jaou-Tunis.jpg","type":"image\/jpeg"}],"author":"Fawz BenAli","twitter_card":"summary_large_image","twitter_creator":"@KapitalisInfo","twitter_site":"@KapitalisInfo","twitter_misc":{"\u00c9crit par":"Fawz BenAli","Dur\u00e9e de lecture estim\u00e9e":"1 minute"},"schema":{"@context":"https:\/\/schema.org","@graph":[{"@type":"Article","@id":"https:\/\/kapitalis.com\/tunisie\/2022\/10\/06\/la-marsa-tgm-gallery-exposition-corps-des-accords-le-corps-dans-la-photographie-contemporaine\/#article","isPartOf":{"@id":"https:\/\/kapitalis.com\/tunisie\/2022\/10\/06\/la-marsa-tgm-gallery-exposition-corps-des-accords-le-corps-dans-la-photographie-contemporaine\/"},"author":{"name":"Fawz BenAli","@id":"https:\/\/kapitalis.com\/tunisie\/#\/schema\/person\/73a5ecc1f6ae540c6ed91342eadca948"},"headline":"La Marsa\u00a0: TGM Gallery\u00a0: Exposition \u00ab\u00a0CORPS (D\u00c9S) \u2013 ACCORDS\u00a0\u00bb, le corps dans la photographie contemporaine","datePublished":"2022-10-06T09:42:55+00:00","dateModified":"2022-10-06T09:44:53+00:00","mainEntityOfPage":{"@id":"https:\/\/kapitalis.com\/tunisie\/2022\/10\/06\/la-marsa-tgm-gallery-exposition-corps-des-accords-le-corps-dans-la-photographie-contemporaine\/"},"wordCount":207,"commentCount":0,"publisher":{"@id":"https:\/\/kapitalis.com\/tunisie\/#organization"},"image":{"@id":"https:\/\/kapitalis.com\/tunisie\/2022\/10\/06\/la-marsa-tgm-gallery-exposition-corps-des-accords-le-corps-dans-la-photographie-contemporaine\/#primaryimage"},"thumbnailUrl":"https:\/\/kapitalis.com\/tunisie\/wp-content\/uploads\/2022\/10\/TGM-Gallery-Jaou-Tunis.jpg","keywords":["exposition photographique","Jaou Tunis 2022","La Marsa","TGM Gallery","Tunisie"],"articleSection":["CULTURE","Tunisie"],"inLanguage":"fr-FR","potentialAction":[{"@type":"CommentAction","name":"Comment","target":["https:\/\/kapitalis.com\/tunisie\/2022\/10\/06\/la-marsa-tgm-gallery-exposition-corps-des-accords-le-corps-dans-la-photographie-contemporaine\/#respond"]}]},{"@type":"WebPage","@id":"https:\/\/kapitalis.com\/tunisie\/2022\/10\/06\/la-marsa-tgm-gallery-exposition-corps-des-accords-le-corps-dans-la-photographie-contemporaine\/","url":"https:\/\/kapitalis.com\/tunisie\/2022\/10\/06\/la-marsa-tgm-gallery-exposition-corps-des-accords-le-corps-dans-la-photographie-contemporaine\/","name":"La Marsa\u00a0: TGM Gallery\u00a0: Exposition \u00ab\u00a0CORPS (D\u00c9S) \u2013 ACCORDS\u00a0\u00bb, le corps dans la photographie contemporaine - Kapitalis","isPartOf":{"@id":"https:\/\/kapitalis.com\/tunisie\/#website"},"primaryImageOfPage":{"@id":"https:\/\/kapitalis.com\/tunisie\/2022\/10\/06\/la-marsa-tgm-gallery-exposition-corps-des-accords-le-corps-dans-la-photographie-contemporaine\/#primaryimage"},"image":{"@id":"https:\/\/kapitalis.com\/tunisie\/2022\/10\/06\/la-marsa-tgm-gallery-exposition-corps-des-accords-le-corps-dans-la-photographie-contemporaine\/#primaryimage"},"thumbnailUrl":"https:\/\/kapitalis.com\/tunisie\/wp-content\/uploads\/2022\/10\/TGM-Gallery-Jaou-Tunis.jpg","datePublished":"2022-10-06T09:42:55+00:00","dateModified":"2022-10-06T09:44:53+00:00","breadcrumb":{"@id":"https:\/\/kapitalis.com\/tunisie\/2022\/10\/06\/la-marsa-tgm-gallery-exposition-corps-des-accords-le-corps-dans-la-photographie-contemporaine\/#breadcrumb"},"inLanguage":"fr-FR","potentialAction":[{"@type":"ReadAction","target":["https:\/\/kapitalis.com\/tunisie\/2022\/10\/06\/la-marsa-tgm-gallery-exposition-corps-des-accords-le-corps-dans-la-photographie-contemporaine\/"]}]},{"@type":"ImageObject","inLanguage":"fr-FR","@id":"https:\/\/kapitalis.com\/tunisie\/2022\/10\/06\/la-marsa-tgm-gallery-exposition-corps-des-accords-le-corps-dans-la-photographie-contemporaine\/#primaryimage","url":"https:\/\/kapitalis.com\/tunisie\/wp-content\/uploads\/2022\/10\/TGM-Gallery-Jaou-Tunis.jpg","contentUrl":"https:\/\/kapitalis.com\/tunisie\/wp-content\/uploads\/2022\/10\/TGM-Gallery-Jaou-Tunis.jpg","width":1200,"height":630},{"@type":"BreadcrumbList","@id":"https:\/\/kapitalis.com\/tunisie\/2022\/10\/06\/la-marsa-tgm-gallery-exposition-corps-des-accords-le-corps-dans-la-photographie-contemporaine\/#breadcrumb","itemListElement":[{"@type":"ListItem","position":1,"name":"Accueil","item":"https:\/\/kapitalis.com\/tunisie\/"},{"@type":"ListItem","position":2,"name":"La Marsa\u00a0: TGM Gallery\u00a0: Exposition \u00ab\u00a0CORPS (D\u00c9S) \u2013 ACCORDS\u00a0\u00bb, le corps dans la photographie contemporaine"}]},{"@type":"WebSite","@id":"https:\/\/kapitalis.com\/tunisie\/#website","url":"https:\/\/kapitalis.com\/tunisie\/","name":"Kapitalis","description":"L&#039;actualit\u00e9 en Tunisie et dans le monde","publisher":{"@id":"https:\/\/kapitalis.com\/tunisie\/#organization"},"potentialAction":[{"@type":"SearchAction","target":{"@type":"EntryPoint","urlTemplate":"https:\/\/kapitalis.com\/tunisie\/?s={search_term_string}"},"query-input":{"@type":"PropertyValueSpecification","valueRequired":true,"valueName":"search_term_string"}}],"inLanguage":"fr-FR"},{"@type":"Organization","@id":"https:\/\/kapitalis.com\/tunisie\/#organization","name":"Kapitalis","url":"https:\/\/kapitalis.com\/tunisie\/","logo":{"@type":"ImageObject","inLanguage":"fr-FR","@id":"https:\/\/kapitalis.com\/tunisie\/#\/schema\/logo\/image\/","url":"https:\/\/kapitalis.com\/tunisie\/wp-content\/uploads\/2022\/05\/Kapitalis-big-size.png","contentUrl":"https:\/\/kapitalis.com\/tunisie\/wp-content\/uploads\/2022\/05\/Kapitalis-big-size.png","width":5000,"height":1500,"caption":"Kapitalis"},"image":{"@id":"https:\/\/kapitalis.com\/tunisie\/#\/schema\/logo\/image\/"},"sameAs":["https:\/\/www.facebook.com\/KapitalisInfo\/","https:\/\/x.com\/KapitalisInfo","https:\/\/www.youtube.com\/channel\/UC-yDYrHyfFBWWZaOw3FPg9Q"]},{"@type":"Person","@id":"https:\/\/kapitalis.com\/tunisie\/#\/schema\/person\/73a5ecc1f6ae540c6ed91342eadca948","name":"Fawz BenAli","url":"https:\/\/kapitalis.com\/tunisie\/author\/fawz\/"}]}},"_links":{"self":[{"href":"https:\/\/kapitalis.com\/tunisie\/wp-json\/wp\/v2\/posts\/4432302","targetHints":{"allow":["GET"]}}],"collection":[{"href":"https:\/\/kapitalis.com\/tunisie\/wp-json\/wp\/v2\/posts"}],"about":[{"href":"https:\/\/kapitalis.com\/tunisie\/wp-json\/wp\/v2\/types\/post"}],"author":[{"embeddable":true,"href":"https:\/\/kapitalis.com\/tunisie\/wp-json\/wp\/v2\/users\/26"}],"replies":[{"embeddable":true,"href":"https:\/\/kapitalis.com\/tunisie\/wp-json\/wp\/v2\/comments?post=4432302"}],"version-history":[{"count":0,"href":"https:\/\/kapitalis.com\/tunisie\/wp-json\/wp\/v2\/posts\/4432302\/revisions"}],"wp:featuredmedia":[{"embeddable":true,"href":"https:\/\/kapitalis.com\/tunisie\/wp-json\/wp\/v2\/media\/4432957"}],"wp:attachment":[{"href":"https:\/\/kapitalis.com\/tunisie\/wp-json\/wp\/v2\/media?parent=4432302"}],"wp:term":[{"taxonomy":"category","embeddable":true,"href":"https:\/\/kapitalis.com\/tunisie\/wp-json\/wp\/v2\/categories?post=4432302"},{"taxonomy":"post_tag","embeddable":true,"href":"https:\/\/kapitalis.com\/tunisie\/wp-json\/wp\/v2\/tags?post=4432302"}],"curies":[{"name":"wp","href":"https:\/\/api.w.org\/{rel}","templated":true}]}}