{"id":44325,"date":"2016-03-23T13:48:17","date_gmt":"2016-03-23T12:48:17","guid":{"rendered":"http:\/\/kapitalis.com\/tunisie\/?p=44325"},"modified":"2016-03-23T13:48:17","modified_gmt":"2016-03-23T12:48:17","slug":"le-hashtag-stopislam-envahit-la-toile-apres-les-attentats-de-bruxelles","status":"publish","type":"post","link":"https:\/\/kapitalis.com\/tunisie\/2016\/03\/23\/le-hashtag-stopislam-envahit-la-toile-apres-les-attentats-de-bruxelles\/","title":{"rendered":"Le hashtag #StopIslam envahit la toile apr\u00e8s les attentats de Bruxelles"},"content":{"rendered":"<p style=\"text-align: center;\"><img loading=\"lazy\" decoding=\"async\" class=\"alignnone size-full wp-image-44329\" src=\"http:\/\/kapitalis.com\/tunisie\/wp-content\/uploads\/2016\/03\/hashtag-stop-islam-r\u00e9seaux-sociaux-Bruxelles-terrorisme.jpg\" alt=\"hashtag stop islam r\u00e9seaux sociaux - Bruxelles, terrorisme\" width=\"626\" height=\"380\" \/><\/p>\n<p><em><strong>L\u2019islamophobie gagne du terrain sur les r\u00e9seaux sociaux, suite au double-attentat terroriste de Bruxelles (34 morts, 200 bless\u00e9s).<\/strong><\/em><\/p>\n<p><!--more--><\/p>\n<p>La capitale belge a \u00e9t\u00e9 secou\u00e9e, mardi 22 mars \u00a02016, par des attentats-suicides\u00a0\u00e0 l\u2019a\u00e9roport de Zaventem et \u00e0\u00a0la station de m\u00e9tro de Maelbeek. Cet acte barbare a \u00e9t\u00e9 d\u00e9nonc\u00e9 par des millions d\u2019internautes qui ont exprim\u00e9 leur col\u00e8re et appel\u00e9 \u00e0 l\u2019union de tous les peuples pour lutter contre le terrorisme.<\/p>\n<p>Cependant, un groupe\u00a0d&rsquo;internautes a\u00a0exprim\u00e9 leur haine envers les musulmans et mis en place le hashtag #StopIslam, appelant \u00e0 \u00ab<em>\u00e9radiquer la religion musulmane pour d\u00e9truire le terrorisme<\/em>\u00bb<\/p>\n<p>Plus de 5.000.000 #StopIslam ont envahi Twitter, et en France ce hashtag a \u00e9t\u00e9 enregistr\u00e9 parmi le top 10 des tendances et se trouve \u00e0 la 2<sup>e<\/sup> place mondiale des trending topics (les sujets les plus discut\u00e9s sur le r\u00e9seau social), dans la nuit de mardi \u00e0 mercredi 23 mars 2016.<\/p>\n<p>On pouvait lire\u00a0: \u00ab<em>Interdire le culte musulman &#8211; Raser les mosqu\u00e9es &#8211; Expulser les musulmans qui ne quittent pas l&rsquo;islam<\/em>\u00bb; \u00ab<em>Le terrorisme n\u2019a pas de couleur mais la m\u00eame religion\u00bb<\/em>, ou encore \u00ab<em>L&rsquo;immigration est une catastrophe, bloquons toute entr\u00e9e nouvelle en provenance des pays musulmans\u00bb&#8230;<\/em><\/p>\n<p>Le hashtag est controvers\u00e9 et ses d\u00e9tracteurs ont soulign\u00e9 que le terrorisme n\u2019a pas de religion\u00a0: \u00ab<em>Taxer les musulmans de terroristes c\u2019est comme taxer tous les Allemands de nazis. Connerie humaine<\/em>\u00bb; \u00ab<em>Votre #StopIslam ne sert \u00e0 rien, dans les pays musulmans il y a eu des attentats et pire que celui-la. L&rsquo;islam est la premi\u00e8re victime du terrorisme<\/em>\u00bb.<\/p>\n<p>Et il y a \u00e9videmment eu la r\u00e9cup\u00e9ration politique de ces attentats. Le candidat \u00e0 la pr\u00e9sidentielle aux Etats-Unis, Donald Trump n\u2019a pas h\u00e9sit\u00e9 \u00e0 en remettre une couche en tweettant\u00a0: \u00ab<em>Nous devons autoriser les forces de l\u2019ordre \u00e0 patrouiller et \u00e0 s\u00e9curiser les quartiers musulmans avant qu\u2019ils ne se radicalisent. Car les musulmans ne font rien pour pr\u00e9venir contre le terrorisme mais par contre ils savent le nourrir, c\u2019est comme s\u2019ils se prot\u00e8gent les uns les autres<\/em>\u00bb.<\/p>\n<p style=\"text-align: right;\"><strong>Y. N.<\/strong><\/p>\n","protected":false},"excerpt":{"rendered":"<p>L\u2019islamophobie gagne du terrain sur les r\u00e9seaux sociaux, suite au double-attentat terroriste de Bruxelles (34 morts, 200 bless\u00e9s).<\/p>\n","protected":false},"author":6,"featured_media":44329,"comment_status":"open","ping_status":"open","sticky":false,"template":"","format":"standard","meta":{"footnotes":""},"categories":[996,2433],"tags":[2021,170,9697,2661,15732],"class_list":["post-44325","post","type-post","status-publish","format-standard","has-post-thumbnail","hentry","category-media","category-tunisie","tag-attaque-terroriste","tag-bruxelles","tag-kamikaze","tag-reseaux-sociaux","tag-zaventem"],"yoast_head":"<!-- This site is optimized with the Yoast SEO plugin v26.6 - https:\/\/yoast.com\/wordpress\/plugins\/seo\/ -->\n<title>Le hashtag #StopIslam envahit la toile apr\u00e8s les attentats de Bruxelles - Kapitalis<\/title>\n<meta name=\"robots\" content=\"index, follow, max-snippet:-1, max-image-preview:large, max-video-preview:-1\" \/>\n<link rel=\"canonical\" href=\"https:\/\/kapitalis.com\/tunisie\/2016\/03\/23\/le-hashtag-stopislam-envahit-la-toile-apres-les-attentats-de-bruxelles\/\" \/>\n<meta property=\"og:locale\" content=\"fr_FR\" \/>\n<meta property=\"og:type\" content=\"article\" \/>\n<meta property=\"og:title\" content=\"Le hashtag #StopIslam envahit la toile apr\u00e8s les attentats de Bruxelles - Kapitalis\" \/>\n<meta property=\"og:description\" content=\"L\u2019islamophobie gagne du terrain sur les r\u00e9seaux sociaux, suite au double-attentat terroriste de Bruxelles (34 morts, 200 bless\u00e9s).\" \/>\n<meta property=\"og:url\" content=\"https:\/\/kapitalis.com\/tunisie\/2016\/03\/23\/le-hashtag-stopislam-envahit-la-toile-apres-les-attentats-de-bruxelles\/\" \/>\n<meta property=\"og:site_name\" content=\"Kapitalis\" \/>\n<meta property=\"article:publisher\" content=\"https:\/\/www.facebook.com\/KapitalisInfo\/\" \/>\n<meta property=\"article:published_time\" content=\"2016-03-23T12:48:17+00:00\" \/>\n<meta property=\"og:image\" content=\"https:\/\/kapitalis.com\/tunisie\/wp-content\/uploads\/2022\/05\/kapitalis-logo-fb.png\" \/>\n\t<meta property=\"og:image:width\" content=\"1200\" \/>\n\t<meta property=\"og:image:height\" content=\"630\" \/>\n\t<meta property=\"og:image:type\" content=\"image\/png\" \/>\n<meta name=\"author\" content=\"Yusra NY\" \/>\n<meta name=\"twitter:card\" content=\"summary_large_image\" \/>\n<meta name=\"twitter:creator\" content=\"@KapitalisInfo\" \/>\n<meta name=\"twitter:site\" content=\"@KapitalisInfo\" \/>\n<meta name=\"twitter:label1\" content=\"\u00c9crit par\" \/>\n\t<meta name=\"twitter:data1\" content=\"Yusra NY\" \/>\n\t<meta name=\"twitter:label2\" content=\"Dur\u00e9e de lecture estim\u00e9e\" \/>\n\t<meta name=\"twitter:data2\" content=\"2 minutes\" \/>\n<script type=\"application\/ld+json\" class=\"yoast-schema-graph\">{\"@context\":\"https:\/\/schema.org\",\"@graph\":[{\"@type\":\"Article\",\"@id\":\"https:\/\/kapitalis.com\/tunisie\/2016\/03\/23\/le-hashtag-stopislam-envahit-la-toile-apres-les-attentats-de-bruxelles\/#article\",\"isPartOf\":{\"@id\":\"https:\/\/kapitalis.com\/tunisie\/2016\/03\/23\/le-hashtag-stopislam-envahit-la-toile-apres-les-attentats-de-bruxelles\/\"},\"author\":{\"name\":\"Yusra NY\",\"@id\":\"https:\/\/kapitalis.com\/tunisie\/#\/schema\/person\/74bbde0154d49d790a92aaeac5bc01d5\"},\"headline\":\"Le hashtag #StopIslam envahit la toile apr\u00e8s les attentats de Bruxelles\",\"datePublished\":\"2016-03-23T12:48:17+00:00\",\"mainEntityOfPage\":{\"@id\":\"https:\/\/kapitalis.com\/tunisie\/2016\/03\/23\/le-hashtag-stopislam-envahit-la-toile-apres-les-attentats-de-bruxelles\/\"},\"wordCount\":360,\"commentCount\":16,\"publisher\":{\"@id\":\"https:\/\/kapitalis.com\/tunisie\/#organization\"},\"image\":{\"@id\":\"https:\/\/kapitalis.com\/tunisie\/2016\/03\/23\/le-hashtag-stopislam-envahit-la-toile-apres-les-attentats-de-bruxelles\/#primaryimage\"},\"thumbnailUrl\":\"\",\"keywords\":[\"attaque terroriste\",\"Bruxelles\",\"kamikaze\",\"r\u00e9seaux sociaux\",\"Zaventem\"],\"articleSection\":[\"MEDIA\",\"Tunisie\"],\"inLanguage\":\"fr-FR\",\"potentialAction\":[{\"@type\":\"CommentAction\",\"name\":\"Comment\",\"target\":[\"https:\/\/kapitalis.com\/tunisie\/2016\/03\/23\/le-hashtag-stopislam-envahit-la-toile-apres-les-attentats-de-bruxelles\/#respond\"]}]},{\"@type\":\"WebPage\",\"@id\":\"https:\/\/kapitalis.com\/tunisie\/2016\/03\/23\/le-hashtag-stopislam-envahit-la-toile-apres-les-attentats-de-bruxelles\/\",\"url\":\"https:\/\/kapitalis.com\/tunisie\/2016\/03\/23\/le-hashtag-stopislam-envahit-la-toile-apres-les-attentats-de-bruxelles\/\",\"name\":\"Le hashtag #StopIslam envahit la toile apr\u00e8s les attentats de Bruxelles - Kapitalis\",\"isPartOf\":{\"@id\":\"https:\/\/kapitalis.com\/tunisie\/#website\"},\"primaryImageOfPage\":{\"@id\":\"https:\/\/kapitalis.com\/tunisie\/2016\/03\/23\/le-hashtag-stopislam-envahit-la-toile-apres-les-attentats-de-bruxelles\/#primaryimage\"},\"image\":{\"@id\":\"https:\/\/kapitalis.com\/tunisie\/2016\/03\/23\/le-hashtag-stopislam-envahit-la-toile-apres-les-attentats-de-bruxelles\/#primaryimage\"},\"thumbnailUrl\":\"\",\"datePublished\":\"2016-03-23T12:48:17+00:00\",\"breadcrumb\":{\"@id\":\"https:\/\/kapitalis.com\/tunisie\/2016\/03\/23\/le-hashtag-stopislam-envahit-la-toile-apres-les-attentats-de-bruxelles\/#breadcrumb\"},\"inLanguage\":\"fr-FR\",\"potentialAction\":[{\"@type\":\"ReadAction\",\"target\":[\"https:\/\/kapitalis.com\/tunisie\/2016\/03\/23\/le-hashtag-stopislam-envahit-la-toile-apres-les-attentats-de-bruxelles\/\"]}]},{\"@type\":\"ImageObject\",\"inLanguage\":\"fr-FR\",\"@id\":\"https:\/\/kapitalis.com\/tunisie\/2016\/03\/23\/le-hashtag-stopislam-envahit-la-toile-apres-les-attentats-de-bruxelles\/#primaryimage\",\"url\":\"\",\"contentUrl\":\"\"},{\"@type\":\"BreadcrumbList\",\"@id\":\"https:\/\/kapitalis.com\/tunisie\/2016\/03\/23\/le-hashtag-stopislam-envahit-la-toile-apres-les-attentats-de-bruxelles\/#breadcrumb\",\"itemListElement\":[{\"@type\":\"ListItem\",\"position\":1,\"name\":\"Accueil\",\"item\":\"https:\/\/kapitalis.com\/tunisie\/\"},{\"@type\":\"ListItem\",\"position\":2,\"name\":\"Le hashtag #StopIslam envahit la toile apr\u00e8s les attentats de Bruxelles\"}]},{\"@type\":\"WebSite\",\"@id\":\"https:\/\/kapitalis.com\/tunisie\/#website\",\"url\":\"https:\/\/kapitalis.com\/tunisie\/\",\"name\":\"Kapitalis\",\"description\":\"L&#039;actualit\u00e9 en Tunisie et dans le monde\",\"publisher\":{\"@id\":\"https:\/\/kapitalis.com\/tunisie\/#organization\"},\"potentialAction\":[{\"@type\":\"SearchAction\",\"target\":{\"@type\":\"EntryPoint\",\"urlTemplate\":\"https:\/\/kapitalis.com\/tunisie\/?s={search_term_string}\"},\"query-input\":{\"@type\":\"PropertyValueSpecification\",\"valueRequired\":true,\"valueName\":\"search_term_string\"}}],\"inLanguage\":\"fr-FR\"},{\"@type\":\"Organization\",\"@id\":\"https:\/\/kapitalis.com\/tunisie\/#organization\",\"name\":\"Kapitalis\",\"url\":\"https:\/\/kapitalis.com\/tunisie\/\",\"logo\":{\"@type\":\"ImageObject\",\"inLanguage\":\"fr-FR\",\"@id\":\"https:\/\/kapitalis.com\/tunisie\/#\/schema\/logo\/image\/\",\"url\":\"https:\/\/kapitalis.com\/tunisie\/wp-content\/uploads\/2022\/05\/Kapitalis-big-size.png\",\"contentUrl\":\"https:\/\/kapitalis.com\/tunisie\/wp-content\/uploads\/2022\/05\/Kapitalis-big-size.png\",\"width\":5000,\"height\":1500,\"caption\":\"Kapitalis\"},\"image\":{\"@id\":\"https:\/\/kapitalis.com\/tunisie\/#\/schema\/logo\/image\/\"},\"sameAs\":[\"https:\/\/www.facebook.com\/KapitalisInfo\/\",\"https:\/\/x.com\/KapitalisInfo\",\"https:\/\/www.youtube.com\/channel\/UC-yDYrHyfFBWWZaOw3FPg9Q\"]},{\"@type\":\"Person\",\"@id\":\"https:\/\/kapitalis.com\/tunisie\/#\/schema\/person\/74bbde0154d49d790a92aaeac5bc01d5\",\"name\":\"Yusra NY\",\"url\":\"https:\/\/kapitalis.com\/tunisie\/author\/yuza_adam\/\"}]}<\/script>\n<!-- \/ Yoast SEO plugin. -->","yoast_head_json":{"title":"Le hashtag #StopIslam envahit la toile apr\u00e8s les attentats de Bruxelles - Kapitalis","robots":{"index":"index","follow":"follow","max-snippet":"max-snippet:-1","max-image-preview":"max-image-preview:large","max-video-preview":"max-video-preview:-1"},"canonical":"https:\/\/kapitalis.com\/tunisie\/2016\/03\/23\/le-hashtag-stopislam-envahit-la-toile-apres-les-attentats-de-bruxelles\/","og_locale":"fr_FR","og_type":"article","og_title":"Le hashtag #StopIslam envahit la toile apr\u00e8s les attentats de Bruxelles - Kapitalis","og_description":"L\u2019islamophobie gagne du terrain sur les r\u00e9seaux sociaux, suite au double-attentat terroriste de Bruxelles (34 morts, 200 bless\u00e9s).","og_url":"https:\/\/kapitalis.com\/tunisie\/2016\/03\/23\/le-hashtag-stopislam-envahit-la-toile-apres-les-attentats-de-bruxelles\/","og_site_name":"Kapitalis","article_publisher":"https:\/\/www.facebook.com\/KapitalisInfo\/","article_published_time":"2016-03-23T12:48:17+00:00","og_image":[{"width":1200,"height":630,"url":"https:\/\/kapitalis.com\/tunisie\/wp-content\/uploads\/2022\/05\/kapitalis-logo-fb.png","type":"image\/png"}],"author":"Yusra NY","twitter_card":"summary_large_image","twitter_creator":"@KapitalisInfo","twitter_site":"@KapitalisInfo","twitter_misc":{"\u00c9crit par":"Yusra NY","Dur\u00e9e de lecture estim\u00e9e":"2 minutes"},"schema":{"@context":"https:\/\/schema.org","@graph":[{"@type":"Article","@id":"https:\/\/kapitalis.com\/tunisie\/2016\/03\/23\/le-hashtag-stopislam-envahit-la-toile-apres-les-attentats-de-bruxelles\/#article","isPartOf":{"@id":"https:\/\/kapitalis.com\/tunisie\/2016\/03\/23\/le-hashtag-stopislam-envahit-la-toile-apres-les-attentats-de-bruxelles\/"},"author":{"name":"Yusra NY","@id":"https:\/\/kapitalis.com\/tunisie\/#\/schema\/person\/74bbde0154d49d790a92aaeac5bc01d5"},"headline":"Le hashtag #StopIslam envahit la toile apr\u00e8s les attentats de Bruxelles","datePublished":"2016-03-23T12:48:17+00:00","mainEntityOfPage":{"@id":"https:\/\/kapitalis.com\/tunisie\/2016\/03\/23\/le-hashtag-stopislam-envahit-la-toile-apres-les-attentats-de-bruxelles\/"},"wordCount":360,"commentCount":16,"publisher":{"@id":"https:\/\/kapitalis.com\/tunisie\/#organization"},"image":{"@id":"https:\/\/kapitalis.com\/tunisie\/2016\/03\/23\/le-hashtag-stopislam-envahit-la-toile-apres-les-attentats-de-bruxelles\/#primaryimage"},"thumbnailUrl":"","keywords":["attaque terroriste","Bruxelles","kamikaze","r\u00e9seaux sociaux","Zaventem"],"articleSection":["MEDIA","Tunisie"],"inLanguage":"fr-FR","potentialAction":[{"@type":"CommentAction","name":"Comment","target":["https:\/\/kapitalis.com\/tunisie\/2016\/03\/23\/le-hashtag-stopislam-envahit-la-toile-apres-les-attentats-de-bruxelles\/#respond"]}]},{"@type":"WebPage","@id":"https:\/\/kapitalis.com\/tunisie\/2016\/03\/23\/le-hashtag-stopislam-envahit-la-toile-apres-les-attentats-de-bruxelles\/","url":"https:\/\/kapitalis.com\/tunisie\/2016\/03\/23\/le-hashtag-stopislam-envahit-la-toile-apres-les-attentats-de-bruxelles\/","name":"Le hashtag #StopIslam envahit la toile apr\u00e8s les attentats de Bruxelles - Kapitalis","isPartOf":{"@id":"https:\/\/kapitalis.com\/tunisie\/#website"},"primaryImageOfPage":{"@id":"https:\/\/kapitalis.com\/tunisie\/2016\/03\/23\/le-hashtag-stopislam-envahit-la-toile-apres-les-attentats-de-bruxelles\/#primaryimage"},"image":{"@id":"https:\/\/kapitalis.com\/tunisie\/2016\/03\/23\/le-hashtag-stopislam-envahit-la-toile-apres-les-attentats-de-bruxelles\/#primaryimage"},"thumbnailUrl":"","datePublished":"2016-03-23T12:48:17+00:00","breadcrumb":{"@id":"https:\/\/kapitalis.com\/tunisie\/2016\/03\/23\/le-hashtag-stopislam-envahit-la-toile-apres-les-attentats-de-bruxelles\/#breadcrumb"},"inLanguage":"fr-FR","potentialAction":[{"@type":"ReadAction","target":["https:\/\/kapitalis.com\/tunisie\/2016\/03\/23\/le-hashtag-stopislam-envahit-la-toile-apres-les-attentats-de-bruxelles\/"]}]},{"@type":"ImageObject","inLanguage":"fr-FR","@id":"https:\/\/kapitalis.com\/tunisie\/2016\/03\/23\/le-hashtag-stopislam-envahit-la-toile-apres-les-attentats-de-bruxelles\/#primaryimage","url":"","contentUrl":""},{"@type":"BreadcrumbList","@id":"https:\/\/kapitalis.com\/tunisie\/2016\/03\/23\/le-hashtag-stopislam-envahit-la-toile-apres-les-attentats-de-bruxelles\/#breadcrumb","itemListElement":[{"@type":"ListItem","position":1,"name":"Accueil","item":"https:\/\/kapitalis.com\/tunisie\/"},{"@type":"ListItem","position":2,"name":"Le hashtag #StopIslam envahit la toile apr\u00e8s les attentats de Bruxelles"}]},{"@type":"WebSite","@id":"https:\/\/kapitalis.com\/tunisie\/#website","url":"https:\/\/kapitalis.com\/tunisie\/","name":"Kapitalis","description":"L&#039;actualit\u00e9 en Tunisie et dans le monde","publisher":{"@id":"https:\/\/kapitalis.com\/tunisie\/#organization"},"potentialAction":[{"@type":"SearchAction","target":{"@type":"EntryPoint","urlTemplate":"https:\/\/kapitalis.com\/tunisie\/?s={search_term_string}"},"query-input":{"@type":"PropertyValueSpecification","valueRequired":true,"valueName":"search_term_string"}}],"inLanguage":"fr-FR"},{"@type":"Organization","@id":"https:\/\/kapitalis.com\/tunisie\/#organization","name":"Kapitalis","url":"https:\/\/kapitalis.com\/tunisie\/","logo":{"@type":"ImageObject","inLanguage":"fr-FR","@id":"https:\/\/kapitalis.com\/tunisie\/#\/schema\/logo\/image\/","url":"https:\/\/kapitalis.com\/tunisie\/wp-content\/uploads\/2022\/05\/Kapitalis-big-size.png","contentUrl":"https:\/\/kapitalis.com\/tunisie\/wp-content\/uploads\/2022\/05\/Kapitalis-big-size.png","width":5000,"height":1500,"caption":"Kapitalis"},"image":{"@id":"https:\/\/kapitalis.com\/tunisie\/#\/schema\/logo\/image\/"},"sameAs":["https:\/\/www.facebook.com\/KapitalisInfo\/","https:\/\/x.com\/KapitalisInfo","https:\/\/www.youtube.com\/channel\/UC-yDYrHyfFBWWZaOw3FPg9Q"]},{"@type":"Person","@id":"https:\/\/kapitalis.com\/tunisie\/#\/schema\/person\/74bbde0154d49d790a92aaeac5bc01d5","name":"Yusra NY","url":"https:\/\/kapitalis.com\/tunisie\/author\/yuza_adam\/"}]}},"_links":{"self":[{"href":"https:\/\/kapitalis.com\/tunisie\/wp-json\/wp\/v2\/posts\/44325","targetHints":{"allow":["GET"]}}],"collection":[{"href":"https:\/\/kapitalis.com\/tunisie\/wp-json\/wp\/v2\/posts"}],"about":[{"href":"https:\/\/kapitalis.com\/tunisie\/wp-json\/wp\/v2\/types\/post"}],"author":[{"embeddable":true,"href":"https:\/\/kapitalis.com\/tunisie\/wp-json\/wp\/v2\/users\/6"}],"replies":[{"embeddable":true,"href":"https:\/\/kapitalis.com\/tunisie\/wp-json\/wp\/v2\/comments?post=44325"}],"version-history":[{"count":0,"href":"https:\/\/kapitalis.com\/tunisie\/wp-json\/wp\/v2\/posts\/44325\/revisions"}],"wp:featuredmedia":[{"embeddable":true,"href":"https:\/\/kapitalis.com\/tunisie\/wp-json\/wp\/v2\/media\/44329"}],"wp:attachment":[{"href":"https:\/\/kapitalis.com\/tunisie\/wp-json\/wp\/v2\/media?parent=44325"}],"wp:term":[{"taxonomy":"category","embeddable":true,"href":"https:\/\/kapitalis.com\/tunisie\/wp-json\/wp\/v2\/categories?post=44325"},{"taxonomy":"post_tag","embeddable":true,"href":"https:\/\/kapitalis.com\/tunisie\/wp-json\/wp\/v2\/tags?post=44325"}],"curies":[{"name":"wp","href":"https:\/\/api.w.org\/{rel}","templated":true}]}}