{"id":4433,"date":"2015-06-19T13:20:45","date_gmt":"2015-06-19T12:20:45","guid":{"rendered":"http:\/\/kapitalis.com\/tunisie\/?p=4433"},"modified":"2015-06-19T13:21:04","modified_gmt":"2015-06-19T12:21:04","slug":"kebili-anis-condamne-pour-meurtre-decroche-son-baccalaureat","status":"publish","type":"post","link":"https:\/\/kapitalis.com\/tunisie\/2015\/06\/19\/kebili-anis-condamne-pour-meurtre-decroche-son-baccalaureat\/","title":{"rendered":"K\u00e9bili: Anis, condamn\u00e9 pour meurtre, d\u00e9croche son baccalaur\u00e9at"},"content":{"rendered":"<p><img loading=\"lazy\" decoding=\"async\" class=\"aligncenter size-full wp-image-4434\" src=\"http:\/\/kapitalis.com\/tunisie\/wp-content\/uploads\/2015\/06\/Anis-prisonnier-bachelier.jpg\" alt=\"Anis-prisonnier-bachelier\" width=\"626\" height=\"380\" \/><\/p>\n<p><em><strong>Anis A., condamn\u00e9 \u00e0 perp\u00e9tuit\u00e9 pour homicide, a d\u00e9croch\u00e9 son baccalaur\u00e9at, section sciences exp\u00e9rimentales, \u00e0 la prison civile de K\u00e9bili.<\/strong><\/em><\/p>\n<p><!--more--><\/p>\n<p>Apr\u00e8s avoir pass\u00e9 les \u00e9preuves du concours national, d\u00e9but juin, Anis a affich\u00e9 un certain optimiste. Il avait d\u00e9clar\u00e9 \u00e0 Mosa\u00efque FM qu\u2019il comptait d\u00e9crocher son bac cette ann\u00e9e, apr\u00e8s avoir \u00e9t\u00e9 recal\u00e9 \u00e0 deux reprises auparavant. Il \u00e9tait alors d\u00e9tenu \u00e0 la prison de Sfax. Autant dire que celle de K\u00e9bili lui a port\u00e9 bonheur.<\/p>\n<p>Avec une moyenne g\u00e9n\u00e9rale de 11,14, Anis a pris sa revanche sur le destin. Il compte maintenant suivre des \u00e9tudes universitaires \u00e0 distance. <em>\u00abJe voudrais \u00eatre \u00e0 la hauteur de l\u2019\u00e9ducation que mes parents m\u2019ont donn\u00e9e. Mon emprisonnement est un accident de parcours et je voudrais me rattraper, en esp\u00e9rant que la justice saura en tenir compte et all\u00e9ger ma peine\u00bb<\/em>.<\/p>\n<p style=\"text-align: right;\"><strong>Y. N. M.<\/strong><\/p>\n","protected":false},"excerpt":{"rendered":"<p>Anis A., condamn\u00e9 \u00e0 perp\u00e9tuit\u00e9 pour homicide, a d\u00e9croch\u00e9 son baccalaur\u00e9at, section sciences exp\u00e9rimentales, \u00e0 la prison civile de K\u00e9bili.<\/p>\n","protected":false},"author":5,"featured_media":4434,"comment_status":"open","ping_status":"open","sticky":false,"template":"","format":"standard","meta":{"footnotes":""},"categories":[998],"tags":[1538,1215,2283,2282,526,604,1314,2281],"class_list":["post-4433","post","type-post","status-publish","format-standard","has-post-thumbnail","hentry","category-societe","tag-bac-2015","tag-concours-national","tag-condamnation","tag-detenu","tag-kebili","tag-meurtre","tag-prison","tag-prisonnier"],"yoast_head":"<!-- This site is optimized with the Yoast SEO plugin v26.6 - https:\/\/yoast.com\/wordpress\/plugins\/seo\/ -->\n<title>K\u00e9bili: Anis, condamn\u00e9 pour meurtre, d\u00e9croche son baccalaur\u00e9at - Kapitalis<\/title>\n<meta name=\"robots\" content=\"index, follow, max-snippet:-1, max-image-preview:large, max-video-preview:-1\" \/>\n<link rel=\"canonical\" href=\"https:\/\/kapitalis.com\/tunisie\/2015\/06\/19\/kebili-anis-condamne-pour-meurtre-decroche-son-baccalaureat\/\" \/>\n<meta property=\"og:locale\" content=\"fr_FR\" \/>\n<meta property=\"og:type\" content=\"article\" \/>\n<meta property=\"og:title\" content=\"K\u00e9bili: Anis, condamn\u00e9 pour meurtre, d\u00e9croche son baccalaur\u00e9at - Kapitalis\" \/>\n<meta property=\"og:description\" content=\"Anis A., condamn\u00e9 \u00e0 perp\u00e9tuit\u00e9 pour homicide, a d\u00e9croch\u00e9 son baccalaur\u00e9at, section sciences exp\u00e9rimentales, \u00e0 la prison civile de K\u00e9bili.\" \/>\n<meta property=\"og:url\" content=\"https:\/\/kapitalis.com\/tunisie\/2015\/06\/19\/kebili-anis-condamne-pour-meurtre-decroche-son-baccalaureat\/\" \/>\n<meta property=\"og:site_name\" content=\"Kapitalis\" \/>\n<meta property=\"article:publisher\" content=\"https:\/\/www.facebook.com\/KapitalisInfo\/\" \/>\n<meta property=\"article:published_time\" content=\"2015-06-19T12:20:45+00:00\" \/>\n<meta property=\"article:modified_time\" content=\"2015-06-19T12:21:04+00:00\" \/>\n<meta property=\"og:image\" content=\"https:\/\/kapitalis.com\/tunisie\/wp-content\/uploads\/2022\/05\/kapitalis-logo-fb.png\" \/>\n\t<meta property=\"og:image:width\" content=\"1200\" \/>\n\t<meta property=\"og:image:height\" content=\"630\" \/>\n\t<meta property=\"og:image:type\" content=\"image\/png\" \/>\n<meta name=\"author\" content=\"Ridha Elkefi\" \/>\n<meta name=\"twitter:card\" content=\"summary_large_image\" \/>\n<meta name=\"twitter:creator\" content=\"@KapitalisInfo\" \/>\n<meta name=\"twitter:site\" content=\"@KapitalisInfo\" \/>\n<meta name=\"twitter:label1\" content=\"\u00c9crit par\" \/>\n\t<meta name=\"twitter:data1\" content=\"Ridha Elkefi\" \/>\n\t<meta name=\"twitter:label2\" content=\"Dur\u00e9e de lecture estim\u00e9e\" \/>\n\t<meta name=\"twitter:data2\" content=\"1 minute\" \/>\n<script type=\"application\/ld+json\" class=\"yoast-schema-graph\">{\"@context\":\"https:\/\/schema.org\",\"@graph\":[{\"@type\":\"Article\",\"@id\":\"https:\/\/kapitalis.com\/tunisie\/2015\/06\/19\/kebili-anis-condamne-pour-meurtre-decroche-son-baccalaureat\/#article\",\"isPartOf\":{\"@id\":\"https:\/\/kapitalis.com\/tunisie\/2015\/06\/19\/kebili-anis-condamne-pour-meurtre-decroche-son-baccalaureat\/\"},\"author\":{\"name\":\"Ridha Elkefi\",\"@id\":\"https:\/\/kapitalis.com\/tunisie\/#\/schema\/person\/16627fc9b2fc0116230e88af071eebab\"},\"headline\":\"K\u00e9bili: Anis, condamn\u00e9 pour meurtre, d\u00e9croche son baccalaur\u00e9at\",\"datePublished\":\"2015-06-19T12:20:45+00:00\",\"dateModified\":\"2015-06-19T12:21:04+00:00\",\"mainEntityOfPage\":{\"@id\":\"https:\/\/kapitalis.com\/tunisie\/2015\/06\/19\/kebili-anis-condamne-pour-meurtre-decroche-son-baccalaureat\/\"},\"wordCount\":165,\"commentCount\":0,\"publisher\":{\"@id\":\"https:\/\/kapitalis.com\/tunisie\/#organization\"},\"image\":{\"@id\":\"https:\/\/kapitalis.com\/tunisie\/2015\/06\/19\/kebili-anis-condamne-pour-meurtre-decroche-son-baccalaureat\/#primaryimage\"},\"thumbnailUrl\":\"\",\"keywords\":[\"Bac 2015\",\"concours national\",\"condamnation\",\"d\u00e9tenu\",\"K\u00e9bili\",\"meurtre\",\"prison\",\"prisonnier\"],\"articleSection\":[\"SOCIETE\"],\"inLanguage\":\"fr-FR\",\"potentialAction\":[{\"@type\":\"CommentAction\",\"name\":\"Comment\",\"target\":[\"https:\/\/kapitalis.com\/tunisie\/2015\/06\/19\/kebili-anis-condamne-pour-meurtre-decroche-son-baccalaureat\/#respond\"]}]},{\"@type\":\"WebPage\",\"@id\":\"https:\/\/kapitalis.com\/tunisie\/2015\/06\/19\/kebili-anis-condamne-pour-meurtre-decroche-son-baccalaureat\/\",\"url\":\"https:\/\/kapitalis.com\/tunisie\/2015\/06\/19\/kebili-anis-condamne-pour-meurtre-decroche-son-baccalaureat\/\",\"name\":\"K\u00e9bili: Anis, condamn\u00e9 pour meurtre, d\u00e9croche son baccalaur\u00e9at - Kapitalis\",\"isPartOf\":{\"@id\":\"https:\/\/kapitalis.com\/tunisie\/#website\"},\"primaryImageOfPage\":{\"@id\":\"https:\/\/kapitalis.com\/tunisie\/2015\/06\/19\/kebili-anis-condamne-pour-meurtre-decroche-son-baccalaureat\/#primaryimage\"},\"image\":{\"@id\":\"https:\/\/kapitalis.com\/tunisie\/2015\/06\/19\/kebili-anis-condamne-pour-meurtre-decroche-son-baccalaureat\/#primaryimage\"},\"thumbnailUrl\":\"\",\"datePublished\":\"2015-06-19T12:20:45+00:00\",\"dateModified\":\"2015-06-19T12:21:04+00:00\",\"breadcrumb\":{\"@id\":\"https:\/\/kapitalis.com\/tunisie\/2015\/06\/19\/kebili-anis-condamne-pour-meurtre-decroche-son-baccalaureat\/#breadcrumb\"},\"inLanguage\":\"fr-FR\",\"potentialAction\":[{\"@type\":\"ReadAction\",\"target\":[\"https:\/\/kapitalis.com\/tunisie\/2015\/06\/19\/kebili-anis-condamne-pour-meurtre-decroche-son-baccalaureat\/\"]}]},{\"@type\":\"ImageObject\",\"inLanguage\":\"fr-FR\",\"@id\":\"https:\/\/kapitalis.com\/tunisie\/2015\/06\/19\/kebili-anis-condamne-pour-meurtre-decroche-son-baccalaureat\/#primaryimage\",\"url\":\"\",\"contentUrl\":\"\"},{\"@type\":\"BreadcrumbList\",\"@id\":\"https:\/\/kapitalis.com\/tunisie\/2015\/06\/19\/kebili-anis-condamne-pour-meurtre-decroche-son-baccalaureat\/#breadcrumb\",\"itemListElement\":[{\"@type\":\"ListItem\",\"position\":1,\"name\":\"Accueil\",\"item\":\"https:\/\/kapitalis.com\/tunisie\/\"},{\"@type\":\"ListItem\",\"position\":2,\"name\":\"K\u00e9bili: Anis, condamn\u00e9 pour meurtre, d\u00e9croche son baccalaur\u00e9at\"}]},{\"@type\":\"WebSite\",\"@id\":\"https:\/\/kapitalis.com\/tunisie\/#website\",\"url\":\"https:\/\/kapitalis.com\/tunisie\/\",\"name\":\"Kapitalis\",\"description\":\"L&#039;actualit\u00e9 en Tunisie et dans le monde\",\"publisher\":{\"@id\":\"https:\/\/kapitalis.com\/tunisie\/#organization\"},\"potentialAction\":[{\"@type\":\"SearchAction\",\"target\":{\"@type\":\"EntryPoint\",\"urlTemplate\":\"https:\/\/kapitalis.com\/tunisie\/?s={search_term_string}\"},\"query-input\":{\"@type\":\"PropertyValueSpecification\",\"valueRequired\":true,\"valueName\":\"search_term_string\"}}],\"inLanguage\":\"fr-FR\"},{\"@type\":\"Organization\",\"@id\":\"https:\/\/kapitalis.com\/tunisie\/#organization\",\"name\":\"Kapitalis\",\"url\":\"https:\/\/kapitalis.com\/tunisie\/\",\"logo\":{\"@type\":\"ImageObject\",\"inLanguage\":\"fr-FR\",\"@id\":\"https:\/\/kapitalis.com\/tunisie\/#\/schema\/logo\/image\/\",\"url\":\"https:\/\/kapitalis.com\/tunisie\/wp-content\/uploads\/2022\/05\/Kapitalis-big-size.png\",\"contentUrl\":\"https:\/\/kapitalis.com\/tunisie\/wp-content\/uploads\/2022\/05\/Kapitalis-big-size.png\",\"width\":5000,\"height\":1500,\"caption\":\"Kapitalis\"},\"image\":{\"@id\":\"https:\/\/kapitalis.com\/tunisie\/#\/schema\/logo\/image\/\"},\"sameAs\":[\"https:\/\/www.facebook.com\/KapitalisInfo\/\",\"https:\/\/x.com\/KapitalisInfo\",\"https:\/\/www.youtube.com\/channel\/UC-yDYrHyfFBWWZaOw3FPg9Q\"]},{\"@type\":\"Person\",\"@id\":\"https:\/\/kapitalis.com\/tunisie\/#\/schema\/person\/16627fc9b2fc0116230e88af071eebab\",\"name\":\"Ridha Elkefi\",\"url\":\"https:\/\/kapitalis.com\/tunisie\/author\/ridha-kefi\/\"}]}<\/script>\n<!-- \/ Yoast SEO plugin. -->","yoast_head_json":{"title":"K\u00e9bili: Anis, condamn\u00e9 pour meurtre, d\u00e9croche son baccalaur\u00e9at - Kapitalis","robots":{"index":"index","follow":"follow","max-snippet":"max-snippet:-1","max-image-preview":"max-image-preview:large","max-video-preview":"max-video-preview:-1"},"canonical":"https:\/\/kapitalis.com\/tunisie\/2015\/06\/19\/kebili-anis-condamne-pour-meurtre-decroche-son-baccalaureat\/","og_locale":"fr_FR","og_type":"article","og_title":"K\u00e9bili: Anis, condamn\u00e9 pour meurtre, d\u00e9croche son baccalaur\u00e9at - Kapitalis","og_description":"Anis A., condamn\u00e9 \u00e0 perp\u00e9tuit\u00e9 pour homicide, a d\u00e9croch\u00e9 son baccalaur\u00e9at, section sciences exp\u00e9rimentales, \u00e0 la prison civile de K\u00e9bili.","og_url":"https:\/\/kapitalis.com\/tunisie\/2015\/06\/19\/kebili-anis-condamne-pour-meurtre-decroche-son-baccalaureat\/","og_site_name":"Kapitalis","article_publisher":"https:\/\/www.facebook.com\/KapitalisInfo\/","article_published_time":"2015-06-19T12:20:45+00:00","article_modified_time":"2015-06-19T12:21:04+00:00","og_image":[{"width":1200,"height":630,"url":"https:\/\/kapitalis.com\/tunisie\/wp-content\/uploads\/2022\/05\/kapitalis-logo-fb.png","type":"image\/png"}],"author":"Ridha Elkefi","twitter_card":"summary_large_image","twitter_creator":"@KapitalisInfo","twitter_site":"@KapitalisInfo","twitter_misc":{"\u00c9crit par":"Ridha Elkefi","Dur\u00e9e de lecture estim\u00e9e":"1 minute"},"schema":{"@context":"https:\/\/schema.org","@graph":[{"@type":"Article","@id":"https:\/\/kapitalis.com\/tunisie\/2015\/06\/19\/kebili-anis-condamne-pour-meurtre-decroche-son-baccalaureat\/#article","isPartOf":{"@id":"https:\/\/kapitalis.com\/tunisie\/2015\/06\/19\/kebili-anis-condamne-pour-meurtre-decroche-son-baccalaureat\/"},"author":{"name":"Ridha Elkefi","@id":"https:\/\/kapitalis.com\/tunisie\/#\/schema\/person\/16627fc9b2fc0116230e88af071eebab"},"headline":"K\u00e9bili: Anis, condamn\u00e9 pour meurtre, d\u00e9croche son baccalaur\u00e9at","datePublished":"2015-06-19T12:20:45+00:00","dateModified":"2015-06-19T12:21:04+00:00","mainEntityOfPage":{"@id":"https:\/\/kapitalis.com\/tunisie\/2015\/06\/19\/kebili-anis-condamne-pour-meurtre-decroche-son-baccalaureat\/"},"wordCount":165,"commentCount":0,"publisher":{"@id":"https:\/\/kapitalis.com\/tunisie\/#organization"},"image":{"@id":"https:\/\/kapitalis.com\/tunisie\/2015\/06\/19\/kebili-anis-condamne-pour-meurtre-decroche-son-baccalaureat\/#primaryimage"},"thumbnailUrl":"","keywords":["Bac 2015","concours national","condamnation","d\u00e9tenu","K\u00e9bili","meurtre","prison","prisonnier"],"articleSection":["SOCIETE"],"inLanguage":"fr-FR","potentialAction":[{"@type":"CommentAction","name":"Comment","target":["https:\/\/kapitalis.com\/tunisie\/2015\/06\/19\/kebili-anis-condamne-pour-meurtre-decroche-son-baccalaureat\/#respond"]}]},{"@type":"WebPage","@id":"https:\/\/kapitalis.com\/tunisie\/2015\/06\/19\/kebili-anis-condamne-pour-meurtre-decroche-son-baccalaureat\/","url":"https:\/\/kapitalis.com\/tunisie\/2015\/06\/19\/kebili-anis-condamne-pour-meurtre-decroche-son-baccalaureat\/","name":"K\u00e9bili: Anis, condamn\u00e9 pour meurtre, d\u00e9croche son baccalaur\u00e9at - Kapitalis","isPartOf":{"@id":"https:\/\/kapitalis.com\/tunisie\/#website"},"primaryImageOfPage":{"@id":"https:\/\/kapitalis.com\/tunisie\/2015\/06\/19\/kebili-anis-condamne-pour-meurtre-decroche-son-baccalaureat\/#primaryimage"},"image":{"@id":"https:\/\/kapitalis.com\/tunisie\/2015\/06\/19\/kebili-anis-condamne-pour-meurtre-decroche-son-baccalaureat\/#primaryimage"},"thumbnailUrl":"","datePublished":"2015-06-19T12:20:45+00:00","dateModified":"2015-06-19T12:21:04+00:00","breadcrumb":{"@id":"https:\/\/kapitalis.com\/tunisie\/2015\/06\/19\/kebili-anis-condamne-pour-meurtre-decroche-son-baccalaureat\/#breadcrumb"},"inLanguage":"fr-FR","potentialAction":[{"@type":"ReadAction","target":["https:\/\/kapitalis.com\/tunisie\/2015\/06\/19\/kebili-anis-condamne-pour-meurtre-decroche-son-baccalaureat\/"]}]},{"@type":"ImageObject","inLanguage":"fr-FR","@id":"https:\/\/kapitalis.com\/tunisie\/2015\/06\/19\/kebili-anis-condamne-pour-meurtre-decroche-son-baccalaureat\/#primaryimage","url":"","contentUrl":""},{"@type":"BreadcrumbList","@id":"https:\/\/kapitalis.com\/tunisie\/2015\/06\/19\/kebili-anis-condamne-pour-meurtre-decroche-son-baccalaureat\/#breadcrumb","itemListElement":[{"@type":"ListItem","position":1,"name":"Accueil","item":"https:\/\/kapitalis.com\/tunisie\/"},{"@type":"ListItem","position":2,"name":"K\u00e9bili: Anis, condamn\u00e9 pour meurtre, d\u00e9croche son baccalaur\u00e9at"}]},{"@type":"WebSite","@id":"https:\/\/kapitalis.com\/tunisie\/#website","url":"https:\/\/kapitalis.com\/tunisie\/","name":"Kapitalis","description":"L&#039;actualit\u00e9 en Tunisie et dans le monde","publisher":{"@id":"https:\/\/kapitalis.com\/tunisie\/#organization"},"potentialAction":[{"@type":"SearchAction","target":{"@type":"EntryPoint","urlTemplate":"https:\/\/kapitalis.com\/tunisie\/?s={search_term_string}"},"query-input":{"@type":"PropertyValueSpecification","valueRequired":true,"valueName":"search_term_string"}}],"inLanguage":"fr-FR"},{"@type":"Organization","@id":"https:\/\/kapitalis.com\/tunisie\/#organization","name":"Kapitalis","url":"https:\/\/kapitalis.com\/tunisie\/","logo":{"@type":"ImageObject","inLanguage":"fr-FR","@id":"https:\/\/kapitalis.com\/tunisie\/#\/schema\/logo\/image\/","url":"https:\/\/kapitalis.com\/tunisie\/wp-content\/uploads\/2022\/05\/Kapitalis-big-size.png","contentUrl":"https:\/\/kapitalis.com\/tunisie\/wp-content\/uploads\/2022\/05\/Kapitalis-big-size.png","width":5000,"height":1500,"caption":"Kapitalis"},"image":{"@id":"https:\/\/kapitalis.com\/tunisie\/#\/schema\/logo\/image\/"},"sameAs":["https:\/\/www.facebook.com\/KapitalisInfo\/","https:\/\/x.com\/KapitalisInfo","https:\/\/www.youtube.com\/channel\/UC-yDYrHyfFBWWZaOw3FPg9Q"]},{"@type":"Person","@id":"https:\/\/kapitalis.com\/tunisie\/#\/schema\/person\/16627fc9b2fc0116230e88af071eebab","name":"Ridha Elkefi","url":"https:\/\/kapitalis.com\/tunisie\/author\/ridha-kefi\/"}]}},"_links":{"self":[{"href":"https:\/\/kapitalis.com\/tunisie\/wp-json\/wp\/v2\/posts\/4433","targetHints":{"allow":["GET"]}}],"collection":[{"href":"https:\/\/kapitalis.com\/tunisie\/wp-json\/wp\/v2\/posts"}],"about":[{"href":"https:\/\/kapitalis.com\/tunisie\/wp-json\/wp\/v2\/types\/post"}],"author":[{"embeddable":true,"href":"https:\/\/kapitalis.com\/tunisie\/wp-json\/wp\/v2\/users\/5"}],"replies":[{"embeddable":true,"href":"https:\/\/kapitalis.com\/tunisie\/wp-json\/wp\/v2\/comments?post=4433"}],"version-history":[{"count":0,"href":"https:\/\/kapitalis.com\/tunisie\/wp-json\/wp\/v2\/posts\/4433\/revisions"}],"wp:featuredmedia":[{"embeddable":true,"href":"https:\/\/kapitalis.com\/tunisie\/wp-json\/wp\/v2\/media\/4434"}],"wp:attachment":[{"href":"https:\/\/kapitalis.com\/tunisie\/wp-json\/wp\/v2\/media?parent=4433"}],"wp:term":[{"taxonomy":"category","embeddable":true,"href":"https:\/\/kapitalis.com\/tunisie\/wp-json\/wp\/v2\/categories?post=4433"},{"taxonomy":"post_tag","embeddable":true,"href":"https:\/\/kapitalis.com\/tunisie\/wp-json\/wp\/v2\/tags?post=4433"}],"curies":[{"name":"wp","href":"https:\/\/api.w.org\/{rel}","templated":true}]}}