{"id":4434648,"date":"2022-10-06T13:16:46","date_gmt":"2022-10-06T12:16:46","guid":{"rendered":"https:\/\/kapitalis.com\/tunisie\/?p=4434648"},"modified":"2022-10-06T13:16:47","modified_gmt":"2022-10-06T12:16:47","slug":"tunisie-legislatives-la-dynamique-feministe-independante-organise-un-sit-in-devant-le-siege-de-lisie","status":"publish","type":"post","link":"https:\/\/kapitalis.com\/tunisie\/2022\/10\/06\/tunisie-legislatives-la-dynamique-feministe-independante-organise-un-sit-in-devant-le-siege-de-lisie\/","title":{"rendered":"Tunisie &#8211; L\u00e9gislatives : La Dynamique f\u00e9ministe ind\u00e9pendante organise un sit-in devant le si\u00e8ge de l&rsquo;Isie"},"content":{"rendered":"\n<p><strong><em>Les associations de la Dynamique f\u00e9ministe ind\u00e9pendante observera, demain, vendredi 7 octobre 2022 \u00e0 12h, un sit-in devant le si\u00e8ge de l\u2019Instance sup\u00e9rieure ind\u00e9pendante pour les \u00e9lections (Isie). Le but \u00e9tant de d\u00e9fendre \u00abla citoyennet\u00e9, la dignit\u00e9 et les droits acquis des femmes tunisiennes\u00bb, lesquels sont menac\u00e9s par la nouvelle loi \u00e9lectorale, selon les associations en question.<\/em><\/strong><\/p>\n\n\n\n<!--more-->\n\n\n\n<p>La Dynamique f\u00e9ministe a, par ailleurs, assur\u00e9 qu&rsquo;elle n&rsquo;accepte pas que les femmes tunisiennes soient \u00ab<em>de simples marraines<\/em>\u00bb lors des prochaines l\u00e9gislatives, pr\u00e9vues pour le 17 d\u00e9cembre prochain, estimant que la nouvelle loi \u00e9lectorale favorisera la participation des hommes, et en particulier ceux qui sont riches et de haut rang social.<\/p>\n\n\n\n<p>Le groupe d&rsquo;association revendique essentiellement le retrait du d\u00e9cret pr\u00e9sidentiel n\u00b055, datant du 15 septembre 2022).<\/p>\n\n\n\n<p>Pour rappel, la Dynamique f\u00e9ministe ind\u00e9pendante est compos\u00e9e des associations suivantes : <br>&#8211; L\u2019Association tunisienne des femmes d\u00e9mocrates,<br>&#8211; Aswat Nissaa,<br>&#8211; L\u2019Association des femmes tunisiennes pour la recherche sur le d\u00e9veloppement,<br>&#8211; Baity,<br>&#8211; Calam,<br>&#8211; Femme et Citoyennet\u00e9,<br>&#8211; Le Groupe Tawhida Ben Cheikh,<br>&#8211; Joussour du Kef,<br>&#8211; Amal pour la famille et l\u2019enfant.<\/p>\n\n\n\n<p class=\"has-text-align-right\"><strong>C. B. Y.<\/strong><\/p>\n","protected":false},"excerpt":{"rendered":"<p>Les associations de la Dynamique f\u00e9ministe ind\u00e9pendante observera, demain, vendredi 7 octobre 2022 \u00e0 12h, un sit-in devant le si\u00e8ge de l\u2019Instance sup\u00e9rieure ind\u00e9pendante pour les \u00e9lections (Isie). Le but \u00e9tant de d\u00e9fendre \u00abla citoyennet\u00e9, la dignit\u00e9 et les droits acquis des femmes tunisiennes\u00bb, lesquels sont menac\u00e9s par la nouvelle loi \u00e9lectorale, selon les associations&#8230;<\/p>\n","protected":false},"author":24,"featured_media":4435016,"comment_status":"open","ping_status":"open","sticky":false,"template":"","format":"standard","meta":{"footnotes":""},"categories":[997,2433],"tags":[103450,103451,43626,62643],"class_list":["post-4434648","post","type-post","status-publish","format-standard","has-post-thumbnail","hentry","category-politique","category-tunisie","tag-dynamique-feministe-independante","tag-legislatives-2022","tag-loi-electorale","tag-tunisie"],"yoast_head":"<!-- This site is optimized with the Yoast SEO plugin v26.6 - https:\/\/yoast.com\/wordpress\/plugins\/seo\/ -->\n<title>Tunisie - L\u00e9gislatives : La Dynamique f\u00e9ministe ind\u00e9pendante organise un sit-in devant le si\u00e8ge de l&#039;Isie - Kapitalis<\/title>\n<meta name=\"robots\" content=\"index, follow, max-snippet:-1, max-image-preview:large, max-video-preview:-1\" \/>\n<link rel=\"canonical\" href=\"https:\/\/kapitalis.com\/tunisie\/2022\/10\/06\/tunisie-legislatives-la-dynamique-feministe-independante-organise-un-sit-in-devant-le-siege-de-lisie\/\" \/>\n<meta property=\"og:locale\" content=\"fr_FR\" \/>\n<meta property=\"og:type\" content=\"article\" \/>\n<meta property=\"og:title\" content=\"Tunisie - L\u00e9gislatives : La Dynamique f\u00e9ministe ind\u00e9pendante organise un sit-in devant le si\u00e8ge de l&#039;Isie - Kapitalis\" \/>\n<meta property=\"og:description\" content=\"Les associations de la Dynamique f\u00e9ministe ind\u00e9pendante observera, demain, vendredi 7 octobre 2022 \u00e0 12h, un sit-in devant le si\u00e8ge de l\u2019Instance sup\u00e9rieure ind\u00e9pendante pour les \u00e9lections (Isie). Le but \u00e9tant de d\u00e9fendre \u00abla citoyennet\u00e9, la dignit\u00e9 et les droits acquis des femmes tunisiennes\u00bb, lesquels sont menac\u00e9s par la nouvelle loi \u00e9lectorale, selon les associations...\" \/>\n<meta property=\"og:url\" content=\"https:\/\/kapitalis.com\/tunisie\/2022\/10\/06\/tunisie-legislatives-la-dynamique-feministe-independante-organise-un-sit-in-devant-le-siege-de-lisie\/\" \/>\n<meta property=\"og:site_name\" content=\"Kapitalis\" \/>\n<meta property=\"article:publisher\" content=\"https:\/\/www.facebook.com\/KapitalisInfo\/\" \/>\n<meta property=\"article:published_time\" content=\"2022-10-06T12:16:46+00:00\" \/>\n<meta property=\"article:modified_time\" content=\"2022-10-06T12:16:47+00:00\" \/>\n<meta property=\"og:image\" content=\"https:\/\/kapitalis.com\/tunisie\/wp-content\/uploads\/2022\/10\/femme-manifeste.jpg\" \/>\n\t<meta property=\"og:image:width\" content=\"1200\" \/>\n\t<meta property=\"og:image:height\" content=\"630\" \/>\n\t<meta property=\"og:image:type\" content=\"image\/jpeg\" \/>\n<meta name=\"author\" content=\"Cherif Benyounes\" \/>\n<meta name=\"twitter:card\" content=\"summary_large_image\" \/>\n<meta name=\"twitter:creator\" content=\"@KapitalisInfo\" \/>\n<meta name=\"twitter:site\" content=\"@KapitalisInfo\" \/>\n<meta name=\"twitter:label1\" content=\"\u00c9crit par\" \/>\n\t<meta name=\"twitter:data1\" content=\"Cherif Benyounes\" \/>\n\t<meta name=\"twitter:label2\" content=\"Dur\u00e9e de lecture estim\u00e9e\" \/>\n\t<meta name=\"twitter:data2\" content=\"1 minute\" \/>\n<script type=\"application\/ld+json\" class=\"yoast-schema-graph\">{\"@context\":\"https:\/\/schema.org\",\"@graph\":[{\"@type\":\"Article\",\"@id\":\"https:\/\/kapitalis.com\/tunisie\/2022\/10\/06\/tunisie-legislatives-la-dynamique-feministe-independante-organise-un-sit-in-devant-le-siege-de-lisie\/#article\",\"isPartOf\":{\"@id\":\"https:\/\/kapitalis.com\/tunisie\/2022\/10\/06\/tunisie-legislatives-la-dynamique-feministe-independante-organise-un-sit-in-devant-le-siege-de-lisie\/\"},\"author\":{\"name\":\"Cherif Benyounes\",\"@id\":\"https:\/\/kapitalis.com\/tunisie\/#\/schema\/person\/b35b8d631961131107263178aeb8019e\"},\"headline\":\"Tunisie &#8211; L\u00e9gislatives : La Dynamique f\u00e9ministe ind\u00e9pendante organise un sit-in devant le si\u00e8ge de l&rsquo;Isie\",\"datePublished\":\"2022-10-06T12:16:46+00:00\",\"dateModified\":\"2022-10-06T12:16:47+00:00\",\"mainEntityOfPage\":{\"@id\":\"https:\/\/kapitalis.com\/tunisie\/2022\/10\/06\/tunisie-legislatives-la-dynamique-feministe-independante-organise-un-sit-in-devant-le-siege-de-lisie\/\"},\"wordCount\":218,\"commentCount\":0,\"publisher\":{\"@id\":\"https:\/\/kapitalis.com\/tunisie\/#organization\"},\"image\":{\"@id\":\"https:\/\/kapitalis.com\/tunisie\/2022\/10\/06\/tunisie-legislatives-la-dynamique-feministe-independante-organise-un-sit-in-devant-le-siege-de-lisie\/#primaryimage\"},\"thumbnailUrl\":\"https:\/\/kapitalis.com\/tunisie\/wp-content\/uploads\/2022\/10\/femme-manifeste.jpg\",\"keywords\":[\"Dynamique f\u00e9ministe ind\u00e9pendante\",\"L\u00e9gislatives 2022\",\"loi \u00e9lectorale\",\"Tunisie\"],\"articleSection\":[\"POLITIQUE\",\"Tunisie\"],\"inLanguage\":\"fr-FR\",\"potentialAction\":[{\"@type\":\"CommentAction\",\"name\":\"Comment\",\"target\":[\"https:\/\/kapitalis.com\/tunisie\/2022\/10\/06\/tunisie-legislatives-la-dynamique-feministe-independante-organise-un-sit-in-devant-le-siege-de-lisie\/#respond\"]}]},{\"@type\":\"WebPage\",\"@id\":\"https:\/\/kapitalis.com\/tunisie\/2022\/10\/06\/tunisie-legislatives-la-dynamique-feministe-independante-organise-un-sit-in-devant-le-siege-de-lisie\/\",\"url\":\"https:\/\/kapitalis.com\/tunisie\/2022\/10\/06\/tunisie-legislatives-la-dynamique-feministe-independante-organise-un-sit-in-devant-le-siege-de-lisie\/\",\"name\":\"Tunisie - L\u00e9gislatives : La Dynamique f\u00e9ministe ind\u00e9pendante organise un sit-in devant le si\u00e8ge de l'Isie - Kapitalis\",\"isPartOf\":{\"@id\":\"https:\/\/kapitalis.com\/tunisie\/#website\"},\"primaryImageOfPage\":{\"@id\":\"https:\/\/kapitalis.com\/tunisie\/2022\/10\/06\/tunisie-legislatives-la-dynamique-feministe-independante-organise-un-sit-in-devant-le-siege-de-lisie\/#primaryimage\"},\"image\":{\"@id\":\"https:\/\/kapitalis.com\/tunisie\/2022\/10\/06\/tunisie-legislatives-la-dynamique-feministe-independante-organise-un-sit-in-devant-le-siege-de-lisie\/#primaryimage\"},\"thumbnailUrl\":\"https:\/\/kapitalis.com\/tunisie\/wp-content\/uploads\/2022\/10\/femme-manifeste.jpg\",\"datePublished\":\"2022-10-06T12:16:46+00:00\",\"dateModified\":\"2022-10-06T12:16:47+00:00\",\"breadcrumb\":{\"@id\":\"https:\/\/kapitalis.com\/tunisie\/2022\/10\/06\/tunisie-legislatives-la-dynamique-feministe-independante-organise-un-sit-in-devant-le-siege-de-lisie\/#breadcrumb\"},\"inLanguage\":\"fr-FR\",\"potentialAction\":[{\"@type\":\"ReadAction\",\"target\":[\"https:\/\/kapitalis.com\/tunisie\/2022\/10\/06\/tunisie-legislatives-la-dynamique-feministe-independante-organise-un-sit-in-devant-le-siege-de-lisie\/\"]}]},{\"@type\":\"ImageObject\",\"inLanguage\":\"fr-FR\",\"@id\":\"https:\/\/kapitalis.com\/tunisie\/2022\/10\/06\/tunisie-legislatives-la-dynamique-feministe-independante-organise-un-sit-in-devant-le-siege-de-lisie\/#primaryimage\",\"url\":\"https:\/\/kapitalis.com\/tunisie\/wp-content\/uploads\/2022\/10\/femme-manifeste.jpg\",\"contentUrl\":\"https:\/\/kapitalis.com\/tunisie\/wp-content\/uploads\/2022\/10\/femme-manifeste.jpg\",\"width\":1200,\"height\":630},{\"@type\":\"BreadcrumbList\",\"@id\":\"https:\/\/kapitalis.com\/tunisie\/2022\/10\/06\/tunisie-legislatives-la-dynamique-feministe-independante-organise-un-sit-in-devant-le-siege-de-lisie\/#breadcrumb\",\"itemListElement\":[{\"@type\":\"ListItem\",\"position\":1,\"name\":\"Accueil\",\"item\":\"https:\/\/kapitalis.com\/tunisie\/\"},{\"@type\":\"ListItem\",\"position\":2,\"name\":\"Tunisie &#8211; L\u00e9gislatives : La Dynamique f\u00e9ministe ind\u00e9pendante organise un sit-in devant le si\u00e8ge de l&rsquo;Isie\"}]},{\"@type\":\"WebSite\",\"@id\":\"https:\/\/kapitalis.com\/tunisie\/#website\",\"url\":\"https:\/\/kapitalis.com\/tunisie\/\",\"name\":\"Kapitalis\",\"description\":\"L&#039;actualit\u00e9 en Tunisie et dans le monde\",\"publisher\":{\"@id\":\"https:\/\/kapitalis.com\/tunisie\/#organization\"},\"potentialAction\":[{\"@type\":\"SearchAction\",\"target\":{\"@type\":\"EntryPoint\",\"urlTemplate\":\"https:\/\/kapitalis.com\/tunisie\/?s={search_term_string}\"},\"query-input\":{\"@type\":\"PropertyValueSpecification\",\"valueRequired\":true,\"valueName\":\"search_term_string\"}}],\"inLanguage\":\"fr-FR\"},{\"@type\":\"Organization\",\"@id\":\"https:\/\/kapitalis.com\/tunisie\/#organization\",\"name\":\"Kapitalis\",\"url\":\"https:\/\/kapitalis.com\/tunisie\/\",\"logo\":{\"@type\":\"ImageObject\",\"inLanguage\":\"fr-FR\",\"@id\":\"https:\/\/kapitalis.com\/tunisie\/#\/schema\/logo\/image\/\",\"url\":\"https:\/\/kapitalis.com\/tunisie\/wp-content\/uploads\/2022\/05\/Kapitalis-big-size.png\",\"contentUrl\":\"https:\/\/kapitalis.com\/tunisie\/wp-content\/uploads\/2022\/05\/Kapitalis-big-size.png\",\"width\":5000,\"height\":1500,\"caption\":\"Kapitalis\"},\"image\":{\"@id\":\"https:\/\/kapitalis.com\/tunisie\/#\/schema\/logo\/image\/\"},\"sameAs\":[\"https:\/\/www.facebook.com\/KapitalisInfo\/\",\"https:\/\/x.com\/KapitalisInfo\",\"https:\/\/www.youtube.com\/channel\/UC-yDYrHyfFBWWZaOw3FPg9Q\"]},{\"@type\":\"Person\",\"@id\":\"https:\/\/kapitalis.com\/tunisie\/#\/schema\/person\/b35b8d631961131107263178aeb8019e\",\"name\":\"Cherif Benyounes\",\"url\":\"https:\/\/kapitalis.com\/tunisie\/author\/cherif\/\"}]}<\/script>\n<!-- \/ Yoast SEO plugin. -->","yoast_head_json":{"title":"Tunisie - L\u00e9gislatives : La Dynamique f\u00e9ministe ind\u00e9pendante organise un sit-in devant le si\u00e8ge de l'Isie - Kapitalis","robots":{"index":"index","follow":"follow","max-snippet":"max-snippet:-1","max-image-preview":"max-image-preview:large","max-video-preview":"max-video-preview:-1"},"canonical":"https:\/\/kapitalis.com\/tunisie\/2022\/10\/06\/tunisie-legislatives-la-dynamique-feministe-independante-organise-un-sit-in-devant-le-siege-de-lisie\/","og_locale":"fr_FR","og_type":"article","og_title":"Tunisie - L\u00e9gislatives : La Dynamique f\u00e9ministe ind\u00e9pendante organise un sit-in devant le si\u00e8ge de l'Isie - Kapitalis","og_description":"Les associations de la Dynamique f\u00e9ministe ind\u00e9pendante observera, demain, vendredi 7 octobre 2022 \u00e0 12h, un sit-in devant le si\u00e8ge de l\u2019Instance sup\u00e9rieure ind\u00e9pendante pour les \u00e9lections (Isie). Le but \u00e9tant de d\u00e9fendre \u00abla citoyennet\u00e9, la dignit\u00e9 et les droits acquis des femmes tunisiennes\u00bb, lesquels sont menac\u00e9s par la nouvelle loi \u00e9lectorale, selon les associations...","og_url":"https:\/\/kapitalis.com\/tunisie\/2022\/10\/06\/tunisie-legislatives-la-dynamique-feministe-independante-organise-un-sit-in-devant-le-siege-de-lisie\/","og_site_name":"Kapitalis","article_publisher":"https:\/\/www.facebook.com\/KapitalisInfo\/","article_published_time":"2022-10-06T12:16:46+00:00","article_modified_time":"2022-10-06T12:16:47+00:00","og_image":[{"width":1200,"height":630,"url":"https:\/\/kapitalis.com\/tunisie\/wp-content\/uploads\/2022\/10\/femme-manifeste.jpg","type":"image\/jpeg"}],"author":"Cherif Benyounes","twitter_card":"summary_large_image","twitter_creator":"@KapitalisInfo","twitter_site":"@KapitalisInfo","twitter_misc":{"\u00c9crit par":"Cherif Benyounes","Dur\u00e9e de lecture estim\u00e9e":"1 minute"},"schema":{"@context":"https:\/\/schema.org","@graph":[{"@type":"Article","@id":"https:\/\/kapitalis.com\/tunisie\/2022\/10\/06\/tunisie-legislatives-la-dynamique-feministe-independante-organise-un-sit-in-devant-le-siege-de-lisie\/#article","isPartOf":{"@id":"https:\/\/kapitalis.com\/tunisie\/2022\/10\/06\/tunisie-legislatives-la-dynamique-feministe-independante-organise-un-sit-in-devant-le-siege-de-lisie\/"},"author":{"name":"Cherif Benyounes","@id":"https:\/\/kapitalis.com\/tunisie\/#\/schema\/person\/b35b8d631961131107263178aeb8019e"},"headline":"Tunisie &#8211; L\u00e9gislatives : La Dynamique f\u00e9ministe ind\u00e9pendante organise un sit-in devant le si\u00e8ge de l&rsquo;Isie","datePublished":"2022-10-06T12:16:46+00:00","dateModified":"2022-10-06T12:16:47+00:00","mainEntityOfPage":{"@id":"https:\/\/kapitalis.com\/tunisie\/2022\/10\/06\/tunisie-legislatives-la-dynamique-feministe-independante-organise-un-sit-in-devant-le-siege-de-lisie\/"},"wordCount":218,"commentCount":0,"publisher":{"@id":"https:\/\/kapitalis.com\/tunisie\/#organization"},"image":{"@id":"https:\/\/kapitalis.com\/tunisie\/2022\/10\/06\/tunisie-legislatives-la-dynamique-feministe-independante-organise-un-sit-in-devant-le-siege-de-lisie\/#primaryimage"},"thumbnailUrl":"https:\/\/kapitalis.com\/tunisie\/wp-content\/uploads\/2022\/10\/femme-manifeste.jpg","keywords":["Dynamique f\u00e9ministe ind\u00e9pendante","L\u00e9gislatives 2022","loi \u00e9lectorale","Tunisie"],"articleSection":["POLITIQUE","Tunisie"],"inLanguage":"fr-FR","potentialAction":[{"@type":"CommentAction","name":"Comment","target":["https:\/\/kapitalis.com\/tunisie\/2022\/10\/06\/tunisie-legislatives-la-dynamique-feministe-independante-organise-un-sit-in-devant-le-siege-de-lisie\/#respond"]}]},{"@type":"WebPage","@id":"https:\/\/kapitalis.com\/tunisie\/2022\/10\/06\/tunisie-legislatives-la-dynamique-feministe-independante-organise-un-sit-in-devant-le-siege-de-lisie\/","url":"https:\/\/kapitalis.com\/tunisie\/2022\/10\/06\/tunisie-legislatives-la-dynamique-feministe-independante-organise-un-sit-in-devant-le-siege-de-lisie\/","name":"Tunisie - L\u00e9gislatives : La Dynamique f\u00e9ministe ind\u00e9pendante organise un sit-in devant le si\u00e8ge de l'Isie - Kapitalis","isPartOf":{"@id":"https:\/\/kapitalis.com\/tunisie\/#website"},"primaryImageOfPage":{"@id":"https:\/\/kapitalis.com\/tunisie\/2022\/10\/06\/tunisie-legislatives-la-dynamique-feministe-independante-organise-un-sit-in-devant-le-siege-de-lisie\/#primaryimage"},"image":{"@id":"https:\/\/kapitalis.com\/tunisie\/2022\/10\/06\/tunisie-legislatives-la-dynamique-feministe-independante-organise-un-sit-in-devant-le-siege-de-lisie\/#primaryimage"},"thumbnailUrl":"https:\/\/kapitalis.com\/tunisie\/wp-content\/uploads\/2022\/10\/femme-manifeste.jpg","datePublished":"2022-10-06T12:16:46+00:00","dateModified":"2022-10-06T12:16:47+00:00","breadcrumb":{"@id":"https:\/\/kapitalis.com\/tunisie\/2022\/10\/06\/tunisie-legislatives-la-dynamique-feministe-independante-organise-un-sit-in-devant-le-siege-de-lisie\/#breadcrumb"},"inLanguage":"fr-FR","potentialAction":[{"@type":"ReadAction","target":["https:\/\/kapitalis.com\/tunisie\/2022\/10\/06\/tunisie-legislatives-la-dynamique-feministe-independante-organise-un-sit-in-devant-le-siege-de-lisie\/"]}]},{"@type":"ImageObject","inLanguage":"fr-FR","@id":"https:\/\/kapitalis.com\/tunisie\/2022\/10\/06\/tunisie-legislatives-la-dynamique-feministe-independante-organise-un-sit-in-devant-le-siege-de-lisie\/#primaryimage","url":"https:\/\/kapitalis.com\/tunisie\/wp-content\/uploads\/2022\/10\/femme-manifeste.jpg","contentUrl":"https:\/\/kapitalis.com\/tunisie\/wp-content\/uploads\/2022\/10\/femme-manifeste.jpg","width":1200,"height":630},{"@type":"BreadcrumbList","@id":"https:\/\/kapitalis.com\/tunisie\/2022\/10\/06\/tunisie-legislatives-la-dynamique-feministe-independante-organise-un-sit-in-devant-le-siege-de-lisie\/#breadcrumb","itemListElement":[{"@type":"ListItem","position":1,"name":"Accueil","item":"https:\/\/kapitalis.com\/tunisie\/"},{"@type":"ListItem","position":2,"name":"Tunisie &#8211; L\u00e9gislatives : La Dynamique f\u00e9ministe ind\u00e9pendante organise un sit-in devant le si\u00e8ge de l&rsquo;Isie"}]},{"@type":"WebSite","@id":"https:\/\/kapitalis.com\/tunisie\/#website","url":"https:\/\/kapitalis.com\/tunisie\/","name":"Kapitalis","description":"L&#039;actualit\u00e9 en Tunisie et dans le monde","publisher":{"@id":"https:\/\/kapitalis.com\/tunisie\/#organization"},"potentialAction":[{"@type":"SearchAction","target":{"@type":"EntryPoint","urlTemplate":"https:\/\/kapitalis.com\/tunisie\/?s={search_term_string}"},"query-input":{"@type":"PropertyValueSpecification","valueRequired":true,"valueName":"search_term_string"}}],"inLanguage":"fr-FR"},{"@type":"Organization","@id":"https:\/\/kapitalis.com\/tunisie\/#organization","name":"Kapitalis","url":"https:\/\/kapitalis.com\/tunisie\/","logo":{"@type":"ImageObject","inLanguage":"fr-FR","@id":"https:\/\/kapitalis.com\/tunisie\/#\/schema\/logo\/image\/","url":"https:\/\/kapitalis.com\/tunisie\/wp-content\/uploads\/2022\/05\/Kapitalis-big-size.png","contentUrl":"https:\/\/kapitalis.com\/tunisie\/wp-content\/uploads\/2022\/05\/Kapitalis-big-size.png","width":5000,"height":1500,"caption":"Kapitalis"},"image":{"@id":"https:\/\/kapitalis.com\/tunisie\/#\/schema\/logo\/image\/"},"sameAs":["https:\/\/www.facebook.com\/KapitalisInfo\/","https:\/\/x.com\/KapitalisInfo","https:\/\/www.youtube.com\/channel\/UC-yDYrHyfFBWWZaOw3FPg9Q"]},{"@type":"Person","@id":"https:\/\/kapitalis.com\/tunisie\/#\/schema\/person\/b35b8d631961131107263178aeb8019e","name":"Cherif Benyounes","url":"https:\/\/kapitalis.com\/tunisie\/author\/cherif\/"}]}},"_links":{"self":[{"href":"https:\/\/kapitalis.com\/tunisie\/wp-json\/wp\/v2\/posts\/4434648","targetHints":{"allow":["GET"]}}],"collection":[{"href":"https:\/\/kapitalis.com\/tunisie\/wp-json\/wp\/v2\/posts"}],"about":[{"href":"https:\/\/kapitalis.com\/tunisie\/wp-json\/wp\/v2\/types\/post"}],"author":[{"embeddable":true,"href":"https:\/\/kapitalis.com\/tunisie\/wp-json\/wp\/v2\/users\/24"}],"replies":[{"embeddable":true,"href":"https:\/\/kapitalis.com\/tunisie\/wp-json\/wp\/v2\/comments?post=4434648"}],"version-history":[{"count":0,"href":"https:\/\/kapitalis.com\/tunisie\/wp-json\/wp\/v2\/posts\/4434648\/revisions"}],"wp:featuredmedia":[{"embeddable":true,"href":"https:\/\/kapitalis.com\/tunisie\/wp-json\/wp\/v2\/media\/4435016"}],"wp:attachment":[{"href":"https:\/\/kapitalis.com\/tunisie\/wp-json\/wp\/v2\/media?parent=4434648"}],"wp:term":[{"taxonomy":"category","embeddable":true,"href":"https:\/\/kapitalis.com\/tunisie\/wp-json\/wp\/v2\/categories?post=4434648"},{"taxonomy":"post_tag","embeddable":true,"href":"https:\/\/kapitalis.com\/tunisie\/wp-json\/wp\/v2\/tags?post=4434648"}],"curies":[{"name":"wp","href":"https:\/\/api.w.org\/{rel}","templated":true}]}}