{"id":4444233,"date":"2022-10-07T13:55:51","date_gmt":"2022-10-07T12:55:51","guid":{"rendered":"https:\/\/kapitalis.com\/tunisie\/?p=4444233"},"modified":"2022-10-08T07:39:53","modified_gmt":"2022-10-08T06:39:53","slug":"la-tunisie-otage-du-tandem-ghannouchi-saied","status":"publish","type":"post","link":"https:\/\/kapitalis.com\/tunisie\/2022\/10\/07\/la-tunisie-otage-du-tandem-ghannouchi-saied\/","title":{"rendered":"La Tunisie, otage du tandem Ghannouchi &#8211; Sa\u00efed"},"content":{"rendered":"\n<p><strong><em>Le drame de la Tunisie aujourd\u2019hui, qui plonge jour apr\u00e8s jour dans une crise sans fond, c\u2019est qu\u2019elle est prise en otage par deux hommes du pass\u00e9 et du passif, Rached Ghannouchi et Ka\u00efs Sa\u00efed, qui rivalisent de mauvaise foi, de populisme et de perversit\u00e9 intellectuelle. En fait ils coexistent par la menace que constituent l\u2019un et l\u2019autre aux yeux de leurs partisans respectifs. Leur suppos\u00e9e adversit\u00e9 est, en r\u00e9alit\u00e9, une fiction bien entretenue.<\/em><\/strong><\/p>\n\n\n\n<p>Par <strong>Ridha K\u00e9fi<\/strong><\/p>\n\n\n\n<!--more-->\n\n\n<div class=\"wp-block-image\">\n<figure class=\"alignleft size-full\"><img decoding=\"async\" src=\"http:\/\/kapitalis.com\/tunisie\/wp-content\/uploads\/2019\/03\/Ridha-Kefi.jpg\" alt=\"\" class=\"wp-image-203122\"\/><\/figure>\n<\/div>\n\n\n<p>En effet, le pr\u00e9sident d\u2019Ennahdha, qui \u00e9tait fortement contest\u00e9 au sein de son propre parti, a&nbsp; pu reprendre du service et se remettre en selle d\u00e8s le jour o\u00f9 le pr\u00e9sident de la r\u00e9publique Ka\u00efs Sa\u00efed l\u2019a mis dans le collimateur, en proclamant les dispositions exceptionnelles, le 25 juillet 2021, lesquelles se sont traduites notamment par le gel des travaux de l\u2019Assembl\u00e9e dont il faisait son fer de lance politique.&nbsp;<\/p>\n\n\n\n<p>A contrario, \u00e0 chaque fois que le pr\u00e9sident Sa\u00efed se trouvait dans une mauvaise posture, que son maigre bilan lui est reproch\u00e9 par ses opposants et que la situation g\u00e9n\u00e9rale dans le pays, sous sa conduite, se d\u00e9t\u00e9riorait gravement et faisait douter de l\u2019efficacit\u00e9 de sa gouvernance bavarde et inefficace, il suffit que Ghannouchi fasse une d\u00e9claration hostile au chef de l\u2019Etat pour propulser ce dernier en t\u00eate des sondages de popularit\u00e9.<\/p>\n\n\n\n<h2 class=\"wp-block-heading\">Deux adversaires qui se ressemblent beaucoup <\/h2>\n\n\n\n<p>Dire que Ghannouchi et Sa\u00efed, qui ont beaucoup d\u2019affinit\u00e9s id\u00e9ologiques et doctrinaires, puisqu\u2019ils s\u2019abreuvent tous deux aux sources de l\u2019islam politique, sont une sorte d\u2019<em>\u00abassurance-vie\u00bb<\/em> l\u2019un pour l\u2019autre n\u2019est pas la conclusion d\u2019une vague analyse politique mais un fait que nous v\u00e9rifions tous les jours, en suivant l\u2019actualit\u00e9 tunisienne.<\/p>\n\n\n\n<p>Ghannouchi et Sa\u00efed sont n\u00e9cessaires l\u2019un pour l\u2019autre et ils cesseraient sans doute d\u2019<em>\u00abexister\u00bb<\/em> tous les deux le jour o\u00f9 les Tunisiens, encore aveugl\u00e9s par la fausse inimiti\u00e9 qu\u2019ils affichent, retrouveront enfin la vue et comprendront que le malheur de leur pays r\u00e9side dans le fait qu\u2019ils ont mis leur destin entre les mains de ces deux hommes qui n\u2019auraient jamais d\u00fb conduire ce pays qui ne leur ressemble en rien.<\/p>\n\n\n\n<figure class=\"wp-block-embed is-type-wp-embed is-provider-kapitalis wp-block-embed-kapitalis\"><div class=\"wp-block-embed__wrapper\">\n<blockquote class=\"wp-embedded-content\" data-secret=\"r0GEVkN4cj\"><a href=\"https:\/\/kapitalis.com\/tunisie\/2022\/07\/20\/tunisie-rached-ghannouchi-kais-saied-meme-combat-darriere-garde\/\">Tunisie\u00a0: Rached Ghannouchi-Ka\u00efs Sa\u00efed, m\u00eame combat d\u2019arri\u00e8re-garde<\/a><\/blockquote><iframe loading=\"lazy\" class=\"wp-embedded-content\" sandbox=\"allow-scripts\" security=\"restricted\" style=\"position: absolute; clip: rect(1px, 1px, 1px, 1px);\" title=\"\u00ab\u00a0Tunisie\u00a0: Rached Ghannouchi-Ka\u00efs Sa\u00efed, m\u00eame combat d\u2019arri\u00e8re-garde\u00a0\u00bb &#8212; Kapitalis\" src=\"https:\/\/kapitalis.com\/tunisie\/2022\/07\/20\/tunisie-rached-ghannouchi-kais-saied-meme-combat-darriere-garde\/embed\/#?secret=wFl7DzVfjb#?secret=r0GEVkN4cj\" data-secret=\"r0GEVkN4cj\" width=\"600\" height=\"338\" frameborder=\"0\" marginwidth=\"0\" marginheight=\"0\" scrolling=\"no\"><\/iframe>\n<\/div><\/figure>\n\n\n\n<p>J\u2019\u00e9cris cela en relisant les propos de M. Ghannouchi dans l\u2019interview qu\u2019il a accord\u00e9e \u00e0 la cha\u00eene Al-Jazeera hier soir, jeudi 6 octobre 2022, qui, par leur superficialit\u00e9 et l\u2019hypocrisie qui les caract\u00e9rise, ne servent en r\u00e9alit\u00e9 qu\u2019\u00e0 redorer l\u2019image d\u2019un pr\u00e9sident dont beaucoup de Tunisiens d\u00e9couvrent enfin les limites et commencent \u00e0 s\u2019interroger s\u00e9rieusement sur ses capacit\u00e9s \u00e0 gouverner un pays qui lui \u00e9chappe totalement. Tout en affirmant qu\u2019il n\u2019a aucun probl\u00e8me avec le pr\u00e9sident Sa\u00efed (il ne croyait pas si bien dire), Ghannouchi a ajout\u00e9 que son seul probl\u00e8me avec le locataire du palais de Carthage c\u2019est avec <em>\u00absa politique de gouvernement unilat\u00e9ral<\/em> (ou personnel, Ndlr)<em>, que le peuple tunisien rejette\u00bb<\/em>.<\/p>\n\n\n\n<p>M. Ghannouchi voulait dire sans doute que si M. Sa\u00efed avait accept\u00e9 de l\u2019associer \u00e0 la gestion des affaires publiques, il l\u2019aurait sans doute soutenu, comme il avait soutenu ses pr\u00e9d\u00e9cesseurs, notamment Moncef Marzouki et B\u00e9ji Ca\u00efd Essebsi, qui avaient accept\u00e9 de se mettre sous sa coupe. Et cette perspective, on l\u2019imagine, constitue l\u2019horreur absolue pour beaucoup de Tunisiens et, surtout de Tunisiennes, qui d\u00e9testent le chef islamiste et redoutent son retour sur les devants de la sc\u00e8ne publique.<\/p>\n\n\n\n<h2 class=\"wp-block-heading\">Ghannouchi, Sa\u00efed, m\u00eame combat contre la d\u00e9mocratie &nbsp;<\/h2>\n\n\n\n<p>Il y a un autre passage de l\u2019interview avec Al-Jazeera qui peut constituer un morceau d\u2019anthologie, c\u2019est lorsqu\u2019il parle du <em>\u00abretard dans la mise en place de la Cour constitutionnelle\u00bb<\/em> qu\u2019il attribue \u00e0 M. Sa\u00efed. Ce dernier aurait, selon lui, \u00e9vit\u00e9 de mettre en place la Cour constitutionnelle <em>\u00abparce que cela aurait perturb\u00e9 son projet de coup d\u2019Etat\u00bb<\/em>, par allusion \u00e0 la proclamation des dispositions d\u2019exception, le 25 juillet 2021 et tout ce qui a suivi.<\/p>\n\n\n\n<figure class=\"wp-block-embed is-type-wp-embed is-provider-kapitalis wp-block-embed-kapitalis\"><div class=\"wp-block-embed__wrapper\">\n<blockquote class=\"wp-embedded-content\" data-secret=\"f6Bq9dDz0y\"><a href=\"https:\/\/kapitalis.com\/tunisie\/2022\/04\/03\/tunisie-kais-saied-va-t-il-vraiment-en-finir-avec-rached-ghannouchi\/\">Tunisie : Ka\u00efs Sa\u00efed va-t-il vraiment en finir avec Rached Ghannouchi ?<\/a><\/blockquote><iframe loading=\"lazy\" class=\"wp-embedded-content\" sandbox=\"allow-scripts\" security=\"restricted\" style=\"position: absolute; clip: rect(1px, 1px, 1px, 1px);\" title=\"\u00ab\u00a0Tunisie : Ka\u00efs Sa\u00efed va-t-il vraiment en finir avec Rached Ghannouchi ?\u00a0\u00bb &#8212; Kapitalis\" src=\"https:\/\/kapitalis.com\/tunisie\/2022\/04\/03\/tunisie-kais-saied-va-t-il-vraiment-en-finir-avec-rached-ghannouchi\/embed\/#?secret=7ydjU3cIkf#?secret=f6Bq9dDz0y\" data-secret=\"f6Bq9dDz0y\" width=\"600\" height=\"338\" frameborder=\"0\" marginwidth=\"0\" marginheight=\"0\" scrolling=\"no\"><\/iframe>\n<\/div><\/figure>\n\n\n\n<p>Cette analyse est certes juste et on y aurait volontiers souscris, car elle met le doigt sur les vell\u00e9it\u00e9s dictatoriales du pr\u00e9sident Sa\u00efed, sauf qu\u2019elle \u00e9mane d\u2019un homme qui, lorsque son parti dominait l\u2019Assembl\u00e9e, entre 2012 et 2019, a tout fait pour emp\u00eacher la mise en place de la Cour constitutionnelle, qui, en vertu de la constitution de 2014, aurait d\u00fb \u00eatre install\u00e9e d\u00e8s 2015. Aussi, dire aujourd\u2019hui que <em>\u00able retard dans la mise en place de la Cour constitutionnelle est dangereux\u00bb<\/em>, tout en s\u2019empressant de pr\u00e9ciser que <em>\u00able mouvement Ennahdha n\u2019en est pas le seul responsable, \u00e9tant donn\u00e9 qu\u2019il y avait une forte polarisation <\/em>(dans l\u2019assembl\u00e9e, Ndlr)<em> et que chaque parti essayait de faire \u00e9lire ses propres candidats au sein de cette instance<\/em>\u00bb, participe d\u2019une mauvaise foi \u00e9vidente.<\/p>\n\n\n\n<p>En fait, M. Ghannouchi reproche aujourd\u2019hui \u00e0 M. Sa\u00efed ses propres errements pass\u00e9s, et c\u2019est ainsi que les deux hommes se justifient r\u00e9ciproquement, a priori ou a posteriori, le dindon de cette farce \u00e9tant, hier comme aujourd\u2019hui, les Tunisiens qui continuent de se laisser berner par des dirigeants fourbes dont la seule motivation est d\u2019acc\u00e9der au pouvoir et de le garder.<\/p>\n","protected":false},"excerpt":{"rendered":"<p>Le drame de la Tunisie, c\u2019est qu\u2019elle est prise en otage par deux hommes du pass\u00e9, Rached Ghannouchi et Ka\u00efs Sa\u00efed.<\/p>\n","protected":false},"author":8,"featured_media":4444297,"comment_status":"open","ping_status":"open","sticky":false,"template":"","format":"standard","meta":{"footnotes":""},"categories":[992,997,2433],"tags":[1108,7476,49543,12351,76012,634,758,84371,62643],"class_list":["post-4444233","post","type-post","status-publish","format-standard","has-post-thumbnail","hentry","category-a-la-une","category-politique","category-tunisie","tag-beji-caid-essebsi","tag-cour-constitutionnelle","tag-ennahdha","tag-islam-politique","tag-kais-saied-2","tag-moncef-marzouki","tag-rached-ghannouchi","tag-ridha-kefi","tag-tunisie"],"yoast_head":"<!-- This site is optimized with the Yoast SEO plugin v26.6 - https:\/\/yoast.com\/wordpress\/plugins\/seo\/ -->\n<title>La Tunisie, otage du tandem Ghannouchi - Sa\u00efed - Kapitalis<\/title>\n<meta name=\"robots\" content=\"index, follow, max-snippet:-1, max-image-preview:large, max-video-preview:-1\" \/>\n<link rel=\"canonical\" href=\"https:\/\/kapitalis.com\/tunisie\/2022\/10\/07\/la-tunisie-otage-du-tandem-ghannouchi-saied\/\" \/>\n<meta property=\"og:locale\" content=\"fr_FR\" \/>\n<meta property=\"og:type\" content=\"article\" \/>\n<meta property=\"og:title\" content=\"La Tunisie, otage du tandem Ghannouchi - Sa\u00efed - Kapitalis\" \/>\n<meta property=\"og:description\" content=\"Le drame de la Tunisie, c\u2019est qu\u2019elle est prise en otage par deux hommes du pass\u00e9, Rached Ghannouchi et Ka\u00efs Sa\u00efed.\" \/>\n<meta property=\"og:url\" content=\"https:\/\/kapitalis.com\/tunisie\/2022\/10\/07\/la-tunisie-otage-du-tandem-ghannouchi-saied\/\" \/>\n<meta property=\"og:site_name\" content=\"Kapitalis\" \/>\n<meta property=\"article:publisher\" content=\"https:\/\/www.facebook.com\/KapitalisInfo\/\" \/>\n<meta property=\"article:published_time\" content=\"2022-10-07T12:55:51+00:00\" \/>\n<meta property=\"article:modified_time\" content=\"2022-10-08T06:39:53+00:00\" \/>\n<meta property=\"og:image\" content=\"https:\/\/kapitalis.com\/tunisie\/wp-content\/uploads\/2022\/10\/Rached-Ghannouchi-Kais-Saied.jpg\" \/>\n\t<meta property=\"og:image:width\" content=\"1200\" \/>\n\t<meta property=\"og:image:height\" content=\"630\" \/>\n\t<meta property=\"og:image:type\" content=\"image\/jpeg\" \/>\n<meta name=\"author\" content=\"webmaster kapitalis\" \/>\n<meta name=\"twitter:card\" content=\"summary_large_image\" \/>\n<meta name=\"twitter:creator\" content=\"@KapitalisInfo\" \/>\n<meta name=\"twitter:site\" content=\"@KapitalisInfo\" \/>\n<meta name=\"twitter:label1\" content=\"\u00c9crit par\" \/>\n\t<meta name=\"twitter:data1\" content=\"webmaster kapitalis\" \/>\n\t<meta name=\"twitter:label2\" content=\"Dur\u00e9e de lecture estim\u00e9e\" \/>\n\t<meta name=\"twitter:data2\" content=\"5 minutes\" \/>\n<script type=\"application\/ld+json\" class=\"yoast-schema-graph\">{\"@context\":\"https:\/\/schema.org\",\"@graph\":[{\"@type\":\"Article\",\"@id\":\"https:\/\/kapitalis.com\/tunisie\/2022\/10\/07\/la-tunisie-otage-du-tandem-ghannouchi-saied\/#article\",\"isPartOf\":{\"@id\":\"https:\/\/kapitalis.com\/tunisie\/2022\/10\/07\/la-tunisie-otage-du-tandem-ghannouchi-saied\/\"},\"author\":{\"name\":\"webmaster kapitalis\",\"@id\":\"https:\/\/kapitalis.com\/tunisie\/#\/schema\/person\/d71f33a9ca44f7bad4698210b480c8e9\"},\"headline\":\"La Tunisie, otage du tandem Ghannouchi &#8211; Sa\u00efed\",\"datePublished\":\"2022-10-07T12:55:51+00:00\",\"dateModified\":\"2022-10-08T06:39:53+00:00\",\"mainEntityOfPage\":{\"@id\":\"https:\/\/kapitalis.com\/tunisie\/2022\/10\/07\/la-tunisie-otage-du-tandem-ghannouchi-saied\/\"},\"wordCount\":941,\"commentCount\":4,\"publisher\":{\"@id\":\"https:\/\/kapitalis.com\/tunisie\/#organization\"},\"image\":{\"@id\":\"https:\/\/kapitalis.com\/tunisie\/2022\/10\/07\/la-tunisie-otage-du-tandem-ghannouchi-saied\/#primaryimage\"},\"thumbnailUrl\":\"https:\/\/kapitalis.com\/tunisie\/wp-content\/uploads\/2022\/10\/Rached-Ghannouchi-Kais-Saied.jpg\",\"keywords\":[\"B\u00e9ji Ca\u00efd Essebsi\",\"Cour constitutionnelle\",\"Ennahdha\",\"islam politique\",\"Ka\u00efs Sa\u00efed\",\"Moncef Marzouki\",\"Rached Ghannouchi\",\"Ridha Kefi\",\"Tunisie\"],\"articleSection\":[\"A LA UNE\",\"POLITIQUE\",\"Tunisie\"],\"inLanguage\":\"fr-FR\",\"potentialAction\":[{\"@type\":\"CommentAction\",\"name\":\"Comment\",\"target\":[\"https:\/\/kapitalis.com\/tunisie\/2022\/10\/07\/la-tunisie-otage-du-tandem-ghannouchi-saied\/#respond\"]}]},{\"@type\":\"WebPage\",\"@id\":\"https:\/\/kapitalis.com\/tunisie\/2022\/10\/07\/la-tunisie-otage-du-tandem-ghannouchi-saied\/\",\"url\":\"https:\/\/kapitalis.com\/tunisie\/2022\/10\/07\/la-tunisie-otage-du-tandem-ghannouchi-saied\/\",\"name\":\"La Tunisie, otage du tandem Ghannouchi - Sa\u00efed - Kapitalis\",\"isPartOf\":{\"@id\":\"https:\/\/kapitalis.com\/tunisie\/#website\"},\"primaryImageOfPage\":{\"@id\":\"https:\/\/kapitalis.com\/tunisie\/2022\/10\/07\/la-tunisie-otage-du-tandem-ghannouchi-saied\/#primaryimage\"},\"image\":{\"@id\":\"https:\/\/kapitalis.com\/tunisie\/2022\/10\/07\/la-tunisie-otage-du-tandem-ghannouchi-saied\/#primaryimage\"},\"thumbnailUrl\":\"https:\/\/kapitalis.com\/tunisie\/wp-content\/uploads\/2022\/10\/Rached-Ghannouchi-Kais-Saied.jpg\",\"datePublished\":\"2022-10-07T12:55:51+00:00\",\"dateModified\":\"2022-10-08T06:39:53+00:00\",\"breadcrumb\":{\"@id\":\"https:\/\/kapitalis.com\/tunisie\/2022\/10\/07\/la-tunisie-otage-du-tandem-ghannouchi-saied\/#breadcrumb\"},\"inLanguage\":\"fr-FR\",\"potentialAction\":[{\"@type\":\"ReadAction\",\"target\":[\"https:\/\/kapitalis.com\/tunisie\/2022\/10\/07\/la-tunisie-otage-du-tandem-ghannouchi-saied\/\"]}]},{\"@type\":\"ImageObject\",\"inLanguage\":\"fr-FR\",\"@id\":\"https:\/\/kapitalis.com\/tunisie\/2022\/10\/07\/la-tunisie-otage-du-tandem-ghannouchi-saied\/#primaryimage\",\"url\":\"https:\/\/kapitalis.com\/tunisie\/wp-content\/uploads\/2022\/10\/Rached-Ghannouchi-Kais-Saied.jpg\",\"contentUrl\":\"https:\/\/kapitalis.com\/tunisie\/wp-content\/uploads\/2022\/10\/Rached-Ghannouchi-Kais-Saied.jpg\",\"width\":1200,\"height\":630},{\"@type\":\"BreadcrumbList\",\"@id\":\"https:\/\/kapitalis.com\/tunisie\/2022\/10\/07\/la-tunisie-otage-du-tandem-ghannouchi-saied\/#breadcrumb\",\"itemListElement\":[{\"@type\":\"ListItem\",\"position\":1,\"name\":\"Accueil\",\"item\":\"https:\/\/kapitalis.com\/tunisie\/\"},{\"@type\":\"ListItem\",\"position\":2,\"name\":\"La Tunisie, otage du tandem Ghannouchi &#8211; Sa\u00efed\"}]},{\"@type\":\"WebSite\",\"@id\":\"https:\/\/kapitalis.com\/tunisie\/#website\",\"url\":\"https:\/\/kapitalis.com\/tunisie\/\",\"name\":\"Kapitalis\",\"description\":\"L&#039;actualit\u00e9 en Tunisie et dans le monde\",\"publisher\":{\"@id\":\"https:\/\/kapitalis.com\/tunisie\/#organization\"},\"potentialAction\":[{\"@type\":\"SearchAction\",\"target\":{\"@type\":\"EntryPoint\",\"urlTemplate\":\"https:\/\/kapitalis.com\/tunisie\/?s={search_term_string}\"},\"query-input\":{\"@type\":\"PropertyValueSpecification\",\"valueRequired\":true,\"valueName\":\"search_term_string\"}}],\"inLanguage\":\"fr-FR\"},{\"@type\":\"Organization\",\"@id\":\"https:\/\/kapitalis.com\/tunisie\/#organization\",\"name\":\"Kapitalis\",\"url\":\"https:\/\/kapitalis.com\/tunisie\/\",\"logo\":{\"@type\":\"ImageObject\",\"inLanguage\":\"fr-FR\",\"@id\":\"https:\/\/kapitalis.com\/tunisie\/#\/schema\/logo\/image\/\",\"url\":\"https:\/\/kapitalis.com\/tunisie\/wp-content\/uploads\/2022\/05\/Kapitalis-big-size.png\",\"contentUrl\":\"https:\/\/kapitalis.com\/tunisie\/wp-content\/uploads\/2022\/05\/Kapitalis-big-size.png\",\"width\":5000,\"height\":1500,\"caption\":\"Kapitalis\"},\"image\":{\"@id\":\"https:\/\/kapitalis.com\/tunisie\/#\/schema\/logo\/image\/\"},\"sameAs\":[\"https:\/\/www.facebook.com\/KapitalisInfo\/\",\"https:\/\/x.com\/KapitalisInfo\",\"https:\/\/www.youtube.com\/channel\/UC-yDYrHyfFBWWZaOw3FPg9Q\"]},{\"@type\":\"Person\",\"@id\":\"https:\/\/kapitalis.com\/tunisie\/#\/schema\/person\/d71f33a9ca44f7bad4698210b480c8e9\",\"name\":\"webmaster kapitalis\",\"url\":\"https:\/\/kapitalis.com\/tunisie\/author\/webmaster-kapitalis\/\"}]}<\/script>\n<!-- \/ Yoast SEO plugin. -->","yoast_head_json":{"title":"La Tunisie, otage du tandem Ghannouchi - Sa\u00efed - Kapitalis","robots":{"index":"index","follow":"follow","max-snippet":"max-snippet:-1","max-image-preview":"max-image-preview:large","max-video-preview":"max-video-preview:-1"},"canonical":"https:\/\/kapitalis.com\/tunisie\/2022\/10\/07\/la-tunisie-otage-du-tandem-ghannouchi-saied\/","og_locale":"fr_FR","og_type":"article","og_title":"La Tunisie, otage du tandem Ghannouchi - Sa\u00efed - Kapitalis","og_description":"Le drame de la Tunisie, c\u2019est qu\u2019elle est prise en otage par deux hommes du pass\u00e9, Rached Ghannouchi et Ka\u00efs Sa\u00efed.","og_url":"https:\/\/kapitalis.com\/tunisie\/2022\/10\/07\/la-tunisie-otage-du-tandem-ghannouchi-saied\/","og_site_name":"Kapitalis","article_publisher":"https:\/\/www.facebook.com\/KapitalisInfo\/","article_published_time":"2022-10-07T12:55:51+00:00","article_modified_time":"2022-10-08T06:39:53+00:00","og_image":[{"width":1200,"height":630,"url":"https:\/\/kapitalis.com\/tunisie\/wp-content\/uploads\/2022\/10\/Rached-Ghannouchi-Kais-Saied.jpg","type":"image\/jpeg"}],"author":"webmaster kapitalis","twitter_card":"summary_large_image","twitter_creator":"@KapitalisInfo","twitter_site":"@KapitalisInfo","twitter_misc":{"\u00c9crit par":"webmaster kapitalis","Dur\u00e9e de lecture estim\u00e9e":"5 minutes"},"schema":{"@context":"https:\/\/schema.org","@graph":[{"@type":"Article","@id":"https:\/\/kapitalis.com\/tunisie\/2022\/10\/07\/la-tunisie-otage-du-tandem-ghannouchi-saied\/#article","isPartOf":{"@id":"https:\/\/kapitalis.com\/tunisie\/2022\/10\/07\/la-tunisie-otage-du-tandem-ghannouchi-saied\/"},"author":{"name":"webmaster kapitalis","@id":"https:\/\/kapitalis.com\/tunisie\/#\/schema\/person\/d71f33a9ca44f7bad4698210b480c8e9"},"headline":"La Tunisie, otage du tandem Ghannouchi &#8211; Sa\u00efed","datePublished":"2022-10-07T12:55:51+00:00","dateModified":"2022-10-08T06:39:53+00:00","mainEntityOfPage":{"@id":"https:\/\/kapitalis.com\/tunisie\/2022\/10\/07\/la-tunisie-otage-du-tandem-ghannouchi-saied\/"},"wordCount":941,"commentCount":4,"publisher":{"@id":"https:\/\/kapitalis.com\/tunisie\/#organization"},"image":{"@id":"https:\/\/kapitalis.com\/tunisie\/2022\/10\/07\/la-tunisie-otage-du-tandem-ghannouchi-saied\/#primaryimage"},"thumbnailUrl":"https:\/\/kapitalis.com\/tunisie\/wp-content\/uploads\/2022\/10\/Rached-Ghannouchi-Kais-Saied.jpg","keywords":["B\u00e9ji Ca\u00efd Essebsi","Cour constitutionnelle","Ennahdha","islam politique","Ka\u00efs Sa\u00efed","Moncef Marzouki","Rached Ghannouchi","Ridha Kefi","Tunisie"],"articleSection":["A LA UNE","POLITIQUE","Tunisie"],"inLanguage":"fr-FR","potentialAction":[{"@type":"CommentAction","name":"Comment","target":["https:\/\/kapitalis.com\/tunisie\/2022\/10\/07\/la-tunisie-otage-du-tandem-ghannouchi-saied\/#respond"]}]},{"@type":"WebPage","@id":"https:\/\/kapitalis.com\/tunisie\/2022\/10\/07\/la-tunisie-otage-du-tandem-ghannouchi-saied\/","url":"https:\/\/kapitalis.com\/tunisie\/2022\/10\/07\/la-tunisie-otage-du-tandem-ghannouchi-saied\/","name":"La Tunisie, otage du tandem Ghannouchi - Sa\u00efed - Kapitalis","isPartOf":{"@id":"https:\/\/kapitalis.com\/tunisie\/#website"},"primaryImageOfPage":{"@id":"https:\/\/kapitalis.com\/tunisie\/2022\/10\/07\/la-tunisie-otage-du-tandem-ghannouchi-saied\/#primaryimage"},"image":{"@id":"https:\/\/kapitalis.com\/tunisie\/2022\/10\/07\/la-tunisie-otage-du-tandem-ghannouchi-saied\/#primaryimage"},"thumbnailUrl":"https:\/\/kapitalis.com\/tunisie\/wp-content\/uploads\/2022\/10\/Rached-Ghannouchi-Kais-Saied.jpg","datePublished":"2022-10-07T12:55:51+00:00","dateModified":"2022-10-08T06:39:53+00:00","breadcrumb":{"@id":"https:\/\/kapitalis.com\/tunisie\/2022\/10\/07\/la-tunisie-otage-du-tandem-ghannouchi-saied\/#breadcrumb"},"inLanguage":"fr-FR","potentialAction":[{"@type":"ReadAction","target":["https:\/\/kapitalis.com\/tunisie\/2022\/10\/07\/la-tunisie-otage-du-tandem-ghannouchi-saied\/"]}]},{"@type":"ImageObject","inLanguage":"fr-FR","@id":"https:\/\/kapitalis.com\/tunisie\/2022\/10\/07\/la-tunisie-otage-du-tandem-ghannouchi-saied\/#primaryimage","url":"https:\/\/kapitalis.com\/tunisie\/wp-content\/uploads\/2022\/10\/Rached-Ghannouchi-Kais-Saied.jpg","contentUrl":"https:\/\/kapitalis.com\/tunisie\/wp-content\/uploads\/2022\/10\/Rached-Ghannouchi-Kais-Saied.jpg","width":1200,"height":630},{"@type":"BreadcrumbList","@id":"https:\/\/kapitalis.com\/tunisie\/2022\/10\/07\/la-tunisie-otage-du-tandem-ghannouchi-saied\/#breadcrumb","itemListElement":[{"@type":"ListItem","position":1,"name":"Accueil","item":"https:\/\/kapitalis.com\/tunisie\/"},{"@type":"ListItem","position":2,"name":"La Tunisie, otage du tandem Ghannouchi &#8211; Sa\u00efed"}]},{"@type":"WebSite","@id":"https:\/\/kapitalis.com\/tunisie\/#website","url":"https:\/\/kapitalis.com\/tunisie\/","name":"Kapitalis","description":"L&#039;actualit\u00e9 en Tunisie et dans le monde","publisher":{"@id":"https:\/\/kapitalis.com\/tunisie\/#organization"},"potentialAction":[{"@type":"SearchAction","target":{"@type":"EntryPoint","urlTemplate":"https:\/\/kapitalis.com\/tunisie\/?s={search_term_string}"},"query-input":{"@type":"PropertyValueSpecification","valueRequired":true,"valueName":"search_term_string"}}],"inLanguage":"fr-FR"},{"@type":"Organization","@id":"https:\/\/kapitalis.com\/tunisie\/#organization","name":"Kapitalis","url":"https:\/\/kapitalis.com\/tunisie\/","logo":{"@type":"ImageObject","inLanguage":"fr-FR","@id":"https:\/\/kapitalis.com\/tunisie\/#\/schema\/logo\/image\/","url":"https:\/\/kapitalis.com\/tunisie\/wp-content\/uploads\/2022\/05\/Kapitalis-big-size.png","contentUrl":"https:\/\/kapitalis.com\/tunisie\/wp-content\/uploads\/2022\/05\/Kapitalis-big-size.png","width":5000,"height":1500,"caption":"Kapitalis"},"image":{"@id":"https:\/\/kapitalis.com\/tunisie\/#\/schema\/logo\/image\/"},"sameAs":["https:\/\/www.facebook.com\/KapitalisInfo\/","https:\/\/x.com\/KapitalisInfo","https:\/\/www.youtube.com\/channel\/UC-yDYrHyfFBWWZaOw3FPg9Q"]},{"@type":"Person","@id":"https:\/\/kapitalis.com\/tunisie\/#\/schema\/person\/d71f33a9ca44f7bad4698210b480c8e9","name":"webmaster kapitalis","url":"https:\/\/kapitalis.com\/tunisie\/author\/webmaster-kapitalis\/"}]}},"_links":{"self":[{"href":"https:\/\/kapitalis.com\/tunisie\/wp-json\/wp\/v2\/posts\/4444233","targetHints":{"allow":["GET"]}}],"collection":[{"href":"https:\/\/kapitalis.com\/tunisie\/wp-json\/wp\/v2\/posts"}],"about":[{"href":"https:\/\/kapitalis.com\/tunisie\/wp-json\/wp\/v2\/types\/post"}],"author":[{"embeddable":true,"href":"https:\/\/kapitalis.com\/tunisie\/wp-json\/wp\/v2\/users\/8"}],"replies":[{"embeddable":true,"href":"https:\/\/kapitalis.com\/tunisie\/wp-json\/wp\/v2\/comments?post=4444233"}],"version-history":[{"count":1,"href":"https:\/\/kapitalis.com\/tunisie\/wp-json\/wp\/v2\/posts\/4444233\/revisions"}],"predecessor-version":[{"id":8322650,"href":"https:\/\/kapitalis.com\/tunisie\/wp-json\/wp\/v2\/posts\/4444233\/revisions\/8322650"}],"wp:featuredmedia":[{"embeddable":true,"href":"https:\/\/kapitalis.com\/tunisie\/wp-json\/wp\/v2\/media\/4444297"}],"wp:attachment":[{"href":"https:\/\/kapitalis.com\/tunisie\/wp-json\/wp\/v2\/media?parent=4444233"}],"wp:term":[{"taxonomy":"category","embeddable":true,"href":"https:\/\/kapitalis.com\/tunisie\/wp-json\/wp\/v2\/categories?post=4444233"},{"taxonomy":"post_tag","embeddable":true,"href":"https:\/\/kapitalis.com\/tunisie\/wp-json\/wp\/v2\/tags?post=4444233"}],"curies":[{"name":"wp","href":"https:\/\/api.w.org\/{rel}","templated":true}]}}