{"id":4449919,"date":"2022-10-08T06:55:56","date_gmt":"2022-10-08T05:55:56","guid":{"rendered":"https:\/\/kapitalis.com\/tunisie\/?p=4449919"},"modified":"2022-10-08T06:55:58","modified_gmt":"2022-10-08T05:55:58","slug":"tunisie-i-watch-croit-elle-vraiment-a-la-credibilite-du-tribunal-administratif","status":"publish","type":"post","link":"https:\/\/kapitalis.com\/tunisie\/2022\/10\/08\/tunisie-i-watch-croit-elle-vraiment-a-la-credibilite-du-tribunal-administratif\/","title":{"rendered":"Tunisie\u00a0: I Watch croit-elle vraiment \u00e0 la cr\u00e9dibilit\u00e9 du Tribunal administratif\u00a0?"},"content":{"rendered":"\n<p><strong><em>En d\u00e9posant un recours contre la d\u00e9cision de l\u2019Instance sup\u00e9rieure ind\u00e9pendante pour les \u00e9lections (Isie) sur les modalit\u00e9s et conditions de candidature aux \u00e9lections l\u00e9gislatives du 17 d\u00e9cembre afin d\u2019en suspendre l\u2019ex\u00e9cution, l\u2019organisation I Watch esp\u00e8re-t-elle s\u00e9rieusement voir le Tribunal administratif rendre sa d\u00e9cision dans les d\u00e9lais l\u00e9gaux\u00a0?<\/em><\/strong><\/p>\n\n\n\n<p>Par <strong>Imed Bahri<\/strong><\/p>\n\n\n\n<!--more-->\n\n\n\n<p>La r\u00e9ponse est contenue dans la question, comme l\u2019ont sans doute compris les lecteurs.<\/p>\n\n\n\n<p>Mais d\u2019abord, qu\u2019est-ce qui nous vaut l\u2019inqui\u00e9tude de I Watch, organisation qui se sp\u00e9cialise dans la surveillance de la transparence des \u00e9lections, quant au processus d\u2019organisation des prochaines l\u00e9gislatives o\u00f9 tout est con\u00e7u pour \u00e9carter les partis politiques de la comp\u00e9tition, \u00e9parpiller les voix des \u00e9lecteurs et donner lieu \u00e0 une assembl\u00e9e faible et sans pr\u00e9rogatives, au profit d\u2019un hyper-pr\u00e9sident qui tient tous les leviers du pouvoir dans le pays, y compris le l\u00e9gislatif\u00a0? \u00a0<\/p>\n\n\n\n<p>I Watch a indiqu\u00e9 dans un communiqu\u00e9 publi\u00e9 vendredi 7 octobre 2022 que la d\u00e9cision qui fait l\u2019objet du recours est entach\u00e9e de plusieurs irr\u00e9gularit\u00e9s relatives, pour l\u2019essentiel, \u00e0 la loi n\u00b0 103 du 1er ao\u00fbt 1994 portant organisation des l\u00e9gislatives, relative \u00e0 la signature et \u00e0 l\u2019attestation de conformit\u00e9 des copies \u00e0 l\u2019original.<\/p>\n\n\n\n<p>Dans le m\u00eame contexte, l\u2019organisation a ajout\u00e9 que le recours a \u00e9galement \u00e9t\u00e9 d\u00e9pos\u00e9 pour contester la violation du principe d\u2019\u00e9galit\u00e9 des chances entre les candidats concernant l\u2019attestation fiscale qui est demand\u00e9e aux candidats dans les circonscriptions \u00e9lectorales \u00e0 l\u2019\u00e9tranger.<\/p>\n\n\n\n<p>Ces questions de d\u00e9tails nous semblent superflues face aux graves atteintes aux normes internationalement admis d\u2019une \u00e9lection pluraliste et d\u00e9mocratique que le pr\u00e9sident Ka\u00efs Sa\u00efed et l\u2019Isie aux ordres dont il a d\u00e9sign\u00e9 lui-m\u00eame tous les membres sont en train de commettre au grand jour, en faisant fi de toutes les critiques exprim\u00e9es par la soci\u00e9t\u00e9 civile\u00a0: partis, organisations, experts du droit, m\u00e9dias&#8230;<\/p>\n\n\n\n<p>En ce qui concerne le Tribunal administratif, dont la cr\u00e9dibilit\u00e9 pr\u00e9sum\u00e9e nous semble tout de m\u00eame tr\u00e8s exag\u00e9r\u00e9e, rappelons qu\u2019elle n\u2019a rendu jusque-l\u00e0 aucun verdict contre les d\u00e9cisions de la pr\u00e9sidence de la r\u00e9publique dans les nombreux recours d\u00e9pos\u00e9s contre elle ces deux derni\u00e8res ann\u00e9es. Sauf un seul\u00a0: celui relatif \u00e0 la r\u00e9vocation de 57 magistrats\u00a0! Et on ose parler encore de cr\u00e9dibilit\u00e9\u00a0! Les mots carri\u00e9risme et corporatisme auraient mieux convenu. Et la justice pourra toujours attendre&#8230; <\/p>\n\n\n\n<p class=\"has-text-align-right\"><\/p>\n","protected":false},"excerpt":{"rendered":"<p>I Watch esp\u00e8re-t-elle s\u00e9rieusement voir le Tribunal administratif rendre une d\u00e9cision contre l&rsquo;Isie et son vrai patron : le pr\u00e9sident Ka\u00efs Sa\u00efed ?<\/p>\n","protected":false},"author":8,"featured_media":2601638,"comment_status":"open","ping_status":"open","sticky":false,"template":"","format":"standard","meta":{"footnotes":""},"categories":[992,997,2433],"tags":[5183,499,76012,9031,1772,62643],"class_list":["post-4449919","post","type-post","status-publish","format-standard","has-post-thumbnail","hentry","category-a-la-une","category-politique","category-tunisie","tag-i-watch","tag-isie","tag-kais-saied-2","tag-legislatives","tag-tribunal-administratif","tag-tunisie"],"yoast_head":"<!-- This site is optimized with the Yoast SEO plugin v26.6 - https:\/\/yoast.com\/wordpress\/plugins\/seo\/ -->\n<title>Tunisie\u00a0: I Watch croit-elle vraiment \u00e0 la cr\u00e9dibilit\u00e9 du Tribunal administratif\u00a0? - Kapitalis<\/title>\n<meta name=\"robots\" content=\"index, follow, max-snippet:-1, max-image-preview:large, max-video-preview:-1\" \/>\n<link rel=\"canonical\" href=\"https:\/\/kapitalis.com\/tunisie\/2022\/10\/08\/tunisie-i-watch-croit-elle-vraiment-a-la-credibilite-du-tribunal-administratif\/\" \/>\n<meta property=\"og:locale\" content=\"fr_FR\" \/>\n<meta property=\"og:type\" content=\"article\" \/>\n<meta property=\"og:title\" content=\"Tunisie\u00a0: I Watch croit-elle vraiment \u00e0 la cr\u00e9dibilit\u00e9 du Tribunal administratif\u00a0? - Kapitalis\" \/>\n<meta property=\"og:description\" content=\"I Watch esp\u00e8re-t-elle s\u00e9rieusement voir le Tribunal administratif rendre une d\u00e9cision contre l&#039;Isie et son vrai patron : le pr\u00e9sident Ka\u00efs Sa\u00efed ?\" \/>\n<meta property=\"og:url\" content=\"https:\/\/kapitalis.com\/tunisie\/2022\/10\/08\/tunisie-i-watch-croit-elle-vraiment-a-la-credibilite-du-tribunal-administratif\/\" \/>\n<meta property=\"og:site_name\" content=\"Kapitalis\" \/>\n<meta property=\"article:publisher\" content=\"https:\/\/www.facebook.com\/KapitalisInfo\/\" \/>\n<meta property=\"article:published_time\" content=\"2022-10-08T05:55:56+00:00\" \/>\n<meta property=\"article:modified_time\" content=\"2022-10-08T05:55:58+00:00\" \/>\n<meta property=\"og:image\" content=\"https:\/\/kapitalis.com\/tunisie\/wp-content\/uploads\/2022\/07\/Tribunal-Administratif.jpg\" \/>\n\t<meta property=\"og:image:width\" content=\"1200\" \/>\n\t<meta property=\"og:image:height\" content=\"630\" \/>\n\t<meta property=\"og:image:type\" content=\"image\/jpeg\" \/>\n<meta name=\"author\" content=\"webmaster kapitalis\" \/>\n<meta name=\"twitter:card\" content=\"summary_large_image\" \/>\n<meta name=\"twitter:creator\" content=\"@KapitalisInfo\" \/>\n<meta name=\"twitter:site\" content=\"@KapitalisInfo\" \/>\n<meta name=\"twitter:label1\" content=\"\u00c9crit par\" \/>\n\t<meta name=\"twitter:data1\" content=\"webmaster kapitalis\" \/>\n\t<meta name=\"twitter:label2\" content=\"Dur\u00e9e de lecture estim\u00e9e\" \/>\n\t<meta name=\"twitter:data2\" content=\"2 minutes\" \/>\n<script type=\"application\/ld+json\" class=\"yoast-schema-graph\">{\"@context\":\"https:\/\/schema.org\",\"@graph\":[{\"@type\":\"Article\",\"@id\":\"https:\/\/kapitalis.com\/tunisie\/2022\/10\/08\/tunisie-i-watch-croit-elle-vraiment-a-la-credibilite-du-tribunal-administratif\/#article\",\"isPartOf\":{\"@id\":\"https:\/\/kapitalis.com\/tunisie\/2022\/10\/08\/tunisie-i-watch-croit-elle-vraiment-a-la-credibilite-du-tribunal-administratif\/\"},\"author\":{\"name\":\"webmaster kapitalis\",\"@id\":\"https:\/\/kapitalis.com\/tunisie\/#\/schema\/person\/d71f33a9ca44f7bad4698210b480c8e9\"},\"headline\":\"Tunisie\u00a0: I Watch croit-elle vraiment \u00e0 la cr\u00e9dibilit\u00e9 du Tribunal administratif\u00a0?\",\"datePublished\":\"2022-10-08T05:55:56+00:00\",\"dateModified\":\"2022-10-08T05:55:58+00:00\",\"mainEntityOfPage\":{\"@id\":\"https:\/\/kapitalis.com\/tunisie\/2022\/10\/08\/tunisie-i-watch-croit-elle-vraiment-a-la-credibilite-du-tribunal-administratif\/\"},\"wordCount\":452,\"commentCount\":0,\"publisher\":{\"@id\":\"https:\/\/kapitalis.com\/tunisie\/#organization\"},\"image\":{\"@id\":\"https:\/\/kapitalis.com\/tunisie\/2022\/10\/08\/tunisie-i-watch-croit-elle-vraiment-a-la-credibilite-du-tribunal-administratif\/#primaryimage\"},\"thumbnailUrl\":\"https:\/\/kapitalis.com\/tunisie\/wp-content\/uploads\/2022\/07\/Tribunal-Administratif.jpg\",\"keywords\":[\"I Watch\",\"Isie\",\"Ka\u00efs Sa\u00efed\",\"l\u00e9gislatives\",\"tribunal administratif\",\"Tunisie\"],\"articleSection\":[\"A LA UNE\",\"POLITIQUE\",\"Tunisie\"],\"inLanguage\":\"fr-FR\",\"potentialAction\":[{\"@type\":\"CommentAction\",\"name\":\"Comment\",\"target\":[\"https:\/\/kapitalis.com\/tunisie\/2022\/10\/08\/tunisie-i-watch-croit-elle-vraiment-a-la-credibilite-du-tribunal-administratif\/#respond\"]}]},{\"@type\":\"WebPage\",\"@id\":\"https:\/\/kapitalis.com\/tunisie\/2022\/10\/08\/tunisie-i-watch-croit-elle-vraiment-a-la-credibilite-du-tribunal-administratif\/\",\"url\":\"https:\/\/kapitalis.com\/tunisie\/2022\/10\/08\/tunisie-i-watch-croit-elle-vraiment-a-la-credibilite-du-tribunal-administratif\/\",\"name\":\"Tunisie\u00a0: I Watch croit-elle vraiment \u00e0 la cr\u00e9dibilit\u00e9 du Tribunal administratif\u00a0? - Kapitalis\",\"isPartOf\":{\"@id\":\"https:\/\/kapitalis.com\/tunisie\/#website\"},\"primaryImageOfPage\":{\"@id\":\"https:\/\/kapitalis.com\/tunisie\/2022\/10\/08\/tunisie-i-watch-croit-elle-vraiment-a-la-credibilite-du-tribunal-administratif\/#primaryimage\"},\"image\":{\"@id\":\"https:\/\/kapitalis.com\/tunisie\/2022\/10\/08\/tunisie-i-watch-croit-elle-vraiment-a-la-credibilite-du-tribunal-administratif\/#primaryimage\"},\"thumbnailUrl\":\"https:\/\/kapitalis.com\/tunisie\/wp-content\/uploads\/2022\/07\/Tribunal-Administratif.jpg\",\"datePublished\":\"2022-10-08T05:55:56+00:00\",\"dateModified\":\"2022-10-08T05:55:58+00:00\",\"breadcrumb\":{\"@id\":\"https:\/\/kapitalis.com\/tunisie\/2022\/10\/08\/tunisie-i-watch-croit-elle-vraiment-a-la-credibilite-du-tribunal-administratif\/#breadcrumb\"},\"inLanguage\":\"fr-FR\",\"potentialAction\":[{\"@type\":\"ReadAction\",\"target\":[\"https:\/\/kapitalis.com\/tunisie\/2022\/10\/08\/tunisie-i-watch-croit-elle-vraiment-a-la-credibilite-du-tribunal-administratif\/\"]}]},{\"@type\":\"ImageObject\",\"inLanguage\":\"fr-FR\",\"@id\":\"https:\/\/kapitalis.com\/tunisie\/2022\/10\/08\/tunisie-i-watch-croit-elle-vraiment-a-la-credibilite-du-tribunal-administratif\/#primaryimage\",\"url\":\"https:\/\/kapitalis.com\/tunisie\/wp-content\/uploads\/2022\/07\/Tribunal-Administratif.jpg\",\"contentUrl\":\"https:\/\/kapitalis.com\/tunisie\/wp-content\/uploads\/2022\/07\/Tribunal-Administratif.jpg\",\"width\":1200,\"height\":630},{\"@type\":\"BreadcrumbList\",\"@id\":\"https:\/\/kapitalis.com\/tunisie\/2022\/10\/08\/tunisie-i-watch-croit-elle-vraiment-a-la-credibilite-du-tribunal-administratif\/#breadcrumb\",\"itemListElement\":[{\"@type\":\"ListItem\",\"position\":1,\"name\":\"Accueil\",\"item\":\"https:\/\/kapitalis.com\/tunisie\/\"},{\"@type\":\"ListItem\",\"position\":2,\"name\":\"Tunisie\u00a0: I Watch croit-elle vraiment \u00e0 la cr\u00e9dibilit\u00e9 du Tribunal administratif\u00a0?\"}]},{\"@type\":\"WebSite\",\"@id\":\"https:\/\/kapitalis.com\/tunisie\/#website\",\"url\":\"https:\/\/kapitalis.com\/tunisie\/\",\"name\":\"Kapitalis\",\"description\":\"L&#039;actualit\u00e9 en Tunisie et dans le monde\",\"publisher\":{\"@id\":\"https:\/\/kapitalis.com\/tunisie\/#organization\"},\"potentialAction\":[{\"@type\":\"SearchAction\",\"target\":{\"@type\":\"EntryPoint\",\"urlTemplate\":\"https:\/\/kapitalis.com\/tunisie\/?s={search_term_string}\"},\"query-input\":{\"@type\":\"PropertyValueSpecification\",\"valueRequired\":true,\"valueName\":\"search_term_string\"}}],\"inLanguage\":\"fr-FR\"},{\"@type\":\"Organization\",\"@id\":\"https:\/\/kapitalis.com\/tunisie\/#organization\",\"name\":\"Kapitalis\",\"url\":\"https:\/\/kapitalis.com\/tunisie\/\",\"logo\":{\"@type\":\"ImageObject\",\"inLanguage\":\"fr-FR\",\"@id\":\"https:\/\/kapitalis.com\/tunisie\/#\/schema\/logo\/image\/\",\"url\":\"https:\/\/kapitalis.com\/tunisie\/wp-content\/uploads\/2022\/05\/Kapitalis-big-size.png\",\"contentUrl\":\"https:\/\/kapitalis.com\/tunisie\/wp-content\/uploads\/2022\/05\/Kapitalis-big-size.png\",\"width\":5000,\"height\":1500,\"caption\":\"Kapitalis\"},\"image\":{\"@id\":\"https:\/\/kapitalis.com\/tunisie\/#\/schema\/logo\/image\/\"},\"sameAs\":[\"https:\/\/www.facebook.com\/KapitalisInfo\/\",\"https:\/\/x.com\/KapitalisInfo\",\"https:\/\/www.youtube.com\/channel\/UC-yDYrHyfFBWWZaOw3FPg9Q\"]},{\"@type\":\"Person\",\"@id\":\"https:\/\/kapitalis.com\/tunisie\/#\/schema\/person\/d71f33a9ca44f7bad4698210b480c8e9\",\"name\":\"webmaster kapitalis\",\"url\":\"https:\/\/kapitalis.com\/tunisie\/author\/webmaster-kapitalis\/\"}]}<\/script>\n<!-- \/ Yoast SEO plugin. -->","yoast_head_json":{"title":"Tunisie\u00a0: I Watch croit-elle vraiment \u00e0 la cr\u00e9dibilit\u00e9 du Tribunal administratif\u00a0? - Kapitalis","robots":{"index":"index","follow":"follow","max-snippet":"max-snippet:-1","max-image-preview":"max-image-preview:large","max-video-preview":"max-video-preview:-1"},"canonical":"https:\/\/kapitalis.com\/tunisie\/2022\/10\/08\/tunisie-i-watch-croit-elle-vraiment-a-la-credibilite-du-tribunal-administratif\/","og_locale":"fr_FR","og_type":"article","og_title":"Tunisie\u00a0: I Watch croit-elle vraiment \u00e0 la cr\u00e9dibilit\u00e9 du Tribunal administratif\u00a0? - Kapitalis","og_description":"I Watch esp\u00e8re-t-elle s\u00e9rieusement voir le Tribunal administratif rendre une d\u00e9cision contre l'Isie et son vrai patron : le pr\u00e9sident Ka\u00efs Sa\u00efed ?","og_url":"https:\/\/kapitalis.com\/tunisie\/2022\/10\/08\/tunisie-i-watch-croit-elle-vraiment-a-la-credibilite-du-tribunal-administratif\/","og_site_name":"Kapitalis","article_publisher":"https:\/\/www.facebook.com\/KapitalisInfo\/","article_published_time":"2022-10-08T05:55:56+00:00","article_modified_time":"2022-10-08T05:55:58+00:00","og_image":[{"width":1200,"height":630,"url":"https:\/\/kapitalis.com\/tunisie\/wp-content\/uploads\/2022\/07\/Tribunal-Administratif.jpg","type":"image\/jpeg"}],"author":"webmaster kapitalis","twitter_card":"summary_large_image","twitter_creator":"@KapitalisInfo","twitter_site":"@KapitalisInfo","twitter_misc":{"\u00c9crit par":"webmaster kapitalis","Dur\u00e9e de lecture estim\u00e9e":"2 minutes"},"schema":{"@context":"https:\/\/schema.org","@graph":[{"@type":"Article","@id":"https:\/\/kapitalis.com\/tunisie\/2022\/10\/08\/tunisie-i-watch-croit-elle-vraiment-a-la-credibilite-du-tribunal-administratif\/#article","isPartOf":{"@id":"https:\/\/kapitalis.com\/tunisie\/2022\/10\/08\/tunisie-i-watch-croit-elle-vraiment-a-la-credibilite-du-tribunal-administratif\/"},"author":{"name":"webmaster kapitalis","@id":"https:\/\/kapitalis.com\/tunisie\/#\/schema\/person\/d71f33a9ca44f7bad4698210b480c8e9"},"headline":"Tunisie\u00a0: I Watch croit-elle vraiment \u00e0 la cr\u00e9dibilit\u00e9 du Tribunal administratif\u00a0?","datePublished":"2022-10-08T05:55:56+00:00","dateModified":"2022-10-08T05:55:58+00:00","mainEntityOfPage":{"@id":"https:\/\/kapitalis.com\/tunisie\/2022\/10\/08\/tunisie-i-watch-croit-elle-vraiment-a-la-credibilite-du-tribunal-administratif\/"},"wordCount":452,"commentCount":0,"publisher":{"@id":"https:\/\/kapitalis.com\/tunisie\/#organization"},"image":{"@id":"https:\/\/kapitalis.com\/tunisie\/2022\/10\/08\/tunisie-i-watch-croit-elle-vraiment-a-la-credibilite-du-tribunal-administratif\/#primaryimage"},"thumbnailUrl":"https:\/\/kapitalis.com\/tunisie\/wp-content\/uploads\/2022\/07\/Tribunal-Administratif.jpg","keywords":["I Watch","Isie","Ka\u00efs Sa\u00efed","l\u00e9gislatives","tribunal administratif","Tunisie"],"articleSection":["A LA UNE","POLITIQUE","Tunisie"],"inLanguage":"fr-FR","potentialAction":[{"@type":"CommentAction","name":"Comment","target":["https:\/\/kapitalis.com\/tunisie\/2022\/10\/08\/tunisie-i-watch-croit-elle-vraiment-a-la-credibilite-du-tribunal-administratif\/#respond"]}]},{"@type":"WebPage","@id":"https:\/\/kapitalis.com\/tunisie\/2022\/10\/08\/tunisie-i-watch-croit-elle-vraiment-a-la-credibilite-du-tribunal-administratif\/","url":"https:\/\/kapitalis.com\/tunisie\/2022\/10\/08\/tunisie-i-watch-croit-elle-vraiment-a-la-credibilite-du-tribunal-administratif\/","name":"Tunisie\u00a0: I Watch croit-elle vraiment \u00e0 la cr\u00e9dibilit\u00e9 du Tribunal administratif\u00a0? - Kapitalis","isPartOf":{"@id":"https:\/\/kapitalis.com\/tunisie\/#website"},"primaryImageOfPage":{"@id":"https:\/\/kapitalis.com\/tunisie\/2022\/10\/08\/tunisie-i-watch-croit-elle-vraiment-a-la-credibilite-du-tribunal-administratif\/#primaryimage"},"image":{"@id":"https:\/\/kapitalis.com\/tunisie\/2022\/10\/08\/tunisie-i-watch-croit-elle-vraiment-a-la-credibilite-du-tribunal-administratif\/#primaryimage"},"thumbnailUrl":"https:\/\/kapitalis.com\/tunisie\/wp-content\/uploads\/2022\/07\/Tribunal-Administratif.jpg","datePublished":"2022-10-08T05:55:56+00:00","dateModified":"2022-10-08T05:55:58+00:00","breadcrumb":{"@id":"https:\/\/kapitalis.com\/tunisie\/2022\/10\/08\/tunisie-i-watch-croit-elle-vraiment-a-la-credibilite-du-tribunal-administratif\/#breadcrumb"},"inLanguage":"fr-FR","potentialAction":[{"@type":"ReadAction","target":["https:\/\/kapitalis.com\/tunisie\/2022\/10\/08\/tunisie-i-watch-croit-elle-vraiment-a-la-credibilite-du-tribunal-administratif\/"]}]},{"@type":"ImageObject","inLanguage":"fr-FR","@id":"https:\/\/kapitalis.com\/tunisie\/2022\/10\/08\/tunisie-i-watch-croit-elle-vraiment-a-la-credibilite-du-tribunal-administratif\/#primaryimage","url":"https:\/\/kapitalis.com\/tunisie\/wp-content\/uploads\/2022\/07\/Tribunal-Administratif.jpg","contentUrl":"https:\/\/kapitalis.com\/tunisie\/wp-content\/uploads\/2022\/07\/Tribunal-Administratif.jpg","width":1200,"height":630},{"@type":"BreadcrumbList","@id":"https:\/\/kapitalis.com\/tunisie\/2022\/10\/08\/tunisie-i-watch-croit-elle-vraiment-a-la-credibilite-du-tribunal-administratif\/#breadcrumb","itemListElement":[{"@type":"ListItem","position":1,"name":"Accueil","item":"https:\/\/kapitalis.com\/tunisie\/"},{"@type":"ListItem","position":2,"name":"Tunisie\u00a0: I Watch croit-elle vraiment \u00e0 la cr\u00e9dibilit\u00e9 du Tribunal administratif\u00a0?"}]},{"@type":"WebSite","@id":"https:\/\/kapitalis.com\/tunisie\/#website","url":"https:\/\/kapitalis.com\/tunisie\/","name":"Kapitalis","description":"L&#039;actualit\u00e9 en Tunisie et dans le monde","publisher":{"@id":"https:\/\/kapitalis.com\/tunisie\/#organization"},"potentialAction":[{"@type":"SearchAction","target":{"@type":"EntryPoint","urlTemplate":"https:\/\/kapitalis.com\/tunisie\/?s={search_term_string}"},"query-input":{"@type":"PropertyValueSpecification","valueRequired":true,"valueName":"search_term_string"}}],"inLanguage":"fr-FR"},{"@type":"Organization","@id":"https:\/\/kapitalis.com\/tunisie\/#organization","name":"Kapitalis","url":"https:\/\/kapitalis.com\/tunisie\/","logo":{"@type":"ImageObject","inLanguage":"fr-FR","@id":"https:\/\/kapitalis.com\/tunisie\/#\/schema\/logo\/image\/","url":"https:\/\/kapitalis.com\/tunisie\/wp-content\/uploads\/2022\/05\/Kapitalis-big-size.png","contentUrl":"https:\/\/kapitalis.com\/tunisie\/wp-content\/uploads\/2022\/05\/Kapitalis-big-size.png","width":5000,"height":1500,"caption":"Kapitalis"},"image":{"@id":"https:\/\/kapitalis.com\/tunisie\/#\/schema\/logo\/image\/"},"sameAs":["https:\/\/www.facebook.com\/KapitalisInfo\/","https:\/\/x.com\/KapitalisInfo","https:\/\/www.youtube.com\/channel\/UC-yDYrHyfFBWWZaOw3FPg9Q"]},{"@type":"Person","@id":"https:\/\/kapitalis.com\/tunisie\/#\/schema\/person\/d71f33a9ca44f7bad4698210b480c8e9","name":"webmaster kapitalis","url":"https:\/\/kapitalis.com\/tunisie\/author\/webmaster-kapitalis\/"}]}},"_links":{"self":[{"href":"https:\/\/kapitalis.com\/tunisie\/wp-json\/wp\/v2\/posts\/4449919","targetHints":{"allow":["GET"]}}],"collection":[{"href":"https:\/\/kapitalis.com\/tunisie\/wp-json\/wp\/v2\/posts"}],"about":[{"href":"https:\/\/kapitalis.com\/tunisie\/wp-json\/wp\/v2\/types\/post"}],"author":[{"embeddable":true,"href":"https:\/\/kapitalis.com\/tunisie\/wp-json\/wp\/v2\/users\/8"}],"replies":[{"embeddable":true,"href":"https:\/\/kapitalis.com\/tunisie\/wp-json\/wp\/v2\/comments?post=4449919"}],"version-history":[{"count":0,"href":"https:\/\/kapitalis.com\/tunisie\/wp-json\/wp\/v2\/posts\/4449919\/revisions"}],"wp:featuredmedia":[{"embeddable":true,"href":"https:\/\/kapitalis.com\/tunisie\/wp-json\/wp\/v2\/media\/2601638"}],"wp:attachment":[{"href":"https:\/\/kapitalis.com\/tunisie\/wp-json\/wp\/v2\/media?parent=4449919"}],"wp:term":[{"taxonomy":"category","embeddable":true,"href":"https:\/\/kapitalis.com\/tunisie\/wp-json\/wp\/v2\/categories?post=4449919"},{"taxonomy":"post_tag","embeddable":true,"href":"https:\/\/kapitalis.com\/tunisie\/wp-json\/wp\/v2\/tags?post=4449919"}],"curies":[{"name":"wp","href":"https:\/\/api.w.org\/{rel}","templated":true}]}}