{"id":44510,"date":"2016-03-24T17:18:46","date_gmt":"2016-03-24T16:18:46","guid":{"rendered":"http:\/\/kapitalis.com\/tunisie\/?p=44510"},"modified":"2016-03-24T22:38:12","modified_gmt":"2016-03-24T21:38:12","slug":"atuge-tunisie-nouvelle-direction-pour-2-ans","status":"publish","type":"post","link":"https:\/\/kapitalis.com\/tunisie\/2016\/03\/24\/atuge-tunisie-nouvelle-direction-pour-2-ans\/","title":{"rendered":"Atuge Tunisie : Une nouvelle direction pour 2 ans"},"content":{"rendered":"<p style=\"text-align: center;\"><img loading=\"lazy\" decoding=\"async\" class=\"alignnone size-full wp-image-44511\" src=\"http:\/\/kapitalis.com\/tunisie\/wp-content\/uploads\/2016\/03\/CA-Atuge.jpg\" alt=\"CA-Atuge\" width=\"626\" height=\"380\" \/><\/p>\n<p style=\"text-align: left;\"><em><strong>Eymen Errais, Mohamed Amine Bouhlel, Raoudha Khlif et Selma Belkhodja ont \u00e9t\u00e9 \u00e9lus pour un mandat de deux ann\u00e9es \u00e0 la t\u00eate d\u2019Atuge Tunisie. <\/strong><\/em><\/p>\n<p style=\"text-align: left;\"><!--more--><\/p>\n<p style=\"text-align: left;\">Ils succ\u00e8dent aux 4 membres sortants, Eymen Errais, Ghazi El Khamsa, Nacef Bouzguenda et Samar Louati, dont les bilans moral et financier ont \u00e9t\u00e9 approuv\u00e9s lors de l&rsquo;assembl\u00e9e g\u00e9n\u00e9rale ordinaire \u00e9lective, qui s&rsquo;est d\u00e9roul\u00e9e le 12 mars 2016 \u00e0 l\u2019h\u00f4tel The R\u00e9sidence, Gammarth.<\/p>\n<p style=\"text-align: left;\">Pour assurer la continuit\u00e9 des chantiers structurants initi\u00e9s l\u2019ann\u00e9e derni\u00e8re (prospective strat\u00e9gique de l\u2019Association des Tunisiens des grandes \u00e9coles fran\u00e7aises &#8211; Atuge Tunisie, refonte du forum et du site web, etc.), le conseil d\u2019administration, nouvellement \u00e9lu, a proc\u00e9d\u00e9 \u00e0 l\u2019attribution des fonctions comme suit:\u00a0Hatem Chebeane (pr\u00e9sident, directeur ex\u00e9cutif \u2018management consulting\u2019 \u00e0 Wevioo), Amine Sellami (vice-pr\u00e9sident, directeur g\u00e9n\u00e9ral de Gefco Tunisie), Eymen Errais (secr\u00e9taire g\u00e9n\u00e9ral, directeur g\u00e9n\u00e9ral de Colombus Training), Moncef Belkhiria (tr\u00e9sorier, g\u00e9rant d\u2019Agrinord), Amine Miled (secr\u00e9taire g\u00e9n\u00e9ral adjoint, directeur associ\u00e9 (ATS), Ines Hallab (responsable PR &amp; Communication, directrice ex\u00e9cutive de HCC), Selma Belkhodja (membre du CA, responsable R&amp;D aux Vergers de Tunisie), Aida Bergaoui (membre du CA, directrice associ\u00e9e LCI), Basma Farhoud (membre du CA, charg\u00e9e de projets \u00e0 AFD), Mohamed Amine Bouhlel (membre du CA, directeur g\u00e9n\u00e9ral de Linagora Tunisie), Raoudha Khlif (membre du CA, consultante freelance) et Riadh Abid (membre du CA, Investment Banking Director \u00e0 CGF.<\/p>\n<p style=\"text-align: right;\"><strong>I. B.<\/strong> (avec communiqu\u00e9).<\/p>\n","protected":false},"excerpt":{"rendered":"<p>Eymen Errais, Mohamed Amine Bouhlel, Raoudha Khlif et Selma Belkhodja ont \u00e9t\u00e9 \u00e9lus pour un mandat de deux ann\u00e9es \u00e0 la t\u00eate d\u2019Atuge Tunisie.<\/p>\n","protected":false},"author":8,"featured_media":44511,"comment_status":"open","ping_status":"open","sticky":false,"template":"","format":"standard","meta":{"footnotes":""},"categories":[995,2433],"tags":[2454],"class_list":["post-44510","post","type-post","status-publish","format-standard","has-post-thumbnail","hentry","category-economie","category-tunisie","tag-atuge"],"yoast_head":"<!-- This site is optimized with the Yoast SEO plugin v26.6 - https:\/\/yoast.com\/wordpress\/plugins\/seo\/ -->\n<title>Atuge Tunisie : Une nouvelle direction pour 2 ans - Kapitalis<\/title>\n<meta name=\"robots\" content=\"index, follow, max-snippet:-1, max-image-preview:large, max-video-preview:-1\" \/>\n<link rel=\"canonical\" href=\"https:\/\/kapitalis.com\/tunisie\/2016\/03\/24\/atuge-tunisie-nouvelle-direction-pour-2-ans\/\" \/>\n<meta property=\"og:locale\" content=\"fr_FR\" \/>\n<meta property=\"og:type\" content=\"article\" \/>\n<meta property=\"og:title\" content=\"Atuge Tunisie : Une nouvelle direction pour 2 ans - Kapitalis\" \/>\n<meta property=\"og:description\" content=\"Eymen Errais, Mohamed Amine Bouhlel, Raoudha Khlif et Selma Belkhodja ont \u00e9t\u00e9 \u00e9lus pour un mandat de deux ann\u00e9es \u00e0 la t\u00eate d\u2019Atuge Tunisie.\" \/>\n<meta property=\"og:url\" content=\"https:\/\/kapitalis.com\/tunisie\/2016\/03\/24\/atuge-tunisie-nouvelle-direction-pour-2-ans\/\" \/>\n<meta property=\"og:site_name\" content=\"Kapitalis\" \/>\n<meta property=\"article:publisher\" content=\"https:\/\/www.facebook.com\/KapitalisInfo\/\" \/>\n<meta property=\"article:published_time\" content=\"2016-03-24T16:18:46+00:00\" \/>\n<meta property=\"article:modified_time\" content=\"2016-03-24T21:38:12+00:00\" \/>\n<meta property=\"og:image\" content=\"https:\/\/kapitalis.com\/tunisie\/wp-content\/uploads\/2022\/05\/kapitalis-logo-fb.png\" \/>\n\t<meta property=\"og:image:width\" content=\"1200\" \/>\n\t<meta property=\"og:image:height\" content=\"630\" \/>\n\t<meta property=\"og:image:type\" content=\"image\/png\" \/>\n<meta name=\"author\" content=\"webmaster kapitalis\" \/>\n<meta name=\"twitter:card\" content=\"summary_large_image\" \/>\n<meta name=\"twitter:creator\" content=\"@KapitalisInfo\" \/>\n<meta name=\"twitter:site\" content=\"@KapitalisInfo\" \/>\n<meta name=\"twitter:label1\" content=\"\u00c9crit par\" \/>\n\t<meta name=\"twitter:data1\" content=\"webmaster kapitalis\" \/>\n\t<meta name=\"twitter:label2\" content=\"Dur\u00e9e de lecture estim\u00e9e\" \/>\n\t<meta name=\"twitter:data2\" content=\"1 minute\" \/>\n<script type=\"application\/ld+json\" class=\"yoast-schema-graph\">{\"@context\":\"https:\/\/schema.org\",\"@graph\":[{\"@type\":\"Article\",\"@id\":\"https:\/\/kapitalis.com\/tunisie\/2016\/03\/24\/atuge-tunisie-nouvelle-direction-pour-2-ans\/#article\",\"isPartOf\":{\"@id\":\"https:\/\/kapitalis.com\/tunisie\/2016\/03\/24\/atuge-tunisie-nouvelle-direction-pour-2-ans\/\"},\"author\":{\"name\":\"webmaster kapitalis\",\"@id\":\"https:\/\/kapitalis.com\/tunisie\/#\/schema\/person\/d71f33a9ca44f7bad4698210b480c8e9\"},\"headline\":\"Atuge Tunisie : Une nouvelle direction pour 2 ans\",\"datePublished\":\"2016-03-24T16:18:46+00:00\",\"dateModified\":\"2016-03-24T21:38:12+00:00\",\"mainEntityOfPage\":{\"@id\":\"https:\/\/kapitalis.com\/tunisie\/2016\/03\/24\/atuge-tunisie-nouvelle-direction-pour-2-ans\/\"},\"wordCount\":266,\"commentCount\":0,\"publisher\":{\"@id\":\"https:\/\/kapitalis.com\/tunisie\/#organization\"},\"image\":{\"@id\":\"https:\/\/kapitalis.com\/tunisie\/2016\/03\/24\/atuge-tunisie-nouvelle-direction-pour-2-ans\/#primaryimage\"},\"thumbnailUrl\":\"\",\"keywords\":[\"Atuge\"],\"articleSection\":[\"ECONOMIE\",\"Tunisie\"],\"inLanguage\":\"fr-FR\",\"potentialAction\":[{\"@type\":\"CommentAction\",\"name\":\"Comment\",\"target\":[\"https:\/\/kapitalis.com\/tunisie\/2016\/03\/24\/atuge-tunisie-nouvelle-direction-pour-2-ans\/#respond\"]}]},{\"@type\":\"WebPage\",\"@id\":\"https:\/\/kapitalis.com\/tunisie\/2016\/03\/24\/atuge-tunisie-nouvelle-direction-pour-2-ans\/\",\"url\":\"https:\/\/kapitalis.com\/tunisie\/2016\/03\/24\/atuge-tunisie-nouvelle-direction-pour-2-ans\/\",\"name\":\"Atuge Tunisie : Une nouvelle direction pour 2 ans - Kapitalis\",\"isPartOf\":{\"@id\":\"https:\/\/kapitalis.com\/tunisie\/#website\"},\"primaryImageOfPage\":{\"@id\":\"https:\/\/kapitalis.com\/tunisie\/2016\/03\/24\/atuge-tunisie-nouvelle-direction-pour-2-ans\/#primaryimage\"},\"image\":{\"@id\":\"https:\/\/kapitalis.com\/tunisie\/2016\/03\/24\/atuge-tunisie-nouvelle-direction-pour-2-ans\/#primaryimage\"},\"thumbnailUrl\":\"\",\"datePublished\":\"2016-03-24T16:18:46+00:00\",\"dateModified\":\"2016-03-24T21:38:12+00:00\",\"breadcrumb\":{\"@id\":\"https:\/\/kapitalis.com\/tunisie\/2016\/03\/24\/atuge-tunisie-nouvelle-direction-pour-2-ans\/#breadcrumb\"},\"inLanguage\":\"fr-FR\",\"potentialAction\":[{\"@type\":\"ReadAction\",\"target\":[\"https:\/\/kapitalis.com\/tunisie\/2016\/03\/24\/atuge-tunisie-nouvelle-direction-pour-2-ans\/\"]}]},{\"@type\":\"ImageObject\",\"inLanguage\":\"fr-FR\",\"@id\":\"https:\/\/kapitalis.com\/tunisie\/2016\/03\/24\/atuge-tunisie-nouvelle-direction-pour-2-ans\/#primaryimage\",\"url\":\"\",\"contentUrl\":\"\"},{\"@type\":\"BreadcrumbList\",\"@id\":\"https:\/\/kapitalis.com\/tunisie\/2016\/03\/24\/atuge-tunisie-nouvelle-direction-pour-2-ans\/#breadcrumb\",\"itemListElement\":[{\"@type\":\"ListItem\",\"position\":1,\"name\":\"Accueil\",\"item\":\"https:\/\/kapitalis.com\/tunisie\/\"},{\"@type\":\"ListItem\",\"position\":2,\"name\":\"Atuge Tunisie : Une nouvelle direction pour 2 ans\"}]},{\"@type\":\"WebSite\",\"@id\":\"https:\/\/kapitalis.com\/tunisie\/#website\",\"url\":\"https:\/\/kapitalis.com\/tunisie\/\",\"name\":\"Kapitalis\",\"description\":\"L&#039;actualit\u00e9 en Tunisie et dans le monde\",\"publisher\":{\"@id\":\"https:\/\/kapitalis.com\/tunisie\/#organization\"},\"potentialAction\":[{\"@type\":\"SearchAction\",\"target\":{\"@type\":\"EntryPoint\",\"urlTemplate\":\"https:\/\/kapitalis.com\/tunisie\/?s={search_term_string}\"},\"query-input\":{\"@type\":\"PropertyValueSpecification\",\"valueRequired\":true,\"valueName\":\"search_term_string\"}}],\"inLanguage\":\"fr-FR\"},{\"@type\":\"Organization\",\"@id\":\"https:\/\/kapitalis.com\/tunisie\/#organization\",\"name\":\"Kapitalis\",\"url\":\"https:\/\/kapitalis.com\/tunisie\/\",\"logo\":{\"@type\":\"ImageObject\",\"inLanguage\":\"fr-FR\",\"@id\":\"https:\/\/kapitalis.com\/tunisie\/#\/schema\/logo\/image\/\",\"url\":\"https:\/\/kapitalis.com\/tunisie\/wp-content\/uploads\/2022\/05\/Kapitalis-big-size.png\",\"contentUrl\":\"https:\/\/kapitalis.com\/tunisie\/wp-content\/uploads\/2022\/05\/Kapitalis-big-size.png\",\"width\":5000,\"height\":1500,\"caption\":\"Kapitalis\"},\"image\":{\"@id\":\"https:\/\/kapitalis.com\/tunisie\/#\/schema\/logo\/image\/\"},\"sameAs\":[\"https:\/\/www.facebook.com\/KapitalisInfo\/\",\"https:\/\/x.com\/KapitalisInfo\",\"https:\/\/www.youtube.com\/channel\/UC-yDYrHyfFBWWZaOw3FPg9Q\"]},{\"@type\":\"Person\",\"@id\":\"https:\/\/kapitalis.com\/tunisie\/#\/schema\/person\/d71f33a9ca44f7bad4698210b480c8e9\",\"name\":\"webmaster kapitalis\",\"url\":\"https:\/\/kapitalis.com\/tunisie\/author\/webmaster-kapitalis\/\"}]}<\/script>\n<!-- \/ Yoast SEO plugin. -->","yoast_head_json":{"title":"Atuge Tunisie : Une nouvelle direction pour 2 ans - Kapitalis","robots":{"index":"index","follow":"follow","max-snippet":"max-snippet:-1","max-image-preview":"max-image-preview:large","max-video-preview":"max-video-preview:-1"},"canonical":"https:\/\/kapitalis.com\/tunisie\/2016\/03\/24\/atuge-tunisie-nouvelle-direction-pour-2-ans\/","og_locale":"fr_FR","og_type":"article","og_title":"Atuge Tunisie : Une nouvelle direction pour 2 ans - Kapitalis","og_description":"Eymen Errais, Mohamed Amine Bouhlel, Raoudha Khlif et Selma Belkhodja ont \u00e9t\u00e9 \u00e9lus pour un mandat de deux ann\u00e9es \u00e0 la t\u00eate d\u2019Atuge Tunisie.","og_url":"https:\/\/kapitalis.com\/tunisie\/2016\/03\/24\/atuge-tunisie-nouvelle-direction-pour-2-ans\/","og_site_name":"Kapitalis","article_publisher":"https:\/\/www.facebook.com\/KapitalisInfo\/","article_published_time":"2016-03-24T16:18:46+00:00","article_modified_time":"2016-03-24T21:38:12+00:00","og_image":[{"width":1200,"height":630,"url":"https:\/\/kapitalis.com\/tunisie\/wp-content\/uploads\/2022\/05\/kapitalis-logo-fb.png","type":"image\/png"}],"author":"webmaster kapitalis","twitter_card":"summary_large_image","twitter_creator":"@KapitalisInfo","twitter_site":"@KapitalisInfo","twitter_misc":{"\u00c9crit par":"webmaster kapitalis","Dur\u00e9e de lecture estim\u00e9e":"1 minute"},"schema":{"@context":"https:\/\/schema.org","@graph":[{"@type":"Article","@id":"https:\/\/kapitalis.com\/tunisie\/2016\/03\/24\/atuge-tunisie-nouvelle-direction-pour-2-ans\/#article","isPartOf":{"@id":"https:\/\/kapitalis.com\/tunisie\/2016\/03\/24\/atuge-tunisie-nouvelle-direction-pour-2-ans\/"},"author":{"name":"webmaster kapitalis","@id":"https:\/\/kapitalis.com\/tunisie\/#\/schema\/person\/d71f33a9ca44f7bad4698210b480c8e9"},"headline":"Atuge Tunisie : Une nouvelle direction pour 2 ans","datePublished":"2016-03-24T16:18:46+00:00","dateModified":"2016-03-24T21:38:12+00:00","mainEntityOfPage":{"@id":"https:\/\/kapitalis.com\/tunisie\/2016\/03\/24\/atuge-tunisie-nouvelle-direction-pour-2-ans\/"},"wordCount":266,"commentCount":0,"publisher":{"@id":"https:\/\/kapitalis.com\/tunisie\/#organization"},"image":{"@id":"https:\/\/kapitalis.com\/tunisie\/2016\/03\/24\/atuge-tunisie-nouvelle-direction-pour-2-ans\/#primaryimage"},"thumbnailUrl":"","keywords":["Atuge"],"articleSection":["ECONOMIE","Tunisie"],"inLanguage":"fr-FR","potentialAction":[{"@type":"CommentAction","name":"Comment","target":["https:\/\/kapitalis.com\/tunisie\/2016\/03\/24\/atuge-tunisie-nouvelle-direction-pour-2-ans\/#respond"]}]},{"@type":"WebPage","@id":"https:\/\/kapitalis.com\/tunisie\/2016\/03\/24\/atuge-tunisie-nouvelle-direction-pour-2-ans\/","url":"https:\/\/kapitalis.com\/tunisie\/2016\/03\/24\/atuge-tunisie-nouvelle-direction-pour-2-ans\/","name":"Atuge Tunisie : Une nouvelle direction pour 2 ans - Kapitalis","isPartOf":{"@id":"https:\/\/kapitalis.com\/tunisie\/#website"},"primaryImageOfPage":{"@id":"https:\/\/kapitalis.com\/tunisie\/2016\/03\/24\/atuge-tunisie-nouvelle-direction-pour-2-ans\/#primaryimage"},"image":{"@id":"https:\/\/kapitalis.com\/tunisie\/2016\/03\/24\/atuge-tunisie-nouvelle-direction-pour-2-ans\/#primaryimage"},"thumbnailUrl":"","datePublished":"2016-03-24T16:18:46+00:00","dateModified":"2016-03-24T21:38:12+00:00","breadcrumb":{"@id":"https:\/\/kapitalis.com\/tunisie\/2016\/03\/24\/atuge-tunisie-nouvelle-direction-pour-2-ans\/#breadcrumb"},"inLanguage":"fr-FR","potentialAction":[{"@type":"ReadAction","target":["https:\/\/kapitalis.com\/tunisie\/2016\/03\/24\/atuge-tunisie-nouvelle-direction-pour-2-ans\/"]}]},{"@type":"ImageObject","inLanguage":"fr-FR","@id":"https:\/\/kapitalis.com\/tunisie\/2016\/03\/24\/atuge-tunisie-nouvelle-direction-pour-2-ans\/#primaryimage","url":"","contentUrl":""},{"@type":"BreadcrumbList","@id":"https:\/\/kapitalis.com\/tunisie\/2016\/03\/24\/atuge-tunisie-nouvelle-direction-pour-2-ans\/#breadcrumb","itemListElement":[{"@type":"ListItem","position":1,"name":"Accueil","item":"https:\/\/kapitalis.com\/tunisie\/"},{"@type":"ListItem","position":2,"name":"Atuge Tunisie : Une nouvelle direction pour 2 ans"}]},{"@type":"WebSite","@id":"https:\/\/kapitalis.com\/tunisie\/#website","url":"https:\/\/kapitalis.com\/tunisie\/","name":"Kapitalis","description":"L&#039;actualit\u00e9 en Tunisie et dans le monde","publisher":{"@id":"https:\/\/kapitalis.com\/tunisie\/#organization"},"potentialAction":[{"@type":"SearchAction","target":{"@type":"EntryPoint","urlTemplate":"https:\/\/kapitalis.com\/tunisie\/?s={search_term_string}"},"query-input":{"@type":"PropertyValueSpecification","valueRequired":true,"valueName":"search_term_string"}}],"inLanguage":"fr-FR"},{"@type":"Organization","@id":"https:\/\/kapitalis.com\/tunisie\/#organization","name":"Kapitalis","url":"https:\/\/kapitalis.com\/tunisie\/","logo":{"@type":"ImageObject","inLanguage":"fr-FR","@id":"https:\/\/kapitalis.com\/tunisie\/#\/schema\/logo\/image\/","url":"https:\/\/kapitalis.com\/tunisie\/wp-content\/uploads\/2022\/05\/Kapitalis-big-size.png","contentUrl":"https:\/\/kapitalis.com\/tunisie\/wp-content\/uploads\/2022\/05\/Kapitalis-big-size.png","width":5000,"height":1500,"caption":"Kapitalis"},"image":{"@id":"https:\/\/kapitalis.com\/tunisie\/#\/schema\/logo\/image\/"},"sameAs":["https:\/\/www.facebook.com\/KapitalisInfo\/","https:\/\/x.com\/KapitalisInfo","https:\/\/www.youtube.com\/channel\/UC-yDYrHyfFBWWZaOw3FPg9Q"]},{"@type":"Person","@id":"https:\/\/kapitalis.com\/tunisie\/#\/schema\/person\/d71f33a9ca44f7bad4698210b480c8e9","name":"webmaster kapitalis","url":"https:\/\/kapitalis.com\/tunisie\/author\/webmaster-kapitalis\/"}]}},"_links":{"self":[{"href":"https:\/\/kapitalis.com\/tunisie\/wp-json\/wp\/v2\/posts\/44510","targetHints":{"allow":["GET"]}}],"collection":[{"href":"https:\/\/kapitalis.com\/tunisie\/wp-json\/wp\/v2\/posts"}],"about":[{"href":"https:\/\/kapitalis.com\/tunisie\/wp-json\/wp\/v2\/types\/post"}],"author":[{"embeddable":true,"href":"https:\/\/kapitalis.com\/tunisie\/wp-json\/wp\/v2\/users\/8"}],"replies":[{"embeddable":true,"href":"https:\/\/kapitalis.com\/tunisie\/wp-json\/wp\/v2\/comments?post=44510"}],"version-history":[{"count":0,"href":"https:\/\/kapitalis.com\/tunisie\/wp-json\/wp\/v2\/posts\/44510\/revisions"}],"wp:featuredmedia":[{"embeddable":true,"href":"https:\/\/kapitalis.com\/tunisie\/wp-json\/wp\/v2\/media\/44511"}],"wp:attachment":[{"href":"https:\/\/kapitalis.com\/tunisie\/wp-json\/wp\/v2\/media?parent=44510"}],"wp:term":[{"taxonomy":"category","embeddable":true,"href":"https:\/\/kapitalis.com\/tunisie\/wp-json\/wp\/v2\/categories?post=44510"},{"taxonomy":"post_tag","embeddable":true,"href":"https:\/\/kapitalis.com\/tunisie\/wp-json\/wp\/v2\/tags?post=44510"}],"curies":[{"name":"wp","href":"https:\/\/api.w.org\/{rel}","templated":true}]}}