{"id":44620,"date":"2016-03-25T14:20:05","date_gmt":"2016-03-25T13:20:05","guid":{"rendered":"http:\/\/kapitalis.com\/tunisie\/?p=44620"},"modified":"2016-03-25T15:37:56","modified_gmt":"2016-03-25T14:37:56","slug":"lonu-denonce-lexecution-dun-adolescent-palestinien-en-cisjordanie","status":"publish","type":"post","link":"https:\/\/kapitalis.com\/tunisie\/2016\/03\/25\/lonu-denonce-lexecution-dun-adolescent-palestinien-en-cisjordanie\/","title":{"rendered":"L\u2019Onu d\u00e9nonce l\u2019ex\u00e9cution d\u2019un adolescent palestinien en Cisjordanie"},"content":{"rendered":"<div class=\"embed\">\n<div class=\"video\"><iframe loading=\"lazy\" src=\"https:\/\/www.youtube.com\/embed\/0lrsW6c0tGM\" width=\"560\" height=\"315\" frameborder=\"0\" allowfullscreen=\"allowfullscreen\"><\/iframe><\/div>\n<\/div>\n<p>&nbsp;<\/p>\n<p><em><strong>L&rsquo;Onu d\u00e9nonce une \u00abapparente ex\u00e9cution extrajudiciaire\u00bb d\u2019un adolescent palestinien par des soldats isra\u00e9liens en Cisjordanie.<\/strong><\/em><\/p>\n<p><!--more--><\/p>\n<p>Cela s\u2019est pass\u00e9, jeudi 24 mars 2016 vers 8h30 \u00e0 Al-Khalil, en Cisjordanie. Deux adolescents, qui\u00a0ont\u00a0poignard\u00e9 un soldat isra\u00e9lien, ont \u00e9t\u00e9 bless\u00e9s et ma\u00eetris\u00e9s. Soudain,\u00a0un infirmier isra\u00e9lien a tir\u00e9 sur l&rsquo;un des jeunes qui \u00e9tait \u00e9tendu sur le sol et hors \u00e9tat de nuire. Il l&rsquo;a tu\u00e9 de sang-froid et la sc\u00e8ne ne semble pas avoir d\u00e9rang\u00e9 beaucoup de monde.\u00a0Elle a, cependant, \u00e9t\u00e9 film\u00e9e par un militant de B\u2019Tselem, une Ong isra\u00e9lienne de d\u00e9fense des droits humains.<\/p>\n<p>Saeb Erekat, ancien n\u00e9gociateurs palestinien avec Isra\u00ebl, a d\u00e9nonc\u00e9 cette ex\u00e9cution et parl\u00e9 d\u2019un \u00ab<em>meurtre odieux<\/em>\u00bb.<\/p>\n<p>De son c\u00f4t\u00e9, Nickolay Mladenov, envoy\u00e9 sp\u00e9cial de l\u2019Onu au Proche-Orient, a d\u00e9clar\u00e9 que cette<em> \u00abapparente ex\u00e9cution extrajudiciaire est un acte horrible, immoral et inique\u00bb<\/em>.<\/p>\n<div class=\"embed\">\n<div class=\"video\"><iframe loading=\"lazy\" src=\"https:\/\/www.youtube.com\/embed\/hWhiBSYvY6c\" width=\"560\" height=\"315\" frameborder=\"0\" allowfullscreen=\"allowfullscreen\"><\/iframe><\/div>\n<\/div>\n<p>&nbsp;<br \/>\nLe nom de la victime\u00a0n\u2019a pas encore \u00e9t\u00e9 d\u00e9voil\u00e9 mais l\u2019on sait que c\u2019est un adolescent de 17 ans. Une enqu\u00eate pourrait \u00eatre ouverte contre l\u2019infirmier-tueur.<\/p>\n<p>Rappelons qu\u2019une adolescente a \u00e9t\u00e9 tu\u00e9e par des soldats isra\u00e9liens, le 14 f\u00e9vrier dernier \u00e0 Al-Khalil, en Cisjordanie, pour\u2026 avoir d\u00e9pass\u00e9 la barri\u00e8re de s\u00e9curit\u00e9 impos\u00e9e par les forces de l\u2019occupation.<\/p>\n<p style=\"text-align: right;\"><strong>Y. N.\u00a0<\/strong><\/p>\n","protected":false},"excerpt":{"rendered":"<p>&nbsp; L&rsquo;Onu d\u00e9nonce une \u00abapparente ex\u00e9cution extrajudiciaire\u00bb d\u2019un adolescent palestinien par des soldats isra\u00e9liens en Cisjordanie.<\/p>\n","protected":false},"author":6,"featured_media":44625,"comment_status":"open","ping_status":"open","sticky":false,"template":"","format":"standard","meta":{"footnotes":""},"categories":[4806],"tags":[4027,1465,3194,8047],"class_list":["post-44620","post","type-post","status-publish","format-standard","has-post-thumbnail","hentry","category-videos","tag-cisjordanie","tag-execution","tag-onu","tag-soldats-israeliens"],"yoast_head":"<!-- This site is optimized with the Yoast SEO plugin v26.6 - https:\/\/yoast.com\/wordpress\/plugins\/seo\/ -->\n<title>L\u2019Onu d\u00e9nonce l\u2019ex\u00e9cution d\u2019un adolescent palestinien en Cisjordanie - Kapitalis<\/title>\n<meta name=\"robots\" content=\"index, follow, max-snippet:-1, max-image-preview:large, max-video-preview:-1\" \/>\n<link rel=\"canonical\" href=\"https:\/\/kapitalis.com\/tunisie\/2016\/03\/25\/lonu-denonce-lexecution-dun-adolescent-palestinien-en-cisjordanie\/\" \/>\n<meta property=\"og:locale\" content=\"fr_FR\" \/>\n<meta property=\"og:type\" content=\"article\" \/>\n<meta property=\"og:title\" content=\"L\u2019Onu d\u00e9nonce l\u2019ex\u00e9cution d\u2019un adolescent palestinien en Cisjordanie - Kapitalis\" \/>\n<meta property=\"og:description\" content=\"&nbsp; L&rsquo;Onu d\u00e9nonce une \u00abapparente ex\u00e9cution extrajudiciaire\u00bb d\u2019un adolescent palestinien par des soldats isra\u00e9liens en Cisjordanie.\" \/>\n<meta property=\"og:url\" content=\"https:\/\/kapitalis.com\/tunisie\/2016\/03\/25\/lonu-denonce-lexecution-dun-adolescent-palestinien-en-cisjordanie\/\" \/>\n<meta property=\"og:site_name\" content=\"Kapitalis\" \/>\n<meta property=\"article:publisher\" content=\"https:\/\/www.facebook.com\/KapitalisInfo\/\" \/>\n<meta property=\"article:published_time\" content=\"2016-03-25T13:20:05+00:00\" \/>\n<meta property=\"article:modified_time\" content=\"2016-03-25T14:37:56+00:00\" \/>\n<meta property=\"og:image\" content=\"https:\/\/kapitalis.com\/tunisie\/wp-content\/uploads\/2022\/05\/kapitalis-logo-fb.png\" \/>\n\t<meta property=\"og:image:width\" content=\"1200\" \/>\n\t<meta property=\"og:image:height\" content=\"630\" \/>\n\t<meta property=\"og:image:type\" content=\"image\/png\" \/>\n<meta name=\"author\" content=\"Yusra NY\" \/>\n<meta name=\"twitter:card\" content=\"summary_large_image\" \/>\n<meta name=\"twitter:creator\" content=\"@KapitalisInfo\" \/>\n<meta name=\"twitter:site\" content=\"@KapitalisInfo\" \/>\n<meta name=\"twitter:label1\" content=\"\u00c9crit par\" \/>\n\t<meta name=\"twitter:data1\" content=\"Yusra NY\" \/>\n\t<meta name=\"twitter:label2\" content=\"Dur\u00e9e de lecture estim\u00e9e\" \/>\n\t<meta name=\"twitter:data2\" content=\"1 minute\" \/>\n<script type=\"application\/ld+json\" class=\"yoast-schema-graph\">{\"@context\":\"https:\/\/schema.org\",\"@graph\":[{\"@type\":\"Article\",\"@id\":\"https:\/\/kapitalis.com\/tunisie\/2016\/03\/25\/lonu-denonce-lexecution-dun-adolescent-palestinien-en-cisjordanie\/#article\",\"isPartOf\":{\"@id\":\"https:\/\/kapitalis.com\/tunisie\/2016\/03\/25\/lonu-denonce-lexecution-dun-adolescent-palestinien-en-cisjordanie\/\"},\"author\":{\"name\":\"Yusra NY\",\"@id\":\"https:\/\/kapitalis.com\/tunisie\/#\/schema\/person\/74bbde0154d49d790a92aaeac5bc01d5\"},\"headline\":\"L\u2019Onu d\u00e9nonce l\u2019ex\u00e9cution d\u2019un adolescent palestinien en Cisjordanie\",\"datePublished\":\"2016-03-25T13:20:05+00:00\",\"dateModified\":\"2016-03-25T14:37:56+00:00\",\"mainEntityOfPage\":{\"@id\":\"https:\/\/kapitalis.com\/tunisie\/2016\/03\/25\/lonu-denonce-lexecution-dun-adolescent-palestinien-en-cisjordanie\/\"},\"wordCount\":247,\"commentCount\":15,\"publisher\":{\"@id\":\"https:\/\/kapitalis.com\/tunisie\/#organization\"},\"image\":{\"@id\":\"https:\/\/kapitalis.com\/tunisie\/2016\/03\/25\/lonu-denonce-lexecution-dun-adolescent-palestinien-en-cisjordanie\/#primaryimage\"},\"thumbnailUrl\":\"\",\"keywords\":[\"Cisjordanie\",\"ex\u00e9cution\",\"Onu\",\"soldats isra\u00e9liens\"],\"articleSection\":[\"VIDEOS\"],\"inLanguage\":\"fr-FR\",\"potentialAction\":[{\"@type\":\"CommentAction\",\"name\":\"Comment\",\"target\":[\"https:\/\/kapitalis.com\/tunisie\/2016\/03\/25\/lonu-denonce-lexecution-dun-adolescent-palestinien-en-cisjordanie\/#respond\"]}]},{\"@type\":\"WebPage\",\"@id\":\"https:\/\/kapitalis.com\/tunisie\/2016\/03\/25\/lonu-denonce-lexecution-dun-adolescent-palestinien-en-cisjordanie\/\",\"url\":\"https:\/\/kapitalis.com\/tunisie\/2016\/03\/25\/lonu-denonce-lexecution-dun-adolescent-palestinien-en-cisjordanie\/\",\"name\":\"L\u2019Onu d\u00e9nonce l\u2019ex\u00e9cution d\u2019un adolescent palestinien en Cisjordanie - Kapitalis\",\"isPartOf\":{\"@id\":\"https:\/\/kapitalis.com\/tunisie\/#website\"},\"primaryImageOfPage\":{\"@id\":\"https:\/\/kapitalis.com\/tunisie\/2016\/03\/25\/lonu-denonce-lexecution-dun-adolescent-palestinien-en-cisjordanie\/#primaryimage\"},\"image\":{\"@id\":\"https:\/\/kapitalis.com\/tunisie\/2016\/03\/25\/lonu-denonce-lexecution-dun-adolescent-palestinien-en-cisjordanie\/#primaryimage\"},\"thumbnailUrl\":\"\",\"datePublished\":\"2016-03-25T13:20:05+00:00\",\"dateModified\":\"2016-03-25T14:37:56+00:00\",\"breadcrumb\":{\"@id\":\"https:\/\/kapitalis.com\/tunisie\/2016\/03\/25\/lonu-denonce-lexecution-dun-adolescent-palestinien-en-cisjordanie\/#breadcrumb\"},\"inLanguage\":\"fr-FR\",\"potentialAction\":[{\"@type\":\"ReadAction\",\"target\":[\"https:\/\/kapitalis.com\/tunisie\/2016\/03\/25\/lonu-denonce-lexecution-dun-adolescent-palestinien-en-cisjordanie\/\"]}]},{\"@type\":\"ImageObject\",\"inLanguage\":\"fr-FR\",\"@id\":\"https:\/\/kapitalis.com\/tunisie\/2016\/03\/25\/lonu-denonce-lexecution-dun-adolescent-palestinien-en-cisjordanie\/#primaryimage\",\"url\":\"\",\"contentUrl\":\"\"},{\"@type\":\"BreadcrumbList\",\"@id\":\"https:\/\/kapitalis.com\/tunisie\/2016\/03\/25\/lonu-denonce-lexecution-dun-adolescent-palestinien-en-cisjordanie\/#breadcrumb\",\"itemListElement\":[{\"@type\":\"ListItem\",\"position\":1,\"name\":\"Accueil\",\"item\":\"https:\/\/kapitalis.com\/tunisie\/\"},{\"@type\":\"ListItem\",\"position\":2,\"name\":\"L\u2019Onu d\u00e9nonce l\u2019ex\u00e9cution d\u2019un adolescent palestinien en Cisjordanie\"}]},{\"@type\":\"WebSite\",\"@id\":\"https:\/\/kapitalis.com\/tunisie\/#website\",\"url\":\"https:\/\/kapitalis.com\/tunisie\/\",\"name\":\"Kapitalis\",\"description\":\"L&#039;actualit\u00e9 en Tunisie et dans le monde\",\"publisher\":{\"@id\":\"https:\/\/kapitalis.com\/tunisie\/#organization\"},\"potentialAction\":[{\"@type\":\"SearchAction\",\"target\":{\"@type\":\"EntryPoint\",\"urlTemplate\":\"https:\/\/kapitalis.com\/tunisie\/?s={search_term_string}\"},\"query-input\":{\"@type\":\"PropertyValueSpecification\",\"valueRequired\":true,\"valueName\":\"search_term_string\"}}],\"inLanguage\":\"fr-FR\"},{\"@type\":\"Organization\",\"@id\":\"https:\/\/kapitalis.com\/tunisie\/#organization\",\"name\":\"Kapitalis\",\"url\":\"https:\/\/kapitalis.com\/tunisie\/\",\"logo\":{\"@type\":\"ImageObject\",\"inLanguage\":\"fr-FR\",\"@id\":\"https:\/\/kapitalis.com\/tunisie\/#\/schema\/logo\/image\/\",\"url\":\"https:\/\/kapitalis.com\/tunisie\/wp-content\/uploads\/2022\/05\/Kapitalis-big-size.png\",\"contentUrl\":\"https:\/\/kapitalis.com\/tunisie\/wp-content\/uploads\/2022\/05\/Kapitalis-big-size.png\",\"width\":5000,\"height\":1500,\"caption\":\"Kapitalis\"},\"image\":{\"@id\":\"https:\/\/kapitalis.com\/tunisie\/#\/schema\/logo\/image\/\"},\"sameAs\":[\"https:\/\/www.facebook.com\/KapitalisInfo\/\",\"https:\/\/x.com\/KapitalisInfo\",\"https:\/\/www.youtube.com\/channel\/UC-yDYrHyfFBWWZaOw3FPg9Q\"]},{\"@type\":\"Person\",\"@id\":\"https:\/\/kapitalis.com\/tunisie\/#\/schema\/person\/74bbde0154d49d790a92aaeac5bc01d5\",\"name\":\"Yusra NY\",\"url\":\"https:\/\/kapitalis.com\/tunisie\/author\/yuza_adam\/\"}]}<\/script>\n<!-- \/ Yoast SEO plugin. -->","yoast_head_json":{"title":"L\u2019Onu d\u00e9nonce l\u2019ex\u00e9cution d\u2019un adolescent palestinien en Cisjordanie - Kapitalis","robots":{"index":"index","follow":"follow","max-snippet":"max-snippet:-1","max-image-preview":"max-image-preview:large","max-video-preview":"max-video-preview:-1"},"canonical":"https:\/\/kapitalis.com\/tunisie\/2016\/03\/25\/lonu-denonce-lexecution-dun-adolescent-palestinien-en-cisjordanie\/","og_locale":"fr_FR","og_type":"article","og_title":"L\u2019Onu d\u00e9nonce l\u2019ex\u00e9cution d\u2019un adolescent palestinien en Cisjordanie - Kapitalis","og_description":"&nbsp; L&rsquo;Onu d\u00e9nonce une \u00abapparente ex\u00e9cution extrajudiciaire\u00bb d\u2019un adolescent palestinien par des soldats isra\u00e9liens en Cisjordanie.","og_url":"https:\/\/kapitalis.com\/tunisie\/2016\/03\/25\/lonu-denonce-lexecution-dun-adolescent-palestinien-en-cisjordanie\/","og_site_name":"Kapitalis","article_publisher":"https:\/\/www.facebook.com\/KapitalisInfo\/","article_published_time":"2016-03-25T13:20:05+00:00","article_modified_time":"2016-03-25T14:37:56+00:00","og_image":[{"width":1200,"height":630,"url":"https:\/\/kapitalis.com\/tunisie\/wp-content\/uploads\/2022\/05\/kapitalis-logo-fb.png","type":"image\/png"}],"author":"Yusra NY","twitter_card":"summary_large_image","twitter_creator":"@KapitalisInfo","twitter_site":"@KapitalisInfo","twitter_misc":{"\u00c9crit par":"Yusra NY","Dur\u00e9e de lecture estim\u00e9e":"1 minute"},"schema":{"@context":"https:\/\/schema.org","@graph":[{"@type":"Article","@id":"https:\/\/kapitalis.com\/tunisie\/2016\/03\/25\/lonu-denonce-lexecution-dun-adolescent-palestinien-en-cisjordanie\/#article","isPartOf":{"@id":"https:\/\/kapitalis.com\/tunisie\/2016\/03\/25\/lonu-denonce-lexecution-dun-adolescent-palestinien-en-cisjordanie\/"},"author":{"name":"Yusra NY","@id":"https:\/\/kapitalis.com\/tunisie\/#\/schema\/person\/74bbde0154d49d790a92aaeac5bc01d5"},"headline":"L\u2019Onu d\u00e9nonce l\u2019ex\u00e9cution d\u2019un adolescent palestinien en Cisjordanie","datePublished":"2016-03-25T13:20:05+00:00","dateModified":"2016-03-25T14:37:56+00:00","mainEntityOfPage":{"@id":"https:\/\/kapitalis.com\/tunisie\/2016\/03\/25\/lonu-denonce-lexecution-dun-adolescent-palestinien-en-cisjordanie\/"},"wordCount":247,"commentCount":15,"publisher":{"@id":"https:\/\/kapitalis.com\/tunisie\/#organization"},"image":{"@id":"https:\/\/kapitalis.com\/tunisie\/2016\/03\/25\/lonu-denonce-lexecution-dun-adolescent-palestinien-en-cisjordanie\/#primaryimage"},"thumbnailUrl":"","keywords":["Cisjordanie","ex\u00e9cution","Onu","soldats isra\u00e9liens"],"articleSection":["VIDEOS"],"inLanguage":"fr-FR","potentialAction":[{"@type":"CommentAction","name":"Comment","target":["https:\/\/kapitalis.com\/tunisie\/2016\/03\/25\/lonu-denonce-lexecution-dun-adolescent-palestinien-en-cisjordanie\/#respond"]}]},{"@type":"WebPage","@id":"https:\/\/kapitalis.com\/tunisie\/2016\/03\/25\/lonu-denonce-lexecution-dun-adolescent-palestinien-en-cisjordanie\/","url":"https:\/\/kapitalis.com\/tunisie\/2016\/03\/25\/lonu-denonce-lexecution-dun-adolescent-palestinien-en-cisjordanie\/","name":"L\u2019Onu d\u00e9nonce l\u2019ex\u00e9cution d\u2019un adolescent palestinien en Cisjordanie - Kapitalis","isPartOf":{"@id":"https:\/\/kapitalis.com\/tunisie\/#website"},"primaryImageOfPage":{"@id":"https:\/\/kapitalis.com\/tunisie\/2016\/03\/25\/lonu-denonce-lexecution-dun-adolescent-palestinien-en-cisjordanie\/#primaryimage"},"image":{"@id":"https:\/\/kapitalis.com\/tunisie\/2016\/03\/25\/lonu-denonce-lexecution-dun-adolescent-palestinien-en-cisjordanie\/#primaryimage"},"thumbnailUrl":"","datePublished":"2016-03-25T13:20:05+00:00","dateModified":"2016-03-25T14:37:56+00:00","breadcrumb":{"@id":"https:\/\/kapitalis.com\/tunisie\/2016\/03\/25\/lonu-denonce-lexecution-dun-adolescent-palestinien-en-cisjordanie\/#breadcrumb"},"inLanguage":"fr-FR","potentialAction":[{"@type":"ReadAction","target":["https:\/\/kapitalis.com\/tunisie\/2016\/03\/25\/lonu-denonce-lexecution-dun-adolescent-palestinien-en-cisjordanie\/"]}]},{"@type":"ImageObject","inLanguage":"fr-FR","@id":"https:\/\/kapitalis.com\/tunisie\/2016\/03\/25\/lonu-denonce-lexecution-dun-adolescent-palestinien-en-cisjordanie\/#primaryimage","url":"","contentUrl":""},{"@type":"BreadcrumbList","@id":"https:\/\/kapitalis.com\/tunisie\/2016\/03\/25\/lonu-denonce-lexecution-dun-adolescent-palestinien-en-cisjordanie\/#breadcrumb","itemListElement":[{"@type":"ListItem","position":1,"name":"Accueil","item":"https:\/\/kapitalis.com\/tunisie\/"},{"@type":"ListItem","position":2,"name":"L\u2019Onu d\u00e9nonce l\u2019ex\u00e9cution d\u2019un adolescent palestinien en Cisjordanie"}]},{"@type":"WebSite","@id":"https:\/\/kapitalis.com\/tunisie\/#website","url":"https:\/\/kapitalis.com\/tunisie\/","name":"Kapitalis","description":"L&#039;actualit\u00e9 en Tunisie et dans le monde","publisher":{"@id":"https:\/\/kapitalis.com\/tunisie\/#organization"},"potentialAction":[{"@type":"SearchAction","target":{"@type":"EntryPoint","urlTemplate":"https:\/\/kapitalis.com\/tunisie\/?s={search_term_string}"},"query-input":{"@type":"PropertyValueSpecification","valueRequired":true,"valueName":"search_term_string"}}],"inLanguage":"fr-FR"},{"@type":"Organization","@id":"https:\/\/kapitalis.com\/tunisie\/#organization","name":"Kapitalis","url":"https:\/\/kapitalis.com\/tunisie\/","logo":{"@type":"ImageObject","inLanguage":"fr-FR","@id":"https:\/\/kapitalis.com\/tunisie\/#\/schema\/logo\/image\/","url":"https:\/\/kapitalis.com\/tunisie\/wp-content\/uploads\/2022\/05\/Kapitalis-big-size.png","contentUrl":"https:\/\/kapitalis.com\/tunisie\/wp-content\/uploads\/2022\/05\/Kapitalis-big-size.png","width":5000,"height":1500,"caption":"Kapitalis"},"image":{"@id":"https:\/\/kapitalis.com\/tunisie\/#\/schema\/logo\/image\/"},"sameAs":["https:\/\/www.facebook.com\/KapitalisInfo\/","https:\/\/x.com\/KapitalisInfo","https:\/\/www.youtube.com\/channel\/UC-yDYrHyfFBWWZaOw3FPg9Q"]},{"@type":"Person","@id":"https:\/\/kapitalis.com\/tunisie\/#\/schema\/person\/74bbde0154d49d790a92aaeac5bc01d5","name":"Yusra NY","url":"https:\/\/kapitalis.com\/tunisie\/author\/yuza_adam\/"}]}},"_links":{"self":[{"href":"https:\/\/kapitalis.com\/tunisie\/wp-json\/wp\/v2\/posts\/44620","targetHints":{"allow":["GET"]}}],"collection":[{"href":"https:\/\/kapitalis.com\/tunisie\/wp-json\/wp\/v2\/posts"}],"about":[{"href":"https:\/\/kapitalis.com\/tunisie\/wp-json\/wp\/v2\/types\/post"}],"author":[{"embeddable":true,"href":"https:\/\/kapitalis.com\/tunisie\/wp-json\/wp\/v2\/users\/6"}],"replies":[{"embeddable":true,"href":"https:\/\/kapitalis.com\/tunisie\/wp-json\/wp\/v2\/comments?post=44620"}],"version-history":[{"count":0,"href":"https:\/\/kapitalis.com\/tunisie\/wp-json\/wp\/v2\/posts\/44620\/revisions"}],"wp:featuredmedia":[{"embeddable":true,"href":"https:\/\/kapitalis.com\/tunisie\/wp-json\/wp\/v2\/media\/44625"}],"wp:attachment":[{"href":"https:\/\/kapitalis.com\/tunisie\/wp-json\/wp\/v2\/media?parent=44620"}],"wp:term":[{"taxonomy":"category","embeddable":true,"href":"https:\/\/kapitalis.com\/tunisie\/wp-json\/wp\/v2\/categories?post=44620"},{"taxonomy":"post_tag","embeddable":true,"href":"https:\/\/kapitalis.com\/tunisie\/wp-json\/wp\/v2\/tags?post=44620"}],"curies":[{"name":"wp","href":"https:\/\/api.w.org\/{rel}","templated":true}]}}