{"id":4484162,"date":"2022-10-11T10:49:06","date_gmt":"2022-10-11T09:49:06","guid":{"rendered":"https:\/\/kapitalis.com\/tunisie\/?p=4484162"},"modified":"2022-10-11T10:49:07","modified_gmt":"2022-10-11T09:49:07","slug":"la-fondation-ben-abbes-stichting-au-service-de-la-cooperation-entre-la-belgique-et-la-tunisie","status":"publish","type":"post","link":"https:\/\/kapitalis.com\/tunisie\/2022\/10\/11\/la-fondation-ben-abbes-stichting-au-service-de-la-cooperation-entre-la-belgique-et-la-tunisie\/","title":{"rendered":"La Fondation Ben Abbes Stichting au service de la \u00a0coop\u00e9ration entre la Belgique et la Tunisie"},"content":{"rendered":"\n<p><strong><em>La Fondation Ben Abbes Stichting, qui se donne pour mission de contribuer \u00e0 la consolidation des \u00e9changes scientifiques, p\u00e9dagogiques, culturels et socio-\u00e9conomiques entre la Belgique et la Tunisie, a \u00e9t\u00e9 officiellement lanc\u00e9e le 7 octobre 2022.<\/em><\/strong><\/p>\n\n\n\n<!--more-->\n\n\n\n<p>Il s\u2019agit d\u2019une fondation philanthropique qui sera pr\u00e9sid\u00e9e par Mahmoud Ben Abb\u00e8s, conseiller en diplomatie \u00e9conomique du Royaume de Belgique.<\/p>\n\n\n\n<p>Au cours d\u2019une c\u00e9r\u00e9monie qui s\u2019est d\u00e9roul\u00e9e \u00e0 Bruxelles, en pr\u00e9sence de personnalit\u00e9s de premier plan, dont notamment de Didier Reynders, ancien vice-Premier ministre belge et actuel Commissaire europ\u00e9en \u00e0 la Justice, et de Nabil Ammar, ambassadeur de Tunisie aupr\u00e8s du Royaume de Belgique et de l\u2019Union europ\u00e9enne, Mahmoud Ben Abb\u00e8s a expliqu\u00e9 la gen\u00e8se de cette fondation&nbsp;: <em>\u00abMon souhait \u00e9tant que Tunisiens et Belges continuent \u00e0 mieux se conna\u00eetre et \u00e0 travailler ensemble, la fondation a pour vocation d\u2019\u0153uvrer pour cet int\u00e9r\u00eat g\u00e9n\u00e9ral et commun\u00bb, <\/em>a-t-il d\u00e9clar\u00e9. &nbsp;<em>\u00abElle s\u2019inscrit aussi dans le cadre d\u2019une conscience grandissante des 17 points du Global Impact tel qu\u2019ils sont d\u00e9finis par les Nations-Unies et dont l\u2019objectif reste la recherche d\u2019un bien-\u00eatre commun\u00bb<\/em> a-t-il ajout\u00e9.<\/p>\n\n\n\n<p>De son c\u00f4t\u00e9, M. Reynders a fait part de sa pleine disposition \u00e0 soutenir l\u2019initiative et a consid\u00e9r\u00e9 qu\u2019il s\u2019agissait d\u2019<em>\u00abune mani\u00e8re de resserrer les liens entre les deux pays qui peuvent se faire, fort heureusement aussi, \u00e0 travers des initiatives que des personnalit\u00e9s attach\u00e9es aux relations bilat\u00e9rales mettent en place\u00bb.<\/em><\/p>\n\n\n\n<p>M. Reynders a annonc\u00e9 \u00e0 cette occasion sa venue le mois prochain \u00e0 Tunis et a tenu \u00e0 rappeler la longue histoire des rapports entre les deux pays. <em>\u00abJ\u2019ai eu l\u2019occasion de d\u00e9couvrir ces relations bilat\u00e9rales tr\u00e8s souvent \u00e0 travers des visites au cours desquelles on a montr\u00e9 comment d\u00e9velopper des entreprises de transport, de logistique, au d\u00e9part de la Tunisie vers l\u2019Union europ\u00e9enne et en particulier vers la Belgique, et plus r\u00e9cemment \u00e0 travers des visites d\u2019artisans et d\u2019artistes\u00bb<\/em>, a-t-il dit.<\/p>\n\n\n\n<p>Pour sa part, M. Ammar a estim\u00e9 que <em>\u00abcette nouvelle fondation est un instrument suppl\u00e9mentaire qui pourra jouer un r\u00f4le pour le rehaussement au niveau sup\u00e9rieur des liens et les contacts pour les op\u00e9rateurs \u00e9conomiques de ce pays, le potentiel en est prometteur\u00bb<\/em>.<\/p>\n\n\n\n<p>Concr\u00e8tement, la fondation va d\u00e9j\u00e0 \u0153uvrer \u00e0 mettre en place deux actions. L\u2019une \u00e0 impact \u00e9cologique et environnemental et l\u2019autre \u00e0 impact culturel.<\/p>\n\n\n\n<p>La premi\u00e8re consiste \u00e0 impr\u00e9gner la majestueuse ville de Carthage d\u2019une empreinte belge par la cr\u00e9ation d\u2019un parc \u00e0 la fois \u00e9cologique et esth\u00e9tique.<\/p>\n\n\n<div class=\"wp-block-image\">\n<figure class=\"aligncenter size-large is-resized\"><img decoding=\"async\" src=\"https:\/\/kapitalis.com\/tunisie\/wp-content\/uploads\/2022\/10\/Nabil-Ammar-Mahmoud-Abbes-Didier-Reynders-1024x538.jpg\" alt=\"\" class=\"wp-image-4484226\" width=\"600\" srcset=\"https:\/\/kapitalis.com\/tunisie\/wp-content\/uploads\/2022\/10\/Nabil-Ammar-Mahmoud-Abbes-Didier-Reynders-1024x538.jpg 1024w, https:\/\/kapitalis.com\/tunisie\/wp-content\/uploads\/2022\/10\/Nabil-Ammar-Mahmoud-Abbes-Didier-Reynders-300x158.jpg 300w, https:\/\/kapitalis.com\/tunisie\/wp-content\/uploads\/2022\/10\/Nabil-Ammar-Mahmoud-Abbes-Didier-Reynders-768x403.jpg 768w, https:\/\/kapitalis.com\/tunisie\/wp-content\/uploads\/2022\/10\/Nabil-Ammar-Mahmoud-Abbes-Didier-Reynders-580x305.jpg 580w, https:\/\/kapitalis.com\/tunisie\/wp-content\/uploads\/2022\/10\/Nabil-Ammar-Mahmoud-Abbes-Didier-Reynders-860x452.jpg 860w, https:\/\/kapitalis.com\/tunisie\/wp-content\/uploads\/2022\/10\/Nabil-Ammar-Mahmoud-Abbes-Didier-Reynders-1160x609.jpg 1160w, https:\/\/kapitalis.com\/tunisie\/wp-content\/uploads\/2022\/10\/Nabil-Ammar-Mahmoud-Abbes-Didier-Reynders.jpg 1200w\" sizes=\"(max-width: 1024px) 100vw, 1024px\" \/><figcaption><em>Nabil Ammar, Mahmoud Ben Abbes et Didier Reynders.<\/em><\/figcaption><\/figure>\n<\/div>\n\n\n<p>La deuxi\u00e8me a pour vocation de mettre les jalons pour un dialogue fructueux des cultures visant \u00e0 tisser les liens et \u00e0 \u00e9liminer les malentendus. Parole, chant, musique et danse se m\u00ealeront pour cr\u00e9er un syncr\u00e9tisme culturel et spirituel.<\/p>\n\n\n\n<p><em>\u00abJe suis conscient du fait que toute initiative, si g\u00e9n\u00e9reuse et belle soit-elle, ne peut porter ses fruits qu\u2019avec un apport humain significatif et un engagement dans un esprit pragmatique \u00e0 la recherche d\u2019une efficacit\u00e9 profitable \u00e0 nos deux pays\u00bb,<\/em> a \u00e9galement soulign\u00e9 le pr\u00e9sident de la fondation qui a tenu \u00e0 rendre hommage au regrett\u00e9 Guy Spitaels, ancien ministre et pr\u00e9sident de la Wallonie et grand ami de la Tunisie.<\/p>\n\n\n\n<p>La fondation comptera parmi ses membres des personnalit\u00e9s tunisiennes et belges de haut rang dont Me Charlotte Piers, Patrick De Beyter, Jean-Luc Calant et Me Wajdi Khalifa.<\/p>\n\n\n\n<p>C\u2019est le prestigieux Palais d\u2019Egmont de la capitale, lieu de tradition pour les rencontres internationales du Royaume de Belgique, qui a accueilli la c\u00e9r\u00e9monie d\u2019annonce. Avec le soutien de la compagnie Tunisair, elle a enregistr\u00e9 la pr\u00e9sence de plusieurs personnalit\u00e9s belges amies de la Tunisie mais \u00e9galement nombre de repr\u00e9sentants de la diaspora tunisienne en Belgique. Elle s\u2019est conclue par un d\u00e9fil\u00e9 inspir\u00e9 du patrimoine tunisien et une exposition d\u2019\u0153uvres d\u2019art et de produits d\u2019artisanat. <\/p>\n\n\n\n<p><strong><em>Communiqu\u00e9.<\/em><\/strong><\/p>\n","protected":false},"excerpt":{"rendered":"<p>La Fondation Ben Abbes Stichting se donne pour mission de contribuer \u00e0 la consolidation des \u00e9changes entre la Belgique et la Tunisie<\/p>\n","protected":false},"author":8,"featured_media":4484223,"comment_status":"open","ping_status":"open","sticky":false,"template":"","format":"standard","meta":{"footnotes":""},"categories":[997,2433],"tags":[138,170,1234,103561,103559,103562,103560,103563,92415,62643],"class_list":["post-4484162","post","type-post","status-publish","format-standard","has-post-thumbnail","hentry","category-politique","category-tunisie","tag-belgique","tag-bruxelles","tag-carthage","tag-didier-reynders","tag-fondation-ben-abbes-stichting","tag-guy-spitaels","tag-mahmoud-ben-abbes","tag-me-charlotte-piers","tag-nabil-ammar","tag-tunisie"],"yoast_head":"<!-- This site is optimized with the Yoast SEO plugin v26.6 - https:\/\/yoast.com\/wordpress\/plugins\/seo\/ -->\n<title>La Fondation Ben Abbes Stichting au service de la \u00a0coop\u00e9ration entre la Belgique et la Tunisie - Kapitalis<\/title>\n<meta name=\"robots\" content=\"index, follow, max-snippet:-1, max-image-preview:large, max-video-preview:-1\" \/>\n<link rel=\"canonical\" href=\"https:\/\/kapitalis.com\/tunisie\/2022\/10\/11\/la-fondation-ben-abbes-stichting-au-service-de-la-cooperation-entre-la-belgique-et-la-tunisie\/\" \/>\n<meta property=\"og:locale\" content=\"fr_FR\" \/>\n<meta property=\"og:type\" content=\"article\" \/>\n<meta property=\"og:title\" content=\"La Fondation Ben Abbes Stichting au service de la \u00a0coop\u00e9ration entre la Belgique et la Tunisie - Kapitalis\" \/>\n<meta property=\"og:description\" content=\"La Fondation Ben Abbes Stichting se donne pour mission de contribuer \u00e0 la consolidation des \u00e9changes entre la Belgique et la Tunisie\" \/>\n<meta property=\"og:url\" content=\"https:\/\/kapitalis.com\/tunisie\/2022\/10\/11\/la-fondation-ben-abbes-stichting-au-service-de-la-cooperation-entre-la-belgique-et-la-tunisie\/\" \/>\n<meta property=\"og:site_name\" content=\"Kapitalis\" \/>\n<meta property=\"article:publisher\" content=\"https:\/\/www.facebook.com\/KapitalisInfo\/\" \/>\n<meta property=\"article:published_time\" content=\"2022-10-11T09:49:06+00:00\" \/>\n<meta property=\"article:modified_time\" content=\"2022-10-11T09:49:07+00:00\" \/>\n<meta property=\"og:image\" content=\"https:\/\/kapitalis.com\/tunisie\/wp-content\/uploads\/2022\/10\/Fondation-Ben-Abbes.jpg\" \/>\n\t<meta property=\"og:image:width\" content=\"1200\" \/>\n\t<meta property=\"og:image:height\" content=\"630\" \/>\n\t<meta property=\"og:image:type\" content=\"image\/jpeg\" \/>\n<meta name=\"author\" content=\"webmaster kapitalis\" \/>\n<meta name=\"twitter:card\" content=\"summary_large_image\" \/>\n<meta name=\"twitter:creator\" content=\"@KapitalisInfo\" \/>\n<meta name=\"twitter:site\" content=\"@KapitalisInfo\" \/>\n<meta name=\"twitter:label1\" content=\"\u00c9crit par\" \/>\n\t<meta name=\"twitter:data1\" content=\"webmaster kapitalis\" \/>\n\t<meta name=\"twitter:label2\" content=\"Dur\u00e9e de lecture estim\u00e9e\" \/>\n\t<meta name=\"twitter:data2\" content=\"4 minutes\" \/>\n<script type=\"application\/ld+json\" class=\"yoast-schema-graph\">{\"@context\":\"https:\/\/schema.org\",\"@graph\":[{\"@type\":\"Article\",\"@id\":\"https:\/\/kapitalis.com\/tunisie\/2022\/10\/11\/la-fondation-ben-abbes-stichting-au-service-de-la-cooperation-entre-la-belgique-et-la-tunisie\/#article\",\"isPartOf\":{\"@id\":\"https:\/\/kapitalis.com\/tunisie\/2022\/10\/11\/la-fondation-ben-abbes-stichting-au-service-de-la-cooperation-entre-la-belgique-et-la-tunisie\/\"},\"author\":{\"name\":\"webmaster kapitalis\",\"@id\":\"https:\/\/kapitalis.com\/tunisie\/#\/schema\/person\/d71f33a9ca44f7bad4698210b480c8e9\"},\"headline\":\"La Fondation Ben Abbes Stichting au service de la \u00a0coop\u00e9ration entre la Belgique et la Tunisie\",\"datePublished\":\"2022-10-11T09:49:06+00:00\",\"dateModified\":\"2022-10-11T09:49:07+00:00\",\"mainEntityOfPage\":{\"@id\":\"https:\/\/kapitalis.com\/tunisie\/2022\/10\/11\/la-fondation-ben-abbes-stichting-au-service-de-la-cooperation-entre-la-belgique-et-la-tunisie\/\"},\"wordCount\":711,\"commentCount\":0,\"publisher\":{\"@id\":\"https:\/\/kapitalis.com\/tunisie\/#organization\"},\"image\":{\"@id\":\"https:\/\/kapitalis.com\/tunisie\/2022\/10\/11\/la-fondation-ben-abbes-stichting-au-service-de-la-cooperation-entre-la-belgique-et-la-tunisie\/#primaryimage\"},\"thumbnailUrl\":\"https:\/\/kapitalis.com\/tunisie\/wp-content\/uploads\/2022\/10\/Fondation-Ben-Abbes.jpg\",\"keywords\":[\"Belgique\",\"Bruxelles\",\"Carthage\",\"Didier Reynders\",\"Fondation Ben Abbes Stichting\",\"Guy Spitaels\",\"Mahmoud Ben Abb\u00e8s\",\"Me Charlotte Piers\",\"Nabil Ammar\",\"Tunisie\"],\"articleSection\":[\"POLITIQUE\",\"Tunisie\"],\"inLanguage\":\"fr-FR\",\"potentialAction\":[{\"@type\":\"CommentAction\",\"name\":\"Comment\",\"target\":[\"https:\/\/kapitalis.com\/tunisie\/2022\/10\/11\/la-fondation-ben-abbes-stichting-au-service-de-la-cooperation-entre-la-belgique-et-la-tunisie\/#respond\"]}]},{\"@type\":\"WebPage\",\"@id\":\"https:\/\/kapitalis.com\/tunisie\/2022\/10\/11\/la-fondation-ben-abbes-stichting-au-service-de-la-cooperation-entre-la-belgique-et-la-tunisie\/\",\"url\":\"https:\/\/kapitalis.com\/tunisie\/2022\/10\/11\/la-fondation-ben-abbes-stichting-au-service-de-la-cooperation-entre-la-belgique-et-la-tunisie\/\",\"name\":\"La Fondation Ben Abbes Stichting au service de la \u00a0coop\u00e9ration entre la Belgique et la Tunisie - Kapitalis\",\"isPartOf\":{\"@id\":\"https:\/\/kapitalis.com\/tunisie\/#website\"},\"primaryImageOfPage\":{\"@id\":\"https:\/\/kapitalis.com\/tunisie\/2022\/10\/11\/la-fondation-ben-abbes-stichting-au-service-de-la-cooperation-entre-la-belgique-et-la-tunisie\/#primaryimage\"},\"image\":{\"@id\":\"https:\/\/kapitalis.com\/tunisie\/2022\/10\/11\/la-fondation-ben-abbes-stichting-au-service-de-la-cooperation-entre-la-belgique-et-la-tunisie\/#primaryimage\"},\"thumbnailUrl\":\"https:\/\/kapitalis.com\/tunisie\/wp-content\/uploads\/2022\/10\/Fondation-Ben-Abbes.jpg\",\"datePublished\":\"2022-10-11T09:49:06+00:00\",\"dateModified\":\"2022-10-11T09:49:07+00:00\",\"breadcrumb\":{\"@id\":\"https:\/\/kapitalis.com\/tunisie\/2022\/10\/11\/la-fondation-ben-abbes-stichting-au-service-de-la-cooperation-entre-la-belgique-et-la-tunisie\/#breadcrumb\"},\"inLanguage\":\"fr-FR\",\"potentialAction\":[{\"@type\":\"ReadAction\",\"target\":[\"https:\/\/kapitalis.com\/tunisie\/2022\/10\/11\/la-fondation-ben-abbes-stichting-au-service-de-la-cooperation-entre-la-belgique-et-la-tunisie\/\"]}]},{\"@type\":\"ImageObject\",\"inLanguage\":\"fr-FR\",\"@id\":\"https:\/\/kapitalis.com\/tunisie\/2022\/10\/11\/la-fondation-ben-abbes-stichting-au-service-de-la-cooperation-entre-la-belgique-et-la-tunisie\/#primaryimage\",\"url\":\"https:\/\/kapitalis.com\/tunisie\/wp-content\/uploads\/2022\/10\/Fondation-Ben-Abbes.jpg\",\"contentUrl\":\"https:\/\/kapitalis.com\/tunisie\/wp-content\/uploads\/2022\/10\/Fondation-Ben-Abbes.jpg\",\"width\":1200,\"height\":630},{\"@type\":\"BreadcrumbList\",\"@id\":\"https:\/\/kapitalis.com\/tunisie\/2022\/10\/11\/la-fondation-ben-abbes-stichting-au-service-de-la-cooperation-entre-la-belgique-et-la-tunisie\/#breadcrumb\",\"itemListElement\":[{\"@type\":\"ListItem\",\"position\":1,\"name\":\"Accueil\",\"item\":\"https:\/\/kapitalis.com\/tunisie\/\"},{\"@type\":\"ListItem\",\"position\":2,\"name\":\"La Fondation Ben Abbes Stichting au service de la \u00a0coop\u00e9ration entre la Belgique et la Tunisie\"}]},{\"@type\":\"WebSite\",\"@id\":\"https:\/\/kapitalis.com\/tunisie\/#website\",\"url\":\"https:\/\/kapitalis.com\/tunisie\/\",\"name\":\"Kapitalis\",\"description\":\"L&#039;actualit\u00e9 en Tunisie et dans le monde\",\"publisher\":{\"@id\":\"https:\/\/kapitalis.com\/tunisie\/#organization\"},\"potentialAction\":[{\"@type\":\"SearchAction\",\"target\":{\"@type\":\"EntryPoint\",\"urlTemplate\":\"https:\/\/kapitalis.com\/tunisie\/?s={search_term_string}\"},\"query-input\":{\"@type\":\"PropertyValueSpecification\",\"valueRequired\":true,\"valueName\":\"search_term_string\"}}],\"inLanguage\":\"fr-FR\"},{\"@type\":\"Organization\",\"@id\":\"https:\/\/kapitalis.com\/tunisie\/#organization\",\"name\":\"Kapitalis\",\"url\":\"https:\/\/kapitalis.com\/tunisie\/\",\"logo\":{\"@type\":\"ImageObject\",\"inLanguage\":\"fr-FR\",\"@id\":\"https:\/\/kapitalis.com\/tunisie\/#\/schema\/logo\/image\/\",\"url\":\"https:\/\/kapitalis.com\/tunisie\/wp-content\/uploads\/2022\/05\/Kapitalis-big-size.png\",\"contentUrl\":\"https:\/\/kapitalis.com\/tunisie\/wp-content\/uploads\/2022\/05\/Kapitalis-big-size.png\",\"width\":5000,\"height\":1500,\"caption\":\"Kapitalis\"},\"image\":{\"@id\":\"https:\/\/kapitalis.com\/tunisie\/#\/schema\/logo\/image\/\"},\"sameAs\":[\"https:\/\/www.facebook.com\/KapitalisInfo\/\",\"https:\/\/x.com\/KapitalisInfo\",\"https:\/\/www.youtube.com\/channel\/UC-yDYrHyfFBWWZaOw3FPg9Q\"]},{\"@type\":\"Person\",\"@id\":\"https:\/\/kapitalis.com\/tunisie\/#\/schema\/person\/d71f33a9ca44f7bad4698210b480c8e9\",\"name\":\"webmaster kapitalis\",\"url\":\"https:\/\/kapitalis.com\/tunisie\/author\/webmaster-kapitalis\/\"}]}<\/script>\n<!-- \/ Yoast SEO plugin. -->","yoast_head_json":{"title":"La Fondation Ben Abbes Stichting au service de la \u00a0coop\u00e9ration entre la Belgique et la Tunisie - Kapitalis","robots":{"index":"index","follow":"follow","max-snippet":"max-snippet:-1","max-image-preview":"max-image-preview:large","max-video-preview":"max-video-preview:-1"},"canonical":"https:\/\/kapitalis.com\/tunisie\/2022\/10\/11\/la-fondation-ben-abbes-stichting-au-service-de-la-cooperation-entre-la-belgique-et-la-tunisie\/","og_locale":"fr_FR","og_type":"article","og_title":"La Fondation Ben Abbes Stichting au service de la \u00a0coop\u00e9ration entre la Belgique et la Tunisie - Kapitalis","og_description":"La Fondation Ben Abbes Stichting se donne pour mission de contribuer \u00e0 la consolidation des \u00e9changes entre la Belgique et la Tunisie","og_url":"https:\/\/kapitalis.com\/tunisie\/2022\/10\/11\/la-fondation-ben-abbes-stichting-au-service-de-la-cooperation-entre-la-belgique-et-la-tunisie\/","og_site_name":"Kapitalis","article_publisher":"https:\/\/www.facebook.com\/KapitalisInfo\/","article_published_time":"2022-10-11T09:49:06+00:00","article_modified_time":"2022-10-11T09:49:07+00:00","og_image":[{"width":1200,"height":630,"url":"https:\/\/kapitalis.com\/tunisie\/wp-content\/uploads\/2022\/10\/Fondation-Ben-Abbes.jpg","type":"image\/jpeg"}],"author":"webmaster kapitalis","twitter_card":"summary_large_image","twitter_creator":"@KapitalisInfo","twitter_site":"@KapitalisInfo","twitter_misc":{"\u00c9crit par":"webmaster kapitalis","Dur\u00e9e de lecture estim\u00e9e":"4 minutes"},"schema":{"@context":"https:\/\/schema.org","@graph":[{"@type":"Article","@id":"https:\/\/kapitalis.com\/tunisie\/2022\/10\/11\/la-fondation-ben-abbes-stichting-au-service-de-la-cooperation-entre-la-belgique-et-la-tunisie\/#article","isPartOf":{"@id":"https:\/\/kapitalis.com\/tunisie\/2022\/10\/11\/la-fondation-ben-abbes-stichting-au-service-de-la-cooperation-entre-la-belgique-et-la-tunisie\/"},"author":{"name":"webmaster kapitalis","@id":"https:\/\/kapitalis.com\/tunisie\/#\/schema\/person\/d71f33a9ca44f7bad4698210b480c8e9"},"headline":"La Fondation Ben Abbes Stichting au service de la \u00a0coop\u00e9ration entre la Belgique et la Tunisie","datePublished":"2022-10-11T09:49:06+00:00","dateModified":"2022-10-11T09:49:07+00:00","mainEntityOfPage":{"@id":"https:\/\/kapitalis.com\/tunisie\/2022\/10\/11\/la-fondation-ben-abbes-stichting-au-service-de-la-cooperation-entre-la-belgique-et-la-tunisie\/"},"wordCount":711,"commentCount":0,"publisher":{"@id":"https:\/\/kapitalis.com\/tunisie\/#organization"},"image":{"@id":"https:\/\/kapitalis.com\/tunisie\/2022\/10\/11\/la-fondation-ben-abbes-stichting-au-service-de-la-cooperation-entre-la-belgique-et-la-tunisie\/#primaryimage"},"thumbnailUrl":"https:\/\/kapitalis.com\/tunisie\/wp-content\/uploads\/2022\/10\/Fondation-Ben-Abbes.jpg","keywords":["Belgique","Bruxelles","Carthage","Didier Reynders","Fondation Ben Abbes Stichting","Guy Spitaels","Mahmoud Ben Abb\u00e8s","Me Charlotte Piers","Nabil Ammar","Tunisie"],"articleSection":["POLITIQUE","Tunisie"],"inLanguage":"fr-FR","potentialAction":[{"@type":"CommentAction","name":"Comment","target":["https:\/\/kapitalis.com\/tunisie\/2022\/10\/11\/la-fondation-ben-abbes-stichting-au-service-de-la-cooperation-entre-la-belgique-et-la-tunisie\/#respond"]}]},{"@type":"WebPage","@id":"https:\/\/kapitalis.com\/tunisie\/2022\/10\/11\/la-fondation-ben-abbes-stichting-au-service-de-la-cooperation-entre-la-belgique-et-la-tunisie\/","url":"https:\/\/kapitalis.com\/tunisie\/2022\/10\/11\/la-fondation-ben-abbes-stichting-au-service-de-la-cooperation-entre-la-belgique-et-la-tunisie\/","name":"La Fondation Ben Abbes Stichting au service de la \u00a0coop\u00e9ration entre la Belgique et la Tunisie - Kapitalis","isPartOf":{"@id":"https:\/\/kapitalis.com\/tunisie\/#website"},"primaryImageOfPage":{"@id":"https:\/\/kapitalis.com\/tunisie\/2022\/10\/11\/la-fondation-ben-abbes-stichting-au-service-de-la-cooperation-entre-la-belgique-et-la-tunisie\/#primaryimage"},"image":{"@id":"https:\/\/kapitalis.com\/tunisie\/2022\/10\/11\/la-fondation-ben-abbes-stichting-au-service-de-la-cooperation-entre-la-belgique-et-la-tunisie\/#primaryimage"},"thumbnailUrl":"https:\/\/kapitalis.com\/tunisie\/wp-content\/uploads\/2022\/10\/Fondation-Ben-Abbes.jpg","datePublished":"2022-10-11T09:49:06+00:00","dateModified":"2022-10-11T09:49:07+00:00","breadcrumb":{"@id":"https:\/\/kapitalis.com\/tunisie\/2022\/10\/11\/la-fondation-ben-abbes-stichting-au-service-de-la-cooperation-entre-la-belgique-et-la-tunisie\/#breadcrumb"},"inLanguage":"fr-FR","potentialAction":[{"@type":"ReadAction","target":["https:\/\/kapitalis.com\/tunisie\/2022\/10\/11\/la-fondation-ben-abbes-stichting-au-service-de-la-cooperation-entre-la-belgique-et-la-tunisie\/"]}]},{"@type":"ImageObject","inLanguage":"fr-FR","@id":"https:\/\/kapitalis.com\/tunisie\/2022\/10\/11\/la-fondation-ben-abbes-stichting-au-service-de-la-cooperation-entre-la-belgique-et-la-tunisie\/#primaryimage","url":"https:\/\/kapitalis.com\/tunisie\/wp-content\/uploads\/2022\/10\/Fondation-Ben-Abbes.jpg","contentUrl":"https:\/\/kapitalis.com\/tunisie\/wp-content\/uploads\/2022\/10\/Fondation-Ben-Abbes.jpg","width":1200,"height":630},{"@type":"BreadcrumbList","@id":"https:\/\/kapitalis.com\/tunisie\/2022\/10\/11\/la-fondation-ben-abbes-stichting-au-service-de-la-cooperation-entre-la-belgique-et-la-tunisie\/#breadcrumb","itemListElement":[{"@type":"ListItem","position":1,"name":"Accueil","item":"https:\/\/kapitalis.com\/tunisie\/"},{"@type":"ListItem","position":2,"name":"La Fondation Ben Abbes Stichting au service de la \u00a0coop\u00e9ration entre la Belgique et la Tunisie"}]},{"@type":"WebSite","@id":"https:\/\/kapitalis.com\/tunisie\/#website","url":"https:\/\/kapitalis.com\/tunisie\/","name":"Kapitalis","description":"L&#039;actualit\u00e9 en Tunisie et dans le monde","publisher":{"@id":"https:\/\/kapitalis.com\/tunisie\/#organization"},"potentialAction":[{"@type":"SearchAction","target":{"@type":"EntryPoint","urlTemplate":"https:\/\/kapitalis.com\/tunisie\/?s={search_term_string}"},"query-input":{"@type":"PropertyValueSpecification","valueRequired":true,"valueName":"search_term_string"}}],"inLanguage":"fr-FR"},{"@type":"Organization","@id":"https:\/\/kapitalis.com\/tunisie\/#organization","name":"Kapitalis","url":"https:\/\/kapitalis.com\/tunisie\/","logo":{"@type":"ImageObject","inLanguage":"fr-FR","@id":"https:\/\/kapitalis.com\/tunisie\/#\/schema\/logo\/image\/","url":"https:\/\/kapitalis.com\/tunisie\/wp-content\/uploads\/2022\/05\/Kapitalis-big-size.png","contentUrl":"https:\/\/kapitalis.com\/tunisie\/wp-content\/uploads\/2022\/05\/Kapitalis-big-size.png","width":5000,"height":1500,"caption":"Kapitalis"},"image":{"@id":"https:\/\/kapitalis.com\/tunisie\/#\/schema\/logo\/image\/"},"sameAs":["https:\/\/www.facebook.com\/KapitalisInfo\/","https:\/\/x.com\/KapitalisInfo","https:\/\/www.youtube.com\/channel\/UC-yDYrHyfFBWWZaOw3FPg9Q"]},{"@type":"Person","@id":"https:\/\/kapitalis.com\/tunisie\/#\/schema\/person\/d71f33a9ca44f7bad4698210b480c8e9","name":"webmaster kapitalis","url":"https:\/\/kapitalis.com\/tunisie\/author\/webmaster-kapitalis\/"}]}},"_links":{"self":[{"href":"https:\/\/kapitalis.com\/tunisie\/wp-json\/wp\/v2\/posts\/4484162","targetHints":{"allow":["GET"]}}],"collection":[{"href":"https:\/\/kapitalis.com\/tunisie\/wp-json\/wp\/v2\/posts"}],"about":[{"href":"https:\/\/kapitalis.com\/tunisie\/wp-json\/wp\/v2\/types\/post"}],"author":[{"embeddable":true,"href":"https:\/\/kapitalis.com\/tunisie\/wp-json\/wp\/v2\/users\/8"}],"replies":[{"embeddable":true,"href":"https:\/\/kapitalis.com\/tunisie\/wp-json\/wp\/v2\/comments?post=4484162"}],"version-history":[{"count":0,"href":"https:\/\/kapitalis.com\/tunisie\/wp-json\/wp\/v2\/posts\/4484162\/revisions"}],"wp:featuredmedia":[{"embeddable":true,"href":"https:\/\/kapitalis.com\/tunisie\/wp-json\/wp\/v2\/media\/4484223"}],"wp:attachment":[{"href":"https:\/\/kapitalis.com\/tunisie\/wp-json\/wp\/v2\/media?parent=4484162"}],"wp:term":[{"taxonomy":"category","embeddable":true,"href":"https:\/\/kapitalis.com\/tunisie\/wp-json\/wp\/v2\/categories?post=4484162"},{"taxonomy":"post_tag","embeddable":true,"href":"https:\/\/kapitalis.com\/tunisie\/wp-json\/wp\/v2\/tags?post=4484162"}],"curies":[{"name":"wp","href":"https:\/\/api.w.org\/{rel}","templated":true}]}}