{"id":4485184,"date":"2022-10-11T13:09:56","date_gmt":"2022-10-11T12:09:56","guid":{"rendered":"https:\/\/kapitalis.com\/tunisie\/?p=4485184"},"modified":"2022-10-11T13:09:57","modified_gmt":"2022-10-11T12:09:57","slug":"tunisie-hausse-dans-la-tarification-des-taxis-individuels-les-precisions-dun-responsable-syndical","status":"publish","type":"post","link":"https:\/\/kapitalis.com\/tunisie\/2022\/10\/11\/tunisie-hausse-dans-la-tarification-des-taxis-individuels-les-precisions-dun-responsable-syndical\/","title":{"rendered":"Tunisie &#8211; Hausse dans la tarification des taxis individuels : Les pr\u00e9cisions d&rsquo;un responsable syndical"},"content":{"rendered":"\n<p><strong><em>La rumeur de la hausse attendue dans la tarification des taxis individuels a suscit\u00e9 de nombreuses r\u00e9actions de la part des citoyens, qui subissent, dans cette p\u00e9riode, une forte augmentation des prix des produits alimentaires et qui doivent \u00e9galement faire face \u00e0 la d\u00e9t\u00e9rioration de leur pouvoir d&rsquo;achat. <\/em><\/strong><\/p>\n\n\n\n<!--more-->\n\n\n\n<p>Dans ce cadre, le secr\u00e9taire g\u00e9n\u00e9ral de l&rsquo;Union tunisienne des taxis individuels (UTTI), Faouzi Khabouchi, a assur\u00e9, dans une d\u00e9claration accord\u00e9e \u00e0 Kapitalis, ce mardi 11 octobre 2022, que le minist\u00e8re du Commerce et celui du Transport ont approuv\u00e9 la demande d&rsquo;augmenter la tarification de d\u00e9part du compteur du taxi individuel de 540 millimes \u00e0 1 dinar.<\/p>\n\n\n\n<p>Kharbouchi estime que cette demande de l&rsquo;UTTI est acceptable, notamment en comparaison avec celles d&rsquo;autres organisations syndicales lesquelles ont r\u00e9clam\u00e9 une tarification de d\u00e9part allant jusqu&rsquo;\u00e0 2,5 dinars, selon lui.<\/p>\n\n\n\n<p>Et d&rsquo;ajouter que l&rsquo;augmentation sera annonc\u00e9e par les deux minist\u00e8res pr\u00e9cit\u00e9s \u00e0 la fin de ce mois et qu&rsquo;elle s&rsquo;appliquera \u00e9galement aux autres moyens de transport irr\u00e9gulier \u00e0 l&rsquo;instar des louages et des taxis collectifs.<\/p>\n\n\n\n<p class=\"has-text-align-right\"><strong>C. B. Y.<\/strong><\/p>\n","protected":false},"excerpt":{"rendered":"<p>La rumeur de la hausse attendue dans la tarification des taxis individuels a suscit\u00e9 de nombreuses r\u00e9actions de la part des citoyens, qui subissent, dans cette p\u00e9riode, une forte augmentation des prix des produits alimentaires et qui doivent \u00e9galement faire face \u00e0 la d\u00e9t\u00e9rioration de leur pouvoir d&rsquo;achat.<\/p>\n","protected":false},"author":24,"featured_media":4191677,"comment_status":"open","ping_status":"open","sticky":false,"template":"","format":"standard","meta":{"footnotes":""},"categories":[998,2433],"tags":[31350,103573,62643,43913],"class_list":["post-4485184","post","type-post","status-publish","format-standard","has-post-thumbnail","hentry","category-societe","category-tunisie","tag-faouzi-khabouchi","tag-taxi-individuel","tag-tunisie","tag-utti"],"yoast_head":"<!-- This site is optimized with the Yoast SEO plugin v26.6 - https:\/\/yoast.com\/wordpress\/plugins\/seo\/ -->\n<title>Tunisie - Hausse dans la tarification des taxis individuels : Les pr\u00e9cisions d&#039;un responsable syndical - Kapitalis<\/title>\n<meta name=\"robots\" content=\"index, follow, max-snippet:-1, max-image-preview:large, max-video-preview:-1\" \/>\n<link rel=\"canonical\" href=\"https:\/\/kapitalis.com\/tunisie\/2022\/10\/11\/tunisie-hausse-dans-la-tarification-des-taxis-individuels-les-precisions-dun-responsable-syndical\/\" \/>\n<meta property=\"og:locale\" content=\"fr_FR\" \/>\n<meta property=\"og:type\" content=\"article\" \/>\n<meta property=\"og:title\" content=\"Tunisie - Hausse dans la tarification des taxis individuels : Les pr\u00e9cisions d&#039;un responsable syndical - Kapitalis\" \/>\n<meta property=\"og:description\" content=\"La rumeur de la hausse attendue dans la tarification des taxis individuels a suscit\u00e9 de nombreuses r\u00e9actions de la part des citoyens, qui subissent, dans cette p\u00e9riode, une forte augmentation des prix des produits alimentaires et qui doivent \u00e9galement faire face \u00e0 la d\u00e9t\u00e9rioration de leur pouvoir d&rsquo;achat.\" \/>\n<meta property=\"og:url\" content=\"https:\/\/kapitalis.com\/tunisie\/2022\/10\/11\/tunisie-hausse-dans-la-tarification-des-taxis-individuels-les-precisions-dun-responsable-syndical\/\" \/>\n<meta property=\"og:site_name\" content=\"Kapitalis\" \/>\n<meta property=\"article:publisher\" content=\"https:\/\/www.facebook.com\/KapitalisInfo\/\" \/>\n<meta property=\"article:published_time\" content=\"2022-10-11T12:09:56+00:00\" \/>\n<meta property=\"article:modified_time\" content=\"2022-10-11T12:09:57+00:00\" \/>\n<meta property=\"og:image\" content=\"https:\/\/kapitalis.com\/tunisie\/wp-content\/uploads\/2022\/09\/taxis.jpg\" \/>\n\t<meta property=\"og:image:width\" content=\"1200\" \/>\n\t<meta property=\"og:image:height\" content=\"630\" \/>\n\t<meta property=\"og:image:type\" content=\"image\/jpeg\" \/>\n<meta name=\"author\" content=\"Cherif Benyounes\" \/>\n<meta name=\"twitter:card\" content=\"summary_large_image\" \/>\n<meta name=\"twitter:creator\" content=\"@KapitalisInfo\" \/>\n<meta name=\"twitter:site\" content=\"@KapitalisInfo\" \/>\n<meta name=\"twitter:label1\" content=\"\u00c9crit par\" \/>\n\t<meta name=\"twitter:data1\" content=\"Cherif Benyounes\" \/>\n\t<meta name=\"twitter:label2\" content=\"Dur\u00e9e de lecture estim\u00e9e\" \/>\n\t<meta name=\"twitter:data2\" content=\"1 minute\" \/>\n<script type=\"application\/ld+json\" class=\"yoast-schema-graph\">{\"@context\":\"https:\/\/schema.org\",\"@graph\":[{\"@type\":\"Article\",\"@id\":\"https:\/\/kapitalis.com\/tunisie\/2022\/10\/11\/tunisie-hausse-dans-la-tarification-des-taxis-individuels-les-precisions-dun-responsable-syndical\/#article\",\"isPartOf\":{\"@id\":\"https:\/\/kapitalis.com\/tunisie\/2022\/10\/11\/tunisie-hausse-dans-la-tarification-des-taxis-individuels-les-precisions-dun-responsable-syndical\/\"},\"author\":{\"name\":\"Cherif Benyounes\",\"@id\":\"https:\/\/kapitalis.com\/tunisie\/#\/schema\/person\/b35b8d631961131107263178aeb8019e\"},\"headline\":\"Tunisie &#8211; Hausse dans la tarification des taxis individuels : Les pr\u00e9cisions d&rsquo;un responsable syndical\",\"datePublished\":\"2022-10-11T12:09:56+00:00\",\"dateModified\":\"2022-10-11T12:09:57+00:00\",\"mainEntityOfPage\":{\"@id\":\"https:\/\/kapitalis.com\/tunisie\/2022\/10\/11\/tunisie-hausse-dans-la-tarification-des-taxis-individuels-les-precisions-dun-responsable-syndical\/\"},\"wordCount\":196,\"commentCount\":1,\"publisher\":{\"@id\":\"https:\/\/kapitalis.com\/tunisie\/#organization\"},\"image\":{\"@id\":\"https:\/\/kapitalis.com\/tunisie\/2022\/10\/11\/tunisie-hausse-dans-la-tarification-des-taxis-individuels-les-precisions-dun-responsable-syndical\/#primaryimage\"},\"thumbnailUrl\":\"https:\/\/kapitalis.com\/tunisie\/wp-content\/uploads\/2022\/09\/taxis.jpg\",\"keywords\":[\"Faouzi Khabouchi\",\"taxi individuel\",\"Tunisie\",\"Utti\"],\"articleSection\":[\"SOCIETE\",\"Tunisie\"],\"inLanguage\":\"fr-FR\",\"potentialAction\":[{\"@type\":\"CommentAction\",\"name\":\"Comment\",\"target\":[\"https:\/\/kapitalis.com\/tunisie\/2022\/10\/11\/tunisie-hausse-dans-la-tarification-des-taxis-individuels-les-precisions-dun-responsable-syndical\/#respond\"]}]},{\"@type\":\"WebPage\",\"@id\":\"https:\/\/kapitalis.com\/tunisie\/2022\/10\/11\/tunisie-hausse-dans-la-tarification-des-taxis-individuels-les-precisions-dun-responsable-syndical\/\",\"url\":\"https:\/\/kapitalis.com\/tunisie\/2022\/10\/11\/tunisie-hausse-dans-la-tarification-des-taxis-individuels-les-precisions-dun-responsable-syndical\/\",\"name\":\"Tunisie - Hausse dans la tarification des taxis individuels : Les pr\u00e9cisions d'un responsable syndical - Kapitalis\",\"isPartOf\":{\"@id\":\"https:\/\/kapitalis.com\/tunisie\/#website\"},\"primaryImageOfPage\":{\"@id\":\"https:\/\/kapitalis.com\/tunisie\/2022\/10\/11\/tunisie-hausse-dans-la-tarification-des-taxis-individuels-les-precisions-dun-responsable-syndical\/#primaryimage\"},\"image\":{\"@id\":\"https:\/\/kapitalis.com\/tunisie\/2022\/10\/11\/tunisie-hausse-dans-la-tarification-des-taxis-individuels-les-precisions-dun-responsable-syndical\/#primaryimage\"},\"thumbnailUrl\":\"https:\/\/kapitalis.com\/tunisie\/wp-content\/uploads\/2022\/09\/taxis.jpg\",\"datePublished\":\"2022-10-11T12:09:56+00:00\",\"dateModified\":\"2022-10-11T12:09:57+00:00\",\"breadcrumb\":{\"@id\":\"https:\/\/kapitalis.com\/tunisie\/2022\/10\/11\/tunisie-hausse-dans-la-tarification-des-taxis-individuels-les-precisions-dun-responsable-syndical\/#breadcrumb\"},\"inLanguage\":\"fr-FR\",\"potentialAction\":[{\"@type\":\"ReadAction\",\"target\":[\"https:\/\/kapitalis.com\/tunisie\/2022\/10\/11\/tunisie-hausse-dans-la-tarification-des-taxis-individuels-les-precisions-dun-responsable-syndical\/\"]}]},{\"@type\":\"ImageObject\",\"inLanguage\":\"fr-FR\",\"@id\":\"https:\/\/kapitalis.com\/tunisie\/2022\/10\/11\/tunisie-hausse-dans-la-tarification-des-taxis-individuels-les-precisions-dun-responsable-syndical\/#primaryimage\",\"url\":\"https:\/\/kapitalis.com\/tunisie\/wp-content\/uploads\/2022\/09\/taxis.jpg\",\"contentUrl\":\"https:\/\/kapitalis.com\/tunisie\/wp-content\/uploads\/2022\/09\/taxis.jpg\",\"width\":1200,\"height\":630},{\"@type\":\"BreadcrumbList\",\"@id\":\"https:\/\/kapitalis.com\/tunisie\/2022\/10\/11\/tunisie-hausse-dans-la-tarification-des-taxis-individuels-les-precisions-dun-responsable-syndical\/#breadcrumb\",\"itemListElement\":[{\"@type\":\"ListItem\",\"position\":1,\"name\":\"Accueil\",\"item\":\"https:\/\/kapitalis.com\/tunisie\/\"},{\"@type\":\"ListItem\",\"position\":2,\"name\":\"Tunisie &#8211; Hausse dans la tarification des taxis individuels : Les pr\u00e9cisions d&rsquo;un responsable syndical\"}]},{\"@type\":\"WebSite\",\"@id\":\"https:\/\/kapitalis.com\/tunisie\/#website\",\"url\":\"https:\/\/kapitalis.com\/tunisie\/\",\"name\":\"Kapitalis\",\"description\":\"L&#039;actualit\u00e9 en Tunisie et dans le monde\",\"publisher\":{\"@id\":\"https:\/\/kapitalis.com\/tunisie\/#organization\"},\"potentialAction\":[{\"@type\":\"SearchAction\",\"target\":{\"@type\":\"EntryPoint\",\"urlTemplate\":\"https:\/\/kapitalis.com\/tunisie\/?s={search_term_string}\"},\"query-input\":{\"@type\":\"PropertyValueSpecification\",\"valueRequired\":true,\"valueName\":\"search_term_string\"}}],\"inLanguage\":\"fr-FR\"},{\"@type\":\"Organization\",\"@id\":\"https:\/\/kapitalis.com\/tunisie\/#organization\",\"name\":\"Kapitalis\",\"url\":\"https:\/\/kapitalis.com\/tunisie\/\",\"logo\":{\"@type\":\"ImageObject\",\"inLanguage\":\"fr-FR\",\"@id\":\"https:\/\/kapitalis.com\/tunisie\/#\/schema\/logo\/image\/\",\"url\":\"https:\/\/kapitalis.com\/tunisie\/wp-content\/uploads\/2022\/05\/Kapitalis-big-size.png\",\"contentUrl\":\"https:\/\/kapitalis.com\/tunisie\/wp-content\/uploads\/2022\/05\/Kapitalis-big-size.png\",\"width\":5000,\"height\":1500,\"caption\":\"Kapitalis\"},\"image\":{\"@id\":\"https:\/\/kapitalis.com\/tunisie\/#\/schema\/logo\/image\/\"},\"sameAs\":[\"https:\/\/www.facebook.com\/KapitalisInfo\/\",\"https:\/\/x.com\/KapitalisInfo\",\"https:\/\/www.youtube.com\/channel\/UC-yDYrHyfFBWWZaOw3FPg9Q\"]},{\"@type\":\"Person\",\"@id\":\"https:\/\/kapitalis.com\/tunisie\/#\/schema\/person\/b35b8d631961131107263178aeb8019e\",\"name\":\"Cherif Benyounes\",\"url\":\"https:\/\/kapitalis.com\/tunisie\/author\/cherif\/\"}]}<\/script>\n<!-- \/ Yoast SEO plugin. -->","yoast_head_json":{"title":"Tunisie - Hausse dans la tarification des taxis individuels : Les pr\u00e9cisions d'un responsable syndical - Kapitalis","robots":{"index":"index","follow":"follow","max-snippet":"max-snippet:-1","max-image-preview":"max-image-preview:large","max-video-preview":"max-video-preview:-1"},"canonical":"https:\/\/kapitalis.com\/tunisie\/2022\/10\/11\/tunisie-hausse-dans-la-tarification-des-taxis-individuels-les-precisions-dun-responsable-syndical\/","og_locale":"fr_FR","og_type":"article","og_title":"Tunisie - Hausse dans la tarification des taxis individuels : Les pr\u00e9cisions d'un responsable syndical - Kapitalis","og_description":"La rumeur de la hausse attendue dans la tarification des taxis individuels a suscit\u00e9 de nombreuses r\u00e9actions de la part des citoyens, qui subissent, dans cette p\u00e9riode, une forte augmentation des prix des produits alimentaires et qui doivent \u00e9galement faire face \u00e0 la d\u00e9t\u00e9rioration de leur pouvoir d&rsquo;achat.","og_url":"https:\/\/kapitalis.com\/tunisie\/2022\/10\/11\/tunisie-hausse-dans-la-tarification-des-taxis-individuels-les-precisions-dun-responsable-syndical\/","og_site_name":"Kapitalis","article_publisher":"https:\/\/www.facebook.com\/KapitalisInfo\/","article_published_time":"2022-10-11T12:09:56+00:00","article_modified_time":"2022-10-11T12:09:57+00:00","og_image":[{"width":1200,"height":630,"url":"https:\/\/kapitalis.com\/tunisie\/wp-content\/uploads\/2022\/09\/taxis.jpg","type":"image\/jpeg"}],"author":"Cherif Benyounes","twitter_card":"summary_large_image","twitter_creator":"@KapitalisInfo","twitter_site":"@KapitalisInfo","twitter_misc":{"\u00c9crit par":"Cherif Benyounes","Dur\u00e9e de lecture estim\u00e9e":"1 minute"},"schema":{"@context":"https:\/\/schema.org","@graph":[{"@type":"Article","@id":"https:\/\/kapitalis.com\/tunisie\/2022\/10\/11\/tunisie-hausse-dans-la-tarification-des-taxis-individuels-les-precisions-dun-responsable-syndical\/#article","isPartOf":{"@id":"https:\/\/kapitalis.com\/tunisie\/2022\/10\/11\/tunisie-hausse-dans-la-tarification-des-taxis-individuels-les-precisions-dun-responsable-syndical\/"},"author":{"name":"Cherif Benyounes","@id":"https:\/\/kapitalis.com\/tunisie\/#\/schema\/person\/b35b8d631961131107263178aeb8019e"},"headline":"Tunisie &#8211; Hausse dans la tarification des taxis individuels : Les pr\u00e9cisions d&rsquo;un responsable syndical","datePublished":"2022-10-11T12:09:56+00:00","dateModified":"2022-10-11T12:09:57+00:00","mainEntityOfPage":{"@id":"https:\/\/kapitalis.com\/tunisie\/2022\/10\/11\/tunisie-hausse-dans-la-tarification-des-taxis-individuels-les-precisions-dun-responsable-syndical\/"},"wordCount":196,"commentCount":1,"publisher":{"@id":"https:\/\/kapitalis.com\/tunisie\/#organization"},"image":{"@id":"https:\/\/kapitalis.com\/tunisie\/2022\/10\/11\/tunisie-hausse-dans-la-tarification-des-taxis-individuels-les-precisions-dun-responsable-syndical\/#primaryimage"},"thumbnailUrl":"https:\/\/kapitalis.com\/tunisie\/wp-content\/uploads\/2022\/09\/taxis.jpg","keywords":["Faouzi Khabouchi","taxi individuel","Tunisie","Utti"],"articleSection":["SOCIETE","Tunisie"],"inLanguage":"fr-FR","potentialAction":[{"@type":"CommentAction","name":"Comment","target":["https:\/\/kapitalis.com\/tunisie\/2022\/10\/11\/tunisie-hausse-dans-la-tarification-des-taxis-individuels-les-precisions-dun-responsable-syndical\/#respond"]}]},{"@type":"WebPage","@id":"https:\/\/kapitalis.com\/tunisie\/2022\/10\/11\/tunisie-hausse-dans-la-tarification-des-taxis-individuels-les-precisions-dun-responsable-syndical\/","url":"https:\/\/kapitalis.com\/tunisie\/2022\/10\/11\/tunisie-hausse-dans-la-tarification-des-taxis-individuels-les-precisions-dun-responsable-syndical\/","name":"Tunisie - Hausse dans la tarification des taxis individuels : Les pr\u00e9cisions d'un responsable syndical - Kapitalis","isPartOf":{"@id":"https:\/\/kapitalis.com\/tunisie\/#website"},"primaryImageOfPage":{"@id":"https:\/\/kapitalis.com\/tunisie\/2022\/10\/11\/tunisie-hausse-dans-la-tarification-des-taxis-individuels-les-precisions-dun-responsable-syndical\/#primaryimage"},"image":{"@id":"https:\/\/kapitalis.com\/tunisie\/2022\/10\/11\/tunisie-hausse-dans-la-tarification-des-taxis-individuels-les-precisions-dun-responsable-syndical\/#primaryimage"},"thumbnailUrl":"https:\/\/kapitalis.com\/tunisie\/wp-content\/uploads\/2022\/09\/taxis.jpg","datePublished":"2022-10-11T12:09:56+00:00","dateModified":"2022-10-11T12:09:57+00:00","breadcrumb":{"@id":"https:\/\/kapitalis.com\/tunisie\/2022\/10\/11\/tunisie-hausse-dans-la-tarification-des-taxis-individuels-les-precisions-dun-responsable-syndical\/#breadcrumb"},"inLanguage":"fr-FR","potentialAction":[{"@type":"ReadAction","target":["https:\/\/kapitalis.com\/tunisie\/2022\/10\/11\/tunisie-hausse-dans-la-tarification-des-taxis-individuels-les-precisions-dun-responsable-syndical\/"]}]},{"@type":"ImageObject","inLanguage":"fr-FR","@id":"https:\/\/kapitalis.com\/tunisie\/2022\/10\/11\/tunisie-hausse-dans-la-tarification-des-taxis-individuels-les-precisions-dun-responsable-syndical\/#primaryimage","url":"https:\/\/kapitalis.com\/tunisie\/wp-content\/uploads\/2022\/09\/taxis.jpg","contentUrl":"https:\/\/kapitalis.com\/tunisie\/wp-content\/uploads\/2022\/09\/taxis.jpg","width":1200,"height":630},{"@type":"BreadcrumbList","@id":"https:\/\/kapitalis.com\/tunisie\/2022\/10\/11\/tunisie-hausse-dans-la-tarification-des-taxis-individuels-les-precisions-dun-responsable-syndical\/#breadcrumb","itemListElement":[{"@type":"ListItem","position":1,"name":"Accueil","item":"https:\/\/kapitalis.com\/tunisie\/"},{"@type":"ListItem","position":2,"name":"Tunisie &#8211; Hausse dans la tarification des taxis individuels : Les pr\u00e9cisions d&rsquo;un responsable syndical"}]},{"@type":"WebSite","@id":"https:\/\/kapitalis.com\/tunisie\/#website","url":"https:\/\/kapitalis.com\/tunisie\/","name":"Kapitalis","description":"L&#039;actualit\u00e9 en Tunisie et dans le monde","publisher":{"@id":"https:\/\/kapitalis.com\/tunisie\/#organization"},"potentialAction":[{"@type":"SearchAction","target":{"@type":"EntryPoint","urlTemplate":"https:\/\/kapitalis.com\/tunisie\/?s={search_term_string}"},"query-input":{"@type":"PropertyValueSpecification","valueRequired":true,"valueName":"search_term_string"}}],"inLanguage":"fr-FR"},{"@type":"Organization","@id":"https:\/\/kapitalis.com\/tunisie\/#organization","name":"Kapitalis","url":"https:\/\/kapitalis.com\/tunisie\/","logo":{"@type":"ImageObject","inLanguage":"fr-FR","@id":"https:\/\/kapitalis.com\/tunisie\/#\/schema\/logo\/image\/","url":"https:\/\/kapitalis.com\/tunisie\/wp-content\/uploads\/2022\/05\/Kapitalis-big-size.png","contentUrl":"https:\/\/kapitalis.com\/tunisie\/wp-content\/uploads\/2022\/05\/Kapitalis-big-size.png","width":5000,"height":1500,"caption":"Kapitalis"},"image":{"@id":"https:\/\/kapitalis.com\/tunisie\/#\/schema\/logo\/image\/"},"sameAs":["https:\/\/www.facebook.com\/KapitalisInfo\/","https:\/\/x.com\/KapitalisInfo","https:\/\/www.youtube.com\/channel\/UC-yDYrHyfFBWWZaOw3FPg9Q"]},{"@type":"Person","@id":"https:\/\/kapitalis.com\/tunisie\/#\/schema\/person\/b35b8d631961131107263178aeb8019e","name":"Cherif Benyounes","url":"https:\/\/kapitalis.com\/tunisie\/author\/cherif\/"}]}},"_links":{"self":[{"href":"https:\/\/kapitalis.com\/tunisie\/wp-json\/wp\/v2\/posts\/4485184","targetHints":{"allow":["GET"]}}],"collection":[{"href":"https:\/\/kapitalis.com\/tunisie\/wp-json\/wp\/v2\/posts"}],"about":[{"href":"https:\/\/kapitalis.com\/tunisie\/wp-json\/wp\/v2\/types\/post"}],"author":[{"embeddable":true,"href":"https:\/\/kapitalis.com\/tunisie\/wp-json\/wp\/v2\/users\/24"}],"replies":[{"embeddable":true,"href":"https:\/\/kapitalis.com\/tunisie\/wp-json\/wp\/v2\/comments?post=4485184"}],"version-history":[{"count":0,"href":"https:\/\/kapitalis.com\/tunisie\/wp-json\/wp\/v2\/posts\/4485184\/revisions"}],"wp:featuredmedia":[{"embeddable":true,"href":"https:\/\/kapitalis.com\/tunisie\/wp-json\/wp\/v2\/media\/4191677"}],"wp:attachment":[{"href":"https:\/\/kapitalis.com\/tunisie\/wp-json\/wp\/v2\/media?parent=4485184"}],"wp:term":[{"taxonomy":"category","embeddable":true,"href":"https:\/\/kapitalis.com\/tunisie\/wp-json\/wp\/v2\/categories?post=4485184"},{"taxonomy":"post_tag","embeddable":true,"href":"https:\/\/kapitalis.com\/tunisie\/wp-json\/wp\/v2\/tags?post=4485184"}],"curies":[{"name":"wp","href":"https:\/\/api.w.org\/{rel}","templated":true}]}}