{"id":4495941,"date":"2022-10-12T10:18:26","date_gmt":"2022-10-12T09:18:26","guid":{"rendered":"https:\/\/kapitalis.com\/tunisie\/?p=4495941"},"modified":"2022-10-12T10:18:29","modified_gmt":"2022-10-12T09:18:29","slug":"tunisie-le-decollage-est-pour-bientot","status":"publish","type":"post","link":"https:\/\/kapitalis.com\/tunisie\/2022\/10\/12\/tunisie-le-decollage-est-pour-bientot\/","title":{"rendered":"Tunisie\u00a0: le d\u00e9collage est pour bient\u00f4t !"},"content":{"rendered":"\n<p><strong><em>Ne cherchez surtout pas des co\u00efncidences entre ce qui est racont\u00e9 dans ce billet et la r\u00e9alit\u00e9 que vivent aujourd\u2019hui les Tunisiens, car il n\u2019y en a malheureusement aucune\u00a0! \u00a0<\/em><\/strong><\/p>\n\n\n\n<p>Par <strong>Mounir Chebil <\/strong>*<\/p>\n\n\n\n<!--more-->\n\n\n<div class=\"wp-block-image\">\n<figure class=\"alignleft size-full\"><img decoding=\"async\" src=\"http:\/\/kapitalis.com\/tunisie\/wp-content\/uploads\/2020\/08\/Mounir-Chebil-2.jpg\" alt=\"\" class=\"wp-image-312661\"\/><\/figure>\n<\/div>\n\n\n<p>Le 8 octobre 2022, le pr\u00e9sident de la r\u00e9publique Ka\u00efs Sa\u00efed s\u2019est enfin entretenu avec le ministre de l\u2019Agriculture, des Ressources hydrauliques et de la P\u00eache, Elyes Hamza. Il n&rsquo;est jamais trop tard pour prendre les d\u00e9cisions audacieuses pour l&rsquo;avenir du pays o\u00f9 rien ne sera plus comme avant. Jugez-en&#8230;  <\/p>\n\n\n\n<p>L\u2019entretien a port\u00e9 sur l\u2019\u00e9tat des barrages du pays. Une liste a \u00e9t\u00e9 dress\u00e9e sur ceux qui m\u00e9ritent le curage, vu la vase accumul\u00e9e dans leur fond et ce pour augmenter leur capacit\u00e9 de remplissage. Par ailleurs, un \u00e9tat des barrages qui n\u00e9cessitent des travaux d\u2019entretien et de r\u00e9paration a \u00e9t\u00e9 \u00e9tabli. Des barrages collinaires doivent \u00eatre r\u00e9alis\u00e9s et les p\u00e9rim\u00e8tres irrigu\u00e9s doivent \u00eatre \u00e9tendus. S\u00e9ance tenante, des fonds ont \u00e9t\u00e9 allou\u00e9s \u00e0 cet effet pour permettre \u00e0 la Tunisie de sortir dans les meilleurs d\u00e9lais de sa situation actuelle de stress hydrique, aggrav\u00e9e par le changement climatique.<\/p>\n\n\n\n<h2 class=\"wp-block-heading\">La r\u00e9volution agraire est en marche<\/h2>\n\n\n\n<p>Il a \u00e9t\u00e9 d\u00e9cid\u00e9 au cours de cette r\u00e9union de valoriser les terres domaniales laiss\u00e9es \u00e0 l\u2019abandon et de les convertir pour la c\u00e9r\u00e9aliculture pour assurer notre ind\u00e9pendance alimentaire et \u00e9quilibrer notre balance commerciale, dont le d\u00e9ficit astronomique est aggrav\u00e9 par les importations de c\u00e9r\u00e9ales, sachant que les cours du bl\u00e9 sur le march\u00e9 mondial ont beaucoup augment\u00e9 depuis le d\u00e9clenchement de la guerre russo-ukrainienne et que la production nationale dans ce domaine reste tr\u00e8s insuffisante.<\/p>\n\n\n\n<figure class=\"wp-block-embed is-type-wp-embed is-provider-kapitalis wp-block-embed-kapitalis\"><div class=\"wp-block-embed__wrapper\">\n<blockquote class=\"wp-embedded-content\" data-secret=\"VhlaCdqrCu\"><a href=\"https:\/\/kapitalis.com\/tunisie\/2022\/09\/28\/demain-la-tunisie-sera-meilleure\/\">Demain, la Tunisie sera meilleure\u00a0!<\/a><\/blockquote><iframe loading=\"lazy\" class=\"wp-embedded-content\" sandbox=\"allow-scripts\" security=\"restricted\" style=\"position: absolute; clip: rect(1px, 1px, 1px, 1px);\" title=\"\u00ab\u00a0Demain, la Tunisie sera meilleure\u00a0!\u00a0\u00bb &#8212; Kapitalis\" src=\"https:\/\/kapitalis.com\/tunisie\/2022\/09\/28\/demain-la-tunisie-sera-meilleure\/embed\/#?secret=98MFm5ZAmV#?secret=VhlaCdqrCu\" data-secret=\"VhlaCdqrCu\" width=\"600\" height=\"338\" frameborder=\"0\" marginwidth=\"0\" marginheight=\"0\" scrolling=\"no\"><\/iframe>\n<\/div><\/figure>\n\n\n\n<p>Pour les firmes de l\u2019Etat, dont la plupart souffrent de mauvaise gestion et de son corollaire, les d\u00e9ficits accumul\u00e9s, il s\u2019agit de travailler \u00e0 leur restructuration pour leur assurer une rentabilit\u00e9 optimale. L\u00e0 aussi, le pr\u00e9sident de la r\u00e9publique a mobilis\u00e9 les fonds pour garantir la r\u00e9ussite de telles op\u00e9rations.<\/p>\n\n\n\n<p>Une r\u00e9forme agraire doit \u00eatre engag\u00e9e dans les plus brefs d\u00e9lais pour optimiser nos potentialit\u00e9s dans le domaine agricole et r\u00e9duire notre d\u00e9pendance de l\u2019ext\u00e9rieur en plusieurs (bl\u00e9 tendre, huiles v\u00e9g\u00e9tales, sucre, etc.). La verte Tunisie lou\u00e9e par les anciens voyageurs doit regagner en verdure comme stipul\u00e9 au pr\u00e9ambule de la constitution.<\/p>\n\n\n\n<p>Un code d\u2019incitation \u00e0 l\u2019investissement dans le secteur agricole a d\u2019ailleurs \u00e9t\u00e9 pr\u00e9par\u00e9 et il doit \u00eatre bient\u00f4t promulgu\u00e9. Il pr\u00e9voit des mesures d\u2019encouragement en aval et des incitations fiscales en amont en faveur des agriculteurs.<\/p>\n\n\n\n<p>Les semences et les engrais seront distribu\u00e9s gratuitement et aux moments opportuns. Les \u00e9leveurs n\u2019auront plus \u00e0 subir le diktat des sp\u00e9culateurs. Le filet et le gigot d\u2019agneau doivent \u00eatre dans les cuisines de tous les Tunisiens. \u00a0\u00a0<\/p>\n\n\n\n<h2 class=\"wp-block-heading\"><em>\u00abWinou El-P\u00e9trol\u00a0?\u00bb<\/em><\/h2>\n\n\n\n<p>Les ing\u00e9nieurs du minist\u00e8re de l\u2019Agriculture doivent se d\u00e9placer sur terrain pour porter assistance aux agriculteurs et les conseiller sur les cultures les plus opportunes et les m\u00e9thodes \u00e0 utiliser pour les rentabiliser. Ces ing\u00e9nieurs doivent se d\u00e9placer par leurs propres moyens, car il faut \u00e9conomiser les frais des voitures de fonction et les voitures de services. En cas d\u2019urgence, des \u00e2nes ou des mulets seraient mis \u00e0 leur disposition pour les d\u00e9placements en rase campagne et dans les montagnes, car l\u2019essence se fait rare. <em>\u00abWinou El-P\u00e9trol\u00a0?\u00bb<\/em>\u00a0avait-on lanc\u00e9 en 2014 et 2015 !<\/p>\n\n\n\n<figure class=\"wp-block-embed is-type-wp-embed is-provider-kapitalis wp-block-embed-kapitalis\"><div class=\"wp-block-embed__wrapper\">\n<blockquote class=\"wp-embedded-content\" data-secret=\"M8tsIciVlj\"><a href=\"https:\/\/kapitalis.com\/tunisie\/2022\/09\/14\/tunisie-kais-saied-impuissant-face-a-la-penurie-de-sucre\/\">Tunisie\u00a0: Ka\u00efs Sa\u00efed impuissant face \u00e0 la p\u00e9nurie de sucre<\/a><\/blockquote><iframe loading=\"lazy\" class=\"wp-embedded-content\" sandbox=\"allow-scripts\" security=\"restricted\" style=\"position: absolute; clip: rect(1px, 1px, 1px, 1px);\" title=\"\u00ab\u00a0Tunisie\u00a0: Ka\u00efs Sa\u00efed impuissant face \u00e0 la p\u00e9nurie de sucre\u00a0\u00bb &#8212; Kapitalis\" src=\"https:\/\/kapitalis.com\/tunisie\/2022\/09\/14\/tunisie-kais-saied-impuissant-face-a-la-penurie-de-sucre\/embed\/#?secret=OhBe9xHk5s#?secret=M8tsIciVlj\" data-secret=\"M8tsIciVlj\" width=\"600\" height=\"338\" frameborder=\"0\" marginwidth=\"0\" marginheight=\"0\" scrolling=\"no\"><\/iframe>\n<\/div><\/figure>\n\n\n\n<p>Enfin, le pr\u00e9sident de la r\u00e9publique a insist\u00e9 sur la neutralit\u00e9 de l\u2019administration, il en d\u00e9coule que les agents et les cadres du minist\u00e8re de l\u2019Agriculture doivent renoncer \u00e0 tout engagement partisan et cesser d\u2019assister aux r\u00e9unions des partis politiques.<\/p>\n\n\n\n<p>La police politique veille au grain et l\u2019\u00e9p\u00e9e de Damocl\u00e8s est suspendue sur la t\u00eate de la nation tout enti\u00e8re, pr\u00eate \u00e0 s\u2019abattre sur tout contrevenant.<\/p>\n\n\n\n<p>Le pr\u00e9sident n\u2019a pas parl\u00e9 de l\u2019engagement dans les cellules de coordination, les fameuses <em>\u00abtansiqiyat\u00bb<\/em> anim\u00e9es par ses partisans. En principe, ce que la loi n\u2019a pas d\u00e9fendu, et notre pr\u00e9sident EST LA LOI, demeure permis.<\/p>\n\n\n\n<p>* <em>Ancien haut cadre de la fonction publique \u00e0 la retraite.<\/em><\/p>\n","protected":false},"excerpt":{"rendered":"<p>Il n&rsquo;est jamais trop tard pour prendre les d\u00e9cisions audacieuses pour l&rsquo;avenir de la Tunisie, et avec Ka\u00efs Sa\u00efed rien ne sera plus comme avant.<\/p>\n","protected":false},"author":8,"featured_media":4496109,"comment_status":"open","ping_status":"open","sticky":false,"template":"","format":"standard","meta":{"footnotes":""},"categories":[992,997,1000,2433],"tags":[47,16020,1203,95772,100961,76012,87200,103606,895,62643],"class_list":["post-4495941","post","type-post","status-publish","format-standard","has-post-thumbnail","hentry","category-a-la-une","category-politique","category-tribune","category-tunisie","tag-agriculture","tag-barrages","tag-cereales","tag-elyes-hamza","tag-engrais","tag-kais-saied-2","tag-mounir-chebil-2","tag-reforme-agraire","tag-terres-domaniales","tag-tunisie"],"yoast_head":"<!-- This site is optimized with the Yoast SEO plugin v26.6 - https:\/\/yoast.com\/wordpress\/plugins\/seo\/ -->\n<title>Tunisie\u00a0: le d\u00e9collage est pour bient\u00f4t ! - Kapitalis<\/title>\n<meta name=\"robots\" content=\"index, follow, max-snippet:-1, max-image-preview:large, max-video-preview:-1\" \/>\n<link rel=\"canonical\" href=\"https:\/\/kapitalis.com\/tunisie\/2022\/10\/12\/tunisie-le-decollage-est-pour-bientot\/\" \/>\n<meta property=\"og:locale\" content=\"fr_FR\" \/>\n<meta property=\"og:type\" content=\"article\" \/>\n<meta property=\"og:title\" content=\"Tunisie\u00a0: le d\u00e9collage est pour bient\u00f4t ! - Kapitalis\" \/>\n<meta property=\"og:description\" content=\"Il n&#039;est jamais trop tard pour prendre les d\u00e9cisions audacieuses pour l&#039;avenir de la Tunisie, et avec Ka\u00efs Sa\u00efed rien ne sera plus comme avant.\" \/>\n<meta property=\"og:url\" content=\"https:\/\/kapitalis.com\/tunisie\/2022\/10\/12\/tunisie-le-decollage-est-pour-bientot\/\" \/>\n<meta property=\"og:site_name\" content=\"Kapitalis\" \/>\n<meta property=\"article:publisher\" content=\"https:\/\/www.facebook.com\/KapitalisInfo\/\" \/>\n<meta property=\"article:published_time\" content=\"2022-10-12T09:18:26+00:00\" \/>\n<meta property=\"article:modified_time\" content=\"2022-10-12T09:18:29+00:00\" \/>\n<meta property=\"og:image\" content=\"https:\/\/kapitalis.com\/tunisie\/wp-content\/uploads\/2022\/10\/Kais-Saied-Fete-arbre.jpg\" \/>\n\t<meta property=\"og:image:width\" content=\"1200\" \/>\n\t<meta property=\"og:image:height\" content=\"630\" \/>\n\t<meta property=\"og:image:type\" content=\"image\/jpeg\" \/>\n<meta name=\"author\" content=\"webmaster kapitalis\" \/>\n<meta name=\"twitter:card\" content=\"summary_large_image\" \/>\n<meta name=\"twitter:creator\" content=\"@KapitalisInfo\" \/>\n<meta name=\"twitter:site\" content=\"@KapitalisInfo\" \/>\n<meta name=\"twitter:label1\" content=\"\u00c9crit par\" \/>\n\t<meta name=\"twitter:data1\" content=\"webmaster kapitalis\" \/>\n\t<meta name=\"twitter:label2\" content=\"Dur\u00e9e de lecture estim\u00e9e\" \/>\n\t<meta name=\"twitter:data2\" content=\"4 minutes\" \/>\n<script type=\"application\/ld+json\" class=\"yoast-schema-graph\">{\"@context\":\"https:\/\/schema.org\",\"@graph\":[{\"@type\":\"Article\",\"@id\":\"https:\/\/kapitalis.com\/tunisie\/2022\/10\/12\/tunisie-le-decollage-est-pour-bientot\/#article\",\"isPartOf\":{\"@id\":\"https:\/\/kapitalis.com\/tunisie\/2022\/10\/12\/tunisie-le-decollage-est-pour-bientot\/\"},\"author\":{\"name\":\"webmaster kapitalis\",\"@id\":\"https:\/\/kapitalis.com\/tunisie\/#\/schema\/person\/d71f33a9ca44f7bad4698210b480c8e9\"},\"headline\":\"Tunisie\u00a0: le d\u00e9collage est pour bient\u00f4t !\",\"datePublished\":\"2022-10-12T09:18:26+00:00\",\"dateModified\":\"2022-10-12T09:18:29+00:00\",\"mainEntityOfPage\":{\"@id\":\"https:\/\/kapitalis.com\/tunisie\/2022\/10\/12\/tunisie-le-decollage-est-pour-bientot\/\"},\"wordCount\":754,\"commentCount\":2,\"publisher\":{\"@id\":\"https:\/\/kapitalis.com\/tunisie\/#organization\"},\"image\":{\"@id\":\"https:\/\/kapitalis.com\/tunisie\/2022\/10\/12\/tunisie-le-decollage-est-pour-bientot\/#primaryimage\"},\"thumbnailUrl\":\"https:\/\/kapitalis.com\/tunisie\/wp-content\/uploads\/2022\/10\/Kais-Saied-Fete-arbre.jpg\",\"keywords\":[\"Agriculture\",\"barrages\",\"c\u00e9r\u00e9ales\",\"Elyes Hamza\",\"engrais\",\"Ka\u00efs Sa\u00efed\",\"Mounir Chebil\",\"r\u00e9forme agraire\",\"terres domaniales\",\"Tunisie\"],\"articleSection\":[\"A LA UNE\",\"POLITIQUE\",\"TRIBUNE\",\"Tunisie\"],\"inLanguage\":\"fr-FR\",\"potentialAction\":[{\"@type\":\"CommentAction\",\"name\":\"Comment\",\"target\":[\"https:\/\/kapitalis.com\/tunisie\/2022\/10\/12\/tunisie-le-decollage-est-pour-bientot\/#respond\"]}]},{\"@type\":\"WebPage\",\"@id\":\"https:\/\/kapitalis.com\/tunisie\/2022\/10\/12\/tunisie-le-decollage-est-pour-bientot\/\",\"url\":\"https:\/\/kapitalis.com\/tunisie\/2022\/10\/12\/tunisie-le-decollage-est-pour-bientot\/\",\"name\":\"Tunisie\u00a0: le d\u00e9collage est pour bient\u00f4t ! - Kapitalis\",\"isPartOf\":{\"@id\":\"https:\/\/kapitalis.com\/tunisie\/#website\"},\"primaryImageOfPage\":{\"@id\":\"https:\/\/kapitalis.com\/tunisie\/2022\/10\/12\/tunisie-le-decollage-est-pour-bientot\/#primaryimage\"},\"image\":{\"@id\":\"https:\/\/kapitalis.com\/tunisie\/2022\/10\/12\/tunisie-le-decollage-est-pour-bientot\/#primaryimage\"},\"thumbnailUrl\":\"https:\/\/kapitalis.com\/tunisie\/wp-content\/uploads\/2022\/10\/Kais-Saied-Fete-arbre.jpg\",\"datePublished\":\"2022-10-12T09:18:26+00:00\",\"dateModified\":\"2022-10-12T09:18:29+00:00\",\"breadcrumb\":{\"@id\":\"https:\/\/kapitalis.com\/tunisie\/2022\/10\/12\/tunisie-le-decollage-est-pour-bientot\/#breadcrumb\"},\"inLanguage\":\"fr-FR\",\"potentialAction\":[{\"@type\":\"ReadAction\",\"target\":[\"https:\/\/kapitalis.com\/tunisie\/2022\/10\/12\/tunisie-le-decollage-est-pour-bientot\/\"]}]},{\"@type\":\"ImageObject\",\"inLanguage\":\"fr-FR\",\"@id\":\"https:\/\/kapitalis.com\/tunisie\/2022\/10\/12\/tunisie-le-decollage-est-pour-bientot\/#primaryimage\",\"url\":\"https:\/\/kapitalis.com\/tunisie\/wp-content\/uploads\/2022\/10\/Kais-Saied-Fete-arbre.jpg\",\"contentUrl\":\"https:\/\/kapitalis.com\/tunisie\/wp-content\/uploads\/2022\/10\/Kais-Saied-Fete-arbre.jpg\",\"width\":1200,\"height\":630},{\"@type\":\"BreadcrumbList\",\"@id\":\"https:\/\/kapitalis.com\/tunisie\/2022\/10\/12\/tunisie-le-decollage-est-pour-bientot\/#breadcrumb\",\"itemListElement\":[{\"@type\":\"ListItem\",\"position\":1,\"name\":\"Accueil\",\"item\":\"https:\/\/kapitalis.com\/tunisie\/\"},{\"@type\":\"ListItem\",\"position\":2,\"name\":\"Tunisie\u00a0: le d\u00e9collage est pour bient\u00f4t !\"}]},{\"@type\":\"WebSite\",\"@id\":\"https:\/\/kapitalis.com\/tunisie\/#website\",\"url\":\"https:\/\/kapitalis.com\/tunisie\/\",\"name\":\"Kapitalis\",\"description\":\"L&#039;actualit\u00e9 en Tunisie et dans le monde\",\"publisher\":{\"@id\":\"https:\/\/kapitalis.com\/tunisie\/#organization\"},\"potentialAction\":[{\"@type\":\"SearchAction\",\"target\":{\"@type\":\"EntryPoint\",\"urlTemplate\":\"https:\/\/kapitalis.com\/tunisie\/?s={search_term_string}\"},\"query-input\":{\"@type\":\"PropertyValueSpecification\",\"valueRequired\":true,\"valueName\":\"search_term_string\"}}],\"inLanguage\":\"fr-FR\"},{\"@type\":\"Organization\",\"@id\":\"https:\/\/kapitalis.com\/tunisie\/#organization\",\"name\":\"Kapitalis\",\"url\":\"https:\/\/kapitalis.com\/tunisie\/\",\"logo\":{\"@type\":\"ImageObject\",\"inLanguage\":\"fr-FR\",\"@id\":\"https:\/\/kapitalis.com\/tunisie\/#\/schema\/logo\/image\/\",\"url\":\"https:\/\/kapitalis.com\/tunisie\/wp-content\/uploads\/2022\/05\/Kapitalis-big-size.png\",\"contentUrl\":\"https:\/\/kapitalis.com\/tunisie\/wp-content\/uploads\/2022\/05\/Kapitalis-big-size.png\",\"width\":5000,\"height\":1500,\"caption\":\"Kapitalis\"},\"image\":{\"@id\":\"https:\/\/kapitalis.com\/tunisie\/#\/schema\/logo\/image\/\"},\"sameAs\":[\"https:\/\/www.facebook.com\/KapitalisInfo\/\",\"https:\/\/x.com\/KapitalisInfo\",\"https:\/\/www.youtube.com\/channel\/UC-yDYrHyfFBWWZaOw3FPg9Q\"]},{\"@type\":\"Person\",\"@id\":\"https:\/\/kapitalis.com\/tunisie\/#\/schema\/person\/d71f33a9ca44f7bad4698210b480c8e9\",\"name\":\"webmaster kapitalis\",\"url\":\"https:\/\/kapitalis.com\/tunisie\/author\/webmaster-kapitalis\/\"}]}<\/script>\n<!-- \/ Yoast SEO plugin. -->","yoast_head_json":{"title":"Tunisie\u00a0: le d\u00e9collage est pour bient\u00f4t ! - Kapitalis","robots":{"index":"index","follow":"follow","max-snippet":"max-snippet:-1","max-image-preview":"max-image-preview:large","max-video-preview":"max-video-preview:-1"},"canonical":"https:\/\/kapitalis.com\/tunisie\/2022\/10\/12\/tunisie-le-decollage-est-pour-bientot\/","og_locale":"fr_FR","og_type":"article","og_title":"Tunisie\u00a0: le d\u00e9collage est pour bient\u00f4t ! - Kapitalis","og_description":"Il n'est jamais trop tard pour prendre les d\u00e9cisions audacieuses pour l'avenir de la Tunisie, et avec Ka\u00efs Sa\u00efed rien ne sera plus comme avant.","og_url":"https:\/\/kapitalis.com\/tunisie\/2022\/10\/12\/tunisie-le-decollage-est-pour-bientot\/","og_site_name":"Kapitalis","article_publisher":"https:\/\/www.facebook.com\/KapitalisInfo\/","article_published_time":"2022-10-12T09:18:26+00:00","article_modified_time":"2022-10-12T09:18:29+00:00","og_image":[{"width":1200,"height":630,"url":"https:\/\/kapitalis.com\/tunisie\/wp-content\/uploads\/2022\/10\/Kais-Saied-Fete-arbre.jpg","type":"image\/jpeg"}],"author":"webmaster kapitalis","twitter_card":"summary_large_image","twitter_creator":"@KapitalisInfo","twitter_site":"@KapitalisInfo","twitter_misc":{"\u00c9crit par":"webmaster kapitalis","Dur\u00e9e de lecture estim\u00e9e":"4 minutes"},"schema":{"@context":"https:\/\/schema.org","@graph":[{"@type":"Article","@id":"https:\/\/kapitalis.com\/tunisie\/2022\/10\/12\/tunisie-le-decollage-est-pour-bientot\/#article","isPartOf":{"@id":"https:\/\/kapitalis.com\/tunisie\/2022\/10\/12\/tunisie-le-decollage-est-pour-bientot\/"},"author":{"name":"webmaster kapitalis","@id":"https:\/\/kapitalis.com\/tunisie\/#\/schema\/person\/d71f33a9ca44f7bad4698210b480c8e9"},"headline":"Tunisie\u00a0: le d\u00e9collage est pour bient\u00f4t !","datePublished":"2022-10-12T09:18:26+00:00","dateModified":"2022-10-12T09:18:29+00:00","mainEntityOfPage":{"@id":"https:\/\/kapitalis.com\/tunisie\/2022\/10\/12\/tunisie-le-decollage-est-pour-bientot\/"},"wordCount":754,"commentCount":2,"publisher":{"@id":"https:\/\/kapitalis.com\/tunisie\/#organization"},"image":{"@id":"https:\/\/kapitalis.com\/tunisie\/2022\/10\/12\/tunisie-le-decollage-est-pour-bientot\/#primaryimage"},"thumbnailUrl":"https:\/\/kapitalis.com\/tunisie\/wp-content\/uploads\/2022\/10\/Kais-Saied-Fete-arbre.jpg","keywords":["Agriculture","barrages","c\u00e9r\u00e9ales","Elyes Hamza","engrais","Ka\u00efs Sa\u00efed","Mounir Chebil","r\u00e9forme agraire","terres domaniales","Tunisie"],"articleSection":["A LA UNE","POLITIQUE","TRIBUNE","Tunisie"],"inLanguage":"fr-FR","potentialAction":[{"@type":"CommentAction","name":"Comment","target":["https:\/\/kapitalis.com\/tunisie\/2022\/10\/12\/tunisie-le-decollage-est-pour-bientot\/#respond"]}]},{"@type":"WebPage","@id":"https:\/\/kapitalis.com\/tunisie\/2022\/10\/12\/tunisie-le-decollage-est-pour-bientot\/","url":"https:\/\/kapitalis.com\/tunisie\/2022\/10\/12\/tunisie-le-decollage-est-pour-bientot\/","name":"Tunisie\u00a0: le d\u00e9collage est pour bient\u00f4t ! - Kapitalis","isPartOf":{"@id":"https:\/\/kapitalis.com\/tunisie\/#website"},"primaryImageOfPage":{"@id":"https:\/\/kapitalis.com\/tunisie\/2022\/10\/12\/tunisie-le-decollage-est-pour-bientot\/#primaryimage"},"image":{"@id":"https:\/\/kapitalis.com\/tunisie\/2022\/10\/12\/tunisie-le-decollage-est-pour-bientot\/#primaryimage"},"thumbnailUrl":"https:\/\/kapitalis.com\/tunisie\/wp-content\/uploads\/2022\/10\/Kais-Saied-Fete-arbre.jpg","datePublished":"2022-10-12T09:18:26+00:00","dateModified":"2022-10-12T09:18:29+00:00","breadcrumb":{"@id":"https:\/\/kapitalis.com\/tunisie\/2022\/10\/12\/tunisie-le-decollage-est-pour-bientot\/#breadcrumb"},"inLanguage":"fr-FR","potentialAction":[{"@type":"ReadAction","target":["https:\/\/kapitalis.com\/tunisie\/2022\/10\/12\/tunisie-le-decollage-est-pour-bientot\/"]}]},{"@type":"ImageObject","inLanguage":"fr-FR","@id":"https:\/\/kapitalis.com\/tunisie\/2022\/10\/12\/tunisie-le-decollage-est-pour-bientot\/#primaryimage","url":"https:\/\/kapitalis.com\/tunisie\/wp-content\/uploads\/2022\/10\/Kais-Saied-Fete-arbre.jpg","contentUrl":"https:\/\/kapitalis.com\/tunisie\/wp-content\/uploads\/2022\/10\/Kais-Saied-Fete-arbre.jpg","width":1200,"height":630},{"@type":"BreadcrumbList","@id":"https:\/\/kapitalis.com\/tunisie\/2022\/10\/12\/tunisie-le-decollage-est-pour-bientot\/#breadcrumb","itemListElement":[{"@type":"ListItem","position":1,"name":"Accueil","item":"https:\/\/kapitalis.com\/tunisie\/"},{"@type":"ListItem","position":2,"name":"Tunisie\u00a0: le d\u00e9collage est pour bient\u00f4t !"}]},{"@type":"WebSite","@id":"https:\/\/kapitalis.com\/tunisie\/#website","url":"https:\/\/kapitalis.com\/tunisie\/","name":"Kapitalis","description":"L&#039;actualit\u00e9 en Tunisie et dans le monde","publisher":{"@id":"https:\/\/kapitalis.com\/tunisie\/#organization"},"potentialAction":[{"@type":"SearchAction","target":{"@type":"EntryPoint","urlTemplate":"https:\/\/kapitalis.com\/tunisie\/?s={search_term_string}"},"query-input":{"@type":"PropertyValueSpecification","valueRequired":true,"valueName":"search_term_string"}}],"inLanguage":"fr-FR"},{"@type":"Organization","@id":"https:\/\/kapitalis.com\/tunisie\/#organization","name":"Kapitalis","url":"https:\/\/kapitalis.com\/tunisie\/","logo":{"@type":"ImageObject","inLanguage":"fr-FR","@id":"https:\/\/kapitalis.com\/tunisie\/#\/schema\/logo\/image\/","url":"https:\/\/kapitalis.com\/tunisie\/wp-content\/uploads\/2022\/05\/Kapitalis-big-size.png","contentUrl":"https:\/\/kapitalis.com\/tunisie\/wp-content\/uploads\/2022\/05\/Kapitalis-big-size.png","width":5000,"height":1500,"caption":"Kapitalis"},"image":{"@id":"https:\/\/kapitalis.com\/tunisie\/#\/schema\/logo\/image\/"},"sameAs":["https:\/\/www.facebook.com\/KapitalisInfo\/","https:\/\/x.com\/KapitalisInfo","https:\/\/www.youtube.com\/channel\/UC-yDYrHyfFBWWZaOw3FPg9Q"]},{"@type":"Person","@id":"https:\/\/kapitalis.com\/tunisie\/#\/schema\/person\/d71f33a9ca44f7bad4698210b480c8e9","name":"webmaster kapitalis","url":"https:\/\/kapitalis.com\/tunisie\/author\/webmaster-kapitalis\/"}]}},"_links":{"self":[{"href":"https:\/\/kapitalis.com\/tunisie\/wp-json\/wp\/v2\/posts\/4495941","targetHints":{"allow":["GET"]}}],"collection":[{"href":"https:\/\/kapitalis.com\/tunisie\/wp-json\/wp\/v2\/posts"}],"about":[{"href":"https:\/\/kapitalis.com\/tunisie\/wp-json\/wp\/v2\/types\/post"}],"author":[{"embeddable":true,"href":"https:\/\/kapitalis.com\/tunisie\/wp-json\/wp\/v2\/users\/8"}],"replies":[{"embeddable":true,"href":"https:\/\/kapitalis.com\/tunisie\/wp-json\/wp\/v2\/comments?post=4495941"}],"version-history":[{"count":0,"href":"https:\/\/kapitalis.com\/tunisie\/wp-json\/wp\/v2\/posts\/4495941\/revisions"}],"wp:featuredmedia":[{"embeddable":true,"href":"https:\/\/kapitalis.com\/tunisie\/wp-json\/wp\/v2\/media\/4496109"}],"wp:attachment":[{"href":"https:\/\/kapitalis.com\/tunisie\/wp-json\/wp\/v2\/media?parent=4495941"}],"wp:term":[{"taxonomy":"category","embeddable":true,"href":"https:\/\/kapitalis.com\/tunisie\/wp-json\/wp\/v2\/categories?post=4495941"},{"taxonomy":"post_tag","embeddable":true,"href":"https:\/\/kapitalis.com\/tunisie\/wp-json\/wp\/v2\/tags?post=4495941"}],"curies":[{"name":"wp","href":"https:\/\/api.w.org\/{rel}","templated":true}]}}