{"id":4498321,"date":"2022-10-12T15:28:37","date_gmt":"2022-10-12T14:28:37","guid":{"rendered":"https:\/\/kapitalis.com\/tunisie\/?p=4498321"},"modified":"2022-10-12T15:28:38","modified_gmt":"2022-10-12T14:28:38","slug":"tunisie-il-est-possible-dexclure-les-maires-des-legislatives-maher-jedidi","status":"publish","type":"post","link":"https:\/\/kapitalis.com\/tunisie\/2022\/10\/12\/tunisie-il-est-possible-dexclure-les-maires-des-legislatives-maher-jedidi\/","title":{"rendered":"Tunisie : \u00abIl est possible d&rsquo;exclure les maires des l\u00e9gislatives\u00bb (Maher Jedidi)"},"content":{"rendered":"\n<p><em><strong>Selon le vice-pr\u00e9sident de l\u2019Instance sup\u00e9rieure ind\u00e9pendante pour les \u00e9lections (Isie), Maher Jedidi, la possibilit\u00e9 de ne pas permettre aux maires de se pr\u00e9senter aux prochaines l\u00e9gislatives du 17 d\u00e9cembre existe, et ce, conform\u00e9ment \u00e0 l&rsquo;amendement attendu dans la loi \u00e9lectorale.<\/strong><\/em><\/p>\n\n\n\n<!--more-->\n\n\n\n<p>Intervenu, ce mercredi 12 octobre 2022, sur Diwan FM, il a soulign\u00e9 qu&rsquo;il existe une autre hypoth\u00e8se, qui consiste en l&rsquo;ajout d&rsquo;articles (dans la loi \u00e9lctorale) li\u00e9s \u00e0 la lutte contre les violations et les pratiques contraires \u00e0 l&rsquo;\u00e9thique, allant jusqu&rsquo;au rejet d&rsquo;une candidature.<\/p>\n\n\n\n<p>Et d&rsquo;ajouter que, le cas \u00e9ch\u00e9ant, le candidat exclu pourrait saisir le Tribunal administratif pour faire appel de cette d\u00e9cision.<\/p>\n\n\n\n<p class=\"has-text-align-right\"><strong>C. B. Y.<\/strong><\/p>\n","protected":false},"excerpt":{"rendered":"<p>Selon le vice-pr\u00e9sident de l\u2019Instance sup\u00e9rieure ind\u00e9pendante pour les \u00e9lections (Isie), Maher Jedidi, la possibilit\u00e9 de ne pas permettre aux maires de se pr\u00e9senter aux prochaines l\u00e9gislatives du 17 d\u00e9cembre existe, et ce, conform\u00e9ment \u00e0 l&rsquo;amendement attendu dans la loi \u00e9lectorale.<\/p>\n","protected":false},"author":24,"featured_media":4121966,"comment_status":"open","ping_status":"open","sticky":false,"template":"","format":"standard","meta":{"footnotes":""},"categories":[997,2433],"tags":[499,9031,99923,83303],"class_list":["post-4498321","post","type-post","status-publish","format-standard","has-post-thumbnail","hentry","category-politique","category-tunisie","tag-isie","tag-legislatives","tag-maher-jedidi","tag-maires"],"yoast_head":"<!-- This site is optimized with the Yoast SEO plugin v26.6 - https:\/\/yoast.com\/wordpress\/plugins\/seo\/ -->\n<title>Tunisie : \u00abIl est possible d&#039;exclure les maires des l\u00e9gislatives\u00bb (Maher Jedidi) - Kapitalis<\/title>\n<meta name=\"robots\" content=\"index, follow, max-snippet:-1, max-image-preview:large, max-video-preview:-1\" \/>\n<link rel=\"canonical\" href=\"https:\/\/kapitalis.com\/tunisie\/2022\/10\/12\/tunisie-il-est-possible-dexclure-les-maires-des-legislatives-maher-jedidi\/\" \/>\n<meta property=\"og:locale\" content=\"fr_FR\" \/>\n<meta property=\"og:type\" content=\"article\" \/>\n<meta property=\"og:title\" content=\"Tunisie : \u00abIl est possible d&#039;exclure les maires des l\u00e9gislatives\u00bb (Maher Jedidi) - Kapitalis\" \/>\n<meta property=\"og:description\" content=\"Selon le vice-pr\u00e9sident de l\u2019Instance sup\u00e9rieure ind\u00e9pendante pour les \u00e9lections (Isie), Maher Jedidi, la possibilit\u00e9 de ne pas permettre aux maires de se pr\u00e9senter aux prochaines l\u00e9gislatives du 17 d\u00e9cembre existe, et ce, conform\u00e9ment \u00e0 l&rsquo;amendement attendu dans la loi \u00e9lectorale.\" \/>\n<meta property=\"og:url\" content=\"https:\/\/kapitalis.com\/tunisie\/2022\/10\/12\/tunisie-il-est-possible-dexclure-les-maires-des-legislatives-maher-jedidi\/\" \/>\n<meta property=\"og:site_name\" content=\"Kapitalis\" \/>\n<meta property=\"article:publisher\" content=\"https:\/\/www.facebook.com\/KapitalisInfo\/\" \/>\n<meta property=\"article:published_time\" content=\"2022-10-12T14:28:37+00:00\" \/>\n<meta property=\"article:modified_time\" content=\"2022-10-12T14:28:38+00:00\" \/>\n<meta property=\"og:image\" content=\"https:\/\/kapitalis.com\/tunisie\/wp-content\/uploads\/2022\/09\/Maher-Jedidi.jpg\" \/>\n\t<meta property=\"og:image:width\" content=\"1200\" \/>\n\t<meta property=\"og:image:height\" content=\"630\" \/>\n\t<meta property=\"og:image:type\" content=\"image\/jpeg\" \/>\n<meta name=\"author\" content=\"Cherif Benyounes\" \/>\n<meta name=\"twitter:card\" content=\"summary_large_image\" \/>\n<meta name=\"twitter:creator\" content=\"@KapitalisInfo\" \/>\n<meta name=\"twitter:site\" content=\"@KapitalisInfo\" \/>\n<meta name=\"twitter:label1\" content=\"\u00c9crit par\" \/>\n\t<meta name=\"twitter:data1\" content=\"Cherif Benyounes\" \/>\n\t<meta name=\"twitter:label2\" content=\"Dur\u00e9e de lecture estim\u00e9e\" \/>\n\t<meta name=\"twitter:data2\" content=\"1 minute\" \/>\n<script type=\"application\/ld+json\" class=\"yoast-schema-graph\">{\"@context\":\"https:\/\/schema.org\",\"@graph\":[{\"@type\":\"Article\",\"@id\":\"https:\/\/kapitalis.com\/tunisie\/2022\/10\/12\/tunisie-il-est-possible-dexclure-les-maires-des-legislatives-maher-jedidi\/#article\",\"isPartOf\":{\"@id\":\"https:\/\/kapitalis.com\/tunisie\/2022\/10\/12\/tunisie-il-est-possible-dexclure-les-maires-des-legislatives-maher-jedidi\/\"},\"author\":{\"name\":\"Cherif Benyounes\",\"@id\":\"https:\/\/kapitalis.com\/tunisie\/#\/schema\/person\/b35b8d631961131107263178aeb8019e\"},\"headline\":\"Tunisie : \u00abIl est possible d&rsquo;exclure les maires des l\u00e9gislatives\u00bb (Maher Jedidi)\",\"datePublished\":\"2022-10-12T14:28:37+00:00\",\"dateModified\":\"2022-10-12T14:28:38+00:00\",\"mainEntityOfPage\":{\"@id\":\"https:\/\/kapitalis.com\/tunisie\/2022\/10\/12\/tunisie-il-est-possible-dexclure-les-maires-des-legislatives-maher-jedidi\/\"},\"wordCount\":127,\"commentCount\":0,\"publisher\":{\"@id\":\"https:\/\/kapitalis.com\/tunisie\/#organization\"},\"image\":{\"@id\":\"https:\/\/kapitalis.com\/tunisie\/2022\/10\/12\/tunisie-il-est-possible-dexclure-les-maires-des-legislatives-maher-jedidi\/#primaryimage\"},\"thumbnailUrl\":\"https:\/\/kapitalis.com\/tunisie\/wp-content\/uploads\/2022\/09\/Maher-Jedidi.jpg\",\"keywords\":[\"Isie\",\"l\u00e9gislatives\",\"Maher Jedidi\",\"Maires\"],\"articleSection\":[\"POLITIQUE\",\"Tunisie\"],\"inLanguage\":\"fr-FR\",\"potentialAction\":[{\"@type\":\"CommentAction\",\"name\":\"Comment\",\"target\":[\"https:\/\/kapitalis.com\/tunisie\/2022\/10\/12\/tunisie-il-est-possible-dexclure-les-maires-des-legislatives-maher-jedidi\/#respond\"]}]},{\"@type\":\"WebPage\",\"@id\":\"https:\/\/kapitalis.com\/tunisie\/2022\/10\/12\/tunisie-il-est-possible-dexclure-les-maires-des-legislatives-maher-jedidi\/\",\"url\":\"https:\/\/kapitalis.com\/tunisie\/2022\/10\/12\/tunisie-il-est-possible-dexclure-les-maires-des-legislatives-maher-jedidi\/\",\"name\":\"Tunisie : \u00abIl est possible d'exclure les maires des l\u00e9gislatives\u00bb (Maher Jedidi) - Kapitalis\",\"isPartOf\":{\"@id\":\"https:\/\/kapitalis.com\/tunisie\/#website\"},\"primaryImageOfPage\":{\"@id\":\"https:\/\/kapitalis.com\/tunisie\/2022\/10\/12\/tunisie-il-est-possible-dexclure-les-maires-des-legislatives-maher-jedidi\/#primaryimage\"},\"image\":{\"@id\":\"https:\/\/kapitalis.com\/tunisie\/2022\/10\/12\/tunisie-il-est-possible-dexclure-les-maires-des-legislatives-maher-jedidi\/#primaryimage\"},\"thumbnailUrl\":\"https:\/\/kapitalis.com\/tunisie\/wp-content\/uploads\/2022\/09\/Maher-Jedidi.jpg\",\"datePublished\":\"2022-10-12T14:28:37+00:00\",\"dateModified\":\"2022-10-12T14:28:38+00:00\",\"breadcrumb\":{\"@id\":\"https:\/\/kapitalis.com\/tunisie\/2022\/10\/12\/tunisie-il-est-possible-dexclure-les-maires-des-legislatives-maher-jedidi\/#breadcrumb\"},\"inLanguage\":\"fr-FR\",\"potentialAction\":[{\"@type\":\"ReadAction\",\"target\":[\"https:\/\/kapitalis.com\/tunisie\/2022\/10\/12\/tunisie-il-est-possible-dexclure-les-maires-des-legislatives-maher-jedidi\/\"]}]},{\"@type\":\"ImageObject\",\"inLanguage\":\"fr-FR\",\"@id\":\"https:\/\/kapitalis.com\/tunisie\/2022\/10\/12\/tunisie-il-est-possible-dexclure-les-maires-des-legislatives-maher-jedidi\/#primaryimage\",\"url\":\"https:\/\/kapitalis.com\/tunisie\/wp-content\/uploads\/2022\/09\/Maher-Jedidi.jpg\",\"contentUrl\":\"https:\/\/kapitalis.com\/tunisie\/wp-content\/uploads\/2022\/09\/Maher-Jedidi.jpg\",\"width\":1200,\"height\":630},{\"@type\":\"BreadcrumbList\",\"@id\":\"https:\/\/kapitalis.com\/tunisie\/2022\/10\/12\/tunisie-il-est-possible-dexclure-les-maires-des-legislatives-maher-jedidi\/#breadcrumb\",\"itemListElement\":[{\"@type\":\"ListItem\",\"position\":1,\"name\":\"Accueil\",\"item\":\"https:\/\/kapitalis.com\/tunisie\/\"},{\"@type\":\"ListItem\",\"position\":2,\"name\":\"Tunisie : \u00abIl est possible d&rsquo;exclure les maires des l\u00e9gislatives\u00bb (Maher Jedidi)\"}]},{\"@type\":\"WebSite\",\"@id\":\"https:\/\/kapitalis.com\/tunisie\/#website\",\"url\":\"https:\/\/kapitalis.com\/tunisie\/\",\"name\":\"Kapitalis\",\"description\":\"L&#039;actualit\u00e9 en Tunisie et dans le monde\",\"publisher\":{\"@id\":\"https:\/\/kapitalis.com\/tunisie\/#organization\"},\"potentialAction\":[{\"@type\":\"SearchAction\",\"target\":{\"@type\":\"EntryPoint\",\"urlTemplate\":\"https:\/\/kapitalis.com\/tunisie\/?s={search_term_string}\"},\"query-input\":{\"@type\":\"PropertyValueSpecification\",\"valueRequired\":true,\"valueName\":\"search_term_string\"}}],\"inLanguage\":\"fr-FR\"},{\"@type\":\"Organization\",\"@id\":\"https:\/\/kapitalis.com\/tunisie\/#organization\",\"name\":\"Kapitalis\",\"url\":\"https:\/\/kapitalis.com\/tunisie\/\",\"logo\":{\"@type\":\"ImageObject\",\"inLanguage\":\"fr-FR\",\"@id\":\"https:\/\/kapitalis.com\/tunisie\/#\/schema\/logo\/image\/\",\"url\":\"https:\/\/kapitalis.com\/tunisie\/wp-content\/uploads\/2022\/05\/Kapitalis-big-size.png\",\"contentUrl\":\"https:\/\/kapitalis.com\/tunisie\/wp-content\/uploads\/2022\/05\/Kapitalis-big-size.png\",\"width\":5000,\"height\":1500,\"caption\":\"Kapitalis\"},\"image\":{\"@id\":\"https:\/\/kapitalis.com\/tunisie\/#\/schema\/logo\/image\/\"},\"sameAs\":[\"https:\/\/www.facebook.com\/KapitalisInfo\/\",\"https:\/\/x.com\/KapitalisInfo\",\"https:\/\/www.youtube.com\/channel\/UC-yDYrHyfFBWWZaOw3FPg9Q\"]},{\"@type\":\"Person\",\"@id\":\"https:\/\/kapitalis.com\/tunisie\/#\/schema\/person\/b35b8d631961131107263178aeb8019e\",\"name\":\"Cherif Benyounes\",\"url\":\"https:\/\/kapitalis.com\/tunisie\/author\/cherif\/\"}]}<\/script>\n<!-- \/ Yoast SEO plugin. -->","yoast_head_json":{"title":"Tunisie : \u00abIl est possible d'exclure les maires des l\u00e9gislatives\u00bb (Maher Jedidi) - Kapitalis","robots":{"index":"index","follow":"follow","max-snippet":"max-snippet:-1","max-image-preview":"max-image-preview:large","max-video-preview":"max-video-preview:-1"},"canonical":"https:\/\/kapitalis.com\/tunisie\/2022\/10\/12\/tunisie-il-est-possible-dexclure-les-maires-des-legislatives-maher-jedidi\/","og_locale":"fr_FR","og_type":"article","og_title":"Tunisie : \u00abIl est possible d'exclure les maires des l\u00e9gislatives\u00bb (Maher Jedidi) - Kapitalis","og_description":"Selon le vice-pr\u00e9sident de l\u2019Instance sup\u00e9rieure ind\u00e9pendante pour les \u00e9lections (Isie), Maher Jedidi, la possibilit\u00e9 de ne pas permettre aux maires de se pr\u00e9senter aux prochaines l\u00e9gislatives du 17 d\u00e9cembre existe, et ce, conform\u00e9ment \u00e0 l&rsquo;amendement attendu dans la loi \u00e9lectorale.","og_url":"https:\/\/kapitalis.com\/tunisie\/2022\/10\/12\/tunisie-il-est-possible-dexclure-les-maires-des-legislatives-maher-jedidi\/","og_site_name":"Kapitalis","article_publisher":"https:\/\/www.facebook.com\/KapitalisInfo\/","article_published_time":"2022-10-12T14:28:37+00:00","article_modified_time":"2022-10-12T14:28:38+00:00","og_image":[{"width":1200,"height":630,"url":"https:\/\/kapitalis.com\/tunisie\/wp-content\/uploads\/2022\/09\/Maher-Jedidi.jpg","type":"image\/jpeg"}],"author":"Cherif Benyounes","twitter_card":"summary_large_image","twitter_creator":"@KapitalisInfo","twitter_site":"@KapitalisInfo","twitter_misc":{"\u00c9crit par":"Cherif Benyounes","Dur\u00e9e de lecture estim\u00e9e":"1 minute"},"schema":{"@context":"https:\/\/schema.org","@graph":[{"@type":"Article","@id":"https:\/\/kapitalis.com\/tunisie\/2022\/10\/12\/tunisie-il-est-possible-dexclure-les-maires-des-legislatives-maher-jedidi\/#article","isPartOf":{"@id":"https:\/\/kapitalis.com\/tunisie\/2022\/10\/12\/tunisie-il-est-possible-dexclure-les-maires-des-legislatives-maher-jedidi\/"},"author":{"name":"Cherif Benyounes","@id":"https:\/\/kapitalis.com\/tunisie\/#\/schema\/person\/b35b8d631961131107263178aeb8019e"},"headline":"Tunisie : \u00abIl est possible d&rsquo;exclure les maires des l\u00e9gislatives\u00bb (Maher Jedidi)","datePublished":"2022-10-12T14:28:37+00:00","dateModified":"2022-10-12T14:28:38+00:00","mainEntityOfPage":{"@id":"https:\/\/kapitalis.com\/tunisie\/2022\/10\/12\/tunisie-il-est-possible-dexclure-les-maires-des-legislatives-maher-jedidi\/"},"wordCount":127,"commentCount":0,"publisher":{"@id":"https:\/\/kapitalis.com\/tunisie\/#organization"},"image":{"@id":"https:\/\/kapitalis.com\/tunisie\/2022\/10\/12\/tunisie-il-est-possible-dexclure-les-maires-des-legislatives-maher-jedidi\/#primaryimage"},"thumbnailUrl":"https:\/\/kapitalis.com\/tunisie\/wp-content\/uploads\/2022\/09\/Maher-Jedidi.jpg","keywords":["Isie","l\u00e9gislatives","Maher Jedidi","Maires"],"articleSection":["POLITIQUE","Tunisie"],"inLanguage":"fr-FR","potentialAction":[{"@type":"CommentAction","name":"Comment","target":["https:\/\/kapitalis.com\/tunisie\/2022\/10\/12\/tunisie-il-est-possible-dexclure-les-maires-des-legislatives-maher-jedidi\/#respond"]}]},{"@type":"WebPage","@id":"https:\/\/kapitalis.com\/tunisie\/2022\/10\/12\/tunisie-il-est-possible-dexclure-les-maires-des-legislatives-maher-jedidi\/","url":"https:\/\/kapitalis.com\/tunisie\/2022\/10\/12\/tunisie-il-est-possible-dexclure-les-maires-des-legislatives-maher-jedidi\/","name":"Tunisie : \u00abIl est possible d'exclure les maires des l\u00e9gislatives\u00bb (Maher Jedidi) - Kapitalis","isPartOf":{"@id":"https:\/\/kapitalis.com\/tunisie\/#website"},"primaryImageOfPage":{"@id":"https:\/\/kapitalis.com\/tunisie\/2022\/10\/12\/tunisie-il-est-possible-dexclure-les-maires-des-legislatives-maher-jedidi\/#primaryimage"},"image":{"@id":"https:\/\/kapitalis.com\/tunisie\/2022\/10\/12\/tunisie-il-est-possible-dexclure-les-maires-des-legislatives-maher-jedidi\/#primaryimage"},"thumbnailUrl":"https:\/\/kapitalis.com\/tunisie\/wp-content\/uploads\/2022\/09\/Maher-Jedidi.jpg","datePublished":"2022-10-12T14:28:37+00:00","dateModified":"2022-10-12T14:28:38+00:00","breadcrumb":{"@id":"https:\/\/kapitalis.com\/tunisie\/2022\/10\/12\/tunisie-il-est-possible-dexclure-les-maires-des-legislatives-maher-jedidi\/#breadcrumb"},"inLanguage":"fr-FR","potentialAction":[{"@type":"ReadAction","target":["https:\/\/kapitalis.com\/tunisie\/2022\/10\/12\/tunisie-il-est-possible-dexclure-les-maires-des-legislatives-maher-jedidi\/"]}]},{"@type":"ImageObject","inLanguage":"fr-FR","@id":"https:\/\/kapitalis.com\/tunisie\/2022\/10\/12\/tunisie-il-est-possible-dexclure-les-maires-des-legislatives-maher-jedidi\/#primaryimage","url":"https:\/\/kapitalis.com\/tunisie\/wp-content\/uploads\/2022\/09\/Maher-Jedidi.jpg","contentUrl":"https:\/\/kapitalis.com\/tunisie\/wp-content\/uploads\/2022\/09\/Maher-Jedidi.jpg","width":1200,"height":630},{"@type":"BreadcrumbList","@id":"https:\/\/kapitalis.com\/tunisie\/2022\/10\/12\/tunisie-il-est-possible-dexclure-les-maires-des-legislatives-maher-jedidi\/#breadcrumb","itemListElement":[{"@type":"ListItem","position":1,"name":"Accueil","item":"https:\/\/kapitalis.com\/tunisie\/"},{"@type":"ListItem","position":2,"name":"Tunisie : \u00abIl est possible d&rsquo;exclure les maires des l\u00e9gislatives\u00bb (Maher Jedidi)"}]},{"@type":"WebSite","@id":"https:\/\/kapitalis.com\/tunisie\/#website","url":"https:\/\/kapitalis.com\/tunisie\/","name":"Kapitalis","description":"L&#039;actualit\u00e9 en Tunisie et dans le monde","publisher":{"@id":"https:\/\/kapitalis.com\/tunisie\/#organization"},"potentialAction":[{"@type":"SearchAction","target":{"@type":"EntryPoint","urlTemplate":"https:\/\/kapitalis.com\/tunisie\/?s={search_term_string}"},"query-input":{"@type":"PropertyValueSpecification","valueRequired":true,"valueName":"search_term_string"}}],"inLanguage":"fr-FR"},{"@type":"Organization","@id":"https:\/\/kapitalis.com\/tunisie\/#organization","name":"Kapitalis","url":"https:\/\/kapitalis.com\/tunisie\/","logo":{"@type":"ImageObject","inLanguage":"fr-FR","@id":"https:\/\/kapitalis.com\/tunisie\/#\/schema\/logo\/image\/","url":"https:\/\/kapitalis.com\/tunisie\/wp-content\/uploads\/2022\/05\/Kapitalis-big-size.png","contentUrl":"https:\/\/kapitalis.com\/tunisie\/wp-content\/uploads\/2022\/05\/Kapitalis-big-size.png","width":5000,"height":1500,"caption":"Kapitalis"},"image":{"@id":"https:\/\/kapitalis.com\/tunisie\/#\/schema\/logo\/image\/"},"sameAs":["https:\/\/www.facebook.com\/KapitalisInfo\/","https:\/\/x.com\/KapitalisInfo","https:\/\/www.youtube.com\/channel\/UC-yDYrHyfFBWWZaOw3FPg9Q"]},{"@type":"Person","@id":"https:\/\/kapitalis.com\/tunisie\/#\/schema\/person\/b35b8d631961131107263178aeb8019e","name":"Cherif Benyounes","url":"https:\/\/kapitalis.com\/tunisie\/author\/cherif\/"}]}},"_links":{"self":[{"href":"https:\/\/kapitalis.com\/tunisie\/wp-json\/wp\/v2\/posts\/4498321","targetHints":{"allow":["GET"]}}],"collection":[{"href":"https:\/\/kapitalis.com\/tunisie\/wp-json\/wp\/v2\/posts"}],"about":[{"href":"https:\/\/kapitalis.com\/tunisie\/wp-json\/wp\/v2\/types\/post"}],"author":[{"embeddable":true,"href":"https:\/\/kapitalis.com\/tunisie\/wp-json\/wp\/v2\/users\/24"}],"replies":[{"embeddable":true,"href":"https:\/\/kapitalis.com\/tunisie\/wp-json\/wp\/v2\/comments?post=4498321"}],"version-history":[{"count":0,"href":"https:\/\/kapitalis.com\/tunisie\/wp-json\/wp\/v2\/posts\/4498321\/revisions"}],"wp:featuredmedia":[{"embeddable":true,"href":"https:\/\/kapitalis.com\/tunisie\/wp-json\/wp\/v2\/media\/4121966"}],"wp:attachment":[{"href":"https:\/\/kapitalis.com\/tunisie\/wp-json\/wp\/v2\/media?parent=4498321"}],"wp:term":[{"taxonomy":"category","embeddable":true,"href":"https:\/\/kapitalis.com\/tunisie\/wp-json\/wp\/v2\/categories?post=4498321"},{"taxonomy":"post_tag","embeddable":true,"href":"https:\/\/kapitalis.com\/tunisie\/wp-json\/wp\/v2\/tags?post=4498321"}],"curies":[{"name":"wp","href":"https:\/\/api.w.org\/{rel}","templated":true}]}}