{"id":45073,"date":"2016-03-30T10:57:03","date_gmt":"2016-03-30T09:57:03","guid":{"rendered":"http:\/\/kapitalis.com\/tunisie\/?p=45073"},"modified":"2016-03-30T10:57:03","modified_gmt":"2016-03-30T09:57:03","slug":"meteo-retour-de-la-grisaille-a-partir-de-vendredi","status":"publish","type":"post","link":"https:\/\/kapitalis.com\/tunisie\/2016\/03\/30\/meteo-retour-de-la-grisaille-a-partir-de-vendredi\/","title":{"rendered":"M\u00e9t\u00e9o : Retour de la grisaille \u00e0 partir de vendredi"},"content":{"rendered":"<p style=\"text-align: center;\"><img loading=\"lazy\" decoding=\"async\" class=\"alignnone size-full wp-image-45076\" src=\"http:\/\/kapitalis.com\/tunisie\/wp-content\/uploads\/2016\/03\/m\u00e9t\u00e9o-soleil.jpg\" alt=\"m\u00e9t\u00e9o- soleil\" width=\"626\" height=\"380\" \/><\/p>\n<p><em><strong>Le temps sera estival aujourd\u2019hui et demain avec des temp\u00e9ratures atteignant 34\u00b0. Mais la grisaille sera de retour vendredi.<\/strong><\/em><\/p>\n<p><!--more--><\/p>\n<p>L\u2019Institut national de la m\u00e9t\u00e9orologie\u00a0(INM)\u00a0annonce pour ce mercredi 30 mars 2016 des temp\u00e9ratures comprises entre 29 et 34\u00b0C sur tout le pays, avec des vents mod\u00e9r\u00e9s ne d\u00e9passant pas les 25km\/h.<\/p>\n<p>Ce temps estival se poursuivra \u00e9galement jeudi mais les vents seront plus fort et atteindront 40km\/h.<\/p>\n<p>Cependant, vendredi 1<sup>er<\/sup> avril, la grisaille sera de retour avec un ciel couvert et nuageux, des pluies sur le nord, le centre et localement le sud.<\/p>\n<p>Les temp\u00e9ratures, l\u00e9g\u00e8rement en baisse, conna\u00eetront une chute significative, samedi, et le vent soufflera \u00e0 plus de 60 km\/h.<\/p>\n<p style=\"text-align: right;\"><strong>Y. N.<\/strong><\/p>\n","protected":false},"excerpt":{"rendered":"<p>Le temps sera estival aujourd\u2019hui et demain avec des temp\u00e9ratures atteignant 34\u00b0. Mais la grisaille sera de retour vendredi.<\/p>\n","protected":false},"author":6,"featured_media":45076,"comment_status":"open","ping_status":"open","sticky":false,"template":"","format":"standard","meta":{"footnotes":""},"categories":[998,2433],"tags":[15947,603,1616,16119,3957,1665,1617],"class_list":["post-45073","post","type-post","status-publish","format-standard","has-post-thumbnail","hentry","category-societe","category-tunisie","tag-grisaille","tag-meteo","tag-nuages","tag-nuageux","tag-pluie","tag-temperatures","tag-vent"],"yoast_head":"<!-- This site is optimized with the Yoast SEO plugin v26.6 - https:\/\/yoast.com\/wordpress\/plugins\/seo\/ -->\n<title>M\u00e9t\u00e9o : Retour de la grisaille \u00e0 partir de vendredi - Kapitalis<\/title>\n<meta name=\"robots\" content=\"index, follow, max-snippet:-1, max-image-preview:large, max-video-preview:-1\" \/>\n<link rel=\"canonical\" href=\"https:\/\/kapitalis.com\/tunisie\/2016\/03\/30\/meteo-retour-de-la-grisaille-a-partir-de-vendredi\/\" \/>\n<meta property=\"og:locale\" content=\"fr_FR\" \/>\n<meta property=\"og:type\" content=\"article\" \/>\n<meta property=\"og:title\" content=\"M\u00e9t\u00e9o : Retour de la grisaille \u00e0 partir de vendredi - Kapitalis\" \/>\n<meta property=\"og:description\" content=\"Le temps sera estival aujourd\u2019hui et demain avec des temp\u00e9ratures atteignant 34\u00b0. Mais la grisaille sera de retour vendredi.\" \/>\n<meta property=\"og:url\" content=\"https:\/\/kapitalis.com\/tunisie\/2016\/03\/30\/meteo-retour-de-la-grisaille-a-partir-de-vendredi\/\" \/>\n<meta property=\"og:site_name\" content=\"Kapitalis\" \/>\n<meta property=\"article:publisher\" content=\"https:\/\/www.facebook.com\/KapitalisInfo\/\" \/>\n<meta property=\"article:published_time\" content=\"2016-03-30T09:57:03+00:00\" \/>\n<meta property=\"og:image\" content=\"https:\/\/kapitalis.com\/tunisie\/wp-content\/uploads\/2022\/05\/kapitalis-logo-fb.png\" \/>\n\t<meta property=\"og:image:width\" content=\"1200\" \/>\n\t<meta property=\"og:image:height\" content=\"630\" \/>\n\t<meta property=\"og:image:type\" content=\"image\/png\" \/>\n<meta name=\"author\" content=\"Yusra NY\" \/>\n<meta name=\"twitter:card\" content=\"summary_large_image\" \/>\n<meta name=\"twitter:creator\" content=\"@KapitalisInfo\" \/>\n<meta name=\"twitter:site\" content=\"@KapitalisInfo\" \/>\n<meta name=\"twitter:label1\" content=\"\u00c9crit par\" \/>\n\t<meta name=\"twitter:data1\" content=\"Yusra NY\" \/>\n\t<meta name=\"twitter:label2\" content=\"Dur\u00e9e de lecture estim\u00e9e\" \/>\n\t<meta name=\"twitter:data2\" content=\"1 minute\" \/>\n<script type=\"application\/ld+json\" class=\"yoast-schema-graph\">{\"@context\":\"https:\/\/schema.org\",\"@graph\":[{\"@type\":\"Article\",\"@id\":\"https:\/\/kapitalis.com\/tunisie\/2016\/03\/30\/meteo-retour-de-la-grisaille-a-partir-de-vendredi\/#article\",\"isPartOf\":{\"@id\":\"https:\/\/kapitalis.com\/tunisie\/2016\/03\/30\/meteo-retour-de-la-grisaille-a-partir-de-vendredi\/\"},\"author\":{\"name\":\"Yusra NY\",\"@id\":\"https:\/\/kapitalis.com\/tunisie\/#\/schema\/person\/74bbde0154d49d790a92aaeac5bc01d5\"},\"headline\":\"M\u00e9t\u00e9o : Retour de la grisaille \u00e0 partir de vendredi\",\"datePublished\":\"2016-03-30T09:57:03+00:00\",\"mainEntityOfPage\":{\"@id\":\"https:\/\/kapitalis.com\/tunisie\/2016\/03\/30\/meteo-retour-de-la-grisaille-a-partir-de-vendredi\/\"},\"wordCount\":135,\"commentCount\":0,\"publisher\":{\"@id\":\"https:\/\/kapitalis.com\/tunisie\/#organization\"},\"image\":{\"@id\":\"https:\/\/kapitalis.com\/tunisie\/2016\/03\/30\/meteo-retour-de-la-grisaille-a-partir-de-vendredi\/#primaryimage\"},\"thumbnailUrl\":\"\",\"keywords\":[\"grisaille\",\"m\u00e9t\u00e9o\",\"nuages\",\"nuageux\",\"pluie\",\"temp\u00e9ratures\",\"vent\"],\"articleSection\":[\"SOCIETE\",\"Tunisie\"],\"inLanguage\":\"fr-FR\",\"potentialAction\":[{\"@type\":\"CommentAction\",\"name\":\"Comment\",\"target\":[\"https:\/\/kapitalis.com\/tunisie\/2016\/03\/30\/meteo-retour-de-la-grisaille-a-partir-de-vendredi\/#respond\"]}]},{\"@type\":\"WebPage\",\"@id\":\"https:\/\/kapitalis.com\/tunisie\/2016\/03\/30\/meteo-retour-de-la-grisaille-a-partir-de-vendredi\/\",\"url\":\"https:\/\/kapitalis.com\/tunisie\/2016\/03\/30\/meteo-retour-de-la-grisaille-a-partir-de-vendredi\/\",\"name\":\"M\u00e9t\u00e9o : Retour de la grisaille \u00e0 partir de vendredi - Kapitalis\",\"isPartOf\":{\"@id\":\"https:\/\/kapitalis.com\/tunisie\/#website\"},\"primaryImageOfPage\":{\"@id\":\"https:\/\/kapitalis.com\/tunisie\/2016\/03\/30\/meteo-retour-de-la-grisaille-a-partir-de-vendredi\/#primaryimage\"},\"image\":{\"@id\":\"https:\/\/kapitalis.com\/tunisie\/2016\/03\/30\/meteo-retour-de-la-grisaille-a-partir-de-vendredi\/#primaryimage\"},\"thumbnailUrl\":\"\",\"datePublished\":\"2016-03-30T09:57:03+00:00\",\"breadcrumb\":{\"@id\":\"https:\/\/kapitalis.com\/tunisie\/2016\/03\/30\/meteo-retour-de-la-grisaille-a-partir-de-vendredi\/#breadcrumb\"},\"inLanguage\":\"fr-FR\",\"potentialAction\":[{\"@type\":\"ReadAction\",\"target\":[\"https:\/\/kapitalis.com\/tunisie\/2016\/03\/30\/meteo-retour-de-la-grisaille-a-partir-de-vendredi\/\"]}]},{\"@type\":\"ImageObject\",\"inLanguage\":\"fr-FR\",\"@id\":\"https:\/\/kapitalis.com\/tunisie\/2016\/03\/30\/meteo-retour-de-la-grisaille-a-partir-de-vendredi\/#primaryimage\",\"url\":\"\",\"contentUrl\":\"\"},{\"@type\":\"BreadcrumbList\",\"@id\":\"https:\/\/kapitalis.com\/tunisie\/2016\/03\/30\/meteo-retour-de-la-grisaille-a-partir-de-vendredi\/#breadcrumb\",\"itemListElement\":[{\"@type\":\"ListItem\",\"position\":1,\"name\":\"Accueil\",\"item\":\"https:\/\/kapitalis.com\/tunisie\/\"},{\"@type\":\"ListItem\",\"position\":2,\"name\":\"M\u00e9t\u00e9o : Retour de la grisaille \u00e0 partir de vendredi\"}]},{\"@type\":\"WebSite\",\"@id\":\"https:\/\/kapitalis.com\/tunisie\/#website\",\"url\":\"https:\/\/kapitalis.com\/tunisie\/\",\"name\":\"Kapitalis\",\"description\":\"L&#039;actualit\u00e9 en Tunisie et dans le monde\",\"publisher\":{\"@id\":\"https:\/\/kapitalis.com\/tunisie\/#organization\"},\"potentialAction\":[{\"@type\":\"SearchAction\",\"target\":{\"@type\":\"EntryPoint\",\"urlTemplate\":\"https:\/\/kapitalis.com\/tunisie\/?s={search_term_string}\"},\"query-input\":{\"@type\":\"PropertyValueSpecification\",\"valueRequired\":true,\"valueName\":\"search_term_string\"}}],\"inLanguage\":\"fr-FR\"},{\"@type\":\"Organization\",\"@id\":\"https:\/\/kapitalis.com\/tunisie\/#organization\",\"name\":\"Kapitalis\",\"url\":\"https:\/\/kapitalis.com\/tunisie\/\",\"logo\":{\"@type\":\"ImageObject\",\"inLanguage\":\"fr-FR\",\"@id\":\"https:\/\/kapitalis.com\/tunisie\/#\/schema\/logo\/image\/\",\"url\":\"https:\/\/kapitalis.com\/tunisie\/wp-content\/uploads\/2022\/05\/Kapitalis-big-size.png\",\"contentUrl\":\"https:\/\/kapitalis.com\/tunisie\/wp-content\/uploads\/2022\/05\/Kapitalis-big-size.png\",\"width\":5000,\"height\":1500,\"caption\":\"Kapitalis\"},\"image\":{\"@id\":\"https:\/\/kapitalis.com\/tunisie\/#\/schema\/logo\/image\/\"},\"sameAs\":[\"https:\/\/www.facebook.com\/KapitalisInfo\/\",\"https:\/\/x.com\/KapitalisInfo\",\"https:\/\/www.youtube.com\/channel\/UC-yDYrHyfFBWWZaOw3FPg9Q\"]},{\"@type\":\"Person\",\"@id\":\"https:\/\/kapitalis.com\/tunisie\/#\/schema\/person\/74bbde0154d49d790a92aaeac5bc01d5\",\"name\":\"Yusra NY\",\"url\":\"https:\/\/kapitalis.com\/tunisie\/author\/yuza_adam\/\"}]}<\/script>\n<!-- \/ Yoast SEO plugin. -->","yoast_head_json":{"title":"M\u00e9t\u00e9o : Retour de la grisaille \u00e0 partir de vendredi - Kapitalis","robots":{"index":"index","follow":"follow","max-snippet":"max-snippet:-1","max-image-preview":"max-image-preview:large","max-video-preview":"max-video-preview:-1"},"canonical":"https:\/\/kapitalis.com\/tunisie\/2016\/03\/30\/meteo-retour-de-la-grisaille-a-partir-de-vendredi\/","og_locale":"fr_FR","og_type":"article","og_title":"M\u00e9t\u00e9o : Retour de la grisaille \u00e0 partir de vendredi - Kapitalis","og_description":"Le temps sera estival aujourd\u2019hui et demain avec des temp\u00e9ratures atteignant 34\u00b0. Mais la grisaille sera de retour vendredi.","og_url":"https:\/\/kapitalis.com\/tunisie\/2016\/03\/30\/meteo-retour-de-la-grisaille-a-partir-de-vendredi\/","og_site_name":"Kapitalis","article_publisher":"https:\/\/www.facebook.com\/KapitalisInfo\/","article_published_time":"2016-03-30T09:57:03+00:00","og_image":[{"width":1200,"height":630,"url":"https:\/\/kapitalis.com\/tunisie\/wp-content\/uploads\/2022\/05\/kapitalis-logo-fb.png","type":"image\/png"}],"author":"Yusra NY","twitter_card":"summary_large_image","twitter_creator":"@KapitalisInfo","twitter_site":"@KapitalisInfo","twitter_misc":{"\u00c9crit par":"Yusra NY","Dur\u00e9e de lecture estim\u00e9e":"1 minute"},"schema":{"@context":"https:\/\/schema.org","@graph":[{"@type":"Article","@id":"https:\/\/kapitalis.com\/tunisie\/2016\/03\/30\/meteo-retour-de-la-grisaille-a-partir-de-vendredi\/#article","isPartOf":{"@id":"https:\/\/kapitalis.com\/tunisie\/2016\/03\/30\/meteo-retour-de-la-grisaille-a-partir-de-vendredi\/"},"author":{"name":"Yusra NY","@id":"https:\/\/kapitalis.com\/tunisie\/#\/schema\/person\/74bbde0154d49d790a92aaeac5bc01d5"},"headline":"M\u00e9t\u00e9o : Retour de la grisaille \u00e0 partir de vendredi","datePublished":"2016-03-30T09:57:03+00:00","mainEntityOfPage":{"@id":"https:\/\/kapitalis.com\/tunisie\/2016\/03\/30\/meteo-retour-de-la-grisaille-a-partir-de-vendredi\/"},"wordCount":135,"commentCount":0,"publisher":{"@id":"https:\/\/kapitalis.com\/tunisie\/#organization"},"image":{"@id":"https:\/\/kapitalis.com\/tunisie\/2016\/03\/30\/meteo-retour-de-la-grisaille-a-partir-de-vendredi\/#primaryimage"},"thumbnailUrl":"","keywords":["grisaille","m\u00e9t\u00e9o","nuages","nuageux","pluie","temp\u00e9ratures","vent"],"articleSection":["SOCIETE","Tunisie"],"inLanguage":"fr-FR","potentialAction":[{"@type":"CommentAction","name":"Comment","target":["https:\/\/kapitalis.com\/tunisie\/2016\/03\/30\/meteo-retour-de-la-grisaille-a-partir-de-vendredi\/#respond"]}]},{"@type":"WebPage","@id":"https:\/\/kapitalis.com\/tunisie\/2016\/03\/30\/meteo-retour-de-la-grisaille-a-partir-de-vendredi\/","url":"https:\/\/kapitalis.com\/tunisie\/2016\/03\/30\/meteo-retour-de-la-grisaille-a-partir-de-vendredi\/","name":"M\u00e9t\u00e9o : Retour de la grisaille \u00e0 partir de vendredi - Kapitalis","isPartOf":{"@id":"https:\/\/kapitalis.com\/tunisie\/#website"},"primaryImageOfPage":{"@id":"https:\/\/kapitalis.com\/tunisie\/2016\/03\/30\/meteo-retour-de-la-grisaille-a-partir-de-vendredi\/#primaryimage"},"image":{"@id":"https:\/\/kapitalis.com\/tunisie\/2016\/03\/30\/meteo-retour-de-la-grisaille-a-partir-de-vendredi\/#primaryimage"},"thumbnailUrl":"","datePublished":"2016-03-30T09:57:03+00:00","breadcrumb":{"@id":"https:\/\/kapitalis.com\/tunisie\/2016\/03\/30\/meteo-retour-de-la-grisaille-a-partir-de-vendredi\/#breadcrumb"},"inLanguage":"fr-FR","potentialAction":[{"@type":"ReadAction","target":["https:\/\/kapitalis.com\/tunisie\/2016\/03\/30\/meteo-retour-de-la-grisaille-a-partir-de-vendredi\/"]}]},{"@type":"ImageObject","inLanguage":"fr-FR","@id":"https:\/\/kapitalis.com\/tunisie\/2016\/03\/30\/meteo-retour-de-la-grisaille-a-partir-de-vendredi\/#primaryimage","url":"","contentUrl":""},{"@type":"BreadcrumbList","@id":"https:\/\/kapitalis.com\/tunisie\/2016\/03\/30\/meteo-retour-de-la-grisaille-a-partir-de-vendredi\/#breadcrumb","itemListElement":[{"@type":"ListItem","position":1,"name":"Accueil","item":"https:\/\/kapitalis.com\/tunisie\/"},{"@type":"ListItem","position":2,"name":"M\u00e9t\u00e9o : Retour de la grisaille \u00e0 partir de vendredi"}]},{"@type":"WebSite","@id":"https:\/\/kapitalis.com\/tunisie\/#website","url":"https:\/\/kapitalis.com\/tunisie\/","name":"Kapitalis","description":"L&#039;actualit\u00e9 en Tunisie et dans le monde","publisher":{"@id":"https:\/\/kapitalis.com\/tunisie\/#organization"},"potentialAction":[{"@type":"SearchAction","target":{"@type":"EntryPoint","urlTemplate":"https:\/\/kapitalis.com\/tunisie\/?s={search_term_string}"},"query-input":{"@type":"PropertyValueSpecification","valueRequired":true,"valueName":"search_term_string"}}],"inLanguage":"fr-FR"},{"@type":"Organization","@id":"https:\/\/kapitalis.com\/tunisie\/#organization","name":"Kapitalis","url":"https:\/\/kapitalis.com\/tunisie\/","logo":{"@type":"ImageObject","inLanguage":"fr-FR","@id":"https:\/\/kapitalis.com\/tunisie\/#\/schema\/logo\/image\/","url":"https:\/\/kapitalis.com\/tunisie\/wp-content\/uploads\/2022\/05\/Kapitalis-big-size.png","contentUrl":"https:\/\/kapitalis.com\/tunisie\/wp-content\/uploads\/2022\/05\/Kapitalis-big-size.png","width":5000,"height":1500,"caption":"Kapitalis"},"image":{"@id":"https:\/\/kapitalis.com\/tunisie\/#\/schema\/logo\/image\/"},"sameAs":["https:\/\/www.facebook.com\/KapitalisInfo\/","https:\/\/x.com\/KapitalisInfo","https:\/\/www.youtube.com\/channel\/UC-yDYrHyfFBWWZaOw3FPg9Q"]},{"@type":"Person","@id":"https:\/\/kapitalis.com\/tunisie\/#\/schema\/person\/74bbde0154d49d790a92aaeac5bc01d5","name":"Yusra NY","url":"https:\/\/kapitalis.com\/tunisie\/author\/yuza_adam\/"}]}},"_links":{"self":[{"href":"https:\/\/kapitalis.com\/tunisie\/wp-json\/wp\/v2\/posts\/45073","targetHints":{"allow":["GET"]}}],"collection":[{"href":"https:\/\/kapitalis.com\/tunisie\/wp-json\/wp\/v2\/posts"}],"about":[{"href":"https:\/\/kapitalis.com\/tunisie\/wp-json\/wp\/v2\/types\/post"}],"author":[{"embeddable":true,"href":"https:\/\/kapitalis.com\/tunisie\/wp-json\/wp\/v2\/users\/6"}],"replies":[{"embeddable":true,"href":"https:\/\/kapitalis.com\/tunisie\/wp-json\/wp\/v2\/comments?post=45073"}],"version-history":[{"count":0,"href":"https:\/\/kapitalis.com\/tunisie\/wp-json\/wp\/v2\/posts\/45073\/revisions"}],"wp:featuredmedia":[{"embeddable":true,"href":"https:\/\/kapitalis.com\/tunisie\/wp-json\/wp\/v2\/media\/45076"}],"wp:attachment":[{"href":"https:\/\/kapitalis.com\/tunisie\/wp-json\/wp\/v2\/media?parent=45073"}],"wp:term":[{"taxonomy":"category","embeddable":true,"href":"https:\/\/kapitalis.com\/tunisie\/wp-json\/wp\/v2\/categories?post=45073"},{"taxonomy":"post_tag","embeddable":true,"href":"https:\/\/kapitalis.com\/tunisie\/wp-json\/wp\/v2\/tags?post=45073"}],"curies":[{"name":"wp","href":"https:\/\/api.w.org\/{rel}","templated":true}]}}