{"id":4507705,"date":"2022-10-13T12:40:21","date_gmt":"2022-10-13T11:40:21","guid":{"rendered":"https:\/\/kapitalis.com\/tunisie\/?p=4507705"},"modified":"2022-10-15T08:21:52","modified_gmt":"2022-10-15T07:21:52","slug":"tunisie-kais-saied-na-pas-de-temps-a-consacrer-aux-drames-de-la-migration-illegale","status":"publish","type":"post","link":"https:\/\/kapitalis.com\/tunisie\/2022\/10\/13\/tunisie-kais-saied-na-pas-de-temps-a-consacrer-aux-drames-de-la-migration-illegale\/","title":{"rendered":"Tunisie\u00a0: Ka\u00efs Sa\u00efed n\u2019a pas de temps \u00e0 consacrer aux drames de la migration ill\u00e9gale"},"content":{"rendered":"\n<p><strong><em>La tension r\u00e8gne depuis plus d\u2019une semaine \u00e0 Zarzis, dans le gouvernorat de M\u00e9denine, o\u00f9 la mer continue de rejeter les corps de femmes, d\u2019enfants et de jeunes de la r\u00e9gion, candidats \u00e0 l\u2019\u00e9migration ill\u00e9gale, dont la barque a sombr\u00e9. Mais les responsables de l\u2019Etat ne semblent pas consid\u00e9rer que ce drame qui suscite une forte \u00e9motion dans l\u2019opinion nationale requiert leur attention.<\/em><\/strong><\/p>\n\n\n\n<p>Par <strong>Imed Bahri<\/strong><\/p>\n\n\n\n<!--more-->\n\n\n\n<p>Certes, la situation ce jeudi 13 octobre 2022, est relativement calme et la vie semble avoir repris son cours, apr\u00e8s une nuit d\u2019agitation et de protestation populaire contre le manque de r\u00e9activit\u00e9 des autorit\u00e9s r\u00e9gionales et nationales et leur indiff\u00e9rence vis-\u00e0-vis de la douleur des nombreuses familles endeuill\u00e9es par ce drame et qui s\u2019interrogent sur le sort de leurs membres disparus.<\/p>\n\n\n\n<h2 class=\"wp-block-heading\">Zarzis n\u2019a que ses yeux pour pleurer<\/h2>\n\n\n\n<p>Les habitants de Zarzis s\u2019interrogent d\u2019ailleurs \u00e0 juste titre sur la raison de l\u2019absence des responsables de haut rang qui n\u2019ont pas effectu\u00e9 le d\u00e9placement dans la r\u00e9gion pour exprimer leur compassion et leur solidarit\u00e9 avec les familles des victimes, et pour essayer de calmer la douleur des habitants attis\u00e9e par cette absence et par l\u2019absence de communication de l\u2019Etat sur ce qu\u2019il compte faire pour faire face \u00e0 ce fl\u00e9au de la migration clandestine qui est en train de prendre une ampleur inqui\u00e9tante en raison de l\u2019absence de perspectives pour les jeunes dans le pays.<\/p>\n\n\n\n<figure class=\"wp-block-embed is-type-wp-embed is-provider-kapitalis wp-block-embed-kapitalis\"><div class=\"wp-block-embed__wrapper\">\n<blockquote class=\"wp-embedded-content\" data-secret=\"R0IlsOuICu\"><a href=\"https:\/\/kapitalis.com\/tunisie\/2022\/10\/10\/tunisie-huit-corps-retrouves-sur-les-cotes-de-zarzis\/\">Tunisie : Huit corps retrouv\u00e9s sur les c\u00f4tes de Zarzis<\/a><\/blockquote><iframe loading=\"lazy\" class=\"wp-embedded-content\" sandbox=\"allow-scripts\" security=\"restricted\" style=\"position: absolute; clip: rect(1px, 1px, 1px, 1px);\" title=\"\u00ab\u00a0Tunisie : Huit corps retrouv\u00e9s sur les c\u00f4tes de Zarzis\u00a0\u00bb &#8212; Kapitalis\" src=\"https:\/\/kapitalis.com\/tunisie\/2022\/10\/10\/tunisie-huit-corps-retrouves-sur-les-cotes-de-zarzis\/embed\/#?secret=nqteNCa0Y6#?secret=R0IlsOuICu\" data-secret=\"R0IlsOuICu\" width=\"600\" height=\"338\" frameborder=\"0\" marginwidth=\"0\" marginheight=\"0\" scrolling=\"no\"><\/iframe>\n<\/div><\/figure>\n\n\n\n<p>Le fait que ni le pr\u00e9sident de la r\u00e9publique Ka\u00efs Sa\u00efed, qui ne cesse de nous rebattre les oreilles avec sa vraie fausse d\u00e9fense de la cause des laiss\u00e9s-pour-compte, ni la cheffe de gouvernement Najla Bouden, dont on se demande \u00e0 quoi elle sert, ni m\u00eame le ministre des Affaires sociale Malek Zahi, ou le ministre porte-parole du gouvernement Nasreddine Nsibi, qui adore pourtant les m\u00e9dias, n\u2019ont jug\u00e9 urgent ou n\u00e9cessaire d\u2019accorder ne fut-ce que quelques minutes de leur pr\u00e9cieux temps aux habitants de Zarzis, les laissant faire face seuls \u00e0 leur drame.<\/p>\n\n\n\n<p>Poursuivant leur politique de l\u2019autruche, qui consiste \u00e0 fourrer leur t\u00eate dans le sable pour ne pas avoir \u00e0 confronter les probl\u00e8mes du pays et \u00e0 leur trouver des solutions, ces pseudo-responsables, dont l\u2019irresponsabilit\u00e9 n\u2019a d\u2019\u00e9gal que l\u2019arrogance, l\u2019incomp\u00e9tence et l\u2019impuissance, continuent d\u2019observer un silence assourdissant sur les drames de l\u2019\u00e9migration ill\u00e9gale, comme si le sujet ne les concernait pas et ne faisait pas partie de leurs pr\u00e9rogatives officielles, laissant le gouverneur de M\u00e9denine se d\u00e9mener comme il peut, tr\u00e8s maladroitement du reste, pour faire face seul \u00e0 la col\u00e8re populaire.<\/p>\n\n\n\n<h2 class=\"wp-block-heading\">Les id\u00e9es fixes de Ka\u00efs Sa\u00efed<\/h2>\n\n\n\n<p>Dans toute cette affaire, le haut responsable qui se d\u00e9shonore le plus c\u2019est le chef de l\u2019Etat, qui ne semble accorder aucun int\u00e9r\u00eat aux probl\u00e8mes quotidiens des citoyens (p\u00e9nuries de toutes sortes, chert\u00e9 de la vie, effondrement du pouvoir d\u2019achat, d\u00e9t\u00e9rioration des services publics, etc.), et n\u2019a d\u2019int\u00e9r\u00eat que pour tout ce qui se rapporte \u00e0 la mise en \u0153uvre de son projet politique personnel, en multipliant les d\u00e9crets-lois qui visent un instaurer un pouvoir despotique, \u00e0 museler les opposants et \u00e0 r\u00e9duire la libert\u00e9 des m\u00e9dias. <\/p>\n\n\n\n<figure class=\"wp-block-embed is-type-wp-embed is-provider-kapitalis wp-block-embed-kapitalis\"><div class=\"wp-block-embed__wrapper\">\n<blockquote class=\"wp-embedded-content\" data-secret=\"tQ3gFoWrNm\"><a href=\"https:\/\/kapitalis.com\/tunisie\/2022\/10\/03\/mohamed-jouili-lemigration-est-devenue-une-obsession-pour-les-tunisiens\/\">Mohamed Jouili\u00a0: \u00abL\u2019\u00e9migration est devenue une obsession pour les Tunisiens\u00bb<\/a><\/blockquote><iframe loading=\"lazy\" class=\"wp-embedded-content\" sandbox=\"allow-scripts\" security=\"restricted\" style=\"position: absolute; clip: rect(1px, 1px, 1px, 1px);\" title=\"\u00ab\u00a0Mohamed Jouili\u00a0: \u00abL\u2019\u00e9migration est devenue une obsession pour les Tunisiens\u00bb\u00a0\u00bb &#8212; Kapitalis\" src=\"https:\/\/kapitalis.com\/tunisie\/2022\/10\/03\/mohamed-jouili-lemigration-est-devenue-une-obsession-pour-les-tunisiens\/embed\/#?secret=Q7r3dkXmle#?secret=tQ3gFoWrNm\" data-secret=\"tQ3gFoWrNm\" width=\"600\" height=\"338\" frameborder=\"0\" marginwidth=\"0\" marginheight=\"0\" scrolling=\"no\"><\/iframe>\n<\/div><\/figure>\n\n\n\n<p>Sur l\u2019agenda du locataire du palais de Carthage, il n\u2019y a qu\u2019un seul rendez-vous qui requiert toute son attention&nbsp;: les l\u00e9gislatives anticip\u00e9es du 17 d\u00e9cembre prochain qu\u2019il veut imposer \u00e0 tous les Tunisiens dont l\u2019\u00e9crasante majorit\u00e9 n\u2019en voient ni l\u2019urgence ni l\u2019utilit\u00e9, qu&rsquo;il cherche aussi \u00e0 organiser selon les r\u00e8gles de son choix et \u00e0 couronner par l\u2019\u00e9lection d\u2019une assembl\u00e9e d\u00e9nu\u00e9e de tout pouvoir et dont tous les membres lui sont d\u00e9vou\u00e9s. <\/p>\n\n\n\n<p>C\u2019est cet homme honn\u00eate et int\u00e8gre, tr\u00e8s populaire et surtout tr\u00e8s populiste, qui pose devant l\u2019Histoire et tutoie la post\u00e9rit\u00e9, se prenant pour un proph\u00e8te en son pays, et qui croit gouverner en affichant un grand m\u00e9pris pour les probl\u00e8mes et les souffrances du peuple qui l\u2019a \u00e9lu et attend toujours de voir concr\u00e9tis\u00e9es ses promesses \u00e9lectorales.&nbsp;<\/p>\n","protected":false},"excerpt":{"rendered":"<p>Les responsables de l\u2019Etat en Tunisie ne semblent pas consid\u00e9rer que les drames de la migration clandestine leur attention.<\/p>\n","protected":false},"author":8,"featured_media":4507953,"comment_status":"open","ping_status":"open","sticky":false,"template":"","format":"standard","meta":{"footnotes":""},"categories":[992,997,998,2433],"tags":[76012,78056,90139,93702,95678,62643,975],"class_list":["post-4507705","post","type-post","status-publish","format-standard","has-post-thumbnail","hentry","category-a-la-une","category-politique","category-societe","category-tunisie","tag-kais-saied-2","tag-medenine-2","tag-migration-illegale","tag-najla-bouden","tag-nasreddine-nsibi","tag-tunisie","tag-zarzis"],"yoast_head":"<!-- This site is optimized with the Yoast SEO plugin v26.6 - https:\/\/yoast.com\/wordpress\/plugins\/seo\/ -->\n<title>Tunisie\u00a0: Ka\u00efs Sa\u00efed n\u2019a pas de temps \u00e0 consacrer aux drames de la migration ill\u00e9gale - Kapitalis<\/title>\n<meta name=\"robots\" content=\"index, follow, max-snippet:-1, max-image-preview:large, max-video-preview:-1\" \/>\n<link rel=\"canonical\" href=\"https:\/\/kapitalis.com\/tunisie\/2022\/10\/13\/tunisie-kais-saied-na-pas-de-temps-a-consacrer-aux-drames-de-la-migration-illegale\/\" \/>\n<meta property=\"og:locale\" content=\"fr_FR\" \/>\n<meta property=\"og:type\" content=\"article\" \/>\n<meta property=\"og:title\" content=\"Tunisie\u00a0: Ka\u00efs Sa\u00efed n\u2019a pas de temps \u00e0 consacrer aux drames de la migration ill\u00e9gale - Kapitalis\" \/>\n<meta property=\"og:description\" content=\"Les responsables de l\u2019Etat en Tunisie ne semblent pas consid\u00e9rer que les drames de la migration clandestine leur attention.\" \/>\n<meta property=\"og:url\" content=\"https:\/\/kapitalis.com\/tunisie\/2022\/10\/13\/tunisie-kais-saied-na-pas-de-temps-a-consacrer-aux-drames-de-la-migration-illegale\/\" \/>\n<meta property=\"og:site_name\" content=\"Kapitalis\" \/>\n<meta property=\"article:publisher\" content=\"https:\/\/www.facebook.com\/KapitalisInfo\/\" \/>\n<meta property=\"article:published_time\" content=\"2022-10-13T11:40:21+00:00\" \/>\n<meta property=\"article:modified_time\" content=\"2022-10-15T07:21:52+00:00\" \/>\n<meta property=\"og:image\" content=\"https:\/\/kapitalis.com\/tunisie\/wp-content\/uploads\/2022\/10\/Migration-illegale.jpg\" \/>\n\t<meta property=\"og:image:width\" content=\"1200\" \/>\n\t<meta property=\"og:image:height\" content=\"630\" \/>\n\t<meta property=\"og:image:type\" content=\"image\/jpeg\" \/>\n<meta name=\"author\" content=\"webmaster kapitalis\" \/>\n<meta name=\"twitter:card\" content=\"summary_large_image\" \/>\n<meta name=\"twitter:creator\" content=\"@KapitalisInfo\" \/>\n<meta name=\"twitter:site\" content=\"@KapitalisInfo\" \/>\n<meta name=\"twitter:label1\" content=\"\u00c9crit par\" \/>\n\t<meta name=\"twitter:data1\" content=\"webmaster kapitalis\" \/>\n\t<meta name=\"twitter:label2\" content=\"Dur\u00e9e de lecture estim\u00e9e\" \/>\n\t<meta name=\"twitter:data2\" content=\"4 minutes\" \/>\n<script type=\"application\/ld+json\" class=\"yoast-schema-graph\">{\"@context\":\"https:\/\/schema.org\",\"@graph\":[{\"@type\":\"Article\",\"@id\":\"https:\/\/kapitalis.com\/tunisie\/2022\/10\/13\/tunisie-kais-saied-na-pas-de-temps-a-consacrer-aux-drames-de-la-migration-illegale\/#article\",\"isPartOf\":{\"@id\":\"https:\/\/kapitalis.com\/tunisie\/2022\/10\/13\/tunisie-kais-saied-na-pas-de-temps-a-consacrer-aux-drames-de-la-migration-illegale\/\"},\"author\":{\"name\":\"webmaster kapitalis\",\"@id\":\"https:\/\/kapitalis.com\/tunisie\/#\/schema\/person\/d71f33a9ca44f7bad4698210b480c8e9\"},\"headline\":\"Tunisie\u00a0: Ka\u00efs Sa\u00efed n\u2019a pas de temps \u00e0 consacrer aux drames de la migration ill\u00e9gale\",\"datePublished\":\"2022-10-13T11:40:21+00:00\",\"dateModified\":\"2022-10-15T07:21:52+00:00\",\"mainEntityOfPage\":{\"@id\":\"https:\/\/kapitalis.com\/tunisie\/2022\/10\/13\/tunisie-kais-saied-na-pas-de-temps-a-consacrer-aux-drames-de-la-migration-illegale\/\"},\"wordCount\":762,\"commentCount\":4,\"publisher\":{\"@id\":\"https:\/\/kapitalis.com\/tunisie\/#organization\"},\"image\":{\"@id\":\"https:\/\/kapitalis.com\/tunisie\/2022\/10\/13\/tunisie-kais-saied-na-pas-de-temps-a-consacrer-aux-drames-de-la-migration-illegale\/#primaryimage\"},\"thumbnailUrl\":\"https:\/\/kapitalis.com\/tunisie\/wp-content\/uploads\/2022\/10\/Migration-illegale.jpg\",\"keywords\":[\"Ka\u00efs Sa\u00efed\",\"M\u00e9denine\",\"migration ill\u00e9gale\",\"Najla Bouden\",\"Nasreddine Nsibi\",\"Tunisie\",\"Zarzis\"],\"articleSection\":[\"A LA UNE\",\"POLITIQUE\",\"SOCIETE\",\"Tunisie\"],\"inLanguage\":\"fr-FR\",\"potentialAction\":[{\"@type\":\"CommentAction\",\"name\":\"Comment\",\"target\":[\"https:\/\/kapitalis.com\/tunisie\/2022\/10\/13\/tunisie-kais-saied-na-pas-de-temps-a-consacrer-aux-drames-de-la-migration-illegale\/#respond\"]}]},{\"@type\":\"WebPage\",\"@id\":\"https:\/\/kapitalis.com\/tunisie\/2022\/10\/13\/tunisie-kais-saied-na-pas-de-temps-a-consacrer-aux-drames-de-la-migration-illegale\/\",\"url\":\"https:\/\/kapitalis.com\/tunisie\/2022\/10\/13\/tunisie-kais-saied-na-pas-de-temps-a-consacrer-aux-drames-de-la-migration-illegale\/\",\"name\":\"Tunisie\u00a0: Ka\u00efs Sa\u00efed n\u2019a pas de temps \u00e0 consacrer aux drames de la migration ill\u00e9gale - Kapitalis\",\"isPartOf\":{\"@id\":\"https:\/\/kapitalis.com\/tunisie\/#website\"},\"primaryImageOfPage\":{\"@id\":\"https:\/\/kapitalis.com\/tunisie\/2022\/10\/13\/tunisie-kais-saied-na-pas-de-temps-a-consacrer-aux-drames-de-la-migration-illegale\/#primaryimage\"},\"image\":{\"@id\":\"https:\/\/kapitalis.com\/tunisie\/2022\/10\/13\/tunisie-kais-saied-na-pas-de-temps-a-consacrer-aux-drames-de-la-migration-illegale\/#primaryimage\"},\"thumbnailUrl\":\"https:\/\/kapitalis.com\/tunisie\/wp-content\/uploads\/2022\/10\/Migration-illegale.jpg\",\"datePublished\":\"2022-10-13T11:40:21+00:00\",\"dateModified\":\"2022-10-15T07:21:52+00:00\",\"breadcrumb\":{\"@id\":\"https:\/\/kapitalis.com\/tunisie\/2022\/10\/13\/tunisie-kais-saied-na-pas-de-temps-a-consacrer-aux-drames-de-la-migration-illegale\/#breadcrumb\"},\"inLanguage\":\"fr-FR\",\"potentialAction\":[{\"@type\":\"ReadAction\",\"target\":[\"https:\/\/kapitalis.com\/tunisie\/2022\/10\/13\/tunisie-kais-saied-na-pas-de-temps-a-consacrer-aux-drames-de-la-migration-illegale\/\"]}]},{\"@type\":\"ImageObject\",\"inLanguage\":\"fr-FR\",\"@id\":\"https:\/\/kapitalis.com\/tunisie\/2022\/10\/13\/tunisie-kais-saied-na-pas-de-temps-a-consacrer-aux-drames-de-la-migration-illegale\/#primaryimage\",\"url\":\"https:\/\/kapitalis.com\/tunisie\/wp-content\/uploads\/2022\/10\/Migration-illegale.jpg\",\"contentUrl\":\"https:\/\/kapitalis.com\/tunisie\/wp-content\/uploads\/2022\/10\/Migration-illegale.jpg\",\"width\":1200,\"height\":630},{\"@type\":\"BreadcrumbList\",\"@id\":\"https:\/\/kapitalis.com\/tunisie\/2022\/10\/13\/tunisie-kais-saied-na-pas-de-temps-a-consacrer-aux-drames-de-la-migration-illegale\/#breadcrumb\",\"itemListElement\":[{\"@type\":\"ListItem\",\"position\":1,\"name\":\"Accueil\",\"item\":\"https:\/\/kapitalis.com\/tunisie\/\"},{\"@type\":\"ListItem\",\"position\":2,\"name\":\"Tunisie\u00a0: Ka\u00efs Sa\u00efed n\u2019a pas de temps \u00e0 consacrer aux drames de la migration ill\u00e9gale\"}]},{\"@type\":\"WebSite\",\"@id\":\"https:\/\/kapitalis.com\/tunisie\/#website\",\"url\":\"https:\/\/kapitalis.com\/tunisie\/\",\"name\":\"Kapitalis\",\"description\":\"L&#039;actualit\u00e9 en Tunisie et dans le monde\",\"publisher\":{\"@id\":\"https:\/\/kapitalis.com\/tunisie\/#organization\"},\"potentialAction\":[{\"@type\":\"SearchAction\",\"target\":{\"@type\":\"EntryPoint\",\"urlTemplate\":\"https:\/\/kapitalis.com\/tunisie\/?s={search_term_string}\"},\"query-input\":{\"@type\":\"PropertyValueSpecification\",\"valueRequired\":true,\"valueName\":\"search_term_string\"}}],\"inLanguage\":\"fr-FR\"},{\"@type\":\"Organization\",\"@id\":\"https:\/\/kapitalis.com\/tunisie\/#organization\",\"name\":\"Kapitalis\",\"url\":\"https:\/\/kapitalis.com\/tunisie\/\",\"logo\":{\"@type\":\"ImageObject\",\"inLanguage\":\"fr-FR\",\"@id\":\"https:\/\/kapitalis.com\/tunisie\/#\/schema\/logo\/image\/\",\"url\":\"https:\/\/kapitalis.com\/tunisie\/wp-content\/uploads\/2022\/05\/Kapitalis-big-size.png\",\"contentUrl\":\"https:\/\/kapitalis.com\/tunisie\/wp-content\/uploads\/2022\/05\/Kapitalis-big-size.png\",\"width\":5000,\"height\":1500,\"caption\":\"Kapitalis\"},\"image\":{\"@id\":\"https:\/\/kapitalis.com\/tunisie\/#\/schema\/logo\/image\/\"},\"sameAs\":[\"https:\/\/www.facebook.com\/KapitalisInfo\/\",\"https:\/\/x.com\/KapitalisInfo\",\"https:\/\/www.youtube.com\/channel\/UC-yDYrHyfFBWWZaOw3FPg9Q\"]},{\"@type\":\"Person\",\"@id\":\"https:\/\/kapitalis.com\/tunisie\/#\/schema\/person\/d71f33a9ca44f7bad4698210b480c8e9\",\"name\":\"webmaster kapitalis\",\"url\":\"https:\/\/kapitalis.com\/tunisie\/author\/webmaster-kapitalis\/\"}]}<\/script>\n<!-- \/ Yoast SEO plugin. -->","yoast_head_json":{"title":"Tunisie\u00a0: Ka\u00efs Sa\u00efed n\u2019a pas de temps \u00e0 consacrer aux drames de la migration ill\u00e9gale - Kapitalis","robots":{"index":"index","follow":"follow","max-snippet":"max-snippet:-1","max-image-preview":"max-image-preview:large","max-video-preview":"max-video-preview:-1"},"canonical":"https:\/\/kapitalis.com\/tunisie\/2022\/10\/13\/tunisie-kais-saied-na-pas-de-temps-a-consacrer-aux-drames-de-la-migration-illegale\/","og_locale":"fr_FR","og_type":"article","og_title":"Tunisie\u00a0: Ka\u00efs Sa\u00efed n\u2019a pas de temps \u00e0 consacrer aux drames de la migration ill\u00e9gale - Kapitalis","og_description":"Les responsables de l\u2019Etat en Tunisie ne semblent pas consid\u00e9rer que les drames de la migration clandestine leur attention.","og_url":"https:\/\/kapitalis.com\/tunisie\/2022\/10\/13\/tunisie-kais-saied-na-pas-de-temps-a-consacrer-aux-drames-de-la-migration-illegale\/","og_site_name":"Kapitalis","article_publisher":"https:\/\/www.facebook.com\/KapitalisInfo\/","article_published_time":"2022-10-13T11:40:21+00:00","article_modified_time":"2022-10-15T07:21:52+00:00","og_image":[{"width":1200,"height":630,"url":"https:\/\/kapitalis.com\/tunisie\/wp-content\/uploads\/2022\/10\/Migration-illegale.jpg","type":"image\/jpeg"}],"author":"webmaster kapitalis","twitter_card":"summary_large_image","twitter_creator":"@KapitalisInfo","twitter_site":"@KapitalisInfo","twitter_misc":{"\u00c9crit par":"webmaster kapitalis","Dur\u00e9e de lecture estim\u00e9e":"4 minutes"},"schema":{"@context":"https:\/\/schema.org","@graph":[{"@type":"Article","@id":"https:\/\/kapitalis.com\/tunisie\/2022\/10\/13\/tunisie-kais-saied-na-pas-de-temps-a-consacrer-aux-drames-de-la-migration-illegale\/#article","isPartOf":{"@id":"https:\/\/kapitalis.com\/tunisie\/2022\/10\/13\/tunisie-kais-saied-na-pas-de-temps-a-consacrer-aux-drames-de-la-migration-illegale\/"},"author":{"name":"webmaster kapitalis","@id":"https:\/\/kapitalis.com\/tunisie\/#\/schema\/person\/d71f33a9ca44f7bad4698210b480c8e9"},"headline":"Tunisie\u00a0: Ka\u00efs Sa\u00efed n\u2019a pas de temps \u00e0 consacrer aux drames de la migration ill\u00e9gale","datePublished":"2022-10-13T11:40:21+00:00","dateModified":"2022-10-15T07:21:52+00:00","mainEntityOfPage":{"@id":"https:\/\/kapitalis.com\/tunisie\/2022\/10\/13\/tunisie-kais-saied-na-pas-de-temps-a-consacrer-aux-drames-de-la-migration-illegale\/"},"wordCount":762,"commentCount":4,"publisher":{"@id":"https:\/\/kapitalis.com\/tunisie\/#organization"},"image":{"@id":"https:\/\/kapitalis.com\/tunisie\/2022\/10\/13\/tunisie-kais-saied-na-pas-de-temps-a-consacrer-aux-drames-de-la-migration-illegale\/#primaryimage"},"thumbnailUrl":"https:\/\/kapitalis.com\/tunisie\/wp-content\/uploads\/2022\/10\/Migration-illegale.jpg","keywords":["Ka\u00efs Sa\u00efed","M\u00e9denine","migration ill\u00e9gale","Najla Bouden","Nasreddine Nsibi","Tunisie","Zarzis"],"articleSection":["A LA UNE","POLITIQUE","SOCIETE","Tunisie"],"inLanguage":"fr-FR","potentialAction":[{"@type":"CommentAction","name":"Comment","target":["https:\/\/kapitalis.com\/tunisie\/2022\/10\/13\/tunisie-kais-saied-na-pas-de-temps-a-consacrer-aux-drames-de-la-migration-illegale\/#respond"]}]},{"@type":"WebPage","@id":"https:\/\/kapitalis.com\/tunisie\/2022\/10\/13\/tunisie-kais-saied-na-pas-de-temps-a-consacrer-aux-drames-de-la-migration-illegale\/","url":"https:\/\/kapitalis.com\/tunisie\/2022\/10\/13\/tunisie-kais-saied-na-pas-de-temps-a-consacrer-aux-drames-de-la-migration-illegale\/","name":"Tunisie\u00a0: Ka\u00efs Sa\u00efed n\u2019a pas de temps \u00e0 consacrer aux drames de la migration ill\u00e9gale - Kapitalis","isPartOf":{"@id":"https:\/\/kapitalis.com\/tunisie\/#website"},"primaryImageOfPage":{"@id":"https:\/\/kapitalis.com\/tunisie\/2022\/10\/13\/tunisie-kais-saied-na-pas-de-temps-a-consacrer-aux-drames-de-la-migration-illegale\/#primaryimage"},"image":{"@id":"https:\/\/kapitalis.com\/tunisie\/2022\/10\/13\/tunisie-kais-saied-na-pas-de-temps-a-consacrer-aux-drames-de-la-migration-illegale\/#primaryimage"},"thumbnailUrl":"https:\/\/kapitalis.com\/tunisie\/wp-content\/uploads\/2022\/10\/Migration-illegale.jpg","datePublished":"2022-10-13T11:40:21+00:00","dateModified":"2022-10-15T07:21:52+00:00","breadcrumb":{"@id":"https:\/\/kapitalis.com\/tunisie\/2022\/10\/13\/tunisie-kais-saied-na-pas-de-temps-a-consacrer-aux-drames-de-la-migration-illegale\/#breadcrumb"},"inLanguage":"fr-FR","potentialAction":[{"@type":"ReadAction","target":["https:\/\/kapitalis.com\/tunisie\/2022\/10\/13\/tunisie-kais-saied-na-pas-de-temps-a-consacrer-aux-drames-de-la-migration-illegale\/"]}]},{"@type":"ImageObject","inLanguage":"fr-FR","@id":"https:\/\/kapitalis.com\/tunisie\/2022\/10\/13\/tunisie-kais-saied-na-pas-de-temps-a-consacrer-aux-drames-de-la-migration-illegale\/#primaryimage","url":"https:\/\/kapitalis.com\/tunisie\/wp-content\/uploads\/2022\/10\/Migration-illegale.jpg","contentUrl":"https:\/\/kapitalis.com\/tunisie\/wp-content\/uploads\/2022\/10\/Migration-illegale.jpg","width":1200,"height":630},{"@type":"BreadcrumbList","@id":"https:\/\/kapitalis.com\/tunisie\/2022\/10\/13\/tunisie-kais-saied-na-pas-de-temps-a-consacrer-aux-drames-de-la-migration-illegale\/#breadcrumb","itemListElement":[{"@type":"ListItem","position":1,"name":"Accueil","item":"https:\/\/kapitalis.com\/tunisie\/"},{"@type":"ListItem","position":2,"name":"Tunisie\u00a0: Ka\u00efs Sa\u00efed n\u2019a pas de temps \u00e0 consacrer aux drames de la migration ill\u00e9gale"}]},{"@type":"WebSite","@id":"https:\/\/kapitalis.com\/tunisie\/#website","url":"https:\/\/kapitalis.com\/tunisie\/","name":"Kapitalis","description":"L&#039;actualit\u00e9 en Tunisie et dans le monde","publisher":{"@id":"https:\/\/kapitalis.com\/tunisie\/#organization"},"potentialAction":[{"@type":"SearchAction","target":{"@type":"EntryPoint","urlTemplate":"https:\/\/kapitalis.com\/tunisie\/?s={search_term_string}"},"query-input":{"@type":"PropertyValueSpecification","valueRequired":true,"valueName":"search_term_string"}}],"inLanguage":"fr-FR"},{"@type":"Organization","@id":"https:\/\/kapitalis.com\/tunisie\/#organization","name":"Kapitalis","url":"https:\/\/kapitalis.com\/tunisie\/","logo":{"@type":"ImageObject","inLanguage":"fr-FR","@id":"https:\/\/kapitalis.com\/tunisie\/#\/schema\/logo\/image\/","url":"https:\/\/kapitalis.com\/tunisie\/wp-content\/uploads\/2022\/05\/Kapitalis-big-size.png","contentUrl":"https:\/\/kapitalis.com\/tunisie\/wp-content\/uploads\/2022\/05\/Kapitalis-big-size.png","width":5000,"height":1500,"caption":"Kapitalis"},"image":{"@id":"https:\/\/kapitalis.com\/tunisie\/#\/schema\/logo\/image\/"},"sameAs":["https:\/\/www.facebook.com\/KapitalisInfo\/","https:\/\/x.com\/KapitalisInfo","https:\/\/www.youtube.com\/channel\/UC-yDYrHyfFBWWZaOw3FPg9Q"]},{"@type":"Person","@id":"https:\/\/kapitalis.com\/tunisie\/#\/schema\/person\/d71f33a9ca44f7bad4698210b480c8e9","name":"webmaster kapitalis","url":"https:\/\/kapitalis.com\/tunisie\/author\/webmaster-kapitalis\/"}]}},"_links":{"self":[{"href":"https:\/\/kapitalis.com\/tunisie\/wp-json\/wp\/v2\/posts\/4507705","targetHints":{"allow":["GET"]}}],"collection":[{"href":"https:\/\/kapitalis.com\/tunisie\/wp-json\/wp\/v2\/posts"}],"about":[{"href":"https:\/\/kapitalis.com\/tunisie\/wp-json\/wp\/v2\/types\/post"}],"author":[{"embeddable":true,"href":"https:\/\/kapitalis.com\/tunisie\/wp-json\/wp\/v2\/users\/8"}],"replies":[{"embeddable":true,"href":"https:\/\/kapitalis.com\/tunisie\/wp-json\/wp\/v2\/comments?post=4507705"}],"version-history":[{"count":0,"href":"https:\/\/kapitalis.com\/tunisie\/wp-json\/wp\/v2\/posts\/4507705\/revisions"}],"wp:featuredmedia":[{"embeddable":true,"href":"https:\/\/kapitalis.com\/tunisie\/wp-json\/wp\/v2\/media\/4507953"}],"wp:attachment":[{"href":"https:\/\/kapitalis.com\/tunisie\/wp-json\/wp\/v2\/media?parent=4507705"}],"wp:term":[{"taxonomy":"category","embeddable":true,"href":"https:\/\/kapitalis.com\/tunisie\/wp-json\/wp\/v2\/categories?post=4507705"},{"taxonomy":"post_tag","embeddable":true,"href":"https:\/\/kapitalis.com\/tunisie\/wp-json\/wp\/v2\/tags?post=4507705"}],"curies":[{"name":"wp","href":"https:\/\/api.w.org\/{rel}","templated":true}]}}