{"id":45101,"date":"2016-03-30T12:00:19","date_gmt":"2016-03-30T11:00:19","guid":{"rendered":"http:\/\/kapitalis.com\/tunisie\/?p=45101"},"modified":"2016-03-30T12:00:19","modified_gmt":"2016-03-30T11:00:19","slug":"tunisair-promotions-tarifaires-pour-lespagne-le-portugal-et-le-maroc","status":"publish","type":"post","link":"https:\/\/kapitalis.com\/tunisie\/2016\/03\/30\/tunisair-promotions-tarifaires-pour-lespagne-le-portugal-et-le-maroc\/","title":{"rendered":"Tunisair : Promotions tarifaires pour l\u2019Espagne, le Portugal et le Maroc"},"content":{"rendered":"<p><img loading=\"lazy\" decoding=\"async\" class=\"alignnone size-full wp-image-16242 aligncenter\" src=\"http:\/\/kapitalis.com\/tunisie\/wp-content\/uploads\/2015\/09\/tunisair.jpg\" alt=\"tunisair\" width=\"626\" height=\"380\" \/><br \/>\n<em><strong>Tunisair \u00e9largit ses promotions tarifaires \u00abFlash Web 2016\u00bb aux march\u00e9s espagnol, portugais et marocain.<\/strong> <\/em><\/p>\n<p><!--more--><\/p>\n<p>Cette offre est lanc\u00e9e \u00e0 partir du 30 mars 2016, toujours exclusivement sur le site web de la compagnie nationale tunisienne, vers les destinations suivantes : Madrid, Barcelone, Lisbonne et Casablanca. La p\u00e9riode des ventes est fix\u00e9e du 30 mars au 4 avril 2016 pour une p\u00e9riode de voyage allant du 30 mars au 29 octobre 2016, avec une p\u00e9riode minimale de s\u00e9jour de 3 jours (ou la nuit du samedi au dimanche) et une p\u00e9riode maximale de 15.<\/p>\n<p>Les tarifs sont fix\u00e9s comme suit au d\u00e9part de Barcelone et Madrid (149 \u20ac TTC) , Lisbonne (169 \u20ac TTC) et Casablanca (2099 MAD). Et au d\u00e9part de la Tunisie \u00e0 destination de Barcelone, Madrid, Lisbonne et Casablanca (349 TND TTC).<\/p>\n<p>La compagnie indique, dans un communiqu\u00e9, que le remboursement des billets achet\u00e9s est non autoris\u00e9, que la r\u00e9duction pour les b\u00e9b\u00e9s (mois de 2 ans) est fix\u00e9e \u00e0 75% et que les frais de service ne sont pas inclus dans les tarifs.<\/p>\n<p style=\"text-align: right;\"><strong>I. B.<\/strong><\/p>\n","protected":false},"excerpt":{"rendered":"<p>Tunisair \u00e9largit ses promotions tarifaires \u00abFlash Web 2016\u00bb aux march\u00e9s espagnol, portugais et marocain.<\/p>\n","protected":false},"author":8,"featured_media":0,"comment_status":"open","ping_status":"open","sticky":false,"template":"","format":"standard","meta":{"footnotes":""},"categories":[993,2433],"tags":[10623,341,16125,10734,577,734,1501],"class_list":["post-45101","post","type-post","status-publish","format-standard","hentry","category-conso","category-tunisie","tag-casablanca","tag-espagne","tag-lisbonne","tag-madrid","tag-maroc","tag-portugal","tag-tunisair"],"yoast_head":"<!-- This site is optimized with the Yoast SEO plugin v26.6 - https:\/\/yoast.com\/wordpress\/plugins\/seo\/ -->\n<title>Tunisair : Promotions tarifaires pour l\u2019Espagne, le Portugal et le Maroc - Kapitalis<\/title>\n<meta name=\"robots\" content=\"index, follow, max-snippet:-1, max-image-preview:large, max-video-preview:-1\" \/>\n<link rel=\"canonical\" href=\"https:\/\/kapitalis.com\/tunisie\/2016\/03\/30\/tunisair-promotions-tarifaires-pour-lespagne-le-portugal-et-le-maroc\/\" \/>\n<meta property=\"og:locale\" content=\"fr_FR\" \/>\n<meta property=\"og:type\" content=\"article\" \/>\n<meta property=\"og:title\" content=\"Tunisair : Promotions tarifaires pour l\u2019Espagne, le Portugal et le Maroc - Kapitalis\" \/>\n<meta property=\"og:description\" content=\"Tunisair \u00e9largit ses promotions tarifaires \u00abFlash Web 2016\u00bb aux march\u00e9s espagnol, portugais et marocain.\" \/>\n<meta property=\"og:url\" content=\"https:\/\/kapitalis.com\/tunisie\/2016\/03\/30\/tunisair-promotions-tarifaires-pour-lespagne-le-portugal-et-le-maroc\/\" \/>\n<meta property=\"og:site_name\" content=\"Kapitalis\" \/>\n<meta property=\"article:publisher\" content=\"https:\/\/www.facebook.com\/KapitalisInfo\/\" \/>\n<meta property=\"article:published_time\" content=\"2016-03-30T11:00:19+00:00\" \/>\n<meta property=\"og:image\" content=\"http:\/\/kapitalis.com\/tunisie\/wp-content\/uploads\/2015\/09\/tunisair.jpg\" \/>\n<meta name=\"author\" content=\"webmaster kapitalis\" \/>\n<meta name=\"twitter:card\" content=\"summary_large_image\" \/>\n<meta name=\"twitter:creator\" content=\"@KapitalisInfo\" \/>\n<meta name=\"twitter:site\" content=\"@KapitalisInfo\" \/>\n<meta name=\"twitter:label1\" content=\"\u00c9crit par\" \/>\n\t<meta name=\"twitter:data1\" content=\"webmaster kapitalis\" \/>\n\t<meta name=\"twitter:label2\" content=\"Dur\u00e9e de lecture estim\u00e9e\" \/>\n\t<meta name=\"twitter:data2\" content=\"1 minute\" \/>\n<script type=\"application\/ld+json\" class=\"yoast-schema-graph\">{\"@context\":\"https:\/\/schema.org\",\"@graph\":[{\"@type\":\"Article\",\"@id\":\"https:\/\/kapitalis.com\/tunisie\/2016\/03\/30\/tunisair-promotions-tarifaires-pour-lespagne-le-portugal-et-le-maroc\/#article\",\"isPartOf\":{\"@id\":\"https:\/\/kapitalis.com\/tunisie\/2016\/03\/30\/tunisair-promotions-tarifaires-pour-lespagne-le-portugal-et-le-maroc\/\"},\"author\":{\"name\":\"webmaster kapitalis\",\"@id\":\"https:\/\/kapitalis.com\/tunisie\/#\/schema\/person\/d71f33a9ca44f7bad4698210b480c8e9\"},\"headline\":\"Tunisair : Promotions tarifaires pour l\u2019Espagne, le Portugal et le Maroc\",\"datePublished\":\"2016-03-30T11:00:19+00:00\",\"mainEntityOfPage\":{\"@id\":\"https:\/\/kapitalis.com\/tunisie\/2016\/03\/30\/tunisair-promotions-tarifaires-pour-lespagne-le-portugal-et-le-maroc\/\"},\"wordCount\":181,\"commentCount\":0,\"publisher\":{\"@id\":\"https:\/\/kapitalis.com\/tunisie\/#organization\"},\"image\":{\"@id\":\"https:\/\/kapitalis.com\/tunisie\/2016\/03\/30\/tunisair-promotions-tarifaires-pour-lespagne-le-portugal-et-le-maroc\/#primaryimage\"},\"thumbnailUrl\":\"http:\/\/kapitalis.com\/tunisie\/wp-content\/uploads\/2015\/09\/tunisair.jpg\",\"keywords\":[\"Casablanca\",\"Espagne\",\"Lisbonne\",\"Madrid\",\"Maroc\",\"Portugal\",\"Tunisair\"],\"articleSection\":[\"CONSO\",\"Tunisie\"],\"inLanguage\":\"fr-FR\",\"potentialAction\":[{\"@type\":\"CommentAction\",\"name\":\"Comment\",\"target\":[\"https:\/\/kapitalis.com\/tunisie\/2016\/03\/30\/tunisair-promotions-tarifaires-pour-lespagne-le-portugal-et-le-maroc\/#respond\"]}]},{\"@type\":\"WebPage\",\"@id\":\"https:\/\/kapitalis.com\/tunisie\/2016\/03\/30\/tunisair-promotions-tarifaires-pour-lespagne-le-portugal-et-le-maroc\/\",\"url\":\"https:\/\/kapitalis.com\/tunisie\/2016\/03\/30\/tunisair-promotions-tarifaires-pour-lespagne-le-portugal-et-le-maroc\/\",\"name\":\"Tunisair : Promotions tarifaires pour l\u2019Espagne, le Portugal et le Maroc - Kapitalis\",\"isPartOf\":{\"@id\":\"https:\/\/kapitalis.com\/tunisie\/#website\"},\"primaryImageOfPage\":{\"@id\":\"https:\/\/kapitalis.com\/tunisie\/2016\/03\/30\/tunisair-promotions-tarifaires-pour-lespagne-le-portugal-et-le-maroc\/#primaryimage\"},\"image\":{\"@id\":\"https:\/\/kapitalis.com\/tunisie\/2016\/03\/30\/tunisair-promotions-tarifaires-pour-lespagne-le-portugal-et-le-maroc\/#primaryimage\"},\"thumbnailUrl\":\"http:\/\/kapitalis.com\/tunisie\/wp-content\/uploads\/2015\/09\/tunisair.jpg\",\"datePublished\":\"2016-03-30T11:00:19+00:00\",\"breadcrumb\":{\"@id\":\"https:\/\/kapitalis.com\/tunisie\/2016\/03\/30\/tunisair-promotions-tarifaires-pour-lespagne-le-portugal-et-le-maroc\/#breadcrumb\"},\"inLanguage\":\"fr-FR\",\"potentialAction\":[{\"@type\":\"ReadAction\",\"target\":[\"https:\/\/kapitalis.com\/tunisie\/2016\/03\/30\/tunisair-promotions-tarifaires-pour-lespagne-le-portugal-et-le-maroc\/\"]}]},{\"@type\":\"ImageObject\",\"inLanguage\":\"fr-FR\",\"@id\":\"https:\/\/kapitalis.com\/tunisie\/2016\/03\/30\/tunisair-promotions-tarifaires-pour-lespagne-le-portugal-et-le-maroc\/#primaryimage\",\"url\":\"http:\/\/kapitalis.com\/tunisie\/wp-content\/uploads\/2015\/09\/tunisair.jpg\",\"contentUrl\":\"http:\/\/kapitalis.com\/tunisie\/wp-content\/uploads\/2015\/09\/tunisair.jpg\"},{\"@type\":\"BreadcrumbList\",\"@id\":\"https:\/\/kapitalis.com\/tunisie\/2016\/03\/30\/tunisair-promotions-tarifaires-pour-lespagne-le-portugal-et-le-maroc\/#breadcrumb\",\"itemListElement\":[{\"@type\":\"ListItem\",\"position\":1,\"name\":\"Accueil\",\"item\":\"https:\/\/kapitalis.com\/tunisie\/\"},{\"@type\":\"ListItem\",\"position\":2,\"name\":\"Tunisair : Promotions tarifaires pour l\u2019Espagne, le Portugal et le Maroc\"}]},{\"@type\":\"WebSite\",\"@id\":\"https:\/\/kapitalis.com\/tunisie\/#website\",\"url\":\"https:\/\/kapitalis.com\/tunisie\/\",\"name\":\"Kapitalis\",\"description\":\"L&#039;actualit\u00e9 en Tunisie et dans le monde\",\"publisher\":{\"@id\":\"https:\/\/kapitalis.com\/tunisie\/#organization\"},\"potentialAction\":[{\"@type\":\"SearchAction\",\"target\":{\"@type\":\"EntryPoint\",\"urlTemplate\":\"https:\/\/kapitalis.com\/tunisie\/?s={search_term_string}\"},\"query-input\":{\"@type\":\"PropertyValueSpecification\",\"valueRequired\":true,\"valueName\":\"search_term_string\"}}],\"inLanguage\":\"fr-FR\"},{\"@type\":\"Organization\",\"@id\":\"https:\/\/kapitalis.com\/tunisie\/#organization\",\"name\":\"Kapitalis\",\"url\":\"https:\/\/kapitalis.com\/tunisie\/\",\"logo\":{\"@type\":\"ImageObject\",\"inLanguage\":\"fr-FR\",\"@id\":\"https:\/\/kapitalis.com\/tunisie\/#\/schema\/logo\/image\/\",\"url\":\"https:\/\/kapitalis.com\/tunisie\/wp-content\/uploads\/2022\/05\/Kapitalis-big-size.png\",\"contentUrl\":\"https:\/\/kapitalis.com\/tunisie\/wp-content\/uploads\/2022\/05\/Kapitalis-big-size.png\",\"width\":5000,\"height\":1500,\"caption\":\"Kapitalis\"},\"image\":{\"@id\":\"https:\/\/kapitalis.com\/tunisie\/#\/schema\/logo\/image\/\"},\"sameAs\":[\"https:\/\/www.facebook.com\/KapitalisInfo\/\",\"https:\/\/x.com\/KapitalisInfo\",\"https:\/\/www.youtube.com\/channel\/UC-yDYrHyfFBWWZaOw3FPg9Q\"]},{\"@type\":\"Person\",\"@id\":\"https:\/\/kapitalis.com\/tunisie\/#\/schema\/person\/d71f33a9ca44f7bad4698210b480c8e9\",\"name\":\"webmaster kapitalis\",\"url\":\"https:\/\/kapitalis.com\/tunisie\/author\/webmaster-kapitalis\/\"}]}<\/script>\n<!-- \/ Yoast SEO plugin. -->","yoast_head_json":{"title":"Tunisair : Promotions tarifaires pour l\u2019Espagne, le Portugal et le Maroc - Kapitalis","robots":{"index":"index","follow":"follow","max-snippet":"max-snippet:-1","max-image-preview":"max-image-preview:large","max-video-preview":"max-video-preview:-1"},"canonical":"https:\/\/kapitalis.com\/tunisie\/2016\/03\/30\/tunisair-promotions-tarifaires-pour-lespagne-le-portugal-et-le-maroc\/","og_locale":"fr_FR","og_type":"article","og_title":"Tunisair : Promotions tarifaires pour l\u2019Espagne, le Portugal et le Maroc - Kapitalis","og_description":"Tunisair \u00e9largit ses promotions tarifaires \u00abFlash Web 2016\u00bb aux march\u00e9s espagnol, portugais et marocain.","og_url":"https:\/\/kapitalis.com\/tunisie\/2016\/03\/30\/tunisair-promotions-tarifaires-pour-lespagne-le-portugal-et-le-maroc\/","og_site_name":"Kapitalis","article_publisher":"https:\/\/www.facebook.com\/KapitalisInfo\/","article_published_time":"2016-03-30T11:00:19+00:00","og_image":[{"url":"http:\/\/kapitalis.com\/tunisie\/wp-content\/uploads\/2015\/09\/tunisair.jpg","type":"","width":"","height":""}],"author":"webmaster kapitalis","twitter_card":"summary_large_image","twitter_creator":"@KapitalisInfo","twitter_site":"@KapitalisInfo","twitter_misc":{"\u00c9crit par":"webmaster kapitalis","Dur\u00e9e de lecture estim\u00e9e":"1 minute"},"schema":{"@context":"https:\/\/schema.org","@graph":[{"@type":"Article","@id":"https:\/\/kapitalis.com\/tunisie\/2016\/03\/30\/tunisair-promotions-tarifaires-pour-lespagne-le-portugal-et-le-maroc\/#article","isPartOf":{"@id":"https:\/\/kapitalis.com\/tunisie\/2016\/03\/30\/tunisair-promotions-tarifaires-pour-lespagne-le-portugal-et-le-maroc\/"},"author":{"name":"webmaster kapitalis","@id":"https:\/\/kapitalis.com\/tunisie\/#\/schema\/person\/d71f33a9ca44f7bad4698210b480c8e9"},"headline":"Tunisair : Promotions tarifaires pour l\u2019Espagne, le Portugal et le Maroc","datePublished":"2016-03-30T11:00:19+00:00","mainEntityOfPage":{"@id":"https:\/\/kapitalis.com\/tunisie\/2016\/03\/30\/tunisair-promotions-tarifaires-pour-lespagne-le-portugal-et-le-maroc\/"},"wordCount":181,"commentCount":0,"publisher":{"@id":"https:\/\/kapitalis.com\/tunisie\/#organization"},"image":{"@id":"https:\/\/kapitalis.com\/tunisie\/2016\/03\/30\/tunisair-promotions-tarifaires-pour-lespagne-le-portugal-et-le-maroc\/#primaryimage"},"thumbnailUrl":"http:\/\/kapitalis.com\/tunisie\/wp-content\/uploads\/2015\/09\/tunisair.jpg","keywords":["Casablanca","Espagne","Lisbonne","Madrid","Maroc","Portugal","Tunisair"],"articleSection":["CONSO","Tunisie"],"inLanguage":"fr-FR","potentialAction":[{"@type":"CommentAction","name":"Comment","target":["https:\/\/kapitalis.com\/tunisie\/2016\/03\/30\/tunisair-promotions-tarifaires-pour-lespagne-le-portugal-et-le-maroc\/#respond"]}]},{"@type":"WebPage","@id":"https:\/\/kapitalis.com\/tunisie\/2016\/03\/30\/tunisair-promotions-tarifaires-pour-lespagne-le-portugal-et-le-maroc\/","url":"https:\/\/kapitalis.com\/tunisie\/2016\/03\/30\/tunisair-promotions-tarifaires-pour-lespagne-le-portugal-et-le-maroc\/","name":"Tunisair : Promotions tarifaires pour l\u2019Espagne, le Portugal et le Maroc - Kapitalis","isPartOf":{"@id":"https:\/\/kapitalis.com\/tunisie\/#website"},"primaryImageOfPage":{"@id":"https:\/\/kapitalis.com\/tunisie\/2016\/03\/30\/tunisair-promotions-tarifaires-pour-lespagne-le-portugal-et-le-maroc\/#primaryimage"},"image":{"@id":"https:\/\/kapitalis.com\/tunisie\/2016\/03\/30\/tunisair-promotions-tarifaires-pour-lespagne-le-portugal-et-le-maroc\/#primaryimage"},"thumbnailUrl":"http:\/\/kapitalis.com\/tunisie\/wp-content\/uploads\/2015\/09\/tunisair.jpg","datePublished":"2016-03-30T11:00:19+00:00","breadcrumb":{"@id":"https:\/\/kapitalis.com\/tunisie\/2016\/03\/30\/tunisair-promotions-tarifaires-pour-lespagne-le-portugal-et-le-maroc\/#breadcrumb"},"inLanguage":"fr-FR","potentialAction":[{"@type":"ReadAction","target":["https:\/\/kapitalis.com\/tunisie\/2016\/03\/30\/tunisair-promotions-tarifaires-pour-lespagne-le-portugal-et-le-maroc\/"]}]},{"@type":"ImageObject","inLanguage":"fr-FR","@id":"https:\/\/kapitalis.com\/tunisie\/2016\/03\/30\/tunisair-promotions-tarifaires-pour-lespagne-le-portugal-et-le-maroc\/#primaryimage","url":"http:\/\/kapitalis.com\/tunisie\/wp-content\/uploads\/2015\/09\/tunisair.jpg","contentUrl":"http:\/\/kapitalis.com\/tunisie\/wp-content\/uploads\/2015\/09\/tunisair.jpg"},{"@type":"BreadcrumbList","@id":"https:\/\/kapitalis.com\/tunisie\/2016\/03\/30\/tunisair-promotions-tarifaires-pour-lespagne-le-portugal-et-le-maroc\/#breadcrumb","itemListElement":[{"@type":"ListItem","position":1,"name":"Accueil","item":"https:\/\/kapitalis.com\/tunisie\/"},{"@type":"ListItem","position":2,"name":"Tunisair : Promotions tarifaires pour l\u2019Espagne, le Portugal et le Maroc"}]},{"@type":"WebSite","@id":"https:\/\/kapitalis.com\/tunisie\/#website","url":"https:\/\/kapitalis.com\/tunisie\/","name":"Kapitalis","description":"L&#039;actualit\u00e9 en Tunisie et dans le monde","publisher":{"@id":"https:\/\/kapitalis.com\/tunisie\/#organization"},"potentialAction":[{"@type":"SearchAction","target":{"@type":"EntryPoint","urlTemplate":"https:\/\/kapitalis.com\/tunisie\/?s={search_term_string}"},"query-input":{"@type":"PropertyValueSpecification","valueRequired":true,"valueName":"search_term_string"}}],"inLanguage":"fr-FR"},{"@type":"Organization","@id":"https:\/\/kapitalis.com\/tunisie\/#organization","name":"Kapitalis","url":"https:\/\/kapitalis.com\/tunisie\/","logo":{"@type":"ImageObject","inLanguage":"fr-FR","@id":"https:\/\/kapitalis.com\/tunisie\/#\/schema\/logo\/image\/","url":"https:\/\/kapitalis.com\/tunisie\/wp-content\/uploads\/2022\/05\/Kapitalis-big-size.png","contentUrl":"https:\/\/kapitalis.com\/tunisie\/wp-content\/uploads\/2022\/05\/Kapitalis-big-size.png","width":5000,"height":1500,"caption":"Kapitalis"},"image":{"@id":"https:\/\/kapitalis.com\/tunisie\/#\/schema\/logo\/image\/"},"sameAs":["https:\/\/www.facebook.com\/KapitalisInfo\/","https:\/\/x.com\/KapitalisInfo","https:\/\/www.youtube.com\/channel\/UC-yDYrHyfFBWWZaOw3FPg9Q"]},{"@type":"Person","@id":"https:\/\/kapitalis.com\/tunisie\/#\/schema\/person\/d71f33a9ca44f7bad4698210b480c8e9","name":"webmaster kapitalis","url":"https:\/\/kapitalis.com\/tunisie\/author\/webmaster-kapitalis\/"}]}},"_links":{"self":[{"href":"https:\/\/kapitalis.com\/tunisie\/wp-json\/wp\/v2\/posts\/45101","targetHints":{"allow":["GET"]}}],"collection":[{"href":"https:\/\/kapitalis.com\/tunisie\/wp-json\/wp\/v2\/posts"}],"about":[{"href":"https:\/\/kapitalis.com\/tunisie\/wp-json\/wp\/v2\/types\/post"}],"author":[{"embeddable":true,"href":"https:\/\/kapitalis.com\/tunisie\/wp-json\/wp\/v2\/users\/8"}],"replies":[{"embeddable":true,"href":"https:\/\/kapitalis.com\/tunisie\/wp-json\/wp\/v2\/comments?post=45101"}],"version-history":[{"count":0,"href":"https:\/\/kapitalis.com\/tunisie\/wp-json\/wp\/v2\/posts\/45101\/revisions"}],"wp:attachment":[{"href":"https:\/\/kapitalis.com\/tunisie\/wp-json\/wp\/v2\/media?parent=45101"}],"wp:term":[{"taxonomy":"category","embeddable":true,"href":"https:\/\/kapitalis.com\/tunisie\/wp-json\/wp\/v2\/categories?post=45101"},{"taxonomy":"post_tag","embeddable":true,"href":"https:\/\/kapitalis.com\/tunisie\/wp-json\/wp\/v2\/tags?post=45101"}],"curies":[{"name":"wp","href":"https:\/\/api.w.org\/{rel}","templated":true}]}}