{"id":4518976,"date":"2022-10-14T10:48:49","date_gmt":"2022-10-14T09:48:49","guid":{"rendered":"https:\/\/kapitalis.com\/tunisie\/?p=4518976"},"modified":"2022-10-14T10:48:51","modified_gmt":"2022-10-14T09:48:51","slug":"la-maison-de-tunisie-a-paris-accueille-la-12e-edition-du-festival-jazz-a-la-cite","status":"publish","type":"post","link":"https:\/\/kapitalis.com\/tunisie\/2022\/10\/14\/la-maison-de-tunisie-a-paris-accueille-la-12e-edition-du-festival-jazz-a-la-cite\/","title":{"rendered":"La Maison de Tunisie \u00e0 Paris accueille la 12e \u00e9dition du Festival Jazz \u00e0 la Cit\u00e9"},"content":{"rendered":"\n<p><em><strong>Dans le cadre du festival Jazz \u00e0 la Cit\u00e9, la Maison de Tunisie \u00e0 Paris accueille un concert du duo tunisien Selim et Nour Arjoun, le samedi 15 octobre.<\/strong><\/em><\/p>\n\n\n\n<!--more-->\n\n\n\n<p>Jazz \u00e0 la Cit\u00e9, \u00e9v\u00e9nement musical annuel organis\u00e9 par la Fondation de la Maison de Tunisie, met la lumi\u00e8re sur les nouveaux projets musicaux tunisiens et la nouvelle g\u00e9n\u00e9ration de chanteurs et de musiciens en Tunisie.<\/p>\n\n\n\n<p>L\u2019\u00e9v\u00e9nement arrive cette ann\u00e9e \u00e0 sa 12<sup>e<\/sup> \u00e9dition, \u00e0 cette occasion, l\u2019amphith\u00e9\u00e2tre Habib Bourguiba de la Maison de Tunisie accueillera le soir du samedi prochain un concert in\u00e9dit des fr\u00e8res Selim et Nour Arjoun.<\/p>\n\n\n\n<p>Unis par les liens du sang mais \u00e9galement par leur passion pour la musique, le duo s\u2019est fait surtout conna\u00eetre gr\u00e2ce \u00e0 la bande originale de la deuxi\u00e8me saison de la s\u00e9rie t\u00e9l\u00e9vis\u00e9e \u00ab<em>\u00a0Harga\u00a0<\/em>\u00bb ainsi que celle du film \u00ab<em>\u00a0Streams\u00a0<\/em>\u00bb de Mehdi Hmili, prim\u00e9 \u00e0 plusieurs reprises dans les festivals internationaux.<\/p>\n\n\n\n<p>Selim au piano et Nour au chant se produisent r\u00e9guli\u00e8rement sur diff\u00e9rentes sc\u00e8nes. Gr\u00e2ce \u00e0 leur talent et \u00e0 leur succ\u00e8s aupr\u00e8s des jeunes, les fr\u00e8res Arjoun ont eu la chance de monter cet \u00e9t\u00e9 sur la prestigieuse sc\u00e8ne du Festival international de Carthage.<\/p>\n\n\n\n<p class=\"has-text-align-right\"><strong>F.B<\/strong><\/p>\n","protected":false},"excerpt":{"rendered":"<p>Dans le cadre du festival Jazz \u00e0 la Cit\u00e9, la Maison de Tunisie \u00e0 Paris accueille un concert du duo tunisien Selim et Nour Arjoun, le samedi 15 octobre.<\/p>\n","protected":false},"author":26,"featured_media":4519321,"comment_status":"open","ping_status":"open","sticky":false,"template":"","format":"standard","meta":{"footnotes":""},"categories":[994,2433],"tags":[103669,14560,103670,1364,62643],"class_list":["post-4518976","post","type-post","status-publish","format-standard","has-post-thumbnail","hentry","category-culture","category-tunisie","tag-festival-jazz-a-la-cite","tag-maison-de-tunisie","tag-nour-et-selim-arjoun","tag-paris","tag-tunisie"],"yoast_head":"<!-- This site is optimized with the Yoast SEO plugin v26.6 - https:\/\/yoast.com\/wordpress\/plugins\/seo\/ -->\n<title>La Maison de Tunisie \u00e0 Paris accueille la 12e \u00e9dition du Festival Jazz \u00e0 la Cit\u00e9 - Kapitalis<\/title>\n<meta name=\"robots\" content=\"index, follow, max-snippet:-1, max-image-preview:large, max-video-preview:-1\" \/>\n<link rel=\"canonical\" href=\"https:\/\/kapitalis.com\/tunisie\/2022\/10\/14\/la-maison-de-tunisie-a-paris-accueille-la-12e-edition-du-festival-jazz-a-la-cite\/\" \/>\n<meta property=\"og:locale\" content=\"fr_FR\" \/>\n<meta property=\"og:type\" content=\"article\" \/>\n<meta property=\"og:title\" content=\"La Maison de Tunisie \u00e0 Paris accueille la 12e \u00e9dition du Festival Jazz \u00e0 la Cit\u00e9 - Kapitalis\" \/>\n<meta property=\"og:description\" content=\"Dans le cadre du festival Jazz \u00e0 la Cit\u00e9, la Maison de Tunisie \u00e0 Paris accueille un concert du duo tunisien Selim et Nour Arjoun, le samedi 15 octobre.\" \/>\n<meta property=\"og:url\" content=\"https:\/\/kapitalis.com\/tunisie\/2022\/10\/14\/la-maison-de-tunisie-a-paris-accueille-la-12e-edition-du-festival-jazz-a-la-cite\/\" \/>\n<meta property=\"og:site_name\" content=\"Kapitalis\" \/>\n<meta property=\"article:publisher\" content=\"https:\/\/www.facebook.com\/KapitalisInfo\/\" \/>\n<meta property=\"article:published_time\" content=\"2022-10-14T09:48:49+00:00\" \/>\n<meta property=\"article:modified_time\" content=\"2022-10-14T09:48:51+00:00\" \/>\n<meta property=\"og:image\" content=\"https:\/\/kapitalis.com\/tunisie\/wp-content\/uploads\/2022\/10\/Nour-et-Selim-Arjoun.jpg\" \/>\n\t<meta property=\"og:image:width\" content=\"1200\" \/>\n\t<meta property=\"og:image:height\" content=\"630\" \/>\n\t<meta property=\"og:image:type\" content=\"image\/jpeg\" \/>\n<meta name=\"author\" content=\"Fawz BenAli\" \/>\n<meta name=\"twitter:card\" content=\"summary_large_image\" \/>\n<meta name=\"twitter:creator\" content=\"@KapitalisInfo\" \/>\n<meta name=\"twitter:site\" content=\"@KapitalisInfo\" \/>\n<meta name=\"twitter:label1\" content=\"\u00c9crit par\" \/>\n\t<meta name=\"twitter:data1\" content=\"Fawz BenAli\" \/>\n\t<meta name=\"twitter:label2\" content=\"Dur\u00e9e de lecture estim\u00e9e\" \/>\n\t<meta name=\"twitter:data2\" content=\"2 minutes\" \/>\n<script type=\"application\/ld+json\" class=\"yoast-schema-graph\">{\"@context\":\"https:\/\/schema.org\",\"@graph\":[{\"@type\":\"Article\",\"@id\":\"https:\/\/kapitalis.com\/tunisie\/2022\/10\/14\/la-maison-de-tunisie-a-paris-accueille-la-12e-edition-du-festival-jazz-a-la-cite\/#article\",\"isPartOf\":{\"@id\":\"https:\/\/kapitalis.com\/tunisie\/2022\/10\/14\/la-maison-de-tunisie-a-paris-accueille-la-12e-edition-du-festival-jazz-a-la-cite\/\"},\"author\":{\"name\":\"Fawz BenAli\",\"@id\":\"https:\/\/kapitalis.com\/tunisie\/#\/schema\/person\/73a5ecc1f6ae540c6ed91342eadca948\"},\"headline\":\"La Maison de Tunisie \u00e0 Paris accueille la 12e \u00e9dition du Festival Jazz \u00e0 la Cit\u00e9\",\"datePublished\":\"2022-10-14T09:48:49+00:00\",\"dateModified\":\"2022-10-14T09:48:51+00:00\",\"mainEntityOfPage\":{\"@id\":\"https:\/\/kapitalis.com\/tunisie\/2022\/10\/14\/la-maison-de-tunisie-a-paris-accueille-la-12e-edition-du-festival-jazz-a-la-cite\/\"},\"wordCount\":228,\"commentCount\":0,\"publisher\":{\"@id\":\"https:\/\/kapitalis.com\/tunisie\/#organization\"},\"image\":{\"@id\":\"https:\/\/kapitalis.com\/tunisie\/2022\/10\/14\/la-maison-de-tunisie-a-paris-accueille-la-12e-edition-du-festival-jazz-a-la-cite\/#primaryimage\"},\"thumbnailUrl\":\"https:\/\/kapitalis.com\/tunisie\/wp-content\/uploads\/2022\/10\/Nour-et-Selim-Arjoun.jpg\",\"keywords\":[\"Festival Jazz \u00e0 la Cit\u00e9\",\"Maison de Tunisie\",\"Nour et Selim Arjoun\",\"Paris\",\"Tunisie\"],\"articleSection\":[\"CULTURE\",\"Tunisie\"],\"inLanguage\":\"fr-FR\",\"potentialAction\":[{\"@type\":\"CommentAction\",\"name\":\"Comment\",\"target\":[\"https:\/\/kapitalis.com\/tunisie\/2022\/10\/14\/la-maison-de-tunisie-a-paris-accueille-la-12e-edition-du-festival-jazz-a-la-cite\/#respond\"]}]},{\"@type\":\"WebPage\",\"@id\":\"https:\/\/kapitalis.com\/tunisie\/2022\/10\/14\/la-maison-de-tunisie-a-paris-accueille-la-12e-edition-du-festival-jazz-a-la-cite\/\",\"url\":\"https:\/\/kapitalis.com\/tunisie\/2022\/10\/14\/la-maison-de-tunisie-a-paris-accueille-la-12e-edition-du-festival-jazz-a-la-cite\/\",\"name\":\"La Maison de Tunisie \u00e0 Paris accueille la 12e \u00e9dition du Festival Jazz \u00e0 la Cit\u00e9 - Kapitalis\",\"isPartOf\":{\"@id\":\"https:\/\/kapitalis.com\/tunisie\/#website\"},\"primaryImageOfPage\":{\"@id\":\"https:\/\/kapitalis.com\/tunisie\/2022\/10\/14\/la-maison-de-tunisie-a-paris-accueille-la-12e-edition-du-festival-jazz-a-la-cite\/#primaryimage\"},\"image\":{\"@id\":\"https:\/\/kapitalis.com\/tunisie\/2022\/10\/14\/la-maison-de-tunisie-a-paris-accueille-la-12e-edition-du-festival-jazz-a-la-cite\/#primaryimage\"},\"thumbnailUrl\":\"https:\/\/kapitalis.com\/tunisie\/wp-content\/uploads\/2022\/10\/Nour-et-Selim-Arjoun.jpg\",\"datePublished\":\"2022-10-14T09:48:49+00:00\",\"dateModified\":\"2022-10-14T09:48:51+00:00\",\"breadcrumb\":{\"@id\":\"https:\/\/kapitalis.com\/tunisie\/2022\/10\/14\/la-maison-de-tunisie-a-paris-accueille-la-12e-edition-du-festival-jazz-a-la-cite\/#breadcrumb\"},\"inLanguage\":\"fr-FR\",\"potentialAction\":[{\"@type\":\"ReadAction\",\"target\":[\"https:\/\/kapitalis.com\/tunisie\/2022\/10\/14\/la-maison-de-tunisie-a-paris-accueille-la-12e-edition-du-festival-jazz-a-la-cite\/\"]}]},{\"@type\":\"ImageObject\",\"inLanguage\":\"fr-FR\",\"@id\":\"https:\/\/kapitalis.com\/tunisie\/2022\/10\/14\/la-maison-de-tunisie-a-paris-accueille-la-12e-edition-du-festival-jazz-a-la-cite\/#primaryimage\",\"url\":\"https:\/\/kapitalis.com\/tunisie\/wp-content\/uploads\/2022\/10\/Nour-et-Selim-Arjoun.jpg\",\"contentUrl\":\"https:\/\/kapitalis.com\/tunisie\/wp-content\/uploads\/2022\/10\/Nour-et-Selim-Arjoun.jpg\",\"width\":1200,\"height\":630},{\"@type\":\"BreadcrumbList\",\"@id\":\"https:\/\/kapitalis.com\/tunisie\/2022\/10\/14\/la-maison-de-tunisie-a-paris-accueille-la-12e-edition-du-festival-jazz-a-la-cite\/#breadcrumb\",\"itemListElement\":[{\"@type\":\"ListItem\",\"position\":1,\"name\":\"Accueil\",\"item\":\"https:\/\/kapitalis.com\/tunisie\/\"},{\"@type\":\"ListItem\",\"position\":2,\"name\":\"La Maison de Tunisie \u00e0 Paris accueille la 12e \u00e9dition du Festival Jazz \u00e0 la Cit\u00e9\"}]},{\"@type\":\"WebSite\",\"@id\":\"https:\/\/kapitalis.com\/tunisie\/#website\",\"url\":\"https:\/\/kapitalis.com\/tunisie\/\",\"name\":\"Kapitalis\",\"description\":\"L&#039;actualit\u00e9 en Tunisie et dans le monde\",\"publisher\":{\"@id\":\"https:\/\/kapitalis.com\/tunisie\/#organization\"},\"potentialAction\":[{\"@type\":\"SearchAction\",\"target\":{\"@type\":\"EntryPoint\",\"urlTemplate\":\"https:\/\/kapitalis.com\/tunisie\/?s={search_term_string}\"},\"query-input\":{\"@type\":\"PropertyValueSpecification\",\"valueRequired\":true,\"valueName\":\"search_term_string\"}}],\"inLanguage\":\"fr-FR\"},{\"@type\":\"Organization\",\"@id\":\"https:\/\/kapitalis.com\/tunisie\/#organization\",\"name\":\"Kapitalis\",\"url\":\"https:\/\/kapitalis.com\/tunisie\/\",\"logo\":{\"@type\":\"ImageObject\",\"inLanguage\":\"fr-FR\",\"@id\":\"https:\/\/kapitalis.com\/tunisie\/#\/schema\/logo\/image\/\",\"url\":\"https:\/\/kapitalis.com\/tunisie\/wp-content\/uploads\/2022\/05\/Kapitalis-big-size.png\",\"contentUrl\":\"https:\/\/kapitalis.com\/tunisie\/wp-content\/uploads\/2022\/05\/Kapitalis-big-size.png\",\"width\":5000,\"height\":1500,\"caption\":\"Kapitalis\"},\"image\":{\"@id\":\"https:\/\/kapitalis.com\/tunisie\/#\/schema\/logo\/image\/\"},\"sameAs\":[\"https:\/\/www.facebook.com\/KapitalisInfo\/\",\"https:\/\/x.com\/KapitalisInfo\",\"https:\/\/www.youtube.com\/channel\/UC-yDYrHyfFBWWZaOw3FPg9Q\"]},{\"@type\":\"Person\",\"@id\":\"https:\/\/kapitalis.com\/tunisie\/#\/schema\/person\/73a5ecc1f6ae540c6ed91342eadca948\",\"name\":\"Fawz BenAli\",\"url\":\"https:\/\/kapitalis.com\/tunisie\/author\/fawz\/\"}]}<\/script>\n<!-- \/ Yoast SEO plugin. -->","yoast_head_json":{"title":"La Maison de Tunisie \u00e0 Paris accueille la 12e \u00e9dition du Festival Jazz \u00e0 la Cit\u00e9 - Kapitalis","robots":{"index":"index","follow":"follow","max-snippet":"max-snippet:-1","max-image-preview":"max-image-preview:large","max-video-preview":"max-video-preview:-1"},"canonical":"https:\/\/kapitalis.com\/tunisie\/2022\/10\/14\/la-maison-de-tunisie-a-paris-accueille-la-12e-edition-du-festival-jazz-a-la-cite\/","og_locale":"fr_FR","og_type":"article","og_title":"La Maison de Tunisie \u00e0 Paris accueille la 12e \u00e9dition du Festival Jazz \u00e0 la Cit\u00e9 - Kapitalis","og_description":"Dans le cadre du festival Jazz \u00e0 la Cit\u00e9, la Maison de Tunisie \u00e0 Paris accueille un concert du duo tunisien Selim et Nour Arjoun, le samedi 15 octobre.","og_url":"https:\/\/kapitalis.com\/tunisie\/2022\/10\/14\/la-maison-de-tunisie-a-paris-accueille-la-12e-edition-du-festival-jazz-a-la-cite\/","og_site_name":"Kapitalis","article_publisher":"https:\/\/www.facebook.com\/KapitalisInfo\/","article_published_time":"2022-10-14T09:48:49+00:00","article_modified_time":"2022-10-14T09:48:51+00:00","og_image":[{"width":1200,"height":630,"url":"https:\/\/kapitalis.com\/tunisie\/wp-content\/uploads\/2022\/10\/Nour-et-Selim-Arjoun.jpg","type":"image\/jpeg"}],"author":"Fawz BenAli","twitter_card":"summary_large_image","twitter_creator":"@KapitalisInfo","twitter_site":"@KapitalisInfo","twitter_misc":{"\u00c9crit par":"Fawz BenAli","Dur\u00e9e de lecture estim\u00e9e":"2 minutes"},"schema":{"@context":"https:\/\/schema.org","@graph":[{"@type":"Article","@id":"https:\/\/kapitalis.com\/tunisie\/2022\/10\/14\/la-maison-de-tunisie-a-paris-accueille-la-12e-edition-du-festival-jazz-a-la-cite\/#article","isPartOf":{"@id":"https:\/\/kapitalis.com\/tunisie\/2022\/10\/14\/la-maison-de-tunisie-a-paris-accueille-la-12e-edition-du-festival-jazz-a-la-cite\/"},"author":{"name":"Fawz BenAli","@id":"https:\/\/kapitalis.com\/tunisie\/#\/schema\/person\/73a5ecc1f6ae540c6ed91342eadca948"},"headline":"La Maison de Tunisie \u00e0 Paris accueille la 12e \u00e9dition du Festival Jazz \u00e0 la Cit\u00e9","datePublished":"2022-10-14T09:48:49+00:00","dateModified":"2022-10-14T09:48:51+00:00","mainEntityOfPage":{"@id":"https:\/\/kapitalis.com\/tunisie\/2022\/10\/14\/la-maison-de-tunisie-a-paris-accueille-la-12e-edition-du-festival-jazz-a-la-cite\/"},"wordCount":228,"commentCount":0,"publisher":{"@id":"https:\/\/kapitalis.com\/tunisie\/#organization"},"image":{"@id":"https:\/\/kapitalis.com\/tunisie\/2022\/10\/14\/la-maison-de-tunisie-a-paris-accueille-la-12e-edition-du-festival-jazz-a-la-cite\/#primaryimage"},"thumbnailUrl":"https:\/\/kapitalis.com\/tunisie\/wp-content\/uploads\/2022\/10\/Nour-et-Selim-Arjoun.jpg","keywords":["Festival Jazz \u00e0 la Cit\u00e9","Maison de Tunisie","Nour et Selim Arjoun","Paris","Tunisie"],"articleSection":["CULTURE","Tunisie"],"inLanguage":"fr-FR","potentialAction":[{"@type":"CommentAction","name":"Comment","target":["https:\/\/kapitalis.com\/tunisie\/2022\/10\/14\/la-maison-de-tunisie-a-paris-accueille-la-12e-edition-du-festival-jazz-a-la-cite\/#respond"]}]},{"@type":"WebPage","@id":"https:\/\/kapitalis.com\/tunisie\/2022\/10\/14\/la-maison-de-tunisie-a-paris-accueille-la-12e-edition-du-festival-jazz-a-la-cite\/","url":"https:\/\/kapitalis.com\/tunisie\/2022\/10\/14\/la-maison-de-tunisie-a-paris-accueille-la-12e-edition-du-festival-jazz-a-la-cite\/","name":"La Maison de Tunisie \u00e0 Paris accueille la 12e \u00e9dition du Festival Jazz \u00e0 la Cit\u00e9 - Kapitalis","isPartOf":{"@id":"https:\/\/kapitalis.com\/tunisie\/#website"},"primaryImageOfPage":{"@id":"https:\/\/kapitalis.com\/tunisie\/2022\/10\/14\/la-maison-de-tunisie-a-paris-accueille-la-12e-edition-du-festival-jazz-a-la-cite\/#primaryimage"},"image":{"@id":"https:\/\/kapitalis.com\/tunisie\/2022\/10\/14\/la-maison-de-tunisie-a-paris-accueille-la-12e-edition-du-festival-jazz-a-la-cite\/#primaryimage"},"thumbnailUrl":"https:\/\/kapitalis.com\/tunisie\/wp-content\/uploads\/2022\/10\/Nour-et-Selim-Arjoun.jpg","datePublished":"2022-10-14T09:48:49+00:00","dateModified":"2022-10-14T09:48:51+00:00","breadcrumb":{"@id":"https:\/\/kapitalis.com\/tunisie\/2022\/10\/14\/la-maison-de-tunisie-a-paris-accueille-la-12e-edition-du-festival-jazz-a-la-cite\/#breadcrumb"},"inLanguage":"fr-FR","potentialAction":[{"@type":"ReadAction","target":["https:\/\/kapitalis.com\/tunisie\/2022\/10\/14\/la-maison-de-tunisie-a-paris-accueille-la-12e-edition-du-festival-jazz-a-la-cite\/"]}]},{"@type":"ImageObject","inLanguage":"fr-FR","@id":"https:\/\/kapitalis.com\/tunisie\/2022\/10\/14\/la-maison-de-tunisie-a-paris-accueille-la-12e-edition-du-festival-jazz-a-la-cite\/#primaryimage","url":"https:\/\/kapitalis.com\/tunisie\/wp-content\/uploads\/2022\/10\/Nour-et-Selim-Arjoun.jpg","contentUrl":"https:\/\/kapitalis.com\/tunisie\/wp-content\/uploads\/2022\/10\/Nour-et-Selim-Arjoun.jpg","width":1200,"height":630},{"@type":"BreadcrumbList","@id":"https:\/\/kapitalis.com\/tunisie\/2022\/10\/14\/la-maison-de-tunisie-a-paris-accueille-la-12e-edition-du-festival-jazz-a-la-cite\/#breadcrumb","itemListElement":[{"@type":"ListItem","position":1,"name":"Accueil","item":"https:\/\/kapitalis.com\/tunisie\/"},{"@type":"ListItem","position":2,"name":"La Maison de Tunisie \u00e0 Paris accueille la 12e \u00e9dition du Festival Jazz \u00e0 la Cit\u00e9"}]},{"@type":"WebSite","@id":"https:\/\/kapitalis.com\/tunisie\/#website","url":"https:\/\/kapitalis.com\/tunisie\/","name":"Kapitalis","description":"L&#039;actualit\u00e9 en Tunisie et dans le monde","publisher":{"@id":"https:\/\/kapitalis.com\/tunisie\/#organization"},"potentialAction":[{"@type":"SearchAction","target":{"@type":"EntryPoint","urlTemplate":"https:\/\/kapitalis.com\/tunisie\/?s={search_term_string}"},"query-input":{"@type":"PropertyValueSpecification","valueRequired":true,"valueName":"search_term_string"}}],"inLanguage":"fr-FR"},{"@type":"Organization","@id":"https:\/\/kapitalis.com\/tunisie\/#organization","name":"Kapitalis","url":"https:\/\/kapitalis.com\/tunisie\/","logo":{"@type":"ImageObject","inLanguage":"fr-FR","@id":"https:\/\/kapitalis.com\/tunisie\/#\/schema\/logo\/image\/","url":"https:\/\/kapitalis.com\/tunisie\/wp-content\/uploads\/2022\/05\/Kapitalis-big-size.png","contentUrl":"https:\/\/kapitalis.com\/tunisie\/wp-content\/uploads\/2022\/05\/Kapitalis-big-size.png","width":5000,"height":1500,"caption":"Kapitalis"},"image":{"@id":"https:\/\/kapitalis.com\/tunisie\/#\/schema\/logo\/image\/"},"sameAs":["https:\/\/www.facebook.com\/KapitalisInfo\/","https:\/\/x.com\/KapitalisInfo","https:\/\/www.youtube.com\/channel\/UC-yDYrHyfFBWWZaOw3FPg9Q"]},{"@type":"Person","@id":"https:\/\/kapitalis.com\/tunisie\/#\/schema\/person\/73a5ecc1f6ae540c6ed91342eadca948","name":"Fawz BenAli","url":"https:\/\/kapitalis.com\/tunisie\/author\/fawz\/"}]}},"_links":{"self":[{"href":"https:\/\/kapitalis.com\/tunisie\/wp-json\/wp\/v2\/posts\/4518976","targetHints":{"allow":["GET"]}}],"collection":[{"href":"https:\/\/kapitalis.com\/tunisie\/wp-json\/wp\/v2\/posts"}],"about":[{"href":"https:\/\/kapitalis.com\/tunisie\/wp-json\/wp\/v2\/types\/post"}],"author":[{"embeddable":true,"href":"https:\/\/kapitalis.com\/tunisie\/wp-json\/wp\/v2\/users\/26"}],"replies":[{"embeddable":true,"href":"https:\/\/kapitalis.com\/tunisie\/wp-json\/wp\/v2\/comments?post=4518976"}],"version-history":[{"count":0,"href":"https:\/\/kapitalis.com\/tunisie\/wp-json\/wp\/v2\/posts\/4518976\/revisions"}],"wp:featuredmedia":[{"embeddable":true,"href":"https:\/\/kapitalis.com\/tunisie\/wp-json\/wp\/v2\/media\/4519321"}],"wp:attachment":[{"href":"https:\/\/kapitalis.com\/tunisie\/wp-json\/wp\/v2\/media?parent=4518976"}],"wp:term":[{"taxonomy":"category","embeddable":true,"href":"https:\/\/kapitalis.com\/tunisie\/wp-json\/wp\/v2\/categories?post=4518976"},{"taxonomy":"post_tag","embeddable":true,"href":"https:\/\/kapitalis.com\/tunisie\/wp-json\/wp\/v2\/tags?post=4518976"}],"curies":[{"name":"wp","href":"https:\/\/api.w.org\/{rel}","templated":true}]}}