{"id":4527031,"date":"2022-10-15T13:28:42","date_gmt":"2022-10-15T12:28:42","guid":{"rendered":"https:\/\/kapitalis.com\/tunisie\/?p=4527031"},"modified":"2022-10-16T09:57:37","modified_gmt":"2022-10-16T08:57:37","slug":"tunisie-face-aux-penuries-le-gouvernement-tire-des-plans-sur-la-comete","status":"publish","type":"post","link":"https:\/\/kapitalis.com\/tunisie\/2022\/10\/15\/tunisie-face-aux-penuries-le-gouvernement-tire-des-plans-sur-la-comete\/","title":{"rendered":"Tunisie\u00a0: face aux p\u00e9nuries, le gouvernement tire des plans sur la com\u00e8te"},"content":{"rendered":"\n<p><strong><em>Beaucoup d\u2019\u00e9leveurs ont de plus en plus de probl\u00e8mes pour nourrir leurs b\u00eates, en raison de la hausse des prix des aliments pour b\u00e9tail sur le march\u00e9, et certains d&rsquo;entre eux vont m\u00eame jusqu\u2019\u00e0 s\u2019en d\u00e9barrasser en les vendant \u00e0 des contrebandiers op\u00e9rant aux fronti\u00e8res entre la Tunisie et l\u2019Alg\u00e9rie. Au lieu d\u2019\u0153uvrer \u00e0 assurer la disponibilit\u00e9 des fourrages et la fluidit\u00e9 du ravitaillement, ici et maintenant, le gouvernement pr\u00e9f\u00e8re continuer \u00e0 tirer des plans sur la com\u00e8te.<\/em><\/strong><\/p>\n\n\n\n<p>Par <strong>Imed Bahri<\/strong><\/p>\n\n\n\n<!--more-->\n\n\n\n<p>En effet, c\u2019est ce moment de p\u00e9nuries tous azimuts qu\u2019a choisi le ministre de l\u2019Agriculture, des Ressources hydrauliques et de la P\u00eache, Mahmoud Elyes Hamza, pour nous parler de la strat\u00e9gie nationale de promotion des ressources fourrag\u00e8res et pastorales, dont l\u2019objectif est de r\u00e9duire le d\u00e9ficit structurel dans ce secteur. <\/p>\n\n\n\n<p>Dans quel d\u00e9lai&nbsp;? Le ministre ne le pr\u00e9cise pas, mais il affirme que ladite strat\u00e9gie est en cours d\u2019\u00e9laboration par son d\u00e9partement. Et eu \u00e9gard le rythme de l\u2019administration tunisienne, qui n\u2019est pas l\u2019un des plus rapides au monde, on peut estimer l\u2019ach\u00e8vement du document et sa mise en \u0153uvre \u00e0 une dizaine d&rsquo;ann\u00e9es, et \u00e0 une vingtaine d\u2019ann\u00e9es sa r\u00e9alisation. Mais d\u2019ici l\u00e0, on fait quoi&nbsp;? Et bien, on palabre dans les conf\u00e9rences et on critique le manque de patriotisme des \u00e9leveurs qui vendent leurs b\u00eates.<\/p>\n\n\n\n<p>On aurait pu faire simple et concret, en s\u2019employant \u00e0 garantir la disponibilit\u00e9 des aliments pour b\u00e9tail en quantit\u00e9s suffisantes ici et maintenant pour sauver notre cheptel ovin et bovin, mais on pr\u00e9f\u00e8re faire beaucoup plus compliqu\u00e9, en faisant reporter la solution des probl\u00e8mes d\u2019aujourd\u2019hui \u00e0 un avenir incertain.<\/p>\n\n\n\n<h2 class=\"wp-block-heading\">Les solutions report\u00e9es \u00e0 un avenir incertain<\/h2>\n\n\n\n<p>On ne peut pas reprocher au ministre, qui s\u2019exprimait, vendredi 14 octobre 2022, \u00e0 une conf\u00e9rence sur <em>\u00ables ressources fourrag\u00e8res et pastorales face aux d\u00e9fis climatiques et g\u00e9ostrat\u00e9giques\u00bb,<\/em> organis\u00e9e au Parc des Expositions du Kram \u00e0 Tunis, en marge du Salon international de l\u2019investissement agricole et de la technologie (Siat 2022), de n\u2019avoir pas pris suffisamment conscience de <em>\u00abl\u2019importante contribution du secteur fourrager dans la r\u00e9alisation de la s\u00e9curit\u00e9 alimentaire\u00bb<\/em>, puisqu\u2019il reconna\u00eet que <em>\u00abla balance fourrag\u00e8re conna\u00eet un d\u00e9ficit structurel qui \u00e9t\u00e9 exacerb\u00e9 par les ann\u00e9es de s\u00e9cheresse et les r\u00e9percussions des ann\u00e9es Covid-19 et de la guerre en Ukraine sur les prix des mati\u00e8res premi\u00e8res et les cha\u00eenes d\u2019approvisionnement\u00bb.<\/em><\/p>\n\n\n\n<figure class=\"wp-block-embed is-type-wp-embed is-provider-kapitalis wp-block-embed-kapitalis\"><div class=\"wp-block-embed__wrapper\">\n<blockquote class=\"wp-embedded-content\" data-secret=\"AM1umVKlQU\"><a href=\"https:\/\/kapitalis.com\/tunisie\/2022\/05\/14\/tunisie-une-fete-de-lagriculture-au-gout-amer\/\">Tunisie : une f\u00eate de l\u2019agriculture au go\u00fbt amer<\/a><\/blockquote><iframe loading=\"lazy\" class=\"wp-embedded-content\" sandbox=\"allow-scripts\" security=\"restricted\" style=\"position: absolute; clip: rect(1px, 1px, 1px, 1px);\" title=\"\u00ab\u00a0Tunisie : une f\u00eate de l\u2019agriculture au go\u00fbt amer\u00a0\u00bb &#8212; Kapitalis\" src=\"https:\/\/kapitalis.com\/tunisie\/2022\/05\/14\/tunisie-une-fete-de-lagriculture-au-gout-amer\/embed\/#?secret=OlRGPkmKrx#?secret=AM1umVKlQU\" data-secret=\"AM1umVKlQU\" width=\"600\" height=\"338\" frameborder=\"0\" marginwidth=\"0\" marginheight=\"0\" scrolling=\"no\"><\/iframe>\n<\/div><\/figure>\n\n\n\n<p>Ce d\u00e9ficit, qui d\u00e9passe les 25%, impacte la fili\u00e8re de l\u2019\u00e9levage, laquelle joue un r\u00f4le important sur le plan \u00e9conomique et social, a encore pr\u00e9cis\u00e9 le ministre, indiquant que les besoins nationaux en produits fourragers s\u2019\u00e9l\u00e8vent \u00e0 6200 millions d&rsquo;unit\u00e9s fourrag\u00e8res contre des ressources disponibles (locales et import\u00e9es) de l\u2019ordre de 5200 millions d\u2019unit\u00e9s.<\/p>\n\n\n\n<p>Autres chiffres avanc\u00e9s par M. Hamza, qui a bien pr\u00e9par\u00e9 sa le\u00e7on&nbsp;: en Tunisie, <em>\u00abla fili\u00e8re de l\u2019\u00e9levage participe \u00e0 hauteur de 38% \u00e0 la production agricole, repr\u00e9sente 15% des investissements agricoles et contribue fortement \u00e0 la cr\u00e9ation d\u2019emploi.\u00bb<\/em><\/p>\n\n\n\n<p>Cependant, ces chiffres ne justifient nullement la p\u00e9nurie observ\u00e9e des aliments pour b\u00e9tails. Au contraire, ils prouvent que les responsables du secteur agricole, lesquels co\u00fbtent tr\u00e8s cher aux contribuables, ne sont pas suffisamment pr\u00e9voyants, qu\u2019ils n\u2019anticipent pas les besoins du pays assez \u00e0 l\u2019avance et qu\u2019ils ne prennent pas les bonnes d\u00e9cisions au bon moment. Aussi la <em>\u00abstrat\u00e9gie nationale de promotion du secteur fourrager et pastoral\u00bb<\/em>, dont on nous rebat aujourd\u2019hui les oreilles, n\u2019aurions-nous pas d\u00fb l\u2019avoir pr\u00e9par\u00e9e et mise en \u0153uvre depuis au moins une dizaine ou une vingtaine d\u2019ann\u00e9es&nbsp;?<\/p>\n\n\n\n<p>Non, M. Hamza et ses coll\u00e8gues du minist\u00e8re de l\u2019Agriculture ne sont nullement press\u00e9s. Puisque ladite <em>\u00abstrat\u00e9gie\u00bb<\/em>, on commence \u00e0 peine \u00e0 la\u2026 pr\u00e9parer. Et dans le cadre de cette <em>\u00abpr\u00e9paration\u00bb <\/em>(esp\u00e9rons qu\u2019elle ne durera pas une \u00e9ternit\u00e9), un atelier de r\u00e9flexion sera bient\u00f4t organis\u00e9 (vous avez bien lu <em>\u00abbient\u00f4t\u00bb<\/em>) avec tous les intervenants du secteur <em>\u00abpour s\u2019accorder sur une version consensuelle qui refl\u00e8te les attentes des professionnels et permet de r\u00e9aliser les objectifs nationaux en la mati\u00e8re\u00bb<\/em>.<\/p>\n\n\n\n<p>D\u00e9j\u00e0, pour <em>\u00abs\u2019accorder sur une version consensuelle\u00bb<\/em>, on imagine qu\u2019il faudra une \u00e9ternit\u00e9 de palabres \u00e0 n\u2019en plus finir, alors que l\u2019agriculture n\u2019a jamais \u00e9t\u00e9 une affaire d\u2019opinion, mais une question de bons choix, de strat\u00e9gies lanc\u00e9es \u00e0 temps et de rentabilit\u00e9 \u00e0 court, moyen et long termes. Et cela est une affaire d\u2019ing\u00e9nieurs agronomes au fait des potentialit\u00e9s du pays et des moyens pour en tirer le meilleur parti. Et de dirigeants politiques assez courageux pour imposer les solutions jug\u00e9es n\u00e9cessaires. <\/p>\n\n\n\n<h2 class=\"wp-block-heading\">Le plein d&rsquo;ind\u00e9cence <\/h2>\n\n\n\n<p>La strat\u00e9gie en pr\u00e9paration devrait contribuer \u00e0 r\u00e9duire le d\u00e9ficit de la balance commerciale fourrag\u00e8re, am\u00e9liorer le rendement du secteur et encourager l\u2019adoption d\u2019alternatives locales aux semences et vari\u00e9t\u00e9s fourrag\u00e8res import\u00e9es \u00e0 travers la valorisation des r\u00e9sultats de la recherche scientifique, nous apprend encore le ministre qui continue de tirer des plans sur la com\u00e8te, comme si le grave d\u00e9ficit de la balance commerciale du pays, qui a atteint cette ann\u00e9e des sommets in\u00e9dits, pouvait encore attendre les r\u00e9sultats des travaux de ces directeurs centraux qui font la queue devant les stations-services pour faire leur plein d\u2019essence. &nbsp;<\/p>\n\n\n\n<figure class=\"wp-block-embed is-type-wp-embed is-provider-kapitalis wp-block-embed-kapitalis\"><div class=\"wp-block-embed__wrapper\">\n<blockquote class=\"wp-embedded-content\" data-secret=\"H6ivFx3gVM\"><a href=\"https:\/\/kapitalis.com\/tunisie\/2021\/02\/12\/comment-ameliorer-la-rentabilite-de-lelevage-1-un-secteur-strategique-et-delicat\/\">Comment am\u00e9liorer la rentabilit\u00e9 de l\u2019\u00e9levage : 1- Un secteur strat\u00e9gique et d\u00e9licat<\/a><\/blockquote><iframe loading=\"lazy\" class=\"wp-embedded-content\" sandbox=\"allow-scripts\" security=\"restricted\" style=\"position: absolute; clip: rect(1px, 1px, 1px, 1px);\" title=\"\u00ab\u00a0Comment am\u00e9liorer la rentabilit\u00e9 de l\u2019\u00e9levage : 1- Un secteur strat\u00e9gique et d\u00e9licat\u00a0\u00bb &#8212; Kapitalis\" src=\"https:\/\/kapitalis.com\/tunisie\/2021\/02\/12\/comment-ameliorer-la-rentabilite-de-lelevage-1-un-secteur-strategique-et-delicat\/embed\/#?secret=JfE4aAluUp#?secret=H6ivFx3gVM\" data-secret=\"H6ivFx3gVM\" width=\"600\" height=\"338\" frameborder=\"0\" marginwidth=\"0\" marginheight=\"0\" scrolling=\"no\"><\/iframe>\n<\/div><\/figure>\n\n\n\n<p>Parmi ces chers cadres de la nation, il y a le directeur g\u00e9n\u00e9ral de l\u2019Office de l\u2019\u00e9levage et des p\u00e2turages (OEP), Ezzeddine Chalghaf, qui a pris part \u00e0 la m\u00eame conf\u00e9rence, pour d\u00e9signer le principal responsable du d\u00e9ficit structurel du secteur fourrager et pastoral en Tunisie. Bien s\u00fbr, ce n\u2019est pas lui le responsable parce qu&rsquo;il n\u2019a pas fait son travail en amont et suffisamment \u00e0 l\u2019avance pour garantir des quantit\u00e9s suffisantes de fourrages pour les b\u00eates (ce pour quoi il est cens\u00e9 \u00eatre pay\u00e9), mais\u2026 ce sont la s\u00e9cheresse et la faible pluviom\u00e9trie, qui ont eu des r\u00e9percussions n\u00e9gatives sur les ressources et les cultures fourrag\u00e8res et partant, sur le cheptel, dit-il. Ah, les salopes&nbsp;! Il ne les a pas pr\u00e9vues celles-l\u00e0, la s\u00e9cheresse et la faible pluviom\u00e9trie \u00e9tant, il est vrai, des ph\u00e9nom\u00e8nes tr\u00e8s rares en Tunisie !<\/p>\n\n\n\n<p>Dans son \u00e9lan d\u2019autojustification, si cher aux hauts responsables tunisiens, M. Chalghaf a d\u00e9sign\u00e9 d&rsquo;autres coupables contre lesquels on ne peut rien et qui justifient \u00e0 ses yeux son incomp\u00e9tence&nbsp;: la pand\u00e9mie du Covid-19, la guerre russo-ukrainienne et les mesures protectionnistes sur les exportations des mati\u00e8res premi\u00e8res prises par certains pays, lesquels ont provoqu\u00e9 une mont\u00e9e sans pr\u00e9c\u00e9dent des prix et perturb\u00e9 l\u2019approvisionnement.<\/p>\n\n\n\n<p>Le premier responsable de l\u2019OEP sait pourtant que la Tunisie importe 30% des besoins alimentaires de son cheptel (tourteaux de soja, ma\u00efs et orge), mais depuis le temps qu\u2019il s\u00e9vit au minist\u00e8re de l\u2019Agriculture, pourquoi ne s\u2019est-il pas employ\u00e9 \u00e0 r\u00e9duire cette d\u00e9pendance, par exemple en d\u00e9veloppant la culture du soja, du ma\u00efs et de l\u2019orge, sachant que la Tunisie dispose d\u2019\u00e9normes superficies de terres non exploit\u00e9es ?<\/p>\n\n\n\n<p>Ce n\u2019est qu\u2019aujourd\u2019hui que M. Chalghaf a donc pris conscience de la n\u00e9cessit\u00e9 de rechercher des alternatives locales aux produits import\u00e9s, en parfaite concertation avec les organismes nationaux de recherche scientifique, dont l\u2019Institut national de la recherche agronomique de Tunisie (Inrat). Dans ce cadre et face aux co\u00fbts \u00e9lev\u00e9s des prot\u00e9ines de soja import\u00e9s, un Plan national (encore un ?) pour la promotion du secteur des semences fourrag\u00e8res a \u00e9t\u00e9 mis en place, \u00e0 travers le d\u00e9veloppement des cultures des l\u00e9gumineuses fourrag\u00e8res (f\u00e8verole, vesce\u2026) et des plantes fourrag\u00e8res (luzerne), nous apprend-il, sans pr\u00e9ciser dans quel d\u00e9lai peut-on s\u2019attendre \u00e0 cueillir enfin les fruits de ce\u2026 <em>\u00abplan\u00bb<\/em>. Une d\u00e9cennie&nbsp;? Deux d\u00e9cennies&nbsp;? Mais d\u2019ici l\u00e0, on fait quoi&nbsp;? M. Chalghaf ne r\u00e9pond pas \u00e0 cette question&#8230; <\/p>\n\n\n\n<p>Il nous ne nous reste donc qu&rsquo;\u00e0 accompagner la descente du pays dans l&rsquo;enfer de la crise.   <\/p>\n","protected":false},"excerpt":{"rendered":"<p>Au lieu d\u2019\u0153uvrer \u00e0 assurer la disponibilit\u00e9 des fourrages et la fluidit\u00e9 du ravitaillement, ici et maintenant, le gouvernement tunisien pr\u00e9f\u00e8re continuer \u00e0 tirer des plans sur la com\u00e8te.<\/p>\n","protected":false},"author":8,"featured_media":4527114,"comment_status":"open","ping_status":"open","sticky":false,"template":"","format":"standard","meta":{"footnotes":""},"categories":[992,995,1,2433],"tags":[47,103688,103689,75632,95003,103690,87986,62643],"class_list":["post-4527031","post","type-post","status-publish","format-standard","has-post-thumbnail","hentry","category-a-la-une","category-economie","category-non-classe","category-tunisie","tag-agriculture","tag-aliments-pour-betails","tag-ezzeddine-chalghaf","tag-inrat","tag-mahmoud-elyes-hamza","tag-oef","tag-office-de-lelevage-et-des-paturages-2","tag-tunisie"],"yoast_head":"<!-- This site is optimized with the Yoast SEO plugin v26.6 - https:\/\/yoast.com\/wordpress\/plugins\/seo\/ -->\n<title>Tunisie\u00a0: face aux p\u00e9nuries, le gouvernement tire des plans sur la com\u00e8te - Kapitalis<\/title>\n<meta name=\"robots\" content=\"index, follow, max-snippet:-1, max-image-preview:large, max-video-preview:-1\" \/>\n<link rel=\"canonical\" href=\"https:\/\/kapitalis.com\/tunisie\/2022\/10\/15\/tunisie-face-aux-penuries-le-gouvernement-tire-des-plans-sur-la-comete\/\" \/>\n<meta property=\"og:locale\" content=\"fr_FR\" \/>\n<meta property=\"og:type\" content=\"article\" \/>\n<meta property=\"og:title\" content=\"Tunisie\u00a0: face aux p\u00e9nuries, le gouvernement tire des plans sur la com\u00e8te - Kapitalis\" \/>\n<meta property=\"og:description\" content=\"Au lieu d\u2019\u0153uvrer \u00e0 assurer la disponibilit\u00e9 des fourrages et la fluidit\u00e9 du ravitaillement, ici et maintenant, le gouvernement tunisien pr\u00e9f\u00e8re continuer \u00e0 tirer des plans sur la com\u00e8te.\" \/>\n<meta property=\"og:url\" content=\"https:\/\/kapitalis.com\/tunisie\/2022\/10\/15\/tunisie-face-aux-penuries-le-gouvernement-tire-des-plans-sur-la-comete\/\" \/>\n<meta property=\"og:site_name\" content=\"Kapitalis\" \/>\n<meta property=\"article:publisher\" content=\"https:\/\/www.facebook.com\/KapitalisInfo\/\" \/>\n<meta property=\"article:published_time\" content=\"2022-10-15T12:28:42+00:00\" \/>\n<meta property=\"article:modified_time\" content=\"2022-10-16T08:57:37+00:00\" \/>\n<meta property=\"og:image\" content=\"https:\/\/kapitalis.com\/tunisie\/wp-content\/uploads\/2022\/10\/Mahmoud-Elyes-Hamza.jpg\" \/>\n\t<meta property=\"og:image:width\" content=\"1200\" \/>\n\t<meta property=\"og:image:height\" content=\"630\" \/>\n\t<meta property=\"og:image:type\" content=\"image\/jpeg\" \/>\n<meta name=\"author\" content=\"webmaster kapitalis\" \/>\n<meta name=\"twitter:card\" content=\"summary_large_image\" \/>\n<meta name=\"twitter:creator\" content=\"@KapitalisInfo\" \/>\n<meta name=\"twitter:site\" content=\"@KapitalisInfo\" \/>\n<meta name=\"twitter:label1\" content=\"\u00c9crit par\" \/>\n\t<meta name=\"twitter:data1\" content=\"webmaster kapitalis\" \/>\n\t<meta name=\"twitter:label2\" content=\"Dur\u00e9e de lecture estim\u00e9e\" \/>\n\t<meta name=\"twitter:data2\" content=\"7 minutes\" \/>\n<script type=\"application\/ld+json\" class=\"yoast-schema-graph\">{\"@context\":\"https:\/\/schema.org\",\"@graph\":[{\"@type\":\"Article\",\"@id\":\"https:\/\/kapitalis.com\/tunisie\/2022\/10\/15\/tunisie-face-aux-penuries-le-gouvernement-tire-des-plans-sur-la-comete\/#article\",\"isPartOf\":{\"@id\":\"https:\/\/kapitalis.com\/tunisie\/2022\/10\/15\/tunisie-face-aux-penuries-le-gouvernement-tire-des-plans-sur-la-comete\/\"},\"author\":{\"name\":\"webmaster kapitalis\",\"@id\":\"https:\/\/kapitalis.com\/tunisie\/#\/schema\/person\/d71f33a9ca44f7bad4698210b480c8e9\"},\"headline\":\"Tunisie\u00a0: face aux p\u00e9nuries, le gouvernement tire des plans sur la com\u00e8te\",\"datePublished\":\"2022-10-15T12:28:42+00:00\",\"dateModified\":\"2022-10-16T08:57:37+00:00\",\"mainEntityOfPage\":{\"@id\":\"https:\/\/kapitalis.com\/tunisie\/2022\/10\/15\/tunisie-face-aux-penuries-le-gouvernement-tire-des-plans-sur-la-comete\/\"},\"wordCount\":1474,\"commentCount\":0,\"publisher\":{\"@id\":\"https:\/\/kapitalis.com\/tunisie\/#organization\"},\"image\":{\"@id\":\"https:\/\/kapitalis.com\/tunisie\/2022\/10\/15\/tunisie-face-aux-penuries-le-gouvernement-tire-des-plans-sur-la-comete\/#primaryimage\"},\"thumbnailUrl\":\"https:\/\/kapitalis.com\/tunisie\/wp-content\/uploads\/2022\/10\/Mahmoud-Elyes-Hamza.jpg\",\"keywords\":[\"Agriculture\",\"aliments pour b\u00e9tails\",\"Ezzeddine Chalghaf\",\"INRAT\",\"Mahmoud Elyes Hamza\",\"OEF\",\"Office de l\u2019\u00e9levage et des p\u00e2turages\",\"Tunisie\"],\"articleSection\":{\"0\":\"A LA UNE\",\"1\":\"ECONOMIE\",\"3\":\"Tunisie\"},\"inLanguage\":\"fr-FR\",\"potentialAction\":[{\"@type\":\"CommentAction\",\"name\":\"Comment\",\"target\":[\"https:\/\/kapitalis.com\/tunisie\/2022\/10\/15\/tunisie-face-aux-penuries-le-gouvernement-tire-des-plans-sur-la-comete\/#respond\"]}]},{\"@type\":\"WebPage\",\"@id\":\"https:\/\/kapitalis.com\/tunisie\/2022\/10\/15\/tunisie-face-aux-penuries-le-gouvernement-tire-des-plans-sur-la-comete\/\",\"url\":\"https:\/\/kapitalis.com\/tunisie\/2022\/10\/15\/tunisie-face-aux-penuries-le-gouvernement-tire-des-plans-sur-la-comete\/\",\"name\":\"Tunisie\u00a0: face aux p\u00e9nuries, le gouvernement tire des plans sur la com\u00e8te - Kapitalis\",\"isPartOf\":{\"@id\":\"https:\/\/kapitalis.com\/tunisie\/#website\"},\"primaryImageOfPage\":{\"@id\":\"https:\/\/kapitalis.com\/tunisie\/2022\/10\/15\/tunisie-face-aux-penuries-le-gouvernement-tire-des-plans-sur-la-comete\/#primaryimage\"},\"image\":{\"@id\":\"https:\/\/kapitalis.com\/tunisie\/2022\/10\/15\/tunisie-face-aux-penuries-le-gouvernement-tire-des-plans-sur-la-comete\/#primaryimage\"},\"thumbnailUrl\":\"https:\/\/kapitalis.com\/tunisie\/wp-content\/uploads\/2022\/10\/Mahmoud-Elyes-Hamza.jpg\",\"datePublished\":\"2022-10-15T12:28:42+00:00\",\"dateModified\":\"2022-10-16T08:57:37+00:00\",\"breadcrumb\":{\"@id\":\"https:\/\/kapitalis.com\/tunisie\/2022\/10\/15\/tunisie-face-aux-penuries-le-gouvernement-tire-des-plans-sur-la-comete\/#breadcrumb\"},\"inLanguage\":\"fr-FR\",\"potentialAction\":[{\"@type\":\"ReadAction\",\"target\":[\"https:\/\/kapitalis.com\/tunisie\/2022\/10\/15\/tunisie-face-aux-penuries-le-gouvernement-tire-des-plans-sur-la-comete\/\"]}]},{\"@type\":\"ImageObject\",\"inLanguage\":\"fr-FR\",\"@id\":\"https:\/\/kapitalis.com\/tunisie\/2022\/10\/15\/tunisie-face-aux-penuries-le-gouvernement-tire-des-plans-sur-la-comete\/#primaryimage\",\"url\":\"https:\/\/kapitalis.com\/tunisie\/wp-content\/uploads\/2022\/10\/Mahmoud-Elyes-Hamza.jpg\",\"contentUrl\":\"https:\/\/kapitalis.com\/tunisie\/wp-content\/uploads\/2022\/10\/Mahmoud-Elyes-Hamza.jpg\",\"width\":1200,\"height\":630},{\"@type\":\"BreadcrumbList\",\"@id\":\"https:\/\/kapitalis.com\/tunisie\/2022\/10\/15\/tunisie-face-aux-penuries-le-gouvernement-tire-des-plans-sur-la-comete\/#breadcrumb\",\"itemListElement\":[{\"@type\":\"ListItem\",\"position\":1,\"name\":\"Accueil\",\"item\":\"https:\/\/kapitalis.com\/tunisie\/\"},{\"@type\":\"ListItem\",\"position\":2,\"name\":\"Tunisie\u00a0: face aux p\u00e9nuries, le gouvernement tire des plans sur la com\u00e8te\"}]},{\"@type\":\"WebSite\",\"@id\":\"https:\/\/kapitalis.com\/tunisie\/#website\",\"url\":\"https:\/\/kapitalis.com\/tunisie\/\",\"name\":\"Kapitalis\",\"description\":\"L&#039;actualit\u00e9 en Tunisie et dans le monde\",\"publisher\":{\"@id\":\"https:\/\/kapitalis.com\/tunisie\/#organization\"},\"potentialAction\":[{\"@type\":\"SearchAction\",\"target\":{\"@type\":\"EntryPoint\",\"urlTemplate\":\"https:\/\/kapitalis.com\/tunisie\/?s={search_term_string}\"},\"query-input\":{\"@type\":\"PropertyValueSpecification\",\"valueRequired\":true,\"valueName\":\"search_term_string\"}}],\"inLanguage\":\"fr-FR\"},{\"@type\":\"Organization\",\"@id\":\"https:\/\/kapitalis.com\/tunisie\/#organization\",\"name\":\"Kapitalis\",\"url\":\"https:\/\/kapitalis.com\/tunisie\/\",\"logo\":{\"@type\":\"ImageObject\",\"inLanguage\":\"fr-FR\",\"@id\":\"https:\/\/kapitalis.com\/tunisie\/#\/schema\/logo\/image\/\",\"url\":\"https:\/\/kapitalis.com\/tunisie\/wp-content\/uploads\/2022\/05\/Kapitalis-big-size.png\",\"contentUrl\":\"https:\/\/kapitalis.com\/tunisie\/wp-content\/uploads\/2022\/05\/Kapitalis-big-size.png\",\"width\":5000,\"height\":1500,\"caption\":\"Kapitalis\"},\"image\":{\"@id\":\"https:\/\/kapitalis.com\/tunisie\/#\/schema\/logo\/image\/\"},\"sameAs\":[\"https:\/\/www.facebook.com\/KapitalisInfo\/\",\"https:\/\/x.com\/KapitalisInfo\",\"https:\/\/www.youtube.com\/channel\/UC-yDYrHyfFBWWZaOw3FPg9Q\"]},{\"@type\":\"Person\",\"@id\":\"https:\/\/kapitalis.com\/tunisie\/#\/schema\/person\/d71f33a9ca44f7bad4698210b480c8e9\",\"name\":\"webmaster kapitalis\",\"url\":\"https:\/\/kapitalis.com\/tunisie\/author\/webmaster-kapitalis\/\"}]}<\/script>\n<!-- \/ Yoast SEO plugin. -->","yoast_head_json":{"title":"Tunisie\u00a0: face aux p\u00e9nuries, le gouvernement tire des plans sur la com\u00e8te - Kapitalis","robots":{"index":"index","follow":"follow","max-snippet":"max-snippet:-1","max-image-preview":"max-image-preview:large","max-video-preview":"max-video-preview:-1"},"canonical":"https:\/\/kapitalis.com\/tunisie\/2022\/10\/15\/tunisie-face-aux-penuries-le-gouvernement-tire-des-plans-sur-la-comete\/","og_locale":"fr_FR","og_type":"article","og_title":"Tunisie\u00a0: face aux p\u00e9nuries, le gouvernement tire des plans sur la com\u00e8te - Kapitalis","og_description":"Au lieu d\u2019\u0153uvrer \u00e0 assurer la disponibilit\u00e9 des fourrages et la fluidit\u00e9 du ravitaillement, ici et maintenant, le gouvernement tunisien pr\u00e9f\u00e8re continuer \u00e0 tirer des plans sur la com\u00e8te.","og_url":"https:\/\/kapitalis.com\/tunisie\/2022\/10\/15\/tunisie-face-aux-penuries-le-gouvernement-tire-des-plans-sur-la-comete\/","og_site_name":"Kapitalis","article_publisher":"https:\/\/www.facebook.com\/KapitalisInfo\/","article_published_time":"2022-10-15T12:28:42+00:00","article_modified_time":"2022-10-16T08:57:37+00:00","og_image":[{"width":1200,"height":630,"url":"https:\/\/kapitalis.com\/tunisie\/wp-content\/uploads\/2022\/10\/Mahmoud-Elyes-Hamza.jpg","type":"image\/jpeg"}],"author":"webmaster kapitalis","twitter_card":"summary_large_image","twitter_creator":"@KapitalisInfo","twitter_site":"@KapitalisInfo","twitter_misc":{"\u00c9crit par":"webmaster kapitalis","Dur\u00e9e de lecture estim\u00e9e":"7 minutes"},"schema":{"@context":"https:\/\/schema.org","@graph":[{"@type":"Article","@id":"https:\/\/kapitalis.com\/tunisie\/2022\/10\/15\/tunisie-face-aux-penuries-le-gouvernement-tire-des-plans-sur-la-comete\/#article","isPartOf":{"@id":"https:\/\/kapitalis.com\/tunisie\/2022\/10\/15\/tunisie-face-aux-penuries-le-gouvernement-tire-des-plans-sur-la-comete\/"},"author":{"name":"webmaster kapitalis","@id":"https:\/\/kapitalis.com\/tunisie\/#\/schema\/person\/d71f33a9ca44f7bad4698210b480c8e9"},"headline":"Tunisie\u00a0: face aux p\u00e9nuries, le gouvernement tire des plans sur la com\u00e8te","datePublished":"2022-10-15T12:28:42+00:00","dateModified":"2022-10-16T08:57:37+00:00","mainEntityOfPage":{"@id":"https:\/\/kapitalis.com\/tunisie\/2022\/10\/15\/tunisie-face-aux-penuries-le-gouvernement-tire-des-plans-sur-la-comete\/"},"wordCount":1474,"commentCount":0,"publisher":{"@id":"https:\/\/kapitalis.com\/tunisie\/#organization"},"image":{"@id":"https:\/\/kapitalis.com\/tunisie\/2022\/10\/15\/tunisie-face-aux-penuries-le-gouvernement-tire-des-plans-sur-la-comete\/#primaryimage"},"thumbnailUrl":"https:\/\/kapitalis.com\/tunisie\/wp-content\/uploads\/2022\/10\/Mahmoud-Elyes-Hamza.jpg","keywords":["Agriculture","aliments pour b\u00e9tails","Ezzeddine Chalghaf","INRAT","Mahmoud Elyes Hamza","OEF","Office de l\u2019\u00e9levage et des p\u00e2turages","Tunisie"],"articleSection":{"0":"A LA UNE","1":"ECONOMIE","3":"Tunisie"},"inLanguage":"fr-FR","potentialAction":[{"@type":"CommentAction","name":"Comment","target":["https:\/\/kapitalis.com\/tunisie\/2022\/10\/15\/tunisie-face-aux-penuries-le-gouvernement-tire-des-plans-sur-la-comete\/#respond"]}]},{"@type":"WebPage","@id":"https:\/\/kapitalis.com\/tunisie\/2022\/10\/15\/tunisie-face-aux-penuries-le-gouvernement-tire-des-plans-sur-la-comete\/","url":"https:\/\/kapitalis.com\/tunisie\/2022\/10\/15\/tunisie-face-aux-penuries-le-gouvernement-tire-des-plans-sur-la-comete\/","name":"Tunisie\u00a0: face aux p\u00e9nuries, le gouvernement tire des plans sur la com\u00e8te - Kapitalis","isPartOf":{"@id":"https:\/\/kapitalis.com\/tunisie\/#website"},"primaryImageOfPage":{"@id":"https:\/\/kapitalis.com\/tunisie\/2022\/10\/15\/tunisie-face-aux-penuries-le-gouvernement-tire-des-plans-sur-la-comete\/#primaryimage"},"image":{"@id":"https:\/\/kapitalis.com\/tunisie\/2022\/10\/15\/tunisie-face-aux-penuries-le-gouvernement-tire-des-plans-sur-la-comete\/#primaryimage"},"thumbnailUrl":"https:\/\/kapitalis.com\/tunisie\/wp-content\/uploads\/2022\/10\/Mahmoud-Elyes-Hamza.jpg","datePublished":"2022-10-15T12:28:42+00:00","dateModified":"2022-10-16T08:57:37+00:00","breadcrumb":{"@id":"https:\/\/kapitalis.com\/tunisie\/2022\/10\/15\/tunisie-face-aux-penuries-le-gouvernement-tire-des-plans-sur-la-comete\/#breadcrumb"},"inLanguage":"fr-FR","potentialAction":[{"@type":"ReadAction","target":["https:\/\/kapitalis.com\/tunisie\/2022\/10\/15\/tunisie-face-aux-penuries-le-gouvernement-tire-des-plans-sur-la-comete\/"]}]},{"@type":"ImageObject","inLanguage":"fr-FR","@id":"https:\/\/kapitalis.com\/tunisie\/2022\/10\/15\/tunisie-face-aux-penuries-le-gouvernement-tire-des-plans-sur-la-comete\/#primaryimage","url":"https:\/\/kapitalis.com\/tunisie\/wp-content\/uploads\/2022\/10\/Mahmoud-Elyes-Hamza.jpg","contentUrl":"https:\/\/kapitalis.com\/tunisie\/wp-content\/uploads\/2022\/10\/Mahmoud-Elyes-Hamza.jpg","width":1200,"height":630},{"@type":"BreadcrumbList","@id":"https:\/\/kapitalis.com\/tunisie\/2022\/10\/15\/tunisie-face-aux-penuries-le-gouvernement-tire-des-plans-sur-la-comete\/#breadcrumb","itemListElement":[{"@type":"ListItem","position":1,"name":"Accueil","item":"https:\/\/kapitalis.com\/tunisie\/"},{"@type":"ListItem","position":2,"name":"Tunisie\u00a0: face aux p\u00e9nuries, le gouvernement tire des plans sur la com\u00e8te"}]},{"@type":"WebSite","@id":"https:\/\/kapitalis.com\/tunisie\/#website","url":"https:\/\/kapitalis.com\/tunisie\/","name":"Kapitalis","description":"L&#039;actualit\u00e9 en Tunisie et dans le monde","publisher":{"@id":"https:\/\/kapitalis.com\/tunisie\/#organization"},"potentialAction":[{"@type":"SearchAction","target":{"@type":"EntryPoint","urlTemplate":"https:\/\/kapitalis.com\/tunisie\/?s={search_term_string}"},"query-input":{"@type":"PropertyValueSpecification","valueRequired":true,"valueName":"search_term_string"}}],"inLanguage":"fr-FR"},{"@type":"Organization","@id":"https:\/\/kapitalis.com\/tunisie\/#organization","name":"Kapitalis","url":"https:\/\/kapitalis.com\/tunisie\/","logo":{"@type":"ImageObject","inLanguage":"fr-FR","@id":"https:\/\/kapitalis.com\/tunisie\/#\/schema\/logo\/image\/","url":"https:\/\/kapitalis.com\/tunisie\/wp-content\/uploads\/2022\/05\/Kapitalis-big-size.png","contentUrl":"https:\/\/kapitalis.com\/tunisie\/wp-content\/uploads\/2022\/05\/Kapitalis-big-size.png","width":5000,"height":1500,"caption":"Kapitalis"},"image":{"@id":"https:\/\/kapitalis.com\/tunisie\/#\/schema\/logo\/image\/"},"sameAs":["https:\/\/www.facebook.com\/KapitalisInfo\/","https:\/\/x.com\/KapitalisInfo","https:\/\/www.youtube.com\/channel\/UC-yDYrHyfFBWWZaOw3FPg9Q"]},{"@type":"Person","@id":"https:\/\/kapitalis.com\/tunisie\/#\/schema\/person\/d71f33a9ca44f7bad4698210b480c8e9","name":"webmaster kapitalis","url":"https:\/\/kapitalis.com\/tunisie\/author\/webmaster-kapitalis\/"}]}},"_links":{"self":[{"href":"https:\/\/kapitalis.com\/tunisie\/wp-json\/wp\/v2\/posts\/4527031","targetHints":{"allow":["GET"]}}],"collection":[{"href":"https:\/\/kapitalis.com\/tunisie\/wp-json\/wp\/v2\/posts"}],"about":[{"href":"https:\/\/kapitalis.com\/tunisie\/wp-json\/wp\/v2\/types\/post"}],"author":[{"embeddable":true,"href":"https:\/\/kapitalis.com\/tunisie\/wp-json\/wp\/v2\/users\/8"}],"replies":[{"embeddable":true,"href":"https:\/\/kapitalis.com\/tunisie\/wp-json\/wp\/v2\/comments?post=4527031"}],"version-history":[{"count":0,"href":"https:\/\/kapitalis.com\/tunisie\/wp-json\/wp\/v2\/posts\/4527031\/revisions"}],"wp:featuredmedia":[{"embeddable":true,"href":"https:\/\/kapitalis.com\/tunisie\/wp-json\/wp\/v2\/media\/4527114"}],"wp:attachment":[{"href":"https:\/\/kapitalis.com\/tunisie\/wp-json\/wp\/v2\/media?parent=4527031"}],"wp:term":[{"taxonomy":"category","embeddable":true,"href":"https:\/\/kapitalis.com\/tunisie\/wp-json\/wp\/v2\/categories?post=4527031"},{"taxonomy":"post_tag","embeddable":true,"href":"https:\/\/kapitalis.com\/tunisie\/wp-json\/wp\/v2\/tags?post=4527031"}],"curies":[{"name":"wp","href":"https:\/\/api.w.org\/{rel}","templated":true}]}}