{"id":45340,"date":"2016-04-01T08:16:43","date_gmt":"2016-04-01T07:16:43","guid":{"rendered":"http:\/\/kapitalis.com\/tunisie\/?p=45340"},"modified":"2016-04-01T08:16:43","modified_gmt":"2016-04-01T07:16:43","slug":"assemblee-programme-de-la-pleniere-de-mardi-prochain","status":"publish","type":"post","link":"https:\/\/kapitalis.com\/tunisie\/2016\/04\/01\/assemblee-programme-de-la-pleniere-de-mardi-prochain\/","title":{"rendered":"Assembl\u00e9e : Programme de la pl\u00e9ni\u00e8re de mardi prochain"},"content":{"rendered":"<p><img loading=\"lazy\" decoding=\"async\" class=\"alignnone size-full wp-image-9132 aligncenter\" src=\"http:\/\/kapitalis.com\/tunisie\/wp-content\/uploads\/2015\/08\/Assemblee1.jpg\" alt=\"Assemblee\" width=\"626\" height=\"380\" \/><\/p>\n<p><em><strong>L\u2019Assembl\u00e9e des repr\u00e9sentants du peuple (ARP) se r\u00e9unira en pl\u00e9ni\u00e8re, mardi 5 avril 2016, pour examiner et adopter une s\u00e9rie de projets \u00e0 l\u2019ordre du jour.<\/strong><\/em><\/p>\n<p><!--more--><\/p>\n<p>Selon un communiqu\u00e9 du bureau de l\u2019ARP rendu public jeudi, les textes \u00e0 examiner concernent :<\/p>\n<p>&#8211; un projet de loi portant cr\u00e9ation d\u2019une mutuelle des agents du minist\u00e8re de l\u2019Int\u00e9rieur, des collectivit\u00e9s locales et des \u00e9tablissements publics \u00e0 caract\u00e8re administratif plac\u00e9s sous sa tutelle ;<\/p>\n<p>&#8211; un projet de loi portant cr\u00e9ation d\u2019une mutuelle des agents de la D\u00e9fense nationale et des \u00e9tablissements publics \u00e0 caract\u00e8re administratif plac\u00e9s sous sa tutelle ;<\/p>\n<p>&#8211; un projet de loi relatif aux centres de formation et de pr\u00e9paration de l\u2019\u00e9lite sportive.<\/p>\n<p>D\u2019apr\u00e8s le m\u00eame communiqu\u00e9, la r\u00e9union du bureau de l\u2019ARP a permis d\u2019examiner le programme d\u2019activit\u00e9s du parlement pour le mois d\u2019avril prochain (r\u00e9unions du bureau et des commissions et pl\u00e9ni\u00e8res).<\/p>\n<p>Les pl\u00e9ni\u00e8res seront consacr\u00e9es \u00e0 l\u2019examen de projets de loi prioritaires relatifs notamment au statut de la Banque centrale de Tunisie (BCT), au Code de proc\u00e9dures collectives, ainsi qu\u2019aux banques et institutions financi\u00e8res.<\/p>\n<p>Le bureau de l\u2019ARP a \u00e9galement pris connaissance du projet d\u2019amendement du r\u00e8glement int\u00e9rieur du parlement qui pr\u00e9voit une retenue sur salaire en cas d\u2019absence.<\/p>\n<p>Ce projet d\u2019amendement sera soumis \u00e0 l\u2019examen de la Commission du r\u00e8glement int\u00e9rieur, de l\u2019immunit\u00e9, des lois parlementaires et des lois \u00e9lectorales.<\/p>\n<p>L\u2019ARP a aussi examin\u00e9 une s\u00e9rie de questions \u00e9crites qui seront adress\u00e9es au gouvernement.<\/p>\n<p><em><strong>Source<\/strong><\/em> : Tap.<\/p>\n","protected":false},"excerpt":{"rendered":"<p>L\u2019Assembl\u00e9e des repr\u00e9sentants du peuple (ARP) se r\u00e9unira en pl\u00e9ni\u00e8re, mardi 5 avril 2016, pour examiner et adopter une s\u00e9rie de projets \u00e0 l\u2019ordre du jour.<\/p>\n","protected":false},"author":8,"featured_media":0,"comment_status":"open","ping_status":"open","sticky":false,"template":"","format":"standard","meta":{"footnotes":""},"categories":[997,2433],"tags":[84,4638,5845,10145,1098],"class_list":["post-45340","post","type-post","status-publish","format-standard","hentry","category-politique","category-tunisie","tag-arp","tag-assemblee-des-representants-du-peuple","tag-lois","tag-pleniere","tag-projets"],"yoast_head":"<!-- This site is optimized with the Yoast SEO plugin v26.6 - https:\/\/yoast.com\/wordpress\/plugins\/seo\/ -->\n<title>Assembl\u00e9e : Programme de la pl\u00e9ni\u00e8re de mardi prochain - Kapitalis<\/title>\n<meta name=\"robots\" content=\"index, follow, max-snippet:-1, max-image-preview:large, max-video-preview:-1\" \/>\n<link rel=\"canonical\" href=\"https:\/\/kapitalis.com\/tunisie\/2016\/04\/01\/assemblee-programme-de-la-pleniere-de-mardi-prochain\/\" \/>\n<meta property=\"og:locale\" content=\"fr_FR\" \/>\n<meta property=\"og:type\" content=\"article\" \/>\n<meta property=\"og:title\" content=\"Assembl\u00e9e : Programme de la pl\u00e9ni\u00e8re de mardi prochain - Kapitalis\" \/>\n<meta property=\"og:description\" content=\"L\u2019Assembl\u00e9e des repr\u00e9sentants du peuple (ARP) se r\u00e9unira en pl\u00e9ni\u00e8re, mardi 5 avril 2016, pour examiner et adopter une s\u00e9rie de projets \u00e0 l\u2019ordre du jour.\" \/>\n<meta property=\"og:url\" content=\"https:\/\/kapitalis.com\/tunisie\/2016\/04\/01\/assemblee-programme-de-la-pleniere-de-mardi-prochain\/\" \/>\n<meta property=\"og:site_name\" content=\"Kapitalis\" \/>\n<meta property=\"article:publisher\" content=\"https:\/\/www.facebook.com\/KapitalisInfo\/\" \/>\n<meta property=\"article:published_time\" content=\"2016-04-01T07:16:43+00:00\" \/>\n<meta property=\"og:image\" content=\"http:\/\/kapitalis.com\/tunisie\/wp-content\/uploads\/2015\/08\/Assemblee1.jpg\" \/>\n<meta name=\"author\" content=\"webmaster kapitalis\" \/>\n<meta name=\"twitter:card\" content=\"summary_large_image\" \/>\n<meta name=\"twitter:creator\" content=\"@KapitalisInfo\" \/>\n<meta name=\"twitter:site\" content=\"@KapitalisInfo\" \/>\n<meta name=\"twitter:label1\" content=\"\u00c9crit par\" \/>\n\t<meta name=\"twitter:data1\" content=\"webmaster kapitalis\" \/>\n\t<meta name=\"twitter:label2\" content=\"Dur\u00e9e de lecture estim\u00e9e\" \/>\n\t<meta name=\"twitter:data2\" content=\"1 minute\" \/>\n<script type=\"application\/ld+json\" class=\"yoast-schema-graph\">{\"@context\":\"https:\/\/schema.org\",\"@graph\":[{\"@type\":\"Article\",\"@id\":\"https:\/\/kapitalis.com\/tunisie\/2016\/04\/01\/assemblee-programme-de-la-pleniere-de-mardi-prochain\/#article\",\"isPartOf\":{\"@id\":\"https:\/\/kapitalis.com\/tunisie\/2016\/04\/01\/assemblee-programme-de-la-pleniere-de-mardi-prochain\/\"},\"author\":{\"name\":\"webmaster kapitalis\",\"@id\":\"https:\/\/kapitalis.com\/tunisie\/#\/schema\/person\/d71f33a9ca44f7bad4698210b480c8e9\"},\"headline\":\"Assembl\u00e9e : Programme de la pl\u00e9ni\u00e8re de mardi prochain\",\"datePublished\":\"2016-04-01T07:16:43+00:00\",\"mainEntityOfPage\":{\"@id\":\"https:\/\/kapitalis.com\/tunisie\/2016\/04\/01\/assemblee-programme-de-la-pleniere-de-mardi-prochain\/\"},\"wordCount\":299,\"commentCount\":0,\"publisher\":{\"@id\":\"https:\/\/kapitalis.com\/tunisie\/#organization\"},\"image\":{\"@id\":\"https:\/\/kapitalis.com\/tunisie\/2016\/04\/01\/assemblee-programme-de-la-pleniere-de-mardi-prochain\/#primaryimage\"},\"thumbnailUrl\":\"http:\/\/kapitalis.com\/tunisie\/wp-content\/uploads\/2015\/08\/Assemblee1.jpg\",\"keywords\":[\"ARP\",\"Assembl\u00e9e des repr\u00e9sentants du peuple\",\"lois\",\"pl\u00e9ni\u00e8re\",\"projets\"],\"articleSection\":[\"POLITIQUE\",\"Tunisie\"],\"inLanguage\":\"fr-FR\",\"potentialAction\":[{\"@type\":\"CommentAction\",\"name\":\"Comment\",\"target\":[\"https:\/\/kapitalis.com\/tunisie\/2016\/04\/01\/assemblee-programme-de-la-pleniere-de-mardi-prochain\/#respond\"]}]},{\"@type\":\"WebPage\",\"@id\":\"https:\/\/kapitalis.com\/tunisie\/2016\/04\/01\/assemblee-programme-de-la-pleniere-de-mardi-prochain\/\",\"url\":\"https:\/\/kapitalis.com\/tunisie\/2016\/04\/01\/assemblee-programme-de-la-pleniere-de-mardi-prochain\/\",\"name\":\"Assembl\u00e9e : Programme de la pl\u00e9ni\u00e8re de mardi prochain - Kapitalis\",\"isPartOf\":{\"@id\":\"https:\/\/kapitalis.com\/tunisie\/#website\"},\"primaryImageOfPage\":{\"@id\":\"https:\/\/kapitalis.com\/tunisie\/2016\/04\/01\/assemblee-programme-de-la-pleniere-de-mardi-prochain\/#primaryimage\"},\"image\":{\"@id\":\"https:\/\/kapitalis.com\/tunisie\/2016\/04\/01\/assemblee-programme-de-la-pleniere-de-mardi-prochain\/#primaryimage\"},\"thumbnailUrl\":\"http:\/\/kapitalis.com\/tunisie\/wp-content\/uploads\/2015\/08\/Assemblee1.jpg\",\"datePublished\":\"2016-04-01T07:16:43+00:00\",\"breadcrumb\":{\"@id\":\"https:\/\/kapitalis.com\/tunisie\/2016\/04\/01\/assemblee-programme-de-la-pleniere-de-mardi-prochain\/#breadcrumb\"},\"inLanguage\":\"fr-FR\",\"potentialAction\":[{\"@type\":\"ReadAction\",\"target\":[\"https:\/\/kapitalis.com\/tunisie\/2016\/04\/01\/assemblee-programme-de-la-pleniere-de-mardi-prochain\/\"]}]},{\"@type\":\"ImageObject\",\"inLanguage\":\"fr-FR\",\"@id\":\"https:\/\/kapitalis.com\/tunisie\/2016\/04\/01\/assemblee-programme-de-la-pleniere-de-mardi-prochain\/#primaryimage\",\"url\":\"http:\/\/kapitalis.com\/tunisie\/wp-content\/uploads\/2015\/08\/Assemblee1.jpg\",\"contentUrl\":\"http:\/\/kapitalis.com\/tunisie\/wp-content\/uploads\/2015\/08\/Assemblee1.jpg\"},{\"@type\":\"BreadcrumbList\",\"@id\":\"https:\/\/kapitalis.com\/tunisie\/2016\/04\/01\/assemblee-programme-de-la-pleniere-de-mardi-prochain\/#breadcrumb\",\"itemListElement\":[{\"@type\":\"ListItem\",\"position\":1,\"name\":\"Accueil\",\"item\":\"https:\/\/kapitalis.com\/tunisie\/\"},{\"@type\":\"ListItem\",\"position\":2,\"name\":\"Assembl\u00e9e : Programme de la pl\u00e9ni\u00e8re de mardi prochain\"}]},{\"@type\":\"WebSite\",\"@id\":\"https:\/\/kapitalis.com\/tunisie\/#website\",\"url\":\"https:\/\/kapitalis.com\/tunisie\/\",\"name\":\"Kapitalis\",\"description\":\"L&#039;actualit\u00e9 en Tunisie et dans le monde\",\"publisher\":{\"@id\":\"https:\/\/kapitalis.com\/tunisie\/#organization\"},\"potentialAction\":[{\"@type\":\"SearchAction\",\"target\":{\"@type\":\"EntryPoint\",\"urlTemplate\":\"https:\/\/kapitalis.com\/tunisie\/?s={search_term_string}\"},\"query-input\":{\"@type\":\"PropertyValueSpecification\",\"valueRequired\":true,\"valueName\":\"search_term_string\"}}],\"inLanguage\":\"fr-FR\"},{\"@type\":\"Organization\",\"@id\":\"https:\/\/kapitalis.com\/tunisie\/#organization\",\"name\":\"Kapitalis\",\"url\":\"https:\/\/kapitalis.com\/tunisie\/\",\"logo\":{\"@type\":\"ImageObject\",\"inLanguage\":\"fr-FR\",\"@id\":\"https:\/\/kapitalis.com\/tunisie\/#\/schema\/logo\/image\/\",\"url\":\"https:\/\/kapitalis.com\/tunisie\/wp-content\/uploads\/2022\/05\/Kapitalis-big-size.png\",\"contentUrl\":\"https:\/\/kapitalis.com\/tunisie\/wp-content\/uploads\/2022\/05\/Kapitalis-big-size.png\",\"width\":5000,\"height\":1500,\"caption\":\"Kapitalis\"},\"image\":{\"@id\":\"https:\/\/kapitalis.com\/tunisie\/#\/schema\/logo\/image\/\"},\"sameAs\":[\"https:\/\/www.facebook.com\/KapitalisInfo\/\",\"https:\/\/x.com\/KapitalisInfo\",\"https:\/\/www.youtube.com\/channel\/UC-yDYrHyfFBWWZaOw3FPg9Q\"]},{\"@type\":\"Person\",\"@id\":\"https:\/\/kapitalis.com\/tunisie\/#\/schema\/person\/d71f33a9ca44f7bad4698210b480c8e9\",\"name\":\"webmaster kapitalis\",\"url\":\"https:\/\/kapitalis.com\/tunisie\/author\/webmaster-kapitalis\/\"}]}<\/script>\n<!-- \/ Yoast SEO plugin. -->","yoast_head_json":{"title":"Assembl\u00e9e : Programme de la pl\u00e9ni\u00e8re de mardi prochain - Kapitalis","robots":{"index":"index","follow":"follow","max-snippet":"max-snippet:-1","max-image-preview":"max-image-preview:large","max-video-preview":"max-video-preview:-1"},"canonical":"https:\/\/kapitalis.com\/tunisie\/2016\/04\/01\/assemblee-programme-de-la-pleniere-de-mardi-prochain\/","og_locale":"fr_FR","og_type":"article","og_title":"Assembl\u00e9e : Programme de la pl\u00e9ni\u00e8re de mardi prochain - Kapitalis","og_description":"L\u2019Assembl\u00e9e des repr\u00e9sentants du peuple (ARP) se r\u00e9unira en pl\u00e9ni\u00e8re, mardi 5 avril 2016, pour examiner et adopter une s\u00e9rie de projets \u00e0 l\u2019ordre du jour.","og_url":"https:\/\/kapitalis.com\/tunisie\/2016\/04\/01\/assemblee-programme-de-la-pleniere-de-mardi-prochain\/","og_site_name":"Kapitalis","article_publisher":"https:\/\/www.facebook.com\/KapitalisInfo\/","article_published_time":"2016-04-01T07:16:43+00:00","og_image":[{"url":"http:\/\/kapitalis.com\/tunisie\/wp-content\/uploads\/2015\/08\/Assemblee1.jpg","type":"","width":"","height":""}],"author":"webmaster kapitalis","twitter_card":"summary_large_image","twitter_creator":"@KapitalisInfo","twitter_site":"@KapitalisInfo","twitter_misc":{"\u00c9crit par":"webmaster kapitalis","Dur\u00e9e de lecture estim\u00e9e":"1 minute"},"schema":{"@context":"https:\/\/schema.org","@graph":[{"@type":"Article","@id":"https:\/\/kapitalis.com\/tunisie\/2016\/04\/01\/assemblee-programme-de-la-pleniere-de-mardi-prochain\/#article","isPartOf":{"@id":"https:\/\/kapitalis.com\/tunisie\/2016\/04\/01\/assemblee-programme-de-la-pleniere-de-mardi-prochain\/"},"author":{"name":"webmaster kapitalis","@id":"https:\/\/kapitalis.com\/tunisie\/#\/schema\/person\/d71f33a9ca44f7bad4698210b480c8e9"},"headline":"Assembl\u00e9e : Programme de la pl\u00e9ni\u00e8re de mardi prochain","datePublished":"2016-04-01T07:16:43+00:00","mainEntityOfPage":{"@id":"https:\/\/kapitalis.com\/tunisie\/2016\/04\/01\/assemblee-programme-de-la-pleniere-de-mardi-prochain\/"},"wordCount":299,"commentCount":0,"publisher":{"@id":"https:\/\/kapitalis.com\/tunisie\/#organization"},"image":{"@id":"https:\/\/kapitalis.com\/tunisie\/2016\/04\/01\/assemblee-programme-de-la-pleniere-de-mardi-prochain\/#primaryimage"},"thumbnailUrl":"http:\/\/kapitalis.com\/tunisie\/wp-content\/uploads\/2015\/08\/Assemblee1.jpg","keywords":["ARP","Assembl\u00e9e des repr\u00e9sentants du peuple","lois","pl\u00e9ni\u00e8re","projets"],"articleSection":["POLITIQUE","Tunisie"],"inLanguage":"fr-FR","potentialAction":[{"@type":"CommentAction","name":"Comment","target":["https:\/\/kapitalis.com\/tunisie\/2016\/04\/01\/assemblee-programme-de-la-pleniere-de-mardi-prochain\/#respond"]}]},{"@type":"WebPage","@id":"https:\/\/kapitalis.com\/tunisie\/2016\/04\/01\/assemblee-programme-de-la-pleniere-de-mardi-prochain\/","url":"https:\/\/kapitalis.com\/tunisie\/2016\/04\/01\/assemblee-programme-de-la-pleniere-de-mardi-prochain\/","name":"Assembl\u00e9e : Programme de la pl\u00e9ni\u00e8re de mardi prochain - Kapitalis","isPartOf":{"@id":"https:\/\/kapitalis.com\/tunisie\/#website"},"primaryImageOfPage":{"@id":"https:\/\/kapitalis.com\/tunisie\/2016\/04\/01\/assemblee-programme-de-la-pleniere-de-mardi-prochain\/#primaryimage"},"image":{"@id":"https:\/\/kapitalis.com\/tunisie\/2016\/04\/01\/assemblee-programme-de-la-pleniere-de-mardi-prochain\/#primaryimage"},"thumbnailUrl":"http:\/\/kapitalis.com\/tunisie\/wp-content\/uploads\/2015\/08\/Assemblee1.jpg","datePublished":"2016-04-01T07:16:43+00:00","breadcrumb":{"@id":"https:\/\/kapitalis.com\/tunisie\/2016\/04\/01\/assemblee-programme-de-la-pleniere-de-mardi-prochain\/#breadcrumb"},"inLanguage":"fr-FR","potentialAction":[{"@type":"ReadAction","target":["https:\/\/kapitalis.com\/tunisie\/2016\/04\/01\/assemblee-programme-de-la-pleniere-de-mardi-prochain\/"]}]},{"@type":"ImageObject","inLanguage":"fr-FR","@id":"https:\/\/kapitalis.com\/tunisie\/2016\/04\/01\/assemblee-programme-de-la-pleniere-de-mardi-prochain\/#primaryimage","url":"http:\/\/kapitalis.com\/tunisie\/wp-content\/uploads\/2015\/08\/Assemblee1.jpg","contentUrl":"http:\/\/kapitalis.com\/tunisie\/wp-content\/uploads\/2015\/08\/Assemblee1.jpg"},{"@type":"BreadcrumbList","@id":"https:\/\/kapitalis.com\/tunisie\/2016\/04\/01\/assemblee-programme-de-la-pleniere-de-mardi-prochain\/#breadcrumb","itemListElement":[{"@type":"ListItem","position":1,"name":"Accueil","item":"https:\/\/kapitalis.com\/tunisie\/"},{"@type":"ListItem","position":2,"name":"Assembl\u00e9e : Programme de la pl\u00e9ni\u00e8re de mardi prochain"}]},{"@type":"WebSite","@id":"https:\/\/kapitalis.com\/tunisie\/#website","url":"https:\/\/kapitalis.com\/tunisie\/","name":"Kapitalis","description":"L&#039;actualit\u00e9 en Tunisie et dans le monde","publisher":{"@id":"https:\/\/kapitalis.com\/tunisie\/#organization"},"potentialAction":[{"@type":"SearchAction","target":{"@type":"EntryPoint","urlTemplate":"https:\/\/kapitalis.com\/tunisie\/?s={search_term_string}"},"query-input":{"@type":"PropertyValueSpecification","valueRequired":true,"valueName":"search_term_string"}}],"inLanguage":"fr-FR"},{"@type":"Organization","@id":"https:\/\/kapitalis.com\/tunisie\/#organization","name":"Kapitalis","url":"https:\/\/kapitalis.com\/tunisie\/","logo":{"@type":"ImageObject","inLanguage":"fr-FR","@id":"https:\/\/kapitalis.com\/tunisie\/#\/schema\/logo\/image\/","url":"https:\/\/kapitalis.com\/tunisie\/wp-content\/uploads\/2022\/05\/Kapitalis-big-size.png","contentUrl":"https:\/\/kapitalis.com\/tunisie\/wp-content\/uploads\/2022\/05\/Kapitalis-big-size.png","width":5000,"height":1500,"caption":"Kapitalis"},"image":{"@id":"https:\/\/kapitalis.com\/tunisie\/#\/schema\/logo\/image\/"},"sameAs":["https:\/\/www.facebook.com\/KapitalisInfo\/","https:\/\/x.com\/KapitalisInfo","https:\/\/www.youtube.com\/channel\/UC-yDYrHyfFBWWZaOw3FPg9Q"]},{"@type":"Person","@id":"https:\/\/kapitalis.com\/tunisie\/#\/schema\/person\/d71f33a9ca44f7bad4698210b480c8e9","name":"webmaster kapitalis","url":"https:\/\/kapitalis.com\/tunisie\/author\/webmaster-kapitalis\/"}]}},"_links":{"self":[{"href":"https:\/\/kapitalis.com\/tunisie\/wp-json\/wp\/v2\/posts\/45340","targetHints":{"allow":["GET"]}}],"collection":[{"href":"https:\/\/kapitalis.com\/tunisie\/wp-json\/wp\/v2\/posts"}],"about":[{"href":"https:\/\/kapitalis.com\/tunisie\/wp-json\/wp\/v2\/types\/post"}],"author":[{"embeddable":true,"href":"https:\/\/kapitalis.com\/tunisie\/wp-json\/wp\/v2\/users\/8"}],"replies":[{"embeddable":true,"href":"https:\/\/kapitalis.com\/tunisie\/wp-json\/wp\/v2\/comments?post=45340"}],"version-history":[{"count":0,"href":"https:\/\/kapitalis.com\/tunisie\/wp-json\/wp\/v2\/posts\/45340\/revisions"}],"wp:attachment":[{"href":"https:\/\/kapitalis.com\/tunisie\/wp-json\/wp\/v2\/media?parent=45340"}],"wp:term":[{"taxonomy":"category","embeddable":true,"href":"https:\/\/kapitalis.com\/tunisie\/wp-json\/wp\/v2\/categories?post=45340"},{"taxonomy":"post_tag","embeddable":true,"href":"https:\/\/kapitalis.com\/tunisie\/wp-json\/wp\/v2\/tags?post=45340"}],"curies":[{"name":"wp","href":"https:\/\/api.w.org\/{rel}","templated":true}]}}