{"id":4550655,"date":"2022-10-17T07:50:55","date_gmt":"2022-10-17T06:50:55","guid":{"rendered":"https:\/\/kapitalis.com\/tunisie\/?p=4550655"},"modified":"2022-10-17T12:08:22","modified_gmt":"2022-10-17T11:08:22","slug":"tunisie-fmi-accord-a-minima-accord-aux-forceps","status":"publish","type":"post","link":"https:\/\/kapitalis.com\/tunisie\/2022\/10\/17\/tunisie-fmi-accord-a-minima-accord-aux-forceps\/","title":{"rendered":"Tunisie-FMI : accord \u00e0 minima, accord aux forceps"},"content":{"rendered":"\n<p><strong><em>L\u2019accord pr\u00e9liminaire Tunisie-FMI a \u00e9t\u00e9 d\u00e9croch\u00e9 in extremis, dans le temps additionnel, \u00e0 la derni\u00e8re minute des travaux des Rencontres annuelles du FMI et de la Banque mondiale tenus la semaine derni\u00e8re \u00e0 Washington DC. L\u2019accord est \u00e0 minima et douloureux, mais il sauve la face de la Tunisie et lui \u00e9vite une faillite certaine\u2026 C\u2019est d\u00e9j\u00e0 \u00e7a, et bravo \u00e0 l\u2019\u00e9quipe pr\u00e9sente \u00e0 Washington qui a livr\u00e9, malgr\u00e9 les critiques et les incertitudes.<\/em><\/strong> <strong><em>Mais le plus gros commence maintenant&#8230;<\/em><\/strong><\/p>\n\n\n\n<p>Par <strong>Moktar Lamari<\/strong><em>, \u00e0 Washington<\/em> *<\/p>\n\n\n\n<!--more-->\n\n\n<div class=\"wp-block-image\">\n<figure class=\"alignleft size-full is-resized\"><img decoding=\"async\" src=\"http:\/\/kapitalis.com\/tunisie\/wp-content\/uploads\/2019\/10\/Moktar-Lamari.jpg\" alt=\"\" class=\"wp-image-246439\" width=\"200\"\/><\/figure>\n<\/div>\n\n\n<p>C\u2019est officiel, le FMI a publi\u00e9 un communiqu\u00e9 qui officialise l\u2019accord du niveau <em>staff level agreement<\/em>, avec la Tunisie. Un accord qui miroite un montant de 1,9 milliard de dollars, sur 4 ans (460 millions de $ par an en moyenne).<\/p>\n\n\n\n<p>L\u2019accord de principe devrait \u00eatre officialis\u00e9 de mani\u00e8re d\u00e9finitive d\u2019ici fin d\u00e9cembre, si tout va bien et que la Tunisie engage les r\u00e9formes requises. D\u2019ici l\u00e0, la Tunisie va \u00e9lire un nouveau parlement, une institution qui va ent\u00e9riner cet accord, \u00e0 un moment ou \u00e0 un autre. La Tunisie ne pourra rien encaisser sans avoir un budget public officiel, cr\u00e9dible et qui tienne la route pour 2023.<\/p>\n\n\n\n<h2 class=\"wp-block-heading\">Les chiffres et les lettres<\/h2>\n\n\n\n<p>Le montant de 1,9 milliard de $ est le montant \u00e9quivalent, \u00e0 une centaine de dollars pr\u00e8s, \u00e0 ce que la Tunisie doit au FMI d\u2019ici 4 ans, pour r\u00e9gler des dettes ant\u00e9rieures.<\/p>\n\n\n\n<p>Ce n\u2019est pas totalement faux, quand on dit que le FMI pr\u00eate \u00e0 la Tunisie pour se faire rembourser et ne pas perdre sa mise! Le FMI est un banquier, un pr\u00eateur de dernier recours, mais un pr\u00eateur int\u00e9ress\u00e9 par l\u2019argent et qui doit trouver son compte.<\/p>\n\n\n\n<p>Le FMI pr\u00eate aux pays, \u00e0 des taux d\u2019int\u00e9r\u00eat compos\u00e9s variables, selon les taux des march\u00e9s. Peu de Tunisiens et encore moins de journalistes comprennent l\u2019enjeu et formules li\u00e9es.<\/p>\n\n\n\n<p>Le taux d\u2019int\u00e9r\u00eat (<em>rate of charge<\/em>) du FMI de cette semaine est presque 4,2%, par an, y compris 1% pour les agios, risques et frais de gestion.<\/p>\n\n\n\n<p>En contrepartie, avec cet accord encore hypoth\u00e9tique, jusqu\u2019au lendemain des \u00e9lections l\u00e9gislatives (fin d\u00e9cembre), le FMI peut donner son accord (ou pas) pour que d\u2019autres bailleurs de fonds pr\u00eatent \u00e0 la Tunisie. C\u2019est presque une rente institutionnelle du syst\u00e8me Bretton Wood, si vous voyez le trade-off li\u00e9 et les nuances historiques li\u00e9es.<\/p>\n\n\n\n<p>C\u2019est le syst\u00e8me Bretton Wood qui s\u2019impose, qui sanctionne et qui dicte ses diktats aux pays qui qu\u00e9mandent de l\u2019argent, pour couvrir leur mal-gouvernance et g\u00e9rer les urgences en faisant payer les g\u00e9n\u00e9rations futures.<\/p>\n\n\n\n<figure class=\"wp-block-embed is-type-wp-embed is-provider-kapitalis wp-block-embed-kapitalis\"><div class=\"wp-block-embed__wrapper\">\n<blockquote class=\"wp-embedded-content\" data-secret=\"yKLamfBI2w\"><a href=\"https:\/\/kapitalis.com\/tunisie\/2022\/10\/05\/tunisie-un-nouveau-pret-du-fmi-et-apres\/\">Tunisie\u00a0: un nouveau pr\u00eat du FMI, et apr\u00e8s\u00a0?<\/a><\/blockquote><iframe loading=\"lazy\" class=\"wp-embedded-content\" sandbox=\"allow-scripts\" security=\"restricted\" style=\"position: absolute; clip: rect(1px, 1px, 1px, 1px);\" title=\"\u00ab\u00a0Tunisie\u00a0: un nouveau pr\u00eat du FMI, et apr\u00e8s\u00a0?\u00a0\u00bb &#8212; Kapitalis\" src=\"https:\/\/kapitalis.com\/tunisie\/2022\/10\/05\/tunisie-un-nouveau-pret-du-fmi-et-apres\/embed\/#?secret=IUN7NjWUSM#?secret=yKLamfBI2w\" data-secret=\"yKLamfBI2w\" width=\"600\" height=\"338\" frameborder=\"0\" marginwidth=\"0\" marginheight=\"0\" scrolling=\"no\"><\/iframe>\n<\/div><\/figure>\n\n\n\n<h2 class=\"wp-block-heading\">Un accord de 4 ans, c\u2019est pas gagnant<\/h2>\n\n\n\n<p>Un accord sur 4 ans, c\u2019est pour distiller au compte-gouttes les financements selon la conformit\u00e9 aux engagements.<\/p>\n\n\n\n<p>La Tunisie du post 2011 n\u2019a jamais tenu ses promesses et engagements vis-\u00e0-vis du \u00a0FMI, et certaines sommes n\u2019ont jamais \u00e9t\u00e9 encaiss\u00e9es. Le FMI coupe le robinet \u00e0 chaque fois que les gouvernements en face se d\u00e9binent face \u00e0 leurs responsabilit\u00e9s de r\u00e9formes. Depuis 2015, au moins 1 milliard de $ n\u2019a pas \u00e9t\u00e9 encaiss\u00e9, faute de justificatifs.<\/p>\n\n\n\n<p>Le FMI sait qu\u2019en Tunisie, il y a des d\u00e9cideurs au sommet de l\u2019Etat qui sont peu cr\u00e9dibles et pour qui les engagements ne comptent pas beaucoup! L\u2019histoire est l\u00e0 pour le d\u00e9montrer.<\/p>\n\n\n\n<p>Le 1,9 milliard de $ miroit\u00e9 cette fin semaine est une somme bien loin des dol\u00e9ances tunisiennes. C\u2019est dire que le FMI pr\u00eate \u00e0 la Tunisie exactement ce qu\u2019il faut pour \u00eatre rembours\u00e9 et r\u00e9cup\u00e9rer ses fonds pr\u00eat\u00e9s par le pass\u00e9. C\u2019est comme pour l\u2019Argentine\u2026 il y a un an.<\/p>\n\n\n\n<p>En Tunisie, il y a un adage populaire tunisien qui dit <em>\u00abSalfou, walaab maah\u00bb<\/em>, traduction : <em>\u00abPr\u00eates-lui de l\u2019argent pour qu\u2019il puisse jouer encore et qu\u2019il te rembourse plus que ce qu\u2019il perd\u2026 et ce qu\u2019il te doit!\u00bb<\/em><\/p>\n\n\n\n<h2 class=\"wp-block-heading\">N\u00e9gociations incertaines jusqu\u2019\u00e0 la fin<\/h2>\n\n\n\n<p>Le gouverneur de la BCT, Marouane Abassi, et les deux ministres de la d\u00e9l\u00e9gation (Sihem Nemsia, Finances, et Samir Sa\u00efed, Economie et Planification) ne sont sortis sur aucune de la centaine de tribunes officielles qui donnaient la parole aux ministres, gouverneurs des banques centrales et acad\u00e9miciens. Sur ce plan, l\u2019\u00e9quipe a fait perdre des points au branding tunisien. Probablement pour leur faible ma\u00eetrise de l\u2019anglais et aptitude de communication en contexte de crise!<\/p>\n\n\n\n<p>Les Tunisiens ont ras\u00e9 les murs, on ne les a aper\u00e7us \u00e0 aucun moment. Ils ont multipli\u00e9 les rencontres discr\u00e8tes, et c\u2019est le r\u00e9sultat qui compte.<\/p>\n\n\n\n<p>L\u2019aboutissement de cet accord a \u00e9t\u00e9 certainement facilit\u00e9 par des appuis fran\u00e7ais, et dans une moindre mesure par la d\u00e9l\u00e9gation alg\u00e9rienne. La France et l\u2019Alg\u00e9rie ont si\u00e9g\u00e9 dans les principales rencontres et pr\u00e9paratifs du IMFC (comit\u00e9 d\u00e9cisionnel du FMI). Leurs appuis ont \u00e9t\u00e9 pr\u00e9cieux et efficaces.<\/p>\n\n\n\n<p>Dans les couloirs du FMI et de la BM, on entend parler le dialecte tunisien, et on s\u2019arr\u00eate pour se saluer chaleureusement, pour se pr\u00e9senter et se donner du courage. Une trentaine d\u2019experts, Tunisiens et Tunisiennes, traversent les couloirs, certains font partie de la d\u00e9l\u00e9gation officielle, d\u2019autres sont des universitaires et m\u00eames des consultants. Le plus c\u00e9l\u00e8bre d\u2019entre c\u2019est Andr\u00e9 F, un Djerbien d\u2019origine et qui est courtier totalement solidaire de la Tunisie et de ses racines.<\/p>\n\n\n\n<p>Aucun journaliste tunisien n\u2019a \u00e9t\u00e9 \u00e0 Washington\u2026 les journalistes tunisiens n\u2019ont m\u00eame pas os\u00e9 poser des questions \u00e0 distance en ligne. Les journalistes marocains, libanais, \u00e9gyptiens, qataris, saoudiens\u2026 sont pr\u00e9sents en masse et font du direct avec leur cha\u00eene satellitaire dans leurs pays respectifs. Les m\u00e9dias tunisiens n\u2019ont probablement pas compris l\u2019importance de la pression du m\u00e9dia agenda setting sur les d\u00e9cideurs et les d\u00e9cisions clefs.<\/p>\n\n\n\n<p>La communaut\u00e9 tunisienne \u00e0 Washington a organis\u00e9 une r\u00e9ception aux officiels tunisiens et autres Tunisiens invit\u00e9s par le FMI. Une soir\u00e9e o\u00f9 on d\u00e9couvre le nombre impressionnant d\u2019expertises tunisiennes op\u00e9rant au sein des universit\u00e9s nord-am\u00e9ricaines et du gouvernement f\u00e9d\u00e9ral am\u00e9ricain. Autour d\u2019un couscous et m\u00e9choui, les discussions ont \u00e9t\u00e9 houleuses quand aux risques encourus par la Tunisie et la crise budg\u00e9taire que traverse le pays.<\/p>\n\n\n\n<figure class=\"wp-block-embed is-type-wp-embed is-provider-kapitalis wp-block-embed-kapitalis\"><div class=\"wp-block-embed__wrapper\">\n<blockquote class=\"wp-embedded-content\" data-secret=\"q15VvABXRU\"><a href=\"https:\/\/kapitalis.com\/tunisie\/2022\/09\/11\/accord-avec-le-fmi-divergence-au-sommet-de-letat-tunisien\/\">Accord avec le FMI : Divergence au sommet de l\u2019Etat tunisien ?<\/a><\/blockquote><iframe loading=\"lazy\" class=\"wp-embedded-content\" sandbox=\"allow-scripts\" security=\"restricted\" style=\"position: absolute; clip: rect(1px, 1px, 1px, 1px);\" title=\"\u00ab\u00a0Accord avec le FMI : Divergence au sommet de l\u2019Etat tunisien ?\u00a0\u00bb &#8212; Kapitalis\" src=\"https:\/\/kapitalis.com\/tunisie\/2022\/09\/11\/accord-avec-le-fmi-divergence-au-sommet-de-letat-tunisien\/embed\/#?secret=qHJbMY0OA6#?secret=q15VvABXRU\" data-secret=\"q15VvABXRU\" width=\"600\" height=\"338\" frameborder=\"0\" marginwidth=\"0\" marginheight=\"0\" scrolling=\"no\"><\/iframe>\n<\/div><\/figure>\n\n\n\n<p>Mais deux choses sont \u00e0 retenir.<\/p>\n\n\n\n<p>Un, la Tunisie doit maintenant se prendre en charge pour se r\u00e9former et honorer ses engagements dans la compression des d\u00e9ficits budg\u00e9taires, et la r\u00e9duction de la taille de l\u2019Etat (soci\u00e9t\u00e9s d\u2019Etat, subvention, bureaucratie\u2026)<\/p>\n\n\n\n<p>Deux, la r\u00e9ponse mesur\u00e9e et nuanc\u00e9e livr\u00e9e par le FMI \u00e0 la Tunisie est assimilable \u00e0 la r\u00e9ponse du berger \u00e0 la berg\u00e8re\u2026 la r\u00e9ponse du FMI \u00e0 la Tunisie de Ka\u00efs Sa\u00efed, en ces temps difficiles pour la Tunisie!<\/p>\n\n\n\n<p>La dette tunisienne est d\u00e9j\u00e0 insoutenable, et le pr\u00e9sident Sa\u00efed ne peut faire comme ses pr\u00e9d\u00e9cesseurs en se dopant par la dette et en hypoth\u00e9quant l\u00b4avenir des g\u00e9n\u00e9rations futures. Pauvre Tunisie&nbsp;!<\/p>\n\n\n\n<p>* <em>Economiste universitaire au Canada.<\/em><\/p>\n","protected":false},"excerpt":{"rendered":"<p>La dette tunisienne est d\u00e9j\u00e0 insoutenable, et le pr\u00e9sident Sa\u00efed ne peut faire comme ses pr\u00e9d\u00e9cesseurs en se dopant par la dette et en hypoth\u00e9quant l\u00b4avenir des g\u00e9n\u00e9rations futures. <\/p>\n","protected":false},"author":8,"featured_media":4550738,"comment_status":"open","ping_status":"open","sticky":false,"template":"","format":"standard","meta":{"footnotes":""},"categories":[992,995,1000,2433],"tags":[130,388,76012,42629,68595,82730,72707,62643],"class_list":["post-4550655","post","type-post","status-publish","format-standard","has-post-thumbnail","hentry","category-a-la-une","category-economie","category-tribune","category-tunisie","tag-banque-mondiale","tag-fmi","tag-kais-saied-2","tag-marouane-abassi","tag-moktar-lamari","tag-samir-saied-2","tag-sihem-nemsia","tag-tunisie"],"yoast_head":"<!-- This site is optimized with the Yoast SEO plugin v26.6 - https:\/\/yoast.com\/wordpress\/plugins\/seo\/ -->\n<title>Tunisie-FMI : accord \u00e0 minima, accord aux forceps - Kapitalis<\/title>\n<meta name=\"robots\" content=\"index, follow, max-snippet:-1, max-image-preview:large, max-video-preview:-1\" \/>\n<link rel=\"canonical\" href=\"https:\/\/kapitalis.com\/tunisie\/2022\/10\/17\/tunisie-fmi-accord-a-minima-accord-aux-forceps\/\" \/>\n<meta property=\"og:locale\" content=\"fr_FR\" \/>\n<meta property=\"og:type\" content=\"article\" \/>\n<meta property=\"og:title\" content=\"Tunisie-FMI : accord \u00e0 minima, accord aux forceps - Kapitalis\" \/>\n<meta property=\"og:description\" content=\"La dette tunisienne est d\u00e9j\u00e0 insoutenable, et le pr\u00e9sident Sa\u00efed ne peut faire comme ses pr\u00e9d\u00e9cesseurs en se dopant par la dette et en hypoth\u00e9quant l\u00b4avenir des g\u00e9n\u00e9rations futures.\" \/>\n<meta property=\"og:url\" content=\"https:\/\/kapitalis.com\/tunisie\/2022\/10\/17\/tunisie-fmi-accord-a-minima-accord-aux-forceps\/\" \/>\n<meta property=\"og:site_name\" content=\"Kapitalis\" \/>\n<meta property=\"article:publisher\" content=\"https:\/\/www.facebook.com\/KapitalisInfo\/\" \/>\n<meta property=\"article:published_time\" content=\"2022-10-17T06:50:55+00:00\" \/>\n<meta property=\"article:modified_time\" content=\"2022-10-17T11:08:22+00:00\" \/>\n<meta property=\"og:image\" content=\"https:\/\/kapitalis.com\/tunisie\/wp-content\/uploads\/2022\/10\/Moktar-Lamari-Annual-Meetings-FMI-BM.jpg\" \/>\n\t<meta property=\"og:image:width\" content=\"1200\" \/>\n\t<meta property=\"og:image:height\" content=\"630\" \/>\n\t<meta property=\"og:image:type\" content=\"image\/jpeg\" \/>\n<meta name=\"author\" content=\"webmaster kapitalis\" \/>\n<meta name=\"twitter:card\" content=\"summary_large_image\" \/>\n<meta name=\"twitter:creator\" content=\"@KapitalisInfo\" \/>\n<meta name=\"twitter:site\" content=\"@KapitalisInfo\" \/>\n<meta name=\"twitter:label1\" content=\"\u00c9crit par\" \/>\n\t<meta name=\"twitter:data1\" content=\"webmaster kapitalis\" \/>\n\t<meta name=\"twitter:label2\" content=\"Dur\u00e9e de lecture estim\u00e9e\" \/>\n\t<meta name=\"twitter:data2\" content=\"6 minutes\" \/>\n<script type=\"application\/ld+json\" class=\"yoast-schema-graph\">{\"@context\":\"https:\/\/schema.org\",\"@graph\":[{\"@type\":\"Article\",\"@id\":\"https:\/\/kapitalis.com\/tunisie\/2022\/10\/17\/tunisie-fmi-accord-a-minima-accord-aux-forceps\/#article\",\"isPartOf\":{\"@id\":\"https:\/\/kapitalis.com\/tunisie\/2022\/10\/17\/tunisie-fmi-accord-a-minima-accord-aux-forceps\/\"},\"author\":{\"name\":\"webmaster kapitalis\",\"@id\":\"https:\/\/kapitalis.com\/tunisie\/#\/schema\/person\/d71f33a9ca44f7bad4698210b480c8e9\"},\"headline\":\"Tunisie-FMI : accord \u00e0 minima, accord aux forceps\",\"datePublished\":\"2022-10-17T06:50:55+00:00\",\"dateModified\":\"2022-10-17T11:08:22+00:00\",\"mainEntityOfPage\":{\"@id\":\"https:\/\/kapitalis.com\/tunisie\/2022\/10\/17\/tunisie-fmi-accord-a-minima-accord-aux-forceps\/\"},\"wordCount\":1248,\"commentCount\":0,\"publisher\":{\"@id\":\"https:\/\/kapitalis.com\/tunisie\/#organization\"},\"image\":{\"@id\":\"https:\/\/kapitalis.com\/tunisie\/2022\/10\/17\/tunisie-fmi-accord-a-minima-accord-aux-forceps\/#primaryimage\"},\"thumbnailUrl\":\"https:\/\/kapitalis.com\/tunisie\/wp-content\/uploads\/2022\/10\/Moktar-Lamari-Annual-Meetings-FMI-BM.jpg\",\"keywords\":[\"Banque Mondiale\",\"FMI\",\"Ka\u00efs Sa\u00efed\",\"Marouane Abassi\",\"Moktar Lamari\",\"Samir Sa\u00efed\",\"Sihem Nemsia\",\"Tunisie\"],\"articleSection\":[\"A LA UNE\",\"ECONOMIE\",\"TRIBUNE\",\"Tunisie\"],\"inLanguage\":\"fr-FR\",\"potentialAction\":[{\"@type\":\"CommentAction\",\"name\":\"Comment\",\"target\":[\"https:\/\/kapitalis.com\/tunisie\/2022\/10\/17\/tunisie-fmi-accord-a-minima-accord-aux-forceps\/#respond\"]}]},{\"@type\":\"WebPage\",\"@id\":\"https:\/\/kapitalis.com\/tunisie\/2022\/10\/17\/tunisie-fmi-accord-a-minima-accord-aux-forceps\/\",\"url\":\"https:\/\/kapitalis.com\/tunisie\/2022\/10\/17\/tunisie-fmi-accord-a-minima-accord-aux-forceps\/\",\"name\":\"Tunisie-FMI : accord \u00e0 minima, accord aux forceps - Kapitalis\",\"isPartOf\":{\"@id\":\"https:\/\/kapitalis.com\/tunisie\/#website\"},\"primaryImageOfPage\":{\"@id\":\"https:\/\/kapitalis.com\/tunisie\/2022\/10\/17\/tunisie-fmi-accord-a-minima-accord-aux-forceps\/#primaryimage\"},\"image\":{\"@id\":\"https:\/\/kapitalis.com\/tunisie\/2022\/10\/17\/tunisie-fmi-accord-a-minima-accord-aux-forceps\/#primaryimage\"},\"thumbnailUrl\":\"https:\/\/kapitalis.com\/tunisie\/wp-content\/uploads\/2022\/10\/Moktar-Lamari-Annual-Meetings-FMI-BM.jpg\",\"datePublished\":\"2022-10-17T06:50:55+00:00\",\"dateModified\":\"2022-10-17T11:08:22+00:00\",\"breadcrumb\":{\"@id\":\"https:\/\/kapitalis.com\/tunisie\/2022\/10\/17\/tunisie-fmi-accord-a-minima-accord-aux-forceps\/#breadcrumb\"},\"inLanguage\":\"fr-FR\",\"potentialAction\":[{\"@type\":\"ReadAction\",\"target\":[\"https:\/\/kapitalis.com\/tunisie\/2022\/10\/17\/tunisie-fmi-accord-a-minima-accord-aux-forceps\/\"]}]},{\"@type\":\"ImageObject\",\"inLanguage\":\"fr-FR\",\"@id\":\"https:\/\/kapitalis.com\/tunisie\/2022\/10\/17\/tunisie-fmi-accord-a-minima-accord-aux-forceps\/#primaryimage\",\"url\":\"https:\/\/kapitalis.com\/tunisie\/wp-content\/uploads\/2022\/10\/Moktar-Lamari-Annual-Meetings-FMI-BM.jpg\",\"contentUrl\":\"https:\/\/kapitalis.com\/tunisie\/wp-content\/uploads\/2022\/10\/Moktar-Lamari-Annual-Meetings-FMI-BM.jpg\",\"width\":1200,\"height\":630},{\"@type\":\"BreadcrumbList\",\"@id\":\"https:\/\/kapitalis.com\/tunisie\/2022\/10\/17\/tunisie-fmi-accord-a-minima-accord-aux-forceps\/#breadcrumb\",\"itemListElement\":[{\"@type\":\"ListItem\",\"position\":1,\"name\":\"Accueil\",\"item\":\"https:\/\/kapitalis.com\/tunisie\/\"},{\"@type\":\"ListItem\",\"position\":2,\"name\":\"Tunisie-FMI : accord \u00e0 minima, accord aux forceps\"}]},{\"@type\":\"WebSite\",\"@id\":\"https:\/\/kapitalis.com\/tunisie\/#website\",\"url\":\"https:\/\/kapitalis.com\/tunisie\/\",\"name\":\"Kapitalis\",\"description\":\"L&#039;actualit\u00e9 en Tunisie et dans le monde\",\"publisher\":{\"@id\":\"https:\/\/kapitalis.com\/tunisie\/#organization\"},\"potentialAction\":[{\"@type\":\"SearchAction\",\"target\":{\"@type\":\"EntryPoint\",\"urlTemplate\":\"https:\/\/kapitalis.com\/tunisie\/?s={search_term_string}\"},\"query-input\":{\"@type\":\"PropertyValueSpecification\",\"valueRequired\":true,\"valueName\":\"search_term_string\"}}],\"inLanguage\":\"fr-FR\"},{\"@type\":\"Organization\",\"@id\":\"https:\/\/kapitalis.com\/tunisie\/#organization\",\"name\":\"Kapitalis\",\"url\":\"https:\/\/kapitalis.com\/tunisie\/\",\"logo\":{\"@type\":\"ImageObject\",\"inLanguage\":\"fr-FR\",\"@id\":\"https:\/\/kapitalis.com\/tunisie\/#\/schema\/logo\/image\/\",\"url\":\"https:\/\/kapitalis.com\/tunisie\/wp-content\/uploads\/2022\/05\/Kapitalis-big-size.png\",\"contentUrl\":\"https:\/\/kapitalis.com\/tunisie\/wp-content\/uploads\/2022\/05\/Kapitalis-big-size.png\",\"width\":5000,\"height\":1500,\"caption\":\"Kapitalis\"},\"image\":{\"@id\":\"https:\/\/kapitalis.com\/tunisie\/#\/schema\/logo\/image\/\"},\"sameAs\":[\"https:\/\/www.facebook.com\/KapitalisInfo\/\",\"https:\/\/x.com\/KapitalisInfo\",\"https:\/\/www.youtube.com\/channel\/UC-yDYrHyfFBWWZaOw3FPg9Q\"]},{\"@type\":\"Person\",\"@id\":\"https:\/\/kapitalis.com\/tunisie\/#\/schema\/person\/d71f33a9ca44f7bad4698210b480c8e9\",\"name\":\"webmaster kapitalis\",\"url\":\"https:\/\/kapitalis.com\/tunisie\/author\/webmaster-kapitalis\/\"}]}<\/script>\n<!-- \/ Yoast SEO plugin. -->","yoast_head_json":{"title":"Tunisie-FMI : accord \u00e0 minima, accord aux forceps - Kapitalis","robots":{"index":"index","follow":"follow","max-snippet":"max-snippet:-1","max-image-preview":"max-image-preview:large","max-video-preview":"max-video-preview:-1"},"canonical":"https:\/\/kapitalis.com\/tunisie\/2022\/10\/17\/tunisie-fmi-accord-a-minima-accord-aux-forceps\/","og_locale":"fr_FR","og_type":"article","og_title":"Tunisie-FMI : accord \u00e0 minima, accord aux forceps - Kapitalis","og_description":"La dette tunisienne est d\u00e9j\u00e0 insoutenable, et le pr\u00e9sident Sa\u00efed ne peut faire comme ses pr\u00e9d\u00e9cesseurs en se dopant par la dette et en hypoth\u00e9quant l\u00b4avenir des g\u00e9n\u00e9rations futures.","og_url":"https:\/\/kapitalis.com\/tunisie\/2022\/10\/17\/tunisie-fmi-accord-a-minima-accord-aux-forceps\/","og_site_name":"Kapitalis","article_publisher":"https:\/\/www.facebook.com\/KapitalisInfo\/","article_published_time":"2022-10-17T06:50:55+00:00","article_modified_time":"2022-10-17T11:08:22+00:00","og_image":[{"width":1200,"height":630,"url":"https:\/\/kapitalis.com\/tunisie\/wp-content\/uploads\/2022\/10\/Moktar-Lamari-Annual-Meetings-FMI-BM.jpg","type":"image\/jpeg"}],"author":"webmaster kapitalis","twitter_card":"summary_large_image","twitter_creator":"@KapitalisInfo","twitter_site":"@KapitalisInfo","twitter_misc":{"\u00c9crit par":"webmaster kapitalis","Dur\u00e9e de lecture estim\u00e9e":"6 minutes"},"schema":{"@context":"https:\/\/schema.org","@graph":[{"@type":"Article","@id":"https:\/\/kapitalis.com\/tunisie\/2022\/10\/17\/tunisie-fmi-accord-a-minima-accord-aux-forceps\/#article","isPartOf":{"@id":"https:\/\/kapitalis.com\/tunisie\/2022\/10\/17\/tunisie-fmi-accord-a-minima-accord-aux-forceps\/"},"author":{"name":"webmaster kapitalis","@id":"https:\/\/kapitalis.com\/tunisie\/#\/schema\/person\/d71f33a9ca44f7bad4698210b480c8e9"},"headline":"Tunisie-FMI : accord \u00e0 minima, accord aux forceps","datePublished":"2022-10-17T06:50:55+00:00","dateModified":"2022-10-17T11:08:22+00:00","mainEntityOfPage":{"@id":"https:\/\/kapitalis.com\/tunisie\/2022\/10\/17\/tunisie-fmi-accord-a-minima-accord-aux-forceps\/"},"wordCount":1248,"commentCount":0,"publisher":{"@id":"https:\/\/kapitalis.com\/tunisie\/#organization"},"image":{"@id":"https:\/\/kapitalis.com\/tunisie\/2022\/10\/17\/tunisie-fmi-accord-a-minima-accord-aux-forceps\/#primaryimage"},"thumbnailUrl":"https:\/\/kapitalis.com\/tunisie\/wp-content\/uploads\/2022\/10\/Moktar-Lamari-Annual-Meetings-FMI-BM.jpg","keywords":["Banque Mondiale","FMI","Ka\u00efs Sa\u00efed","Marouane Abassi","Moktar Lamari","Samir Sa\u00efed","Sihem Nemsia","Tunisie"],"articleSection":["A LA UNE","ECONOMIE","TRIBUNE","Tunisie"],"inLanguage":"fr-FR","potentialAction":[{"@type":"CommentAction","name":"Comment","target":["https:\/\/kapitalis.com\/tunisie\/2022\/10\/17\/tunisie-fmi-accord-a-minima-accord-aux-forceps\/#respond"]}]},{"@type":"WebPage","@id":"https:\/\/kapitalis.com\/tunisie\/2022\/10\/17\/tunisie-fmi-accord-a-minima-accord-aux-forceps\/","url":"https:\/\/kapitalis.com\/tunisie\/2022\/10\/17\/tunisie-fmi-accord-a-minima-accord-aux-forceps\/","name":"Tunisie-FMI : accord \u00e0 minima, accord aux forceps - Kapitalis","isPartOf":{"@id":"https:\/\/kapitalis.com\/tunisie\/#website"},"primaryImageOfPage":{"@id":"https:\/\/kapitalis.com\/tunisie\/2022\/10\/17\/tunisie-fmi-accord-a-minima-accord-aux-forceps\/#primaryimage"},"image":{"@id":"https:\/\/kapitalis.com\/tunisie\/2022\/10\/17\/tunisie-fmi-accord-a-minima-accord-aux-forceps\/#primaryimage"},"thumbnailUrl":"https:\/\/kapitalis.com\/tunisie\/wp-content\/uploads\/2022\/10\/Moktar-Lamari-Annual-Meetings-FMI-BM.jpg","datePublished":"2022-10-17T06:50:55+00:00","dateModified":"2022-10-17T11:08:22+00:00","breadcrumb":{"@id":"https:\/\/kapitalis.com\/tunisie\/2022\/10\/17\/tunisie-fmi-accord-a-minima-accord-aux-forceps\/#breadcrumb"},"inLanguage":"fr-FR","potentialAction":[{"@type":"ReadAction","target":["https:\/\/kapitalis.com\/tunisie\/2022\/10\/17\/tunisie-fmi-accord-a-minima-accord-aux-forceps\/"]}]},{"@type":"ImageObject","inLanguage":"fr-FR","@id":"https:\/\/kapitalis.com\/tunisie\/2022\/10\/17\/tunisie-fmi-accord-a-minima-accord-aux-forceps\/#primaryimage","url":"https:\/\/kapitalis.com\/tunisie\/wp-content\/uploads\/2022\/10\/Moktar-Lamari-Annual-Meetings-FMI-BM.jpg","contentUrl":"https:\/\/kapitalis.com\/tunisie\/wp-content\/uploads\/2022\/10\/Moktar-Lamari-Annual-Meetings-FMI-BM.jpg","width":1200,"height":630},{"@type":"BreadcrumbList","@id":"https:\/\/kapitalis.com\/tunisie\/2022\/10\/17\/tunisie-fmi-accord-a-minima-accord-aux-forceps\/#breadcrumb","itemListElement":[{"@type":"ListItem","position":1,"name":"Accueil","item":"https:\/\/kapitalis.com\/tunisie\/"},{"@type":"ListItem","position":2,"name":"Tunisie-FMI : accord \u00e0 minima, accord aux forceps"}]},{"@type":"WebSite","@id":"https:\/\/kapitalis.com\/tunisie\/#website","url":"https:\/\/kapitalis.com\/tunisie\/","name":"Kapitalis","description":"L&#039;actualit\u00e9 en Tunisie et dans le monde","publisher":{"@id":"https:\/\/kapitalis.com\/tunisie\/#organization"},"potentialAction":[{"@type":"SearchAction","target":{"@type":"EntryPoint","urlTemplate":"https:\/\/kapitalis.com\/tunisie\/?s={search_term_string}"},"query-input":{"@type":"PropertyValueSpecification","valueRequired":true,"valueName":"search_term_string"}}],"inLanguage":"fr-FR"},{"@type":"Organization","@id":"https:\/\/kapitalis.com\/tunisie\/#organization","name":"Kapitalis","url":"https:\/\/kapitalis.com\/tunisie\/","logo":{"@type":"ImageObject","inLanguage":"fr-FR","@id":"https:\/\/kapitalis.com\/tunisie\/#\/schema\/logo\/image\/","url":"https:\/\/kapitalis.com\/tunisie\/wp-content\/uploads\/2022\/05\/Kapitalis-big-size.png","contentUrl":"https:\/\/kapitalis.com\/tunisie\/wp-content\/uploads\/2022\/05\/Kapitalis-big-size.png","width":5000,"height":1500,"caption":"Kapitalis"},"image":{"@id":"https:\/\/kapitalis.com\/tunisie\/#\/schema\/logo\/image\/"},"sameAs":["https:\/\/www.facebook.com\/KapitalisInfo\/","https:\/\/x.com\/KapitalisInfo","https:\/\/www.youtube.com\/channel\/UC-yDYrHyfFBWWZaOw3FPg9Q"]},{"@type":"Person","@id":"https:\/\/kapitalis.com\/tunisie\/#\/schema\/person\/d71f33a9ca44f7bad4698210b480c8e9","name":"webmaster kapitalis","url":"https:\/\/kapitalis.com\/tunisie\/author\/webmaster-kapitalis\/"}]}},"_links":{"self":[{"href":"https:\/\/kapitalis.com\/tunisie\/wp-json\/wp\/v2\/posts\/4550655","targetHints":{"allow":["GET"]}}],"collection":[{"href":"https:\/\/kapitalis.com\/tunisie\/wp-json\/wp\/v2\/posts"}],"about":[{"href":"https:\/\/kapitalis.com\/tunisie\/wp-json\/wp\/v2\/types\/post"}],"author":[{"embeddable":true,"href":"https:\/\/kapitalis.com\/tunisie\/wp-json\/wp\/v2\/users\/8"}],"replies":[{"embeddable":true,"href":"https:\/\/kapitalis.com\/tunisie\/wp-json\/wp\/v2\/comments?post=4550655"}],"version-history":[{"count":0,"href":"https:\/\/kapitalis.com\/tunisie\/wp-json\/wp\/v2\/posts\/4550655\/revisions"}],"wp:featuredmedia":[{"embeddable":true,"href":"https:\/\/kapitalis.com\/tunisie\/wp-json\/wp\/v2\/media\/4550738"}],"wp:attachment":[{"href":"https:\/\/kapitalis.com\/tunisie\/wp-json\/wp\/v2\/media?parent=4550655"}],"wp:term":[{"taxonomy":"category","embeddable":true,"href":"https:\/\/kapitalis.com\/tunisie\/wp-json\/wp\/v2\/categories?post=4550655"},{"taxonomy":"post_tag","embeddable":true,"href":"https:\/\/kapitalis.com\/tunisie\/wp-json\/wp\/v2\/tags?post=4550655"}],"curies":[{"name":"wp","href":"https:\/\/api.w.org\/{rel}","templated":true}]}}