{"id":4555,"date":"2015-06-20T10:58:18","date_gmt":"2015-06-20T09:58:18","guid":{"rendered":"http:\/\/kapitalis.com\/tunisie\/?p=4555"},"modified":"2015-06-20T10:58:18","modified_gmt":"2015-06-20T09:58:18","slug":"bac-2015-le-lycee-pilote-de-sousse-a-la-fete","status":"publish","type":"post","link":"https:\/\/kapitalis.com\/tunisie\/2015\/06\/20\/bac-2015-le-lycee-pilote-de-sousse-a-la-fete\/","title":{"rendered":"Bac 2015 : Le lyc\u00e9e pilote de Sousse \u00e0 la f\u00eate"},"content":{"rendered":"<p><img loading=\"lazy\" decoding=\"async\" class=\"aligncenter size-full wp-image-4556\" src=\"http:\/\/kapitalis.com\/tunisie\/wp-content\/uploads\/2015\/06\/Laure\u0301ates-du-Bac-Sousse.jpg\" alt=\"Laure\u0301ates-du-Bac-Sousse\" width=\"626\" height=\"380\" \/><\/p>\n<p><em><strong>Avec 100% de taux de r\u00e9ussite et 3 laur\u00e9ats (ou plut\u00f4t laur\u00e9ates) \u00e0 l\u2019\u00e9chelle nationale, le lyc\u00e9e pilote de Sousse peut faire la f\u00eate. \u00a0<\/strong><\/em><\/p>\n<p><!--more--><\/p>\n<p>Une c\u00e9r\u00e9monie en l\u2019honneur des laur\u00e9ates est ainsi pr\u00e9vue le mardi 30 juin 2015, \u00e0 21H30, au petit lyc\u00e9e pilote de la Perle du Sahel, qui d\u00e9tient ainsi le meilleur score de l\u2019ann\u00e9e \u00e0 l\u2019\u00e9chelle nationale.<\/p>\n<p>Plusieurs personnalit\u00e9s ont \u00e9t\u00e9 invit\u00e9es, dont le ministre de l\u2019Education nationale Neji Djelloul.<\/p>\n<p>Ce sera l\u2019occasion de f\u00e9liciter les 3 jeunes filles qui figurent parmi les 9 laur\u00e9at(e)s de la session. Il y aura sur le podium \u00abMiss\u00bb Nesrine Zarrouki, section \u2018Sciences techniques\u2019 (19,54%) et ses 2 \u00abdauphines\u00bb: Ha\u00effa Haddad, section \u2018Math\u00e9matiques\u2019 (19,50) et Meriem Kammoun, section \u2018Sciences exp\u00e9rimentales\u2019 (19,38).<\/p>\n<p>Un grand bravo pour les filles, les enseignants et tous les cadres du lyc\u00e9e.<\/p>\n<p style=\"text-align: right;\"><strong>Z. A.<\/strong><\/p>\n","protected":false},"excerpt":{"rendered":"<p>Avec 100% de taux de r\u00e9ussite et 3 laur\u00e9ats (ou plut\u00f4t laur\u00e9ates) \u00e0 l\u2019\u00e9chelle nationale, le lyc\u00e9e pilote de Sousse peut faire la f\u00eate. \u00a0<\/p>\n","protected":false},"author":5,"featured_media":4556,"comment_status":"open","ping_status":"open","sticky":false,"template":"","format":"standard","meta":{"footnotes":""},"categories":[998],"tags":[1538,1213,306],"class_list":["post-4555","post","type-post","status-publish","format-standard","has-post-thumbnail","hentry","category-societe","tag-bac-2015","tag-baccalaureat","tag-education"],"yoast_head":"<!-- This site is optimized with the Yoast SEO plugin v26.6 - https:\/\/yoast.com\/wordpress\/plugins\/seo\/ -->\n<title>Bac 2015 : Le lyc\u00e9e pilote de Sousse \u00e0 la f\u00eate - Kapitalis<\/title>\n<meta name=\"robots\" content=\"index, follow, max-snippet:-1, max-image-preview:large, max-video-preview:-1\" \/>\n<link rel=\"canonical\" href=\"https:\/\/kapitalis.com\/tunisie\/2015\/06\/20\/bac-2015-le-lycee-pilote-de-sousse-a-la-fete\/\" \/>\n<meta property=\"og:locale\" content=\"fr_FR\" \/>\n<meta property=\"og:type\" content=\"article\" \/>\n<meta property=\"og:title\" content=\"Bac 2015 : Le lyc\u00e9e pilote de Sousse \u00e0 la f\u00eate - Kapitalis\" \/>\n<meta property=\"og:description\" content=\"Avec 100% de taux de r\u00e9ussite et 3 laur\u00e9ats (ou plut\u00f4t laur\u00e9ates) \u00e0 l\u2019\u00e9chelle nationale, le lyc\u00e9e pilote de Sousse peut faire la f\u00eate. \u00a0\" \/>\n<meta property=\"og:url\" content=\"https:\/\/kapitalis.com\/tunisie\/2015\/06\/20\/bac-2015-le-lycee-pilote-de-sousse-a-la-fete\/\" \/>\n<meta property=\"og:site_name\" content=\"Kapitalis\" \/>\n<meta property=\"article:publisher\" content=\"https:\/\/www.facebook.com\/KapitalisInfo\/\" \/>\n<meta property=\"article:published_time\" content=\"2015-06-20T09:58:18+00:00\" \/>\n<meta property=\"og:image\" content=\"https:\/\/kapitalis.com\/tunisie\/wp-content\/uploads\/2022\/05\/kapitalis-logo-fb.png\" \/>\n\t<meta property=\"og:image:width\" content=\"1200\" \/>\n\t<meta property=\"og:image:height\" content=\"630\" \/>\n\t<meta property=\"og:image:type\" content=\"image\/png\" \/>\n<meta name=\"author\" content=\"Ridha Elkefi\" \/>\n<meta name=\"twitter:card\" content=\"summary_large_image\" \/>\n<meta name=\"twitter:creator\" content=\"@KapitalisInfo\" \/>\n<meta name=\"twitter:site\" content=\"@KapitalisInfo\" \/>\n<meta name=\"twitter:label1\" content=\"\u00c9crit par\" \/>\n\t<meta name=\"twitter:data1\" content=\"Ridha Elkefi\" \/>\n\t<meta name=\"twitter:label2\" content=\"Dur\u00e9e de lecture estim\u00e9e\" \/>\n\t<meta name=\"twitter:data2\" content=\"1 minute\" \/>\n<script type=\"application\/ld+json\" class=\"yoast-schema-graph\">{\"@context\":\"https:\/\/schema.org\",\"@graph\":[{\"@type\":\"Article\",\"@id\":\"https:\/\/kapitalis.com\/tunisie\/2015\/06\/20\/bac-2015-le-lycee-pilote-de-sousse-a-la-fete\/#article\",\"isPartOf\":{\"@id\":\"https:\/\/kapitalis.com\/tunisie\/2015\/06\/20\/bac-2015-le-lycee-pilote-de-sousse-a-la-fete\/\"},\"author\":{\"name\":\"Ridha Elkefi\",\"@id\":\"https:\/\/kapitalis.com\/tunisie\/#\/schema\/person\/16627fc9b2fc0116230e88af071eebab\"},\"headline\":\"Bac 2015 : Le lyc\u00e9e pilote de Sousse \u00e0 la f\u00eate\",\"datePublished\":\"2015-06-20T09:58:18+00:00\",\"mainEntityOfPage\":{\"@id\":\"https:\/\/kapitalis.com\/tunisie\/2015\/06\/20\/bac-2015-le-lycee-pilote-de-sousse-a-la-fete\/\"},\"wordCount\":162,\"commentCount\":1,\"publisher\":{\"@id\":\"https:\/\/kapitalis.com\/tunisie\/#organization\"},\"image\":{\"@id\":\"https:\/\/kapitalis.com\/tunisie\/2015\/06\/20\/bac-2015-le-lycee-pilote-de-sousse-a-la-fete\/#primaryimage\"},\"thumbnailUrl\":\"\",\"keywords\":[\"Bac 2015\",\"Baccalaur\u00e9at\",\"\u00e9ducation\"],\"articleSection\":[\"SOCIETE\"],\"inLanguage\":\"fr-FR\",\"potentialAction\":[{\"@type\":\"CommentAction\",\"name\":\"Comment\",\"target\":[\"https:\/\/kapitalis.com\/tunisie\/2015\/06\/20\/bac-2015-le-lycee-pilote-de-sousse-a-la-fete\/#respond\"]}]},{\"@type\":\"WebPage\",\"@id\":\"https:\/\/kapitalis.com\/tunisie\/2015\/06\/20\/bac-2015-le-lycee-pilote-de-sousse-a-la-fete\/\",\"url\":\"https:\/\/kapitalis.com\/tunisie\/2015\/06\/20\/bac-2015-le-lycee-pilote-de-sousse-a-la-fete\/\",\"name\":\"Bac 2015 : Le lyc\u00e9e pilote de Sousse \u00e0 la f\u00eate - Kapitalis\",\"isPartOf\":{\"@id\":\"https:\/\/kapitalis.com\/tunisie\/#website\"},\"primaryImageOfPage\":{\"@id\":\"https:\/\/kapitalis.com\/tunisie\/2015\/06\/20\/bac-2015-le-lycee-pilote-de-sousse-a-la-fete\/#primaryimage\"},\"image\":{\"@id\":\"https:\/\/kapitalis.com\/tunisie\/2015\/06\/20\/bac-2015-le-lycee-pilote-de-sousse-a-la-fete\/#primaryimage\"},\"thumbnailUrl\":\"\",\"datePublished\":\"2015-06-20T09:58:18+00:00\",\"breadcrumb\":{\"@id\":\"https:\/\/kapitalis.com\/tunisie\/2015\/06\/20\/bac-2015-le-lycee-pilote-de-sousse-a-la-fete\/#breadcrumb\"},\"inLanguage\":\"fr-FR\",\"potentialAction\":[{\"@type\":\"ReadAction\",\"target\":[\"https:\/\/kapitalis.com\/tunisie\/2015\/06\/20\/bac-2015-le-lycee-pilote-de-sousse-a-la-fete\/\"]}]},{\"@type\":\"ImageObject\",\"inLanguage\":\"fr-FR\",\"@id\":\"https:\/\/kapitalis.com\/tunisie\/2015\/06\/20\/bac-2015-le-lycee-pilote-de-sousse-a-la-fete\/#primaryimage\",\"url\":\"\",\"contentUrl\":\"\"},{\"@type\":\"BreadcrumbList\",\"@id\":\"https:\/\/kapitalis.com\/tunisie\/2015\/06\/20\/bac-2015-le-lycee-pilote-de-sousse-a-la-fete\/#breadcrumb\",\"itemListElement\":[{\"@type\":\"ListItem\",\"position\":1,\"name\":\"Accueil\",\"item\":\"https:\/\/kapitalis.com\/tunisie\/\"},{\"@type\":\"ListItem\",\"position\":2,\"name\":\"Bac 2015 : Le lyc\u00e9e pilote de Sousse \u00e0 la f\u00eate\"}]},{\"@type\":\"WebSite\",\"@id\":\"https:\/\/kapitalis.com\/tunisie\/#website\",\"url\":\"https:\/\/kapitalis.com\/tunisie\/\",\"name\":\"Kapitalis\",\"description\":\"L&#039;actualit\u00e9 en Tunisie et dans le monde\",\"publisher\":{\"@id\":\"https:\/\/kapitalis.com\/tunisie\/#organization\"},\"potentialAction\":[{\"@type\":\"SearchAction\",\"target\":{\"@type\":\"EntryPoint\",\"urlTemplate\":\"https:\/\/kapitalis.com\/tunisie\/?s={search_term_string}\"},\"query-input\":{\"@type\":\"PropertyValueSpecification\",\"valueRequired\":true,\"valueName\":\"search_term_string\"}}],\"inLanguage\":\"fr-FR\"},{\"@type\":\"Organization\",\"@id\":\"https:\/\/kapitalis.com\/tunisie\/#organization\",\"name\":\"Kapitalis\",\"url\":\"https:\/\/kapitalis.com\/tunisie\/\",\"logo\":{\"@type\":\"ImageObject\",\"inLanguage\":\"fr-FR\",\"@id\":\"https:\/\/kapitalis.com\/tunisie\/#\/schema\/logo\/image\/\",\"url\":\"https:\/\/kapitalis.com\/tunisie\/wp-content\/uploads\/2022\/05\/Kapitalis-big-size.png\",\"contentUrl\":\"https:\/\/kapitalis.com\/tunisie\/wp-content\/uploads\/2022\/05\/Kapitalis-big-size.png\",\"width\":5000,\"height\":1500,\"caption\":\"Kapitalis\"},\"image\":{\"@id\":\"https:\/\/kapitalis.com\/tunisie\/#\/schema\/logo\/image\/\"},\"sameAs\":[\"https:\/\/www.facebook.com\/KapitalisInfo\/\",\"https:\/\/x.com\/KapitalisInfo\",\"https:\/\/www.youtube.com\/channel\/UC-yDYrHyfFBWWZaOw3FPg9Q\"]},{\"@type\":\"Person\",\"@id\":\"https:\/\/kapitalis.com\/tunisie\/#\/schema\/person\/16627fc9b2fc0116230e88af071eebab\",\"name\":\"Ridha Elkefi\",\"url\":\"https:\/\/kapitalis.com\/tunisie\/author\/ridha-kefi\/\"}]}<\/script>\n<!-- \/ Yoast SEO plugin. -->","yoast_head_json":{"title":"Bac 2015 : Le lyc\u00e9e pilote de Sousse \u00e0 la f\u00eate - Kapitalis","robots":{"index":"index","follow":"follow","max-snippet":"max-snippet:-1","max-image-preview":"max-image-preview:large","max-video-preview":"max-video-preview:-1"},"canonical":"https:\/\/kapitalis.com\/tunisie\/2015\/06\/20\/bac-2015-le-lycee-pilote-de-sousse-a-la-fete\/","og_locale":"fr_FR","og_type":"article","og_title":"Bac 2015 : Le lyc\u00e9e pilote de Sousse \u00e0 la f\u00eate - Kapitalis","og_description":"Avec 100% de taux de r\u00e9ussite et 3 laur\u00e9ats (ou plut\u00f4t laur\u00e9ates) \u00e0 l\u2019\u00e9chelle nationale, le lyc\u00e9e pilote de Sousse peut faire la f\u00eate. \u00a0","og_url":"https:\/\/kapitalis.com\/tunisie\/2015\/06\/20\/bac-2015-le-lycee-pilote-de-sousse-a-la-fete\/","og_site_name":"Kapitalis","article_publisher":"https:\/\/www.facebook.com\/KapitalisInfo\/","article_published_time":"2015-06-20T09:58:18+00:00","og_image":[{"width":1200,"height":630,"url":"https:\/\/kapitalis.com\/tunisie\/wp-content\/uploads\/2022\/05\/kapitalis-logo-fb.png","type":"image\/png"}],"author":"Ridha Elkefi","twitter_card":"summary_large_image","twitter_creator":"@KapitalisInfo","twitter_site":"@KapitalisInfo","twitter_misc":{"\u00c9crit par":"Ridha Elkefi","Dur\u00e9e de lecture estim\u00e9e":"1 minute"},"schema":{"@context":"https:\/\/schema.org","@graph":[{"@type":"Article","@id":"https:\/\/kapitalis.com\/tunisie\/2015\/06\/20\/bac-2015-le-lycee-pilote-de-sousse-a-la-fete\/#article","isPartOf":{"@id":"https:\/\/kapitalis.com\/tunisie\/2015\/06\/20\/bac-2015-le-lycee-pilote-de-sousse-a-la-fete\/"},"author":{"name":"Ridha Elkefi","@id":"https:\/\/kapitalis.com\/tunisie\/#\/schema\/person\/16627fc9b2fc0116230e88af071eebab"},"headline":"Bac 2015 : Le lyc\u00e9e pilote de Sousse \u00e0 la f\u00eate","datePublished":"2015-06-20T09:58:18+00:00","mainEntityOfPage":{"@id":"https:\/\/kapitalis.com\/tunisie\/2015\/06\/20\/bac-2015-le-lycee-pilote-de-sousse-a-la-fete\/"},"wordCount":162,"commentCount":1,"publisher":{"@id":"https:\/\/kapitalis.com\/tunisie\/#organization"},"image":{"@id":"https:\/\/kapitalis.com\/tunisie\/2015\/06\/20\/bac-2015-le-lycee-pilote-de-sousse-a-la-fete\/#primaryimage"},"thumbnailUrl":"","keywords":["Bac 2015","Baccalaur\u00e9at","\u00e9ducation"],"articleSection":["SOCIETE"],"inLanguage":"fr-FR","potentialAction":[{"@type":"CommentAction","name":"Comment","target":["https:\/\/kapitalis.com\/tunisie\/2015\/06\/20\/bac-2015-le-lycee-pilote-de-sousse-a-la-fete\/#respond"]}]},{"@type":"WebPage","@id":"https:\/\/kapitalis.com\/tunisie\/2015\/06\/20\/bac-2015-le-lycee-pilote-de-sousse-a-la-fete\/","url":"https:\/\/kapitalis.com\/tunisie\/2015\/06\/20\/bac-2015-le-lycee-pilote-de-sousse-a-la-fete\/","name":"Bac 2015 : Le lyc\u00e9e pilote de Sousse \u00e0 la f\u00eate - Kapitalis","isPartOf":{"@id":"https:\/\/kapitalis.com\/tunisie\/#website"},"primaryImageOfPage":{"@id":"https:\/\/kapitalis.com\/tunisie\/2015\/06\/20\/bac-2015-le-lycee-pilote-de-sousse-a-la-fete\/#primaryimage"},"image":{"@id":"https:\/\/kapitalis.com\/tunisie\/2015\/06\/20\/bac-2015-le-lycee-pilote-de-sousse-a-la-fete\/#primaryimage"},"thumbnailUrl":"","datePublished":"2015-06-20T09:58:18+00:00","breadcrumb":{"@id":"https:\/\/kapitalis.com\/tunisie\/2015\/06\/20\/bac-2015-le-lycee-pilote-de-sousse-a-la-fete\/#breadcrumb"},"inLanguage":"fr-FR","potentialAction":[{"@type":"ReadAction","target":["https:\/\/kapitalis.com\/tunisie\/2015\/06\/20\/bac-2015-le-lycee-pilote-de-sousse-a-la-fete\/"]}]},{"@type":"ImageObject","inLanguage":"fr-FR","@id":"https:\/\/kapitalis.com\/tunisie\/2015\/06\/20\/bac-2015-le-lycee-pilote-de-sousse-a-la-fete\/#primaryimage","url":"","contentUrl":""},{"@type":"BreadcrumbList","@id":"https:\/\/kapitalis.com\/tunisie\/2015\/06\/20\/bac-2015-le-lycee-pilote-de-sousse-a-la-fete\/#breadcrumb","itemListElement":[{"@type":"ListItem","position":1,"name":"Accueil","item":"https:\/\/kapitalis.com\/tunisie\/"},{"@type":"ListItem","position":2,"name":"Bac 2015 : Le lyc\u00e9e pilote de Sousse \u00e0 la f\u00eate"}]},{"@type":"WebSite","@id":"https:\/\/kapitalis.com\/tunisie\/#website","url":"https:\/\/kapitalis.com\/tunisie\/","name":"Kapitalis","description":"L&#039;actualit\u00e9 en Tunisie et dans le monde","publisher":{"@id":"https:\/\/kapitalis.com\/tunisie\/#organization"},"potentialAction":[{"@type":"SearchAction","target":{"@type":"EntryPoint","urlTemplate":"https:\/\/kapitalis.com\/tunisie\/?s={search_term_string}"},"query-input":{"@type":"PropertyValueSpecification","valueRequired":true,"valueName":"search_term_string"}}],"inLanguage":"fr-FR"},{"@type":"Organization","@id":"https:\/\/kapitalis.com\/tunisie\/#organization","name":"Kapitalis","url":"https:\/\/kapitalis.com\/tunisie\/","logo":{"@type":"ImageObject","inLanguage":"fr-FR","@id":"https:\/\/kapitalis.com\/tunisie\/#\/schema\/logo\/image\/","url":"https:\/\/kapitalis.com\/tunisie\/wp-content\/uploads\/2022\/05\/Kapitalis-big-size.png","contentUrl":"https:\/\/kapitalis.com\/tunisie\/wp-content\/uploads\/2022\/05\/Kapitalis-big-size.png","width":5000,"height":1500,"caption":"Kapitalis"},"image":{"@id":"https:\/\/kapitalis.com\/tunisie\/#\/schema\/logo\/image\/"},"sameAs":["https:\/\/www.facebook.com\/KapitalisInfo\/","https:\/\/x.com\/KapitalisInfo","https:\/\/www.youtube.com\/channel\/UC-yDYrHyfFBWWZaOw3FPg9Q"]},{"@type":"Person","@id":"https:\/\/kapitalis.com\/tunisie\/#\/schema\/person\/16627fc9b2fc0116230e88af071eebab","name":"Ridha Elkefi","url":"https:\/\/kapitalis.com\/tunisie\/author\/ridha-kefi\/"}]}},"_links":{"self":[{"href":"https:\/\/kapitalis.com\/tunisie\/wp-json\/wp\/v2\/posts\/4555","targetHints":{"allow":["GET"]}}],"collection":[{"href":"https:\/\/kapitalis.com\/tunisie\/wp-json\/wp\/v2\/posts"}],"about":[{"href":"https:\/\/kapitalis.com\/tunisie\/wp-json\/wp\/v2\/types\/post"}],"author":[{"embeddable":true,"href":"https:\/\/kapitalis.com\/tunisie\/wp-json\/wp\/v2\/users\/5"}],"replies":[{"embeddable":true,"href":"https:\/\/kapitalis.com\/tunisie\/wp-json\/wp\/v2\/comments?post=4555"}],"version-history":[{"count":0,"href":"https:\/\/kapitalis.com\/tunisie\/wp-json\/wp\/v2\/posts\/4555\/revisions"}],"wp:featuredmedia":[{"embeddable":true,"href":"https:\/\/kapitalis.com\/tunisie\/wp-json\/wp\/v2\/media\/4556"}],"wp:attachment":[{"href":"https:\/\/kapitalis.com\/tunisie\/wp-json\/wp\/v2\/media?parent=4555"}],"wp:term":[{"taxonomy":"category","embeddable":true,"href":"https:\/\/kapitalis.com\/tunisie\/wp-json\/wp\/v2\/categories?post=4555"},{"taxonomy":"post_tag","embeddable":true,"href":"https:\/\/kapitalis.com\/tunisie\/wp-json\/wp\/v2\/tags?post=4555"}],"curies":[{"name":"wp","href":"https:\/\/api.w.org\/{rel}","templated":true}]}}