{"id":4572722,"date":"2022-10-20T07:01:30","date_gmt":"2022-10-20T06:01:30","guid":{"rendered":"https:\/\/kapitalis.com\/tunisie\/?p=4572722"},"modified":"2022-10-20T07:01:32","modified_gmt":"2022-10-20T06:01:32","slug":"tunisie-etats-unis-premiere-visite-a-tunis-du-nouveau-commandant-de-lafricom","status":"publish","type":"post","link":"https:\/\/kapitalis.com\/tunisie\/2022\/10\/20\/tunisie-etats-unis-premiere-visite-a-tunis-du-nouveau-commandant-de-lafricom\/","title":{"rendered":"Tunisie \u2013 Etats-Unis\u00a0: premi\u00e8re visite \u00e0 Tunis du nouveau commandant de l\u2019Africom"},"content":{"rendered":"\n<p><strong><em>Le ministre de la D\u00e9fense nationale, Imed Memmich, a rencontr\u00e9 mercredi 19 octobre 2022 le commandant du Commandement des \u00c9tats-Unis pour l\u2019Afrique (Africom), le g\u00e9n\u00e9ral Michael E. Langley, qui effectue sa premi\u00e8re visite en Tunisie depuis son entr\u00e9e en fonction.<\/em><\/strong><\/p>\n\n\n\n<!--more-->\n\n\n\n<p>La rencontre a abord\u00e9 la coop\u00e9ration tuniso-am\u00e9ricaine dans le domaine militaire, et les moyens de la renforcer, indique un communiqu\u00e9 du minist\u00e8re. Une s\u00e9ance de travail s\u2019est d\u00e9roul\u00e9e ensuite en pr\u00e9sence de hauts responsables militaires des deux pays.<\/p>\n\n\n\n<p>La session a pass\u00e9 en revue \u00ables r\u00e9sultats de la coop\u00e9ration militaire sur le terrain, notamment en mati\u00e8re de formation et d\u2019\u00e9quipement\u00bb.<\/p>\n\n\n\n<p>Le ministre s\u2019est f\u00e9licit\u00e9 de l\u2019excellent niveau de la coop\u00e9ration militaire avec les Etats-Unis, r\u00e9affirmant la disponibilit\u00e9 de la Tunisie \u00e0 dynamiser cette coop\u00e9ration et \u00e0 \u00e9largir ses perspectives et ses domaines, dans l&rsquo;int\u00e9r\u00eat des deux pays.<\/p>\n\n\n\n<p>Le commandant de l\u2019Africom a d\u00e9clar\u00e9 que la r\u00e9union <em>\u00aboffrait une occasion parfaite de passer en revue les relations militaires profondes et solides entre les deux pays amis\u00bb<\/em>, soulignant la volont\u00e9 des \u00c9tats-Unis de renforcer davantage les domaines de coop\u00e9ration.<\/p>\n\n\n\n<figure class=\"wp-block-embed is-type-wp-embed is-provider-kapitalis wp-block-embed-kapitalis\"><div class=\"wp-block-embed__wrapper\">\n<blockquote class=\"wp-embedded-content\" data-secret=\"vIp7tugjcT\"><a href=\"https:\/\/kapitalis.com\/tunisie\/2022\/09\/28\/reunion-a-stuttgart-de-la-commission-militaire-mixte-tuniso-americaine\/\">R\u00e9union \u00e0 Stuttgart de la commission militaire mixte tuniso-am\u00e9ricaine<\/a><\/blockquote><iframe loading=\"lazy\" class=\"wp-embedded-content\" sandbox=\"allow-scripts\" security=\"restricted\" style=\"position: absolute; clip: rect(1px, 1px, 1px, 1px);\" title=\"\u00ab\u00a0R\u00e9union \u00e0 Stuttgart de la commission militaire mixte tuniso-am\u00e9ricaine\u00a0\u00bb &#8212; Kapitalis\" src=\"https:\/\/kapitalis.com\/tunisie\/2022\/09\/28\/reunion-a-stuttgart-de-la-commission-militaire-mixte-tuniso-americaine\/embed\/#?secret=G0xyrup3k9#?secret=vIp7tugjcT\" data-secret=\"vIp7tugjcT\" width=\"600\" height=\"338\" frameborder=\"0\" marginwidth=\"0\" marginheight=\"0\" scrolling=\"no\"><\/iframe>\n<\/div><\/figure>\n","protected":false},"excerpt":{"rendered":"<p>Commandement des \u00c9tats-Unis pour l\u2019Afrique (Africom), Michael E. Langley, effectue sa premi\u00e8re visite en Tunisie depuis son entr\u00e9e en fonction.<\/p>\n","protected":false},"author":8,"featured_media":4572780,"comment_status":"open","ping_status":"open","sticky":false,"template":"","format":"standard","meta":{"footnotes":""},"categories":[997,2433],"tags":[2848,235,75918,97146,103778,62643],"class_list":["post-4572722","post","type-post","status-publish","format-standard","has-post-thumbnail","hentry","category-politique","category-tunisie","tag-africom","tag-cooperation-militaire","tag-etats-unis-2","tag-imed-memmich","tag-michael-e-langley","tag-tunisie"],"yoast_head":"<!-- This site is optimized with the Yoast SEO plugin v26.6 - https:\/\/yoast.com\/wordpress\/plugins\/seo\/ -->\n<title>Tunisie \u2013 Etats-Unis\u00a0: premi\u00e8re visite \u00e0 Tunis du nouveau commandant de l\u2019Africom - Kapitalis<\/title>\n<meta name=\"robots\" content=\"index, follow, max-snippet:-1, max-image-preview:large, max-video-preview:-1\" \/>\n<link rel=\"canonical\" href=\"https:\/\/kapitalis.com\/tunisie\/2022\/10\/20\/tunisie-etats-unis-premiere-visite-a-tunis-du-nouveau-commandant-de-lafricom\/\" \/>\n<meta property=\"og:locale\" content=\"fr_FR\" \/>\n<meta property=\"og:type\" content=\"article\" \/>\n<meta property=\"og:title\" content=\"Tunisie \u2013 Etats-Unis\u00a0: premi\u00e8re visite \u00e0 Tunis du nouveau commandant de l\u2019Africom - Kapitalis\" \/>\n<meta property=\"og:description\" content=\"Commandement des \u00c9tats-Unis pour l\u2019Afrique (Africom), Michael E. Langley, effectue sa premi\u00e8re visite en Tunisie depuis son entr\u00e9e en fonction.\" \/>\n<meta property=\"og:url\" content=\"https:\/\/kapitalis.com\/tunisie\/2022\/10\/20\/tunisie-etats-unis-premiere-visite-a-tunis-du-nouveau-commandant-de-lafricom\/\" \/>\n<meta property=\"og:site_name\" content=\"Kapitalis\" \/>\n<meta property=\"article:publisher\" content=\"https:\/\/www.facebook.com\/KapitalisInfo\/\" \/>\n<meta property=\"article:published_time\" content=\"2022-10-20T06:01:30+00:00\" \/>\n<meta property=\"article:modified_time\" content=\"2022-10-20T06:01:32+00:00\" \/>\n<meta property=\"og:image\" content=\"https:\/\/kapitalis.com\/tunisie\/wp-content\/uploads\/2022\/10\/Tunisie-Etats-Unis-Africom.jpg\" \/>\n\t<meta property=\"og:image:width\" content=\"1200\" \/>\n\t<meta property=\"og:image:height\" content=\"630\" \/>\n\t<meta property=\"og:image:type\" content=\"image\/jpeg\" \/>\n<meta name=\"author\" content=\"webmaster kapitalis\" \/>\n<meta name=\"twitter:card\" content=\"summary_large_image\" \/>\n<meta name=\"twitter:creator\" content=\"@KapitalisInfo\" \/>\n<meta name=\"twitter:site\" content=\"@KapitalisInfo\" \/>\n<meta name=\"twitter:label1\" content=\"\u00c9crit par\" \/>\n\t<meta name=\"twitter:data1\" content=\"webmaster kapitalis\" \/>\n\t<meta name=\"twitter:label2\" content=\"Dur\u00e9e de lecture estim\u00e9e\" \/>\n\t<meta name=\"twitter:data2\" content=\"1 minute\" \/>\n<script type=\"application\/ld+json\" class=\"yoast-schema-graph\">{\"@context\":\"https:\/\/schema.org\",\"@graph\":[{\"@type\":\"Article\",\"@id\":\"https:\/\/kapitalis.com\/tunisie\/2022\/10\/20\/tunisie-etats-unis-premiere-visite-a-tunis-du-nouveau-commandant-de-lafricom\/#article\",\"isPartOf\":{\"@id\":\"https:\/\/kapitalis.com\/tunisie\/2022\/10\/20\/tunisie-etats-unis-premiere-visite-a-tunis-du-nouveau-commandant-de-lafricom\/\"},\"author\":{\"name\":\"webmaster kapitalis\",\"@id\":\"https:\/\/kapitalis.com\/tunisie\/#\/schema\/person\/d71f33a9ca44f7bad4698210b480c8e9\"},\"headline\":\"Tunisie \u2013 Etats-Unis\u00a0: premi\u00e8re visite \u00e0 Tunis du nouveau commandant de l\u2019Africom\",\"datePublished\":\"2022-10-20T06:01:30+00:00\",\"dateModified\":\"2022-10-20T06:01:32+00:00\",\"mainEntityOfPage\":{\"@id\":\"https:\/\/kapitalis.com\/tunisie\/2022\/10\/20\/tunisie-etats-unis-premiere-visite-a-tunis-du-nouveau-commandant-de-lafricom\/\"},\"wordCount\":220,\"commentCount\":0,\"publisher\":{\"@id\":\"https:\/\/kapitalis.com\/tunisie\/#organization\"},\"image\":{\"@id\":\"https:\/\/kapitalis.com\/tunisie\/2022\/10\/20\/tunisie-etats-unis-premiere-visite-a-tunis-du-nouveau-commandant-de-lafricom\/#primaryimage\"},\"thumbnailUrl\":\"https:\/\/kapitalis.com\/tunisie\/wp-content\/uploads\/2022\/10\/Tunisie-Etats-Unis-Africom.jpg\",\"keywords\":[\"Africom\",\"coop\u00e9ration militaire\",\"Etats-Unis\",\"Imed Memmich\",\"Michael E. Langley\",\"Tunisie\"],\"articleSection\":[\"POLITIQUE\",\"Tunisie\"],\"inLanguage\":\"fr-FR\",\"potentialAction\":[{\"@type\":\"CommentAction\",\"name\":\"Comment\",\"target\":[\"https:\/\/kapitalis.com\/tunisie\/2022\/10\/20\/tunisie-etats-unis-premiere-visite-a-tunis-du-nouveau-commandant-de-lafricom\/#respond\"]}]},{\"@type\":\"WebPage\",\"@id\":\"https:\/\/kapitalis.com\/tunisie\/2022\/10\/20\/tunisie-etats-unis-premiere-visite-a-tunis-du-nouveau-commandant-de-lafricom\/\",\"url\":\"https:\/\/kapitalis.com\/tunisie\/2022\/10\/20\/tunisie-etats-unis-premiere-visite-a-tunis-du-nouveau-commandant-de-lafricom\/\",\"name\":\"Tunisie \u2013 Etats-Unis\u00a0: premi\u00e8re visite \u00e0 Tunis du nouveau commandant de l\u2019Africom - Kapitalis\",\"isPartOf\":{\"@id\":\"https:\/\/kapitalis.com\/tunisie\/#website\"},\"primaryImageOfPage\":{\"@id\":\"https:\/\/kapitalis.com\/tunisie\/2022\/10\/20\/tunisie-etats-unis-premiere-visite-a-tunis-du-nouveau-commandant-de-lafricom\/#primaryimage\"},\"image\":{\"@id\":\"https:\/\/kapitalis.com\/tunisie\/2022\/10\/20\/tunisie-etats-unis-premiere-visite-a-tunis-du-nouveau-commandant-de-lafricom\/#primaryimage\"},\"thumbnailUrl\":\"https:\/\/kapitalis.com\/tunisie\/wp-content\/uploads\/2022\/10\/Tunisie-Etats-Unis-Africom.jpg\",\"datePublished\":\"2022-10-20T06:01:30+00:00\",\"dateModified\":\"2022-10-20T06:01:32+00:00\",\"breadcrumb\":{\"@id\":\"https:\/\/kapitalis.com\/tunisie\/2022\/10\/20\/tunisie-etats-unis-premiere-visite-a-tunis-du-nouveau-commandant-de-lafricom\/#breadcrumb\"},\"inLanguage\":\"fr-FR\",\"potentialAction\":[{\"@type\":\"ReadAction\",\"target\":[\"https:\/\/kapitalis.com\/tunisie\/2022\/10\/20\/tunisie-etats-unis-premiere-visite-a-tunis-du-nouveau-commandant-de-lafricom\/\"]}]},{\"@type\":\"ImageObject\",\"inLanguage\":\"fr-FR\",\"@id\":\"https:\/\/kapitalis.com\/tunisie\/2022\/10\/20\/tunisie-etats-unis-premiere-visite-a-tunis-du-nouveau-commandant-de-lafricom\/#primaryimage\",\"url\":\"https:\/\/kapitalis.com\/tunisie\/wp-content\/uploads\/2022\/10\/Tunisie-Etats-Unis-Africom.jpg\",\"contentUrl\":\"https:\/\/kapitalis.com\/tunisie\/wp-content\/uploads\/2022\/10\/Tunisie-Etats-Unis-Africom.jpg\",\"width\":1200,\"height\":630},{\"@type\":\"BreadcrumbList\",\"@id\":\"https:\/\/kapitalis.com\/tunisie\/2022\/10\/20\/tunisie-etats-unis-premiere-visite-a-tunis-du-nouveau-commandant-de-lafricom\/#breadcrumb\",\"itemListElement\":[{\"@type\":\"ListItem\",\"position\":1,\"name\":\"Accueil\",\"item\":\"https:\/\/kapitalis.com\/tunisie\/\"},{\"@type\":\"ListItem\",\"position\":2,\"name\":\"Tunisie \u2013 Etats-Unis\u00a0: premi\u00e8re visite \u00e0 Tunis du nouveau commandant de l\u2019Africom\"}]},{\"@type\":\"WebSite\",\"@id\":\"https:\/\/kapitalis.com\/tunisie\/#website\",\"url\":\"https:\/\/kapitalis.com\/tunisie\/\",\"name\":\"Kapitalis\",\"description\":\"L&#039;actualit\u00e9 en Tunisie et dans le monde\",\"publisher\":{\"@id\":\"https:\/\/kapitalis.com\/tunisie\/#organization\"},\"potentialAction\":[{\"@type\":\"SearchAction\",\"target\":{\"@type\":\"EntryPoint\",\"urlTemplate\":\"https:\/\/kapitalis.com\/tunisie\/?s={search_term_string}\"},\"query-input\":{\"@type\":\"PropertyValueSpecification\",\"valueRequired\":true,\"valueName\":\"search_term_string\"}}],\"inLanguage\":\"fr-FR\"},{\"@type\":\"Organization\",\"@id\":\"https:\/\/kapitalis.com\/tunisie\/#organization\",\"name\":\"Kapitalis\",\"url\":\"https:\/\/kapitalis.com\/tunisie\/\",\"logo\":{\"@type\":\"ImageObject\",\"inLanguage\":\"fr-FR\",\"@id\":\"https:\/\/kapitalis.com\/tunisie\/#\/schema\/logo\/image\/\",\"url\":\"https:\/\/kapitalis.com\/tunisie\/wp-content\/uploads\/2022\/05\/Kapitalis-big-size.png\",\"contentUrl\":\"https:\/\/kapitalis.com\/tunisie\/wp-content\/uploads\/2022\/05\/Kapitalis-big-size.png\",\"width\":5000,\"height\":1500,\"caption\":\"Kapitalis\"},\"image\":{\"@id\":\"https:\/\/kapitalis.com\/tunisie\/#\/schema\/logo\/image\/\"},\"sameAs\":[\"https:\/\/www.facebook.com\/KapitalisInfo\/\",\"https:\/\/x.com\/KapitalisInfo\",\"https:\/\/www.youtube.com\/channel\/UC-yDYrHyfFBWWZaOw3FPg9Q\"]},{\"@type\":\"Person\",\"@id\":\"https:\/\/kapitalis.com\/tunisie\/#\/schema\/person\/d71f33a9ca44f7bad4698210b480c8e9\",\"name\":\"webmaster kapitalis\",\"url\":\"https:\/\/kapitalis.com\/tunisie\/author\/webmaster-kapitalis\/\"}]}<\/script>\n<!-- \/ Yoast SEO plugin. -->","yoast_head_json":{"title":"Tunisie \u2013 Etats-Unis\u00a0: premi\u00e8re visite \u00e0 Tunis du nouveau commandant de l\u2019Africom - Kapitalis","robots":{"index":"index","follow":"follow","max-snippet":"max-snippet:-1","max-image-preview":"max-image-preview:large","max-video-preview":"max-video-preview:-1"},"canonical":"https:\/\/kapitalis.com\/tunisie\/2022\/10\/20\/tunisie-etats-unis-premiere-visite-a-tunis-du-nouveau-commandant-de-lafricom\/","og_locale":"fr_FR","og_type":"article","og_title":"Tunisie \u2013 Etats-Unis\u00a0: premi\u00e8re visite \u00e0 Tunis du nouveau commandant de l\u2019Africom - Kapitalis","og_description":"Commandement des \u00c9tats-Unis pour l\u2019Afrique (Africom), Michael E. Langley, effectue sa premi\u00e8re visite en Tunisie depuis son entr\u00e9e en fonction.","og_url":"https:\/\/kapitalis.com\/tunisie\/2022\/10\/20\/tunisie-etats-unis-premiere-visite-a-tunis-du-nouveau-commandant-de-lafricom\/","og_site_name":"Kapitalis","article_publisher":"https:\/\/www.facebook.com\/KapitalisInfo\/","article_published_time":"2022-10-20T06:01:30+00:00","article_modified_time":"2022-10-20T06:01:32+00:00","og_image":[{"width":1200,"height":630,"url":"https:\/\/kapitalis.com\/tunisie\/wp-content\/uploads\/2022\/10\/Tunisie-Etats-Unis-Africom.jpg","type":"image\/jpeg"}],"author":"webmaster kapitalis","twitter_card":"summary_large_image","twitter_creator":"@KapitalisInfo","twitter_site":"@KapitalisInfo","twitter_misc":{"\u00c9crit par":"webmaster kapitalis","Dur\u00e9e de lecture estim\u00e9e":"1 minute"},"schema":{"@context":"https:\/\/schema.org","@graph":[{"@type":"Article","@id":"https:\/\/kapitalis.com\/tunisie\/2022\/10\/20\/tunisie-etats-unis-premiere-visite-a-tunis-du-nouveau-commandant-de-lafricom\/#article","isPartOf":{"@id":"https:\/\/kapitalis.com\/tunisie\/2022\/10\/20\/tunisie-etats-unis-premiere-visite-a-tunis-du-nouveau-commandant-de-lafricom\/"},"author":{"name":"webmaster kapitalis","@id":"https:\/\/kapitalis.com\/tunisie\/#\/schema\/person\/d71f33a9ca44f7bad4698210b480c8e9"},"headline":"Tunisie \u2013 Etats-Unis\u00a0: premi\u00e8re visite \u00e0 Tunis du nouveau commandant de l\u2019Africom","datePublished":"2022-10-20T06:01:30+00:00","dateModified":"2022-10-20T06:01:32+00:00","mainEntityOfPage":{"@id":"https:\/\/kapitalis.com\/tunisie\/2022\/10\/20\/tunisie-etats-unis-premiere-visite-a-tunis-du-nouveau-commandant-de-lafricom\/"},"wordCount":220,"commentCount":0,"publisher":{"@id":"https:\/\/kapitalis.com\/tunisie\/#organization"},"image":{"@id":"https:\/\/kapitalis.com\/tunisie\/2022\/10\/20\/tunisie-etats-unis-premiere-visite-a-tunis-du-nouveau-commandant-de-lafricom\/#primaryimage"},"thumbnailUrl":"https:\/\/kapitalis.com\/tunisie\/wp-content\/uploads\/2022\/10\/Tunisie-Etats-Unis-Africom.jpg","keywords":["Africom","coop\u00e9ration militaire","Etats-Unis","Imed Memmich","Michael E. Langley","Tunisie"],"articleSection":["POLITIQUE","Tunisie"],"inLanguage":"fr-FR","potentialAction":[{"@type":"CommentAction","name":"Comment","target":["https:\/\/kapitalis.com\/tunisie\/2022\/10\/20\/tunisie-etats-unis-premiere-visite-a-tunis-du-nouveau-commandant-de-lafricom\/#respond"]}]},{"@type":"WebPage","@id":"https:\/\/kapitalis.com\/tunisie\/2022\/10\/20\/tunisie-etats-unis-premiere-visite-a-tunis-du-nouveau-commandant-de-lafricom\/","url":"https:\/\/kapitalis.com\/tunisie\/2022\/10\/20\/tunisie-etats-unis-premiere-visite-a-tunis-du-nouveau-commandant-de-lafricom\/","name":"Tunisie \u2013 Etats-Unis\u00a0: premi\u00e8re visite \u00e0 Tunis du nouveau commandant de l\u2019Africom - Kapitalis","isPartOf":{"@id":"https:\/\/kapitalis.com\/tunisie\/#website"},"primaryImageOfPage":{"@id":"https:\/\/kapitalis.com\/tunisie\/2022\/10\/20\/tunisie-etats-unis-premiere-visite-a-tunis-du-nouveau-commandant-de-lafricom\/#primaryimage"},"image":{"@id":"https:\/\/kapitalis.com\/tunisie\/2022\/10\/20\/tunisie-etats-unis-premiere-visite-a-tunis-du-nouveau-commandant-de-lafricom\/#primaryimage"},"thumbnailUrl":"https:\/\/kapitalis.com\/tunisie\/wp-content\/uploads\/2022\/10\/Tunisie-Etats-Unis-Africom.jpg","datePublished":"2022-10-20T06:01:30+00:00","dateModified":"2022-10-20T06:01:32+00:00","breadcrumb":{"@id":"https:\/\/kapitalis.com\/tunisie\/2022\/10\/20\/tunisie-etats-unis-premiere-visite-a-tunis-du-nouveau-commandant-de-lafricom\/#breadcrumb"},"inLanguage":"fr-FR","potentialAction":[{"@type":"ReadAction","target":["https:\/\/kapitalis.com\/tunisie\/2022\/10\/20\/tunisie-etats-unis-premiere-visite-a-tunis-du-nouveau-commandant-de-lafricom\/"]}]},{"@type":"ImageObject","inLanguage":"fr-FR","@id":"https:\/\/kapitalis.com\/tunisie\/2022\/10\/20\/tunisie-etats-unis-premiere-visite-a-tunis-du-nouveau-commandant-de-lafricom\/#primaryimage","url":"https:\/\/kapitalis.com\/tunisie\/wp-content\/uploads\/2022\/10\/Tunisie-Etats-Unis-Africom.jpg","contentUrl":"https:\/\/kapitalis.com\/tunisie\/wp-content\/uploads\/2022\/10\/Tunisie-Etats-Unis-Africom.jpg","width":1200,"height":630},{"@type":"BreadcrumbList","@id":"https:\/\/kapitalis.com\/tunisie\/2022\/10\/20\/tunisie-etats-unis-premiere-visite-a-tunis-du-nouveau-commandant-de-lafricom\/#breadcrumb","itemListElement":[{"@type":"ListItem","position":1,"name":"Accueil","item":"https:\/\/kapitalis.com\/tunisie\/"},{"@type":"ListItem","position":2,"name":"Tunisie \u2013 Etats-Unis\u00a0: premi\u00e8re visite \u00e0 Tunis du nouveau commandant de l\u2019Africom"}]},{"@type":"WebSite","@id":"https:\/\/kapitalis.com\/tunisie\/#website","url":"https:\/\/kapitalis.com\/tunisie\/","name":"Kapitalis","description":"L&#039;actualit\u00e9 en Tunisie et dans le monde","publisher":{"@id":"https:\/\/kapitalis.com\/tunisie\/#organization"},"potentialAction":[{"@type":"SearchAction","target":{"@type":"EntryPoint","urlTemplate":"https:\/\/kapitalis.com\/tunisie\/?s={search_term_string}"},"query-input":{"@type":"PropertyValueSpecification","valueRequired":true,"valueName":"search_term_string"}}],"inLanguage":"fr-FR"},{"@type":"Organization","@id":"https:\/\/kapitalis.com\/tunisie\/#organization","name":"Kapitalis","url":"https:\/\/kapitalis.com\/tunisie\/","logo":{"@type":"ImageObject","inLanguage":"fr-FR","@id":"https:\/\/kapitalis.com\/tunisie\/#\/schema\/logo\/image\/","url":"https:\/\/kapitalis.com\/tunisie\/wp-content\/uploads\/2022\/05\/Kapitalis-big-size.png","contentUrl":"https:\/\/kapitalis.com\/tunisie\/wp-content\/uploads\/2022\/05\/Kapitalis-big-size.png","width":5000,"height":1500,"caption":"Kapitalis"},"image":{"@id":"https:\/\/kapitalis.com\/tunisie\/#\/schema\/logo\/image\/"},"sameAs":["https:\/\/www.facebook.com\/KapitalisInfo\/","https:\/\/x.com\/KapitalisInfo","https:\/\/www.youtube.com\/channel\/UC-yDYrHyfFBWWZaOw3FPg9Q"]},{"@type":"Person","@id":"https:\/\/kapitalis.com\/tunisie\/#\/schema\/person\/d71f33a9ca44f7bad4698210b480c8e9","name":"webmaster kapitalis","url":"https:\/\/kapitalis.com\/tunisie\/author\/webmaster-kapitalis\/"}]}},"_links":{"self":[{"href":"https:\/\/kapitalis.com\/tunisie\/wp-json\/wp\/v2\/posts\/4572722","targetHints":{"allow":["GET"]}}],"collection":[{"href":"https:\/\/kapitalis.com\/tunisie\/wp-json\/wp\/v2\/posts"}],"about":[{"href":"https:\/\/kapitalis.com\/tunisie\/wp-json\/wp\/v2\/types\/post"}],"author":[{"embeddable":true,"href":"https:\/\/kapitalis.com\/tunisie\/wp-json\/wp\/v2\/users\/8"}],"replies":[{"embeddable":true,"href":"https:\/\/kapitalis.com\/tunisie\/wp-json\/wp\/v2\/comments?post=4572722"}],"version-history":[{"count":0,"href":"https:\/\/kapitalis.com\/tunisie\/wp-json\/wp\/v2\/posts\/4572722\/revisions"}],"wp:featuredmedia":[{"embeddable":true,"href":"https:\/\/kapitalis.com\/tunisie\/wp-json\/wp\/v2\/media\/4572780"}],"wp:attachment":[{"href":"https:\/\/kapitalis.com\/tunisie\/wp-json\/wp\/v2\/media?parent=4572722"}],"wp:term":[{"taxonomy":"category","embeddable":true,"href":"https:\/\/kapitalis.com\/tunisie\/wp-json\/wp\/v2\/categories?post=4572722"},{"taxonomy":"post_tag","embeddable":true,"href":"https:\/\/kapitalis.com\/tunisie\/wp-json\/wp\/v2\/tags?post=4572722"}],"curies":[{"name":"wp","href":"https:\/\/api.w.org\/{rel}","templated":true}]}}