{"id":4572961,"date":"2022-10-20T07:38:47","date_gmt":"2022-10-20T06:38:47","guid":{"rendered":"https:\/\/kapitalis.com\/tunisie\/?p=4572961"},"modified":"2022-10-20T09:07:33","modified_gmt":"2022-10-20T08:07:33","slug":"letrange-histoire-de-la-fillette-tunisienne-de-4-ans-debarquee-seule-en-italie","status":"publish","type":"post","link":"https:\/\/kapitalis.com\/tunisie\/2022\/10\/20\/letrange-histoire-de-la-fillette-tunisienne-de-4-ans-debarquee-seule-en-italie\/","title":{"rendered":"L\u2019\u00e9trange histoire de la fillette tunisienne de 4 ans d\u00e9barqu\u00e9e seule en Italie"},"content":{"rendered":"\n<p><strong><em>L\u2019histoire de la fillette de 4 ans arriv\u00e9e en Italie \u00e0 bord d\u2019une embarcation clandestine suscite une vive \u00e9motion dans la p\u00e9ninsule, car elle n\u2019\u00e9tait pas accompagn\u00e9e de ses parents, rest\u00e9s en Tunisie.<\/em><\/strong> <em>(Illustration : la fillette tunisienne r\u00e9cup\u00e9r\u00e9e par les autorit\u00e9s italiennes). <\/em><\/p>\n\n\n\n<!--more-->\n\n\n\n<p>L\u2019histoire est \u00e0 peine croyable. On sait que certains parents tunisiens \u00e9migrent clandestinement \u00e0 bord de barques de fortune en se faisant accompagner de leurs enfants, esp\u00e9rant ainsi se voir faciliter par les autorit\u00e9s italiennes les proc\u00e9dures pour avoir des autorisations de s\u00e9jour, mais qu\u2019une enfant en bas \u00e2ge soit ainsi confi\u00e9e par ses parents \u00e0 des passeurs dans des circonstances pour le moins \u00e9tonnantes, voil\u00e0 qui laisse sans voix.<\/p>\n\n\n\n<p>Les parents n&rsquo;ont visiblement pas pu embarquer dans la m\u00eame barque pour des raisons qui restent \u00e0 \u00e9lucider, mais on peut imaginer d&rsquo;autres sc\u00e9narios, comme celui d&rsquo;un trafic d&rsquo;enfants. <\/p>\n\n\n\n<p>Aux derni\u00e8res nouvelles, les autorit\u00e9s tunisiennes, d\u00e8s qu\u2019elles ont eu vent de l\u2019affaire, ont arr\u00eat\u00e9 les deux parents rest\u00e9s en Tunisie pour les interroger sur leurs intentions derri\u00e8re cette \u00e9trange op\u00e9ration et sur l\u2019identit\u00e9 des interm\u00e9diaires auxquels ils ont eu recours, le but \u00e9tant de remonter la fili\u00e8re. On a aussi appris que les deux pr\u00e9venus observent encore le silence et refusent de coop\u00e9rer avec la police en livrant ce qu\u2019ils savent sur l\u2019affaire.<\/p>\n\n\n\n<p>Dans le m\u00eame temps, des sources en Italie affirment que les autorit\u00e9s de ce pays voudraient retrouver les deux parents pour assurer le regroupement familial, sachant que ces derniers ont un fils de 6 ans rest\u00e9, lui, avec eux, en Tunisie.<\/p>\n\n\n\n<p>Affaire \u00e0 suivre\u2026 &nbsp;&nbsp;<\/p>\n\n\n\n<p class=\"has-text-align-right\"><strong>I. B. <\/strong><\/p>\n","protected":false},"excerpt":{"rendered":"<p>L&rsquo;\u00e9trange histoire de la fillette tunisienne de 4 ans d\u00e9barqu\u00e9e en Italie au terme d&rsquo;une travers\u00e9e clandestine.  <\/p>\n","protected":false},"author":8,"featured_media":4572985,"comment_status":"open","ping_status":"open","sticky":false,"template":"","format":"standard","meta":{"footnotes":""},"categories":[998,2433],"tags":[316,103782],"class_list":["post-4572961","post","type-post","status-publish","format-standard","has-post-thumbnail","hentry","category-societe","category-tunisie","tag-emigration-clandestine","tag-italiee"],"yoast_head":"<!-- This site is optimized with the Yoast SEO plugin v26.6 - https:\/\/yoast.com\/wordpress\/plugins\/seo\/ -->\n<title>L\u2019\u00e9trange histoire de la fillette tunisienne de 4 ans d\u00e9barqu\u00e9e seule en Italie - Kapitalis<\/title>\n<meta name=\"robots\" content=\"index, follow, max-snippet:-1, max-image-preview:large, max-video-preview:-1\" \/>\n<link rel=\"canonical\" href=\"https:\/\/kapitalis.com\/tunisie\/2022\/10\/20\/letrange-histoire-de-la-fillette-tunisienne-de-4-ans-debarquee-seule-en-italie\/\" \/>\n<meta property=\"og:locale\" content=\"fr_FR\" \/>\n<meta property=\"og:type\" content=\"article\" \/>\n<meta property=\"og:title\" content=\"L\u2019\u00e9trange histoire de la fillette tunisienne de 4 ans d\u00e9barqu\u00e9e seule en Italie - Kapitalis\" \/>\n<meta property=\"og:description\" content=\"L&#039;\u00e9trange histoire de la fillette tunisienne de 4 ans d\u00e9barqu\u00e9e en Italie au terme d&#039;une travers\u00e9e clandestine.\" \/>\n<meta property=\"og:url\" content=\"https:\/\/kapitalis.com\/tunisie\/2022\/10\/20\/letrange-histoire-de-la-fillette-tunisienne-de-4-ans-debarquee-seule-en-italie\/\" \/>\n<meta property=\"og:site_name\" content=\"Kapitalis\" \/>\n<meta property=\"article:publisher\" content=\"https:\/\/www.facebook.com\/KapitalisInfo\/\" \/>\n<meta property=\"article:published_time\" content=\"2022-10-20T06:38:47+00:00\" \/>\n<meta property=\"article:modified_time\" content=\"2022-10-20T08:07:33+00:00\" \/>\n<meta property=\"og:image\" content=\"https:\/\/kapitalis.com\/tunisie\/wp-content\/uploads\/2022\/10\/Fillette-de-4-ans-Italie.jpg\" \/>\n\t<meta property=\"og:image:width\" content=\"1200\" \/>\n\t<meta property=\"og:image:height\" content=\"630\" \/>\n\t<meta property=\"og:image:type\" content=\"image\/jpeg\" \/>\n<meta name=\"author\" content=\"webmaster kapitalis\" \/>\n<meta name=\"twitter:card\" content=\"summary_large_image\" \/>\n<meta name=\"twitter:creator\" content=\"@KapitalisInfo\" \/>\n<meta name=\"twitter:site\" content=\"@KapitalisInfo\" \/>\n<meta name=\"twitter:label1\" content=\"\u00c9crit par\" \/>\n\t<meta name=\"twitter:data1\" content=\"webmaster kapitalis\" \/>\n\t<meta name=\"twitter:label2\" content=\"Dur\u00e9e de lecture estim\u00e9e\" \/>\n\t<meta name=\"twitter:data2\" content=\"2 minutes\" \/>\n<script type=\"application\/ld+json\" class=\"yoast-schema-graph\">{\"@context\":\"https:\/\/schema.org\",\"@graph\":[{\"@type\":\"Article\",\"@id\":\"https:\/\/kapitalis.com\/tunisie\/2022\/10\/20\/letrange-histoire-de-la-fillette-tunisienne-de-4-ans-debarquee-seule-en-italie\/#article\",\"isPartOf\":{\"@id\":\"https:\/\/kapitalis.com\/tunisie\/2022\/10\/20\/letrange-histoire-de-la-fillette-tunisienne-de-4-ans-debarquee-seule-en-italie\/\"},\"author\":{\"name\":\"webmaster kapitalis\",\"@id\":\"https:\/\/kapitalis.com\/tunisie\/#\/schema\/person\/d71f33a9ca44f7bad4698210b480c8e9\"},\"headline\":\"L\u2019\u00e9trange histoire de la fillette tunisienne de 4 ans d\u00e9barqu\u00e9e seule en Italie\",\"datePublished\":\"2022-10-20T06:38:47+00:00\",\"dateModified\":\"2022-10-20T08:07:33+00:00\",\"mainEntityOfPage\":{\"@id\":\"https:\/\/kapitalis.com\/tunisie\/2022\/10\/20\/letrange-histoire-de-la-fillette-tunisienne-de-4-ans-debarquee-seule-en-italie\/\"},\"wordCount\":308,\"commentCount\":2,\"publisher\":{\"@id\":\"https:\/\/kapitalis.com\/tunisie\/#organization\"},\"image\":{\"@id\":\"https:\/\/kapitalis.com\/tunisie\/2022\/10\/20\/letrange-histoire-de-la-fillette-tunisienne-de-4-ans-debarquee-seule-en-italie\/#primaryimage\"},\"thumbnailUrl\":\"https:\/\/kapitalis.com\/tunisie\/wp-content\/uploads\/2022\/10\/Fillette-de-4-ans-Italie.jpg\",\"keywords\":[\"\u00e9migration clandestine\",\"Italiee\"],\"articleSection\":[\"SOCIETE\",\"Tunisie\"],\"inLanguage\":\"fr-FR\",\"potentialAction\":[{\"@type\":\"CommentAction\",\"name\":\"Comment\",\"target\":[\"https:\/\/kapitalis.com\/tunisie\/2022\/10\/20\/letrange-histoire-de-la-fillette-tunisienne-de-4-ans-debarquee-seule-en-italie\/#respond\"]}]},{\"@type\":\"WebPage\",\"@id\":\"https:\/\/kapitalis.com\/tunisie\/2022\/10\/20\/letrange-histoire-de-la-fillette-tunisienne-de-4-ans-debarquee-seule-en-italie\/\",\"url\":\"https:\/\/kapitalis.com\/tunisie\/2022\/10\/20\/letrange-histoire-de-la-fillette-tunisienne-de-4-ans-debarquee-seule-en-italie\/\",\"name\":\"L\u2019\u00e9trange histoire de la fillette tunisienne de 4 ans d\u00e9barqu\u00e9e seule en Italie - Kapitalis\",\"isPartOf\":{\"@id\":\"https:\/\/kapitalis.com\/tunisie\/#website\"},\"primaryImageOfPage\":{\"@id\":\"https:\/\/kapitalis.com\/tunisie\/2022\/10\/20\/letrange-histoire-de-la-fillette-tunisienne-de-4-ans-debarquee-seule-en-italie\/#primaryimage\"},\"image\":{\"@id\":\"https:\/\/kapitalis.com\/tunisie\/2022\/10\/20\/letrange-histoire-de-la-fillette-tunisienne-de-4-ans-debarquee-seule-en-italie\/#primaryimage\"},\"thumbnailUrl\":\"https:\/\/kapitalis.com\/tunisie\/wp-content\/uploads\/2022\/10\/Fillette-de-4-ans-Italie.jpg\",\"datePublished\":\"2022-10-20T06:38:47+00:00\",\"dateModified\":\"2022-10-20T08:07:33+00:00\",\"breadcrumb\":{\"@id\":\"https:\/\/kapitalis.com\/tunisie\/2022\/10\/20\/letrange-histoire-de-la-fillette-tunisienne-de-4-ans-debarquee-seule-en-italie\/#breadcrumb\"},\"inLanguage\":\"fr-FR\",\"potentialAction\":[{\"@type\":\"ReadAction\",\"target\":[\"https:\/\/kapitalis.com\/tunisie\/2022\/10\/20\/letrange-histoire-de-la-fillette-tunisienne-de-4-ans-debarquee-seule-en-italie\/\"]}]},{\"@type\":\"ImageObject\",\"inLanguage\":\"fr-FR\",\"@id\":\"https:\/\/kapitalis.com\/tunisie\/2022\/10\/20\/letrange-histoire-de-la-fillette-tunisienne-de-4-ans-debarquee-seule-en-italie\/#primaryimage\",\"url\":\"https:\/\/kapitalis.com\/tunisie\/wp-content\/uploads\/2022\/10\/Fillette-de-4-ans-Italie.jpg\",\"contentUrl\":\"https:\/\/kapitalis.com\/tunisie\/wp-content\/uploads\/2022\/10\/Fillette-de-4-ans-Italie.jpg\",\"width\":1200,\"height\":630},{\"@type\":\"BreadcrumbList\",\"@id\":\"https:\/\/kapitalis.com\/tunisie\/2022\/10\/20\/letrange-histoire-de-la-fillette-tunisienne-de-4-ans-debarquee-seule-en-italie\/#breadcrumb\",\"itemListElement\":[{\"@type\":\"ListItem\",\"position\":1,\"name\":\"Accueil\",\"item\":\"https:\/\/kapitalis.com\/tunisie\/\"},{\"@type\":\"ListItem\",\"position\":2,\"name\":\"L\u2019\u00e9trange histoire de la fillette tunisienne de 4 ans d\u00e9barqu\u00e9e seule en Italie\"}]},{\"@type\":\"WebSite\",\"@id\":\"https:\/\/kapitalis.com\/tunisie\/#website\",\"url\":\"https:\/\/kapitalis.com\/tunisie\/\",\"name\":\"Kapitalis\",\"description\":\"L&#039;actualit\u00e9 en Tunisie et dans le monde\",\"publisher\":{\"@id\":\"https:\/\/kapitalis.com\/tunisie\/#organization\"},\"potentialAction\":[{\"@type\":\"SearchAction\",\"target\":{\"@type\":\"EntryPoint\",\"urlTemplate\":\"https:\/\/kapitalis.com\/tunisie\/?s={search_term_string}\"},\"query-input\":{\"@type\":\"PropertyValueSpecification\",\"valueRequired\":true,\"valueName\":\"search_term_string\"}}],\"inLanguage\":\"fr-FR\"},{\"@type\":\"Organization\",\"@id\":\"https:\/\/kapitalis.com\/tunisie\/#organization\",\"name\":\"Kapitalis\",\"url\":\"https:\/\/kapitalis.com\/tunisie\/\",\"logo\":{\"@type\":\"ImageObject\",\"inLanguage\":\"fr-FR\",\"@id\":\"https:\/\/kapitalis.com\/tunisie\/#\/schema\/logo\/image\/\",\"url\":\"https:\/\/kapitalis.com\/tunisie\/wp-content\/uploads\/2022\/05\/Kapitalis-big-size.png\",\"contentUrl\":\"https:\/\/kapitalis.com\/tunisie\/wp-content\/uploads\/2022\/05\/Kapitalis-big-size.png\",\"width\":5000,\"height\":1500,\"caption\":\"Kapitalis\"},\"image\":{\"@id\":\"https:\/\/kapitalis.com\/tunisie\/#\/schema\/logo\/image\/\"},\"sameAs\":[\"https:\/\/www.facebook.com\/KapitalisInfo\/\",\"https:\/\/x.com\/KapitalisInfo\",\"https:\/\/www.youtube.com\/channel\/UC-yDYrHyfFBWWZaOw3FPg9Q\"]},{\"@type\":\"Person\",\"@id\":\"https:\/\/kapitalis.com\/tunisie\/#\/schema\/person\/d71f33a9ca44f7bad4698210b480c8e9\",\"name\":\"webmaster kapitalis\",\"url\":\"https:\/\/kapitalis.com\/tunisie\/author\/webmaster-kapitalis\/\"}]}<\/script>\n<!-- \/ Yoast SEO plugin. -->","yoast_head_json":{"title":"L\u2019\u00e9trange histoire de la fillette tunisienne de 4 ans d\u00e9barqu\u00e9e seule en Italie - Kapitalis","robots":{"index":"index","follow":"follow","max-snippet":"max-snippet:-1","max-image-preview":"max-image-preview:large","max-video-preview":"max-video-preview:-1"},"canonical":"https:\/\/kapitalis.com\/tunisie\/2022\/10\/20\/letrange-histoire-de-la-fillette-tunisienne-de-4-ans-debarquee-seule-en-italie\/","og_locale":"fr_FR","og_type":"article","og_title":"L\u2019\u00e9trange histoire de la fillette tunisienne de 4 ans d\u00e9barqu\u00e9e seule en Italie - Kapitalis","og_description":"L'\u00e9trange histoire de la fillette tunisienne de 4 ans d\u00e9barqu\u00e9e en Italie au terme d'une travers\u00e9e clandestine.","og_url":"https:\/\/kapitalis.com\/tunisie\/2022\/10\/20\/letrange-histoire-de-la-fillette-tunisienne-de-4-ans-debarquee-seule-en-italie\/","og_site_name":"Kapitalis","article_publisher":"https:\/\/www.facebook.com\/KapitalisInfo\/","article_published_time":"2022-10-20T06:38:47+00:00","article_modified_time":"2022-10-20T08:07:33+00:00","og_image":[{"width":1200,"height":630,"url":"https:\/\/kapitalis.com\/tunisie\/wp-content\/uploads\/2022\/10\/Fillette-de-4-ans-Italie.jpg","type":"image\/jpeg"}],"author":"webmaster kapitalis","twitter_card":"summary_large_image","twitter_creator":"@KapitalisInfo","twitter_site":"@KapitalisInfo","twitter_misc":{"\u00c9crit par":"webmaster kapitalis","Dur\u00e9e de lecture estim\u00e9e":"2 minutes"},"schema":{"@context":"https:\/\/schema.org","@graph":[{"@type":"Article","@id":"https:\/\/kapitalis.com\/tunisie\/2022\/10\/20\/letrange-histoire-de-la-fillette-tunisienne-de-4-ans-debarquee-seule-en-italie\/#article","isPartOf":{"@id":"https:\/\/kapitalis.com\/tunisie\/2022\/10\/20\/letrange-histoire-de-la-fillette-tunisienne-de-4-ans-debarquee-seule-en-italie\/"},"author":{"name":"webmaster kapitalis","@id":"https:\/\/kapitalis.com\/tunisie\/#\/schema\/person\/d71f33a9ca44f7bad4698210b480c8e9"},"headline":"L\u2019\u00e9trange histoire de la fillette tunisienne de 4 ans d\u00e9barqu\u00e9e seule en Italie","datePublished":"2022-10-20T06:38:47+00:00","dateModified":"2022-10-20T08:07:33+00:00","mainEntityOfPage":{"@id":"https:\/\/kapitalis.com\/tunisie\/2022\/10\/20\/letrange-histoire-de-la-fillette-tunisienne-de-4-ans-debarquee-seule-en-italie\/"},"wordCount":308,"commentCount":2,"publisher":{"@id":"https:\/\/kapitalis.com\/tunisie\/#organization"},"image":{"@id":"https:\/\/kapitalis.com\/tunisie\/2022\/10\/20\/letrange-histoire-de-la-fillette-tunisienne-de-4-ans-debarquee-seule-en-italie\/#primaryimage"},"thumbnailUrl":"https:\/\/kapitalis.com\/tunisie\/wp-content\/uploads\/2022\/10\/Fillette-de-4-ans-Italie.jpg","keywords":["\u00e9migration clandestine","Italiee"],"articleSection":["SOCIETE","Tunisie"],"inLanguage":"fr-FR","potentialAction":[{"@type":"CommentAction","name":"Comment","target":["https:\/\/kapitalis.com\/tunisie\/2022\/10\/20\/letrange-histoire-de-la-fillette-tunisienne-de-4-ans-debarquee-seule-en-italie\/#respond"]}]},{"@type":"WebPage","@id":"https:\/\/kapitalis.com\/tunisie\/2022\/10\/20\/letrange-histoire-de-la-fillette-tunisienne-de-4-ans-debarquee-seule-en-italie\/","url":"https:\/\/kapitalis.com\/tunisie\/2022\/10\/20\/letrange-histoire-de-la-fillette-tunisienne-de-4-ans-debarquee-seule-en-italie\/","name":"L\u2019\u00e9trange histoire de la fillette tunisienne de 4 ans d\u00e9barqu\u00e9e seule en Italie - Kapitalis","isPartOf":{"@id":"https:\/\/kapitalis.com\/tunisie\/#website"},"primaryImageOfPage":{"@id":"https:\/\/kapitalis.com\/tunisie\/2022\/10\/20\/letrange-histoire-de-la-fillette-tunisienne-de-4-ans-debarquee-seule-en-italie\/#primaryimage"},"image":{"@id":"https:\/\/kapitalis.com\/tunisie\/2022\/10\/20\/letrange-histoire-de-la-fillette-tunisienne-de-4-ans-debarquee-seule-en-italie\/#primaryimage"},"thumbnailUrl":"https:\/\/kapitalis.com\/tunisie\/wp-content\/uploads\/2022\/10\/Fillette-de-4-ans-Italie.jpg","datePublished":"2022-10-20T06:38:47+00:00","dateModified":"2022-10-20T08:07:33+00:00","breadcrumb":{"@id":"https:\/\/kapitalis.com\/tunisie\/2022\/10\/20\/letrange-histoire-de-la-fillette-tunisienne-de-4-ans-debarquee-seule-en-italie\/#breadcrumb"},"inLanguage":"fr-FR","potentialAction":[{"@type":"ReadAction","target":["https:\/\/kapitalis.com\/tunisie\/2022\/10\/20\/letrange-histoire-de-la-fillette-tunisienne-de-4-ans-debarquee-seule-en-italie\/"]}]},{"@type":"ImageObject","inLanguage":"fr-FR","@id":"https:\/\/kapitalis.com\/tunisie\/2022\/10\/20\/letrange-histoire-de-la-fillette-tunisienne-de-4-ans-debarquee-seule-en-italie\/#primaryimage","url":"https:\/\/kapitalis.com\/tunisie\/wp-content\/uploads\/2022\/10\/Fillette-de-4-ans-Italie.jpg","contentUrl":"https:\/\/kapitalis.com\/tunisie\/wp-content\/uploads\/2022\/10\/Fillette-de-4-ans-Italie.jpg","width":1200,"height":630},{"@type":"BreadcrumbList","@id":"https:\/\/kapitalis.com\/tunisie\/2022\/10\/20\/letrange-histoire-de-la-fillette-tunisienne-de-4-ans-debarquee-seule-en-italie\/#breadcrumb","itemListElement":[{"@type":"ListItem","position":1,"name":"Accueil","item":"https:\/\/kapitalis.com\/tunisie\/"},{"@type":"ListItem","position":2,"name":"L\u2019\u00e9trange histoire de la fillette tunisienne de 4 ans d\u00e9barqu\u00e9e seule en Italie"}]},{"@type":"WebSite","@id":"https:\/\/kapitalis.com\/tunisie\/#website","url":"https:\/\/kapitalis.com\/tunisie\/","name":"Kapitalis","description":"L&#039;actualit\u00e9 en Tunisie et dans le monde","publisher":{"@id":"https:\/\/kapitalis.com\/tunisie\/#organization"},"potentialAction":[{"@type":"SearchAction","target":{"@type":"EntryPoint","urlTemplate":"https:\/\/kapitalis.com\/tunisie\/?s={search_term_string}"},"query-input":{"@type":"PropertyValueSpecification","valueRequired":true,"valueName":"search_term_string"}}],"inLanguage":"fr-FR"},{"@type":"Organization","@id":"https:\/\/kapitalis.com\/tunisie\/#organization","name":"Kapitalis","url":"https:\/\/kapitalis.com\/tunisie\/","logo":{"@type":"ImageObject","inLanguage":"fr-FR","@id":"https:\/\/kapitalis.com\/tunisie\/#\/schema\/logo\/image\/","url":"https:\/\/kapitalis.com\/tunisie\/wp-content\/uploads\/2022\/05\/Kapitalis-big-size.png","contentUrl":"https:\/\/kapitalis.com\/tunisie\/wp-content\/uploads\/2022\/05\/Kapitalis-big-size.png","width":5000,"height":1500,"caption":"Kapitalis"},"image":{"@id":"https:\/\/kapitalis.com\/tunisie\/#\/schema\/logo\/image\/"},"sameAs":["https:\/\/www.facebook.com\/KapitalisInfo\/","https:\/\/x.com\/KapitalisInfo","https:\/\/www.youtube.com\/channel\/UC-yDYrHyfFBWWZaOw3FPg9Q"]},{"@type":"Person","@id":"https:\/\/kapitalis.com\/tunisie\/#\/schema\/person\/d71f33a9ca44f7bad4698210b480c8e9","name":"webmaster kapitalis","url":"https:\/\/kapitalis.com\/tunisie\/author\/webmaster-kapitalis\/"}]}},"_links":{"self":[{"href":"https:\/\/kapitalis.com\/tunisie\/wp-json\/wp\/v2\/posts\/4572961","targetHints":{"allow":["GET"]}}],"collection":[{"href":"https:\/\/kapitalis.com\/tunisie\/wp-json\/wp\/v2\/posts"}],"about":[{"href":"https:\/\/kapitalis.com\/tunisie\/wp-json\/wp\/v2\/types\/post"}],"author":[{"embeddable":true,"href":"https:\/\/kapitalis.com\/tunisie\/wp-json\/wp\/v2\/users\/8"}],"replies":[{"embeddable":true,"href":"https:\/\/kapitalis.com\/tunisie\/wp-json\/wp\/v2\/comments?post=4572961"}],"version-history":[{"count":0,"href":"https:\/\/kapitalis.com\/tunisie\/wp-json\/wp\/v2\/posts\/4572961\/revisions"}],"wp:featuredmedia":[{"embeddable":true,"href":"https:\/\/kapitalis.com\/tunisie\/wp-json\/wp\/v2\/media\/4572985"}],"wp:attachment":[{"href":"https:\/\/kapitalis.com\/tunisie\/wp-json\/wp\/v2\/media?parent=4572961"}],"wp:term":[{"taxonomy":"category","embeddable":true,"href":"https:\/\/kapitalis.com\/tunisie\/wp-json\/wp\/v2\/categories?post=4572961"},{"taxonomy":"post_tag","embeddable":true,"href":"https:\/\/kapitalis.com\/tunisie\/wp-json\/wp\/v2\/tags?post=4572961"}],"curies":[{"name":"wp","href":"https:\/\/api.w.org\/{rel}","templated":true}]}}