{"id":45848,"date":"2016-04-05T19:23:24","date_gmt":"2016-04-05T18:23:24","guid":{"rendered":"http:\/\/kapitalis.com\/tunisie\/?p=45848"},"modified":"2016-04-05T19:26:36","modified_gmt":"2016-04-05T18:26:36","slug":"il-y-a-16-ans-mourait-bourguiba-le-premier-vrai-jihadiste","status":"publish","type":"post","link":"https:\/\/kapitalis.com\/tunisie\/2016\/04\/05\/il-y-a-16-ans-mourait-bourguiba-le-premier-vrai-jihadiste\/","title":{"rendered":"Il y a 16 ans, mourait Bourguiba: Le premier vrai jihadiste!"},"content":{"rendered":"<p><img loading=\"lazy\" decoding=\"async\" class=\"alignnone size-full wp-image-44081 aligncenter\" src=\"http:\/\/kapitalis.com\/tunisie\/wp-content\/uploads\/2016\/03\/Habib-Bourguiba-Neo-Destour.jpg\" alt=\"Habib-Bourguiba-Neo-Destour\" width=\"626\" height=\"380\" \/><\/p>\n<p><em><strong>Le 6 avril 2016, seize ann\u00e9es sont pass\u00e9es depuis la mort de Habib Bourguiba, le Combattant Supr\u00eame, celui qui a beaucoup mieux servi l\u2019islam que tous les islamistes.<\/strong><\/em><\/p>\n<p>Par<strong> Farhat Othman<\/strong><\/p>\n<p><!--more--><\/p>\n<p>Il y a seize ans, le 6 avril, Bourguiba a quitt\u00e9 la vie apr\u00e8s l&rsquo;indignit\u00e9 qui lui a \u00e9t\u00e9 faite au naufrage de l&rsquo;\u00e2ge. Si ce dernier peut \u00eatre in\u00e9vitable, la condition humaine l&rsquo;imposant, l&rsquo;indignit\u00e9 qui l&rsquo;a accompagn\u00e9 n&rsquo;est toutefois pas fatale et elle doit donc moins ternir l&rsquo;image du grand disparu que ceux qui lui ont fait subir l&rsquo;innommable ainsi que leurs complices les ayant soutenus par leur silence coupable.<\/p>\n<p>Aujourd&rsquo;hui, certains parmi ceux-l\u00e0, mais aussi ses anciens d\u00e9tracteurs, chantent les louanges du Combattant Supr\u00eame, cherchant \u00e0 travestir leurs turpitudes pass\u00e9es en d\u00e9laissant le grand homme dans sa cruelle solitude ou en vilipendant son action salutaire pour la Tunisie.<\/p>\n<p>Ainsi est la politique quand elle se limite \u00e0 sa version antique, ses adeptes n&rsquo;en faisant pas une pol\u00e9thique, y introduisant l&rsquo;\u00e9thique, seule en mesure de la valoriser, lui donner ses lettres de noblesse!<\/p>\n<p>\u00c0 la veille de la c\u00e9l\u00e9bration du d\u00e9part du plus grand homme de l&rsquo;histoire qui a fait notre pays ainsi qu&rsquo;il est, avec ses lumi\u00e8res cach\u00e9es et ses ombres \u00e9videntes, osons donc en parler autrement en rappelant une part capitale de sa lumi\u00e8re.<\/p>\n<p>C&rsquo;est celle qui, justement, a contrebalanc\u00e9 sa part d&rsquo;ombre, faisant en sorte que l&rsquo;ouvre de Bourguiba soit aujourd&rsquo;hui encore plus \u00e9clatante en ce temps d&rsquo;obscurit\u00e9s et d&rsquo;obscurantisme.<\/p>\n<p><strong>Le sens v\u00e9ritable de \u00abCombattant Supr\u00eame\u00bb<\/strong><\/p>\n<p>Combattant Supr\u00eame, Bourguiba le fut assur\u00e9ment, mais non par la conception galvaud\u00e9e et fausse de militant patriote selon la vision \u00e9triqu\u00e9e h\u00e9rit\u00e9e de la guerre de lib\u00e9ration nationale.<\/p>\n<p>Combattant Supr\u00eame, Bourguiba l&rsquo;\u00e9tait du fait qu&rsquo;il a os\u00e9 dire ce qu&rsquo;\u00e9tait le vrai jihad en islam, ce \u00ab<em>jihad akbar<\/em>\u00bb, effort maximal sur soi pour s&rsquo;anoblir, s&rsquo;\u00e9lever en dignit\u00e9. C&rsquo;est ainsi qu&rsquo;a \u00e9t\u00e9 la vie de Bourguiba et son action pour lib\u00e9rer son peuple d&rsquo;une religiosit\u00e9 de charlatans voulant contr\u00f4ler la soci\u00e9t\u00e9 et \u00e9masculer ses \u00e9lans de libert\u00e9.<\/p>\n<p>Combattant Supr\u00eame, Bourguiba fut donc le premier et vrai jihadiste tunisien; celui qui a eu une saine lecture de l&rsquo;islam, osant lib\u00e9rer la femme ou d\u00e9clarer que le je\u00fbne n&rsquo;\u00e9tait nullement une obligation absolue, et surtout pas une pure ostentation ou un biais pour faillir aux devoirs patriotiques de travailler dur au service de la soci\u00e9t\u00e9 et du pays, quitte \u00e0 ne pas je\u00fbner, faire ramadan.<\/p>\n<p>Au vrai, Bourguiba eut une conception juste de l&rsquo;islam qui ne prohibe justement pas la consommation d&rsquo;alcool qui n&rsquo;y est pas interdite, l&rsquo;ivresse seule l&rsquo;\u00e9tant, particuli\u00e8rement pour faire la pri\u00e8re.<\/p>\n<p>Voil\u00e0 ce que fut la vraie signification de ce titre qu&rsquo;on lui a donn\u00e9 et qu&rsquo;il n&rsquo;a honor\u00e9 qu&rsquo;\u00e0 moiti\u00e9, h\u00e9las, faut-il le reconna\u00eetre, n&rsquo;osant pas aller jusqu&rsquo;\u00e0 r\u00e9aliser la parfaite \u00e9galit\u00e9 entre les sexes en mati\u00e8re successorale, par exemple, ou abolir des lois sc\u00e9l\u00e9rates, survivance de la morale jud\u00e9o-chr\u00e9tienne de la colonisation, telle l&rsquo;abolition de l&rsquo;homophobie nullement interdite en islam.<\/p>\n<p style=\"text-align: center;\"><img loading=\"lazy\" decoding=\"async\" class=\"alignnone size-full wp-image-4841\" src=\"http:\/\/kapitalis.com\/tunisie\/wp-content\/uploads\/2015\/06\/Bourguiba-et-les-femmes.jpg\" alt=\"Bourguiba-et-les-femmes\" width=\"500\" height=\"350\" \/><\/p>\n<p style=\"text-align: center;\"><em>Le pari moderniste et \u00e9mancipateur de Bourguiba a pay\u00e9.\u00a0<\/em><\/p>\n<p><strong>Comment honorer aujourd&rsquo;hui Bourguiba?<\/strong><\/p>\n<p>Ce fut le tort d&rsquo;un Bourguiba trop imbu de sa personne, ayant l&rsquo;\u00e9go surdimensionn\u00e9, croyant ne pas \u00eatre rattrap\u00e9 par l&rsquo;\u00e2ge et disposer de tout son temps pour finir son oeuvre grandiose. Aussi, \u00e0 son corps d\u00e9fendant, il a permis au beau fruit de la Tunisie d&rsquo;\u00eatre v\u00e9rol\u00e9. Et on en voit le r\u00e9sultat avec la terrible confusion des valeurs dont souffre le pays.<\/p>\n<p>Car elle a fini par permettre un tragique retour en arri\u00e8re manquant d&#8217;emporter l&rsquo;oeuvre bourguibienne m\u00eame ! Et c&rsquo;est elle qui est la cause dont on ne parle pas qui fait que la jeunesse tunisienne, pourtant mature du fait du pari moderniste de Bourguiba, s&rsquo;en souciant en l&rsquo;\u00e9duquant, use mal de cette maturit\u00e9 pour revendiquer le droit d&rsquo;\u00eatre trait\u00e9e en adulte, quitte \u00e0 le faire en usant des voies extr\u00e9mistes \u00e0 laquelle la contraignent les lois injustes de sa patrie.<\/p>\n<p>Aussi l&rsquo;oeuvre bourguibienne en mati\u00e8re de r\u00e9volution mentale est-elle \u00e0 reprendre au plus vite pour c\u00e9l\u00e9brer \u00e0 bon escient sa m\u00e9moire ! \u00c0 cet \u00e9gard, il est imp\u00e9ratif de rappeler qu&rsquo;il \u00e9tait moins Combattant supr\u00eame en termes de combat nationaliste, que supr\u00eame combattant au sens religieux.<\/p>\n<p>Aussi faudra-t-il d\u00e9sormais dire qu&rsquo;il a \u00e9t\u00e9 le Jihadiste Supr\u00eame, meilleur serviteur de l&rsquo;islam par une juste et saine lecture de ses pr\u00e9ceptes de tol\u00e9rance et de pais. Ce qui impose de reprendre son oeuvre de r\u00e9novation de notre lecture de l&rsquo;islam pour le pr\u00e9server de la religiosit\u00e9 galopante qui en d\u00e9figure beaut\u00e9 et universalit\u00e9.<\/p>\n<p>Pour ce faire, quel plus bel hommage rendra-t-on \u00e0 Bourguiba, Jihadiste Supr\u00eame, qu&rsquo;en osant pr\u00e9senter sans plus tarder des projets de loi dans le sens de son combat salutaire, instaurant imm\u00e9diatement l&rsquo;\u00e9galit\u00e9 successorale entre les sexes, abolissant l&rsquo;homophobie, d\u00e9p\u00e9nalisant la consommation du cannabis, autorisant la vente et le commerce d&rsquo;alcool?<\/p>\n<p>C&rsquo;est ainsi et ainsi seulement que l&rsquo;on honorera la m\u00e9moire du Jihadiste Supr\u00eame que fut Bourguiba tout en combattant le terrorisme mental des salafistes, faux musulmans, ne relevant que de la religion jud\u00e9o-chr\u00e9tienne (les fameuses \u00ab<em>Israilyet<\/em>\u00bb), et qui sont tout autant religieux que profanes.<\/p>\n","protected":false},"excerpt":{"rendered":"<p>Le 6 avril 2016, seize ann\u00e9es sont pass\u00e9es depuis la mort de Habib Bourguiba, le Combattant Supr\u00eame, celui qui a beaucoup mieux servi l\u2019islam que tous les islamistes. Par Farhat Othman<\/p>\n","protected":false},"author":8,"featured_media":0,"comment_status":"open","ping_status":"open","sticky":false,"template":"","format":"standard","meta":{"footnotes":""},"categories":[992,1000,2433],"tags":[2358,500,1753,516,761,1911],"class_list":["post-45848","post","type-post","status-publish","format-standard","hentry","category-a-la-une","category-tribune","category-tunisie","tag-habib-bourguiba","tag-islam","tag-jihad","tag-jihadiste","tag-ramadan","tag-salafistes"],"yoast_head":"<!-- This site is optimized with the Yoast SEO plugin v26.6 - https:\/\/yoast.com\/wordpress\/plugins\/seo\/ -->\n<title>Il y a 16 ans, mourait Bourguiba: Le premier vrai jihadiste! - Kapitalis<\/title>\n<meta name=\"robots\" content=\"index, follow, max-snippet:-1, max-image-preview:large, max-video-preview:-1\" \/>\n<link rel=\"canonical\" href=\"https:\/\/kapitalis.com\/tunisie\/2016\/04\/05\/il-y-a-16-ans-mourait-bourguiba-le-premier-vrai-jihadiste\/\" \/>\n<meta property=\"og:locale\" content=\"fr_FR\" \/>\n<meta property=\"og:type\" content=\"article\" \/>\n<meta property=\"og:title\" content=\"Il y a 16 ans, mourait Bourguiba: Le premier vrai jihadiste! - Kapitalis\" \/>\n<meta property=\"og:description\" content=\"Le 6 avril 2016, seize ann\u00e9es sont pass\u00e9es depuis la mort de Habib Bourguiba, le Combattant Supr\u00eame, celui qui a beaucoup mieux servi l\u2019islam que tous les islamistes. Par Farhat Othman\" \/>\n<meta property=\"og:url\" content=\"https:\/\/kapitalis.com\/tunisie\/2016\/04\/05\/il-y-a-16-ans-mourait-bourguiba-le-premier-vrai-jihadiste\/\" \/>\n<meta property=\"og:site_name\" content=\"Kapitalis\" \/>\n<meta property=\"article:publisher\" content=\"https:\/\/www.facebook.com\/KapitalisInfo\/\" \/>\n<meta property=\"article:published_time\" content=\"2016-04-05T18:23:24+00:00\" \/>\n<meta property=\"article:modified_time\" content=\"2016-04-05T18:26:36+00:00\" \/>\n<meta property=\"og:image\" content=\"http:\/\/kapitalis.com\/tunisie\/wp-content\/uploads\/2016\/03\/Habib-Bourguiba-Neo-Destour.jpg\" \/>\n<meta name=\"author\" content=\"webmaster kapitalis\" \/>\n<meta name=\"twitter:card\" content=\"summary_large_image\" \/>\n<meta name=\"twitter:creator\" content=\"@KapitalisInfo\" \/>\n<meta name=\"twitter:site\" content=\"@KapitalisInfo\" \/>\n<meta name=\"twitter:label1\" content=\"\u00c9crit par\" \/>\n\t<meta name=\"twitter:data1\" content=\"webmaster kapitalis\" \/>\n\t<meta name=\"twitter:label2\" content=\"Dur\u00e9e de lecture estim\u00e9e\" \/>\n\t<meta name=\"twitter:data2\" content=\"5 minutes\" \/>\n<script type=\"application\/ld+json\" class=\"yoast-schema-graph\">{\"@context\":\"https:\/\/schema.org\",\"@graph\":[{\"@type\":\"Article\",\"@id\":\"https:\/\/kapitalis.com\/tunisie\/2016\/04\/05\/il-y-a-16-ans-mourait-bourguiba-le-premier-vrai-jihadiste\/#article\",\"isPartOf\":{\"@id\":\"https:\/\/kapitalis.com\/tunisie\/2016\/04\/05\/il-y-a-16-ans-mourait-bourguiba-le-premier-vrai-jihadiste\/\"},\"author\":{\"name\":\"webmaster kapitalis\",\"@id\":\"https:\/\/kapitalis.com\/tunisie\/#\/schema\/person\/d71f33a9ca44f7bad4698210b480c8e9\"},\"headline\":\"Il y a 16 ans, mourait Bourguiba: Le premier vrai jihadiste!\",\"datePublished\":\"2016-04-05T18:23:24+00:00\",\"dateModified\":\"2016-04-05T18:26:36+00:00\",\"mainEntityOfPage\":{\"@id\":\"https:\/\/kapitalis.com\/tunisie\/2016\/04\/05\/il-y-a-16-ans-mourait-bourguiba-le-premier-vrai-jihadiste\/\"},\"wordCount\":931,\"commentCount\":9,\"publisher\":{\"@id\":\"https:\/\/kapitalis.com\/tunisie\/#organization\"},\"image\":{\"@id\":\"https:\/\/kapitalis.com\/tunisie\/2016\/04\/05\/il-y-a-16-ans-mourait-bourguiba-le-premier-vrai-jihadiste\/#primaryimage\"},\"thumbnailUrl\":\"http:\/\/kapitalis.com\/tunisie\/wp-content\/uploads\/2016\/03\/Habib-Bourguiba-Neo-Destour.jpg\",\"keywords\":[\"Habib Bourguiba\",\"islam\",\"jihad\",\"jihadiste\",\"Ramadan\",\"salafistes\"],\"articleSection\":[\"A LA UNE\",\"TRIBUNE\",\"Tunisie\"],\"inLanguage\":\"fr-FR\",\"potentialAction\":[{\"@type\":\"CommentAction\",\"name\":\"Comment\",\"target\":[\"https:\/\/kapitalis.com\/tunisie\/2016\/04\/05\/il-y-a-16-ans-mourait-bourguiba-le-premier-vrai-jihadiste\/#respond\"]}]},{\"@type\":\"WebPage\",\"@id\":\"https:\/\/kapitalis.com\/tunisie\/2016\/04\/05\/il-y-a-16-ans-mourait-bourguiba-le-premier-vrai-jihadiste\/\",\"url\":\"https:\/\/kapitalis.com\/tunisie\/2016\/04\/05\/il-y-a-16-ans-mourait-bourguiba-le-premier-vrai-jihadiste\/\",\"name\":\"Il y a 16 ans, mourait Bourguiba: Le premier vrai jihadiste! - Kapitalis\",\"isPartOf\":{\"@id\":\"https:\/\/kapitalis.com\/tunisie\/#website\"},\"primaryImageOfPage\":{\"@id\":\"https:\/\/kapitalis.com\/tunisie\/2016\/04\/05\/il-y-a-16-ans-mourait-bourguiba-le-premier-vrai-jihadiste\/#primaryimage\"},\"image\":{\"@id\":\"https:\/\/kapitalis.com\/tunisie\/2016\/04\/05\/il-y-a-16-ans-mourait-bourguiba-le-premier-vrai-jihadiste\/#primaryimage\"},\"thumbnailUrl\":\"http:\/\/kapitalis.com\/tunisie\/wp-content\/uploads\/2016\/03\/Habib-Bourguiba-Neo-Destour.jpg\",\"datePublished\":\"2016-04-05T18:23:24+00:00\",\"dateModified\":\"2016-04-05T18:26:36+00:00\",\"breadcrumb\":{\"@id\":\"https:\/\/kapitalis.com\/tunisie\/2016\/04\/05\/il-y-a-16-ans-mourait-bourguiba-le-premier-vrai-jihadiste\/#breadcrumb\"},\"inLanguage\":\"fr-FR\",\"potentialAction\":[{\"@type\":\"ReadAction\",\"target\":[\"https:\/\/kapitalis.com\/tunisie\/2016\/04\/05\/il-y-a-16-ans-mourait-bourguiba-le-premier-vrai-jihadiste\/\"]}]},{\"@type\":\"ImageObject\",\"inLanguage\":\"fr-FR\",\"@id\":\"https:\/\/kapitalis.com\/tunisie\/2016\/04\/05\/il-y-a-16-ans-mourait-bourguiba-le-premier-vrai-jihadiste\/#primaryimage\",\"url\":\"http:\/\/kapitalis.com\/tunisie\/wp-content\/uploads\/2016\/03\/Habib-Bourguiba-Neo-Destour.jpg\",\"contentUrl\":\"http:\/\/kapitalis.com\/tunisie\/wp-content\/uploads\/2016\/03\/Habib-Bourguiba-Neo-Destour.jpg\"},{\"@type\":\"BreadcrumbList\",\"@id\":\"https:\/\/kapitalis.com\/tunisie\/2016\/04\/05\/il-y-a-16-ans-mourait-bourguiba-le-premier-vrai-jihadiste\/#breadcrumb\",\"itemListElement\":[{\"@type\":\"ListItem\",\"position\":1,\"name\":\"Accueil\",\"item\":\"https:\/\/kapitalis.com\/tunisie\/\"},{\"@type\":\"ListItem\",\"position\":2,\"name\":\"Il y a 16 ans, mourait Bourguiba: Le premier vrai jihadiste!\"}]},{\"@type\":\"WebSite\",\"@id\":\"https:\/\/kapitalis.com\/tunisie\/#website\",\"url\":\"https:\/\/kapitalis.com\/tunisie\/\",\"name\":\"Kapitalis\",\"description\":\"L&#039;actualit\u00e9 en Tunisie et dans le monde\",\"publisher\":{\"@id\":\"https:\/\/kapitalis.com\/tunisie\/#organization\"},\"potentialAction\":[{\"@type\":\"SearchAction\",\"target\":{\"@type\":\"EntryPoint\",\"urlTemplate\":\"https:\/\/kapitalis.com\/tunisie\/?s={search_term_string}\"},\"query-input\":{\"@type\":\"PropertyValueSpecification\",\"valueRequired\":true,\"valueName\":\"search_term_string\"}}],\"inLanguage\":\"fr-FR\"},{\"@type\":\"Organization\",\"@id\":\"https:\/\/kapitalis.com\/tunisie\/#organization\",\"name\":\"Kapitalis\",\"url\":\"https:\/\/kapitalis.com\/tunisie\/\",\"logo\":{\"@type\":\"ImageObject\",\"inLanguage\":\"fr-FR\",\"@id\":\"https:\/\/kapitalis.com\/tunisie\/#\/schema\/logo\/image\/\",\"url\":\"https:\/\/kapitalis.com\/tunisie\/wp-content\/uploads\/2022\/05\/Kapitalis-big-size.png\",\"contentUrl\":\"https:\/\/kapitalis.com\/tunisie\/wp-content\/uploads\/2022\/05\/Kapitalis-big-size.png\",\"width\":5000,\"height\":1500,\"caption\":\"Kapitalis\"},\"image\":{\"@id\":\"https:\/\/kapitalis.com\/tunisie\/#\/schema\/logo\/image\/\"},\"sameAs\":[\"https:\/\/www.facebook.com\/KapitalisInfo\/\",\"https:\/\/x.com\/KapitalisInfo\",\"https:\/\/www.youtube.com\/channel\/UC-yDYrHyfFBWWZaOw3FPg9Q\"]},{\"@type\":\"Person\",\"@id\":\"https:\/\/kapitalis.com\/tunisie\/#\/schema\/person\/d71f33a9ca44f7bad4698210b480c8e9\",\"name\":\"webmaster kapitalis\",\"url\":\"https:\/\/kapitalis.com\/tunisie\/author\/webmaster-kapitalis\/\"}]}<\/script>\n<!-- \/ Yoast SEO plugin. -->","yoast_head_json":{"title":"Il y a 16 ans, mourait Bourguiba: Le premier vrai jihadiste! - Kapitalis","robots":{"index":"index","follow":"follow","max-snippet":"max-snippet:-1","max-image-preview":"max-image-preview:large","max-video-preview":"max-video-preview:-1"},"canonical":"https:\/\/kapitalis.com\/tunisie\/2016\/04\/05\/il-y-a-16-ans-mourait-bourguiba-le-premier-vrai-jihadiste\/","og_locale":"fr_FR","og_type":"article","og_title":"Il y a 16 ans, mourait Bourguiba: Le premier vrai jihadiste! - Kapitalis","og_description":"Le 6 avril 2016, seize ann\u00e9es sont pass\u00e9es depuis la mort de Habib Bourguiba, le Combattant Supr\u00eame, celui qui a beaucoup mieux servi l\u2019islam que tous les islamistes. Par Farhat Othman","og_url":"https:\/\/kapitalis.com\/tunisie\/2016\/04\/05\/il-y-a-16-ans-mourait-bourguiba-le-premier-vrai-jihadiste\/","og_site_name":"Kapitalis","article_publisher":"https:\/\/www.facebook.com\/KapitalisInfo\/","article_published_time":"2016-04-05T18:23:24+00:00","article_modified_time":"2016-04-05T18:26:36+00:00","og_image":[{"url":"http:\/\/kapitalis.com\/tunisie\/wp-content\/uploads\/2016\/03\/Habib-Bourguiba-Neo-Destour.jpg","type":"","width":"","height":""}],"author":"webmaster kapitalis","twitter_card":"summary_large_image","twitter_creator":"@KapitalisInfo","twitter_site":"@KapitalisInfo","twitter_misc":{"\u00c9crit par":"webmaster kapitalis","Dur\u00e9e de lecture estim\u00e9e":"5 minutes"},"schema":{"@context":"https:\/\/schema.org","@graph":[{"@type":"Article","@id":"https:\/\/kapitalis.com\/tunisie\/2016\/04\/05\/il-y-a-16-ans-mourait-bourguiba-le-premier-vrai-jihadiste\/#article","isPartOf":{"@id":"https:\/\/kapitalis.com\/tunisie\/2016\/04\/05\/il-y-a-16-ans-mourait-bourguiba-le-premier-vrai-jihadiste\/"},"author":{"name":"webmaster kapitalis","@id":"https:\/\/kapitalis.com\/tunisie\/#\/schema\/person\/d71f33a9ca44f7bad4698210b480c8e9"},"headline":"Il y a 16 ans, mourait Bourguiba: Le premier vrai jihadiste!","datePublished":"2016-04-05T18:23:24+00:00","dateModified":"2016-04-05T18:26:36+00:00","mainEntityOfPage":{"@id":"https:\/\/kapitalis.com\/tunisie\/2016\/04\/05\/il-y-a-16-ans-mourait-bourguiba-le-premier-vrai-jihadiste\/"},"wordCount":931,"commentCount":9,"publisher":{"@id":"https:\/\/kapitalis.com\/tunisie\/#organization"},"image":{"@id":"https:\/\/kapitalis.com\/tunisie\/2016\/04\/05\/il-y-a-16-ans-mourait-bourguiba-le-premier-vrai-jihadiste\/#primaryimage"},"thumbnailUrl":"http:\/\/kapitalis.com\/tunisie\/wp-content\/uploads\/2016\/03\/Habib-Bourguiba-Neo-Destour.jpg","keywords":["Habib Bourguiba","islam","jihad","jihadiste","Ramadan","salafistes"],"articleSection":["A LA UNE","TRIBUNE","Tunisie"],"inLanguage":"fr-FR","potentialAction":[{"@type":"CommentAction","name":"Comment","target":["https:\/\/kapitalis.com\/tunisie\/2016\/04\/05\/il-y-a-16-ans-mourait-bourguiba-le-premier-vrai-jihadiste\/#respond"]}]},{"@type":"WebPage","@id":"https:\/\/kapitalis.com\/tunisie\/2016\/04\/05\/il-y-a-16-ans-mourait-bourguiba-le-premier-vrai-jihadiste\/","url":"https:\/\/kapitalis.com\/tunisie\/2016\/04\/05\/il-y-a-16-ans-mourait-bourguiba-le-premier-vrai-jihadiste\/","name":"Il y a 16 ans, mourait Bourguiba: Le premier vrai jihadiste! - Kapitalis","isPartOf":{"@id":"https:\/\/kapitalis.com\/tunisie\/#website"},"primaryImageOfPage":{"@id":"https:\/\/kapitalis.com\/tunisie\/2016\/04\/05\/il-y-a-16-ans-mourait-bourguiba-le-premier-vrai-jihadiste\/#primaryimage"},"image":{"@id":"https:\/\/kapitalis.com\/tunisie\/2016\/04\/05\/il-y-a-16-ans-mourait-bourguiba-le-premier-vrai-jihadiste\/#primaryimage"},"thumbnailUrl":"http:\/\/kapitalis.com\/tunisie\/wp-content\/uploads\/2016\/03\/Habib-Bourguiba-Neo-Destour.jpg","datePublished":"2016-04-05T18:23:24+00:00","dateModified":"2016-04-05T18:26:36+00:00","breadcrumb":{"@id":"https:\/\/kapitalis.com\/tunisie\/2016\/04\/05\/il-y-a-16-ans-mourait-bourguiba-le-premier-vrai-jihadiste\/#breadcrumb"},"inLanguage":"fr-FR","potentialAction":[{"@type":"ReadAction","target":["https:\/\/kapitalis.com\/tunisie\/2016\/04\/05\/il-y-a-16-ans-mourait-bourguiba-le-premier-vrai-jihadiste\/"]}]},{"@type":"ImageObject","inLanguage":"fr-FR","@id":"https:\/\/kapitalis.com\/tunisie\/2016\/04\/05\/il-y-a-16-ans-mourait-bourguiba-le-premier-vrai-jihadiste\/#primaryimage","url":"http:\/\/kapitalis.com\/tunisie\/wp-content\/uploads\/2016\/03\/Habib-Bourguiba-Neo-Destour.jpg","contentUrl":"http:\/\/kapitalis.com\/tunisie\/wp-content\/uploads\/2016\/03\/Habib-Bourguiba-Neo-Destour.jpg"},{"@type":"BreadcrumbList","@id":"https:\/\/kapitalis.com\/tunisie\/2016\/04\/05\/il-y-a-16-ans-mourait-bourguiba-le-premier-vrai-jihadiste\/#breadcrumb","itemListElement":[{"@type":"ListItem","position":1,"name":"Accueil","item":"https:\/\/kapitalis.com\/tunisie\/"},{"@type":"ListItem","position":2,"name":"Il y a 16 ans, mourait Bourguiba: Le premier vrai jihadiste!"}]},{"@type":"WebSite","@id":"https:\/\/kapitalis.com\/tunisie\/#website","url":"https:\/\/kapitalis.com\/tunisie\/","name":"Kapitalis","description":"L&#039;actualit\u00e9 en Tunisie et dans le monde","publisher":{"@id":"https:\/\/kapitalis.com\/tunisie\/#organization"},"potentialAction":[{"@type":"SearchAction","target":{"@type":"EntryPoint","urlTemplate":"https:\/\/kapitalis.com\/tunisie\/?s={search_term_string}"},"query-input":{"@type":"PropertyValueSpecification","valueRequired":true,"valueName":"search_term_string"}}],"inLanguage":"fr-FR"},{"@type":"Organization","@id":"https:\/\/kapitalis.com\/tunisie\/#organization","name":"Kapitalis","url":"https:\/\/kapitalis.com\/tunisie\/","logo":{"@type":"ImageObject","inLanguage":"fr-FR","@id":"https:\/\/kapitalis.com\/tunisie\/#\/schema\/logo\/image\/","url":"https:\/\/kapitalis.com\/tunisie\/wp-content\/uploads\/2022\/05\/Kapitalis-big-size.png","contentUrl":"https:\/\/kapitalis.com\/tunisie\/wp-content\/uploads\/2022\/05\/Kapitalis-big-size.png","width":5000,"height":1500,"caption":"Kapitalis"},"image":{"@id":"https:\/\/kapitalis.com\/tunisie\/#\/schema\/logo\/image\/"},"sameAs":["https:\/\/www.facebook.com\/KapitalisInfo\/","https:\/\/x.com\/KapitalisInfo","https:\/\/www.youtube.com\/channel\/UC-yDYrHyfFBWWZaOw3FPg9Q"]},{"@type":"Person","@id":"https:\/\/kapitalis.com\/tunisie\/#\/schema\/person\/d71f33a9ca44f7bad4698210b480c8e9","name":"webmaster kapitalis","url":"https:\/\/kapitalis.com\/tunisie\/author\/webmaster-kapitalis\/"}]}},"_links":{"self":[{"href":"https:\/\/kapitalis.com\/tunisie\/wp-json\/wp\/v2\/posts\/45848","targetHints":{"allow":["GET"]}}],"collection":[{"href":"https:\/\/kapitalis.com\/tunisie\/wp-json\/wp\/v2\/posts"}],"about":[{"href":"https:\/\/kapitalis.com\/tunisie\/wp-json\/wp\/v2\/types\/post"}],"author":[{"embeddable":true,"href":"https:\/\/kapitalis.com\/tunisie\/wp-json\/wp\/v2\/users\/8"}],"replies":[{"embeddable":true,"href":"https:\/\/kapitalis.com\/tunisie\/wp-json\/wp\/v2\/comments?post=45848"}],"version-history":[{"count":0,"href":"https:\/\/kapitalis.com\/tunisie\/wp-json\/wp\/v2\/posts\/45848\/revisions"}],"wp:attachment":[{"href":"https:\/\/kapitalis.com\/tunisie\/wp-json\/wp\/v2\/media?parent=45848"}],"wp:term":[{"taxonomy":"category","embeddable":true,"href":"https:\/\/kapitalis.com\/tunisie\/wp-json\/wp\/v2\/categories?post=45848"},{"taxonomy":"post_tag","embeddable":true,"href":"https:\/\/kapitalis.com\/tunisie\/wp-json\/wp\/v2\/tags?post=45848"}],"curies":[{"name":"wp","href":"https:\/\/api.w.org\/{rel}","templated":true}]}}