{"id":4585766,"date":"2022-10-21T10:57:44","date_gmt":"2022-10-21T09:57:44","guid":{"rendered":"https:\/\/kapitalis.com\/tunisie\/?p=4585766"},"modified":"2022-10-21T10:57:45","modified_gmt":"2022-10-21T09:57:45","slug":"la-tunisie-sadresse-au-gcf-pour-financer-ses-projets-denergies-renouvelables","status":"publish","type":"post","link":"https:\/\/kapitalis.com\/tunisie\/2022\/10\/21\/la-tunisie-sadresse-au-gcf-pour-financer-ses-projets-denergies-renouvelables\/","title":{"rendered":"La Tunisie s\u2019adresse au GCF pour financer ses projets d\u2019\u00e9nergies renouvelables"},"content":{"rendered":"\n<p><strong><em>La Banque centrale de Tunisie (BCT) d\u00e9veloppe un cadre institutionnel pour faciliter l\u2019acc\u00e8s au financement du Green Climat Fund (GCF), ou Fonds vert pour le climat, un m\u00e9canisme financier de la Convention-cadre des Nations Unies sur les changements climatiques.<\/em><\/strong> <em>(Illustration: Abdelkrim Lassoued).<\/em><\/p>\n\n\n\n<!--more-->\n\n\n\n<p>C\u2019est ce qu\u2019a d\u00e9clar\u00e9 jeudi 20 octobre 2022 le directeur g\u00e9n\u00e9ral des financements ext\u00e9rieurs et des paiements \u00e0 la BCT, Abdelkrim Lassoued, ajoutant que <em>\u00abd\u2019ici la fin de l&rsquo;ann\u00e9e, la BCT annoncera un accord de financement avec le Fonds vert pour le climat\u00bb<\/em>.<\/p>\n\n\n\n<p>Ces pr\u00e9paratifs, qui ont atteint un stade avanc\u00e9, font suite \u00e0 une correspondance envoy\u00e9e par la BCT au Green Climat Fund (GCF), qui avait manifest\u00e9 son int\u00e9r\u00eat pour le financement d\u2019investissements en Tunisie \u00e0 condition qu\u2019un cadre institutionnel soit mis en place.<\/p>\n\n\n\n<p>Ce cadre institutionnel, qui pourrait prendre la forme d\u2019une charte, d\u2019une directive ou d\u2019une circulaire, sera finalis\u00e9 d\u2019ici la fin de l\u2019ann\u00e9e, a ajout\u00e9 M. Lassoued, qui assistait \u00e0 une table-ronde sur le financement du programme des \u00e9nergies renouvelables organis\u00e9e en marge de la Foire internationale de la transition \u00e9nerg\u00e9tique (19-21 octobre).<\/p>\n\n\n\n<p>Ce financement est d\u2019une importance cruciale car il peut toucher plusieurs aspects de l\u2019investissement : assistance technique, don, accompagnement, investissement direct dans des projets d\u2019\u00e9nergies renouvelables et d\u2019efficacit\u00e9 \u00e9nerg\u00e9tique.<\/p>\n\n\n\n<p>La BCT ne m\u00e9nagera aucun effort pour mobiliser les investissements \u00e9trangers et les fonds destin\u00e9s aux \u00e9nergies renouvelables afin de cr\u00e9er de la richesse et de l\u2019emploi et de r\u00e9duire la pression sur la politique mon\u00e9taire.<\/p>\n\n\n\n<p>La Banque centrale a engag\u00e9 des discussions avec des pr\u00eateurs (Banque mondiale, Agence fran\u00e7aise de d\u00e9veloppement, Banque europ\u00e9enne d\u2019investissement) pour obtenir un pr\u00eat de pr\u00e8s de 300 millions d\u2019euros (environ 975 millions de dinars), qui sera consacr\u00e9 au financement des petites et moyennes entreprises tunisiennes avec l\u2019exigence qu\u2019une part soit canalis\u00e9e vers le financement de projets d\u2019\u00e9conomie verte.<\/p>\n\n\n\n<p>Fatma Ben Abda, charg\u00e9e principale de l\u2019\u00e9nergie \u00e0 la Banque africaine de d\u00e9veloppement (BAD), a mis en lumi\u00e8re les obstacles \u00e0 l\u2019acc\u00e9l\u00e9ration de la transition \u00e9nerg\u00e9tique en Tunisie, d\u2019autant plus que le pays est confront\u00e9 \u00e0 plusieurs d\u00e9fis pour financer sa transition \u00e9nerg\u00e9tique (cadre r\u00e9glementaire insuffisant et financements locaux limit\u00e9s).<\/p>\n\n\n\n<p>Mme Ben Abda a rappel\u00e9 que la Tunisie s\u2019est fix\u00e9 un objectif de 35% d\u2019\u00e9nergies renouvelables dans le mix de production \u00e9lectrique d\u2019ici 2030, alors qu\u2019elle n\u2019a atteint que 4% en 2022, soit 1\/7 de ses objectifs \u00e0 mi-parcours du Plan solaire tunisien. Elle a appel\u00e9, \u00e0 cet \u00e9gard, \u00e0 la mise en place de mesures susceptibles de favoriser l\u2019implication des banques locales dans le financement des projets d\u2019\u00e9nergies renouvelables.<\/p>\n\n\n\n<p><strong><em>D&rsquo;apr\u00e8s Tap.<\/em><\/strong><\/p>\n","protected":false},"excerpt":{"rendered":"<p>D\u2019ici la fin de l&rsquo;ann\u00e9e 2022, la Banque centrale de Tunisie annoncera un accord de financement avec le Fonds vert pour le climat.<\/p>\n","protected":false},"author":8,"featured_media":4585959,"comment_status":"open","ping_status":"open","sticky":false,"template":"","format":"standard","meta":{"footnotes":""},"categories":[995,2433],"tags":[87788,8938,2129,5640,103811,103810,103809,100069],"class_list":["post-4585766","post","type-post","status-publish","format-standard","has-post-thumbnail","hentry","category-economie","category-tunisie","tag-abdelkrim-lassoued","tag-banque-centrale-de-tunisie","tag-efficacite-energetique","tag-energies-renouvelables","tag-fatma-ben-abda","tag-fonds-vert-pour-le-climat","tag-green-climat-fund","tag-plan-solaire-tunisien"],"yoast_head":"<!-- This site is optimized with the Yoast SEO plugin v26.6 - https:\/\/yoast.com\/wordpress\/plugins\/seo\/ -->\n<title>La Tunisie s\u2019adresse au GCF pour financer ses projets d\u2019\u00e9nergies renouvelables - Kapitalis<\/title>\n<meta name=\"robots\" content=\"index, follow, max-snippet:-1, max-image-preview:large, max-video-preview:-1\" \/>\n<link rel=\"canonical\" href=\"https:\/\/kapitalis.com\/tunisie\/2022\/10\/21\/la-tunisie-sadresse-au-gcf-pour-financer-ses-projets-denergies-renouvelables\/\" \/>\n<meta property=\"og:locale\" content=\"fr_FR\" \/>\n<meta property=\"og:type\" content=\"article\" \/>\n<meta property=\"og:title\" content=\"La Tunisie s\u2019adresse au GCF pour financer ses projets d\u2019\u00e9nergies renouvelables - Kapitalis\" \/>\n<meta property=\"og:description\" content=\"D\u2019ici la fin de l&#039;ann\u00e9e 2022, la Banque centrale de Tunisie annoncera un accord de financement avec le Fonds vert pour le climat.\" \/>\n<meta property=\"og:url\" content=\"https:\/\/kapitalis.com\/tunisie\/2022\/10\/21\/la-tunisie-sadresse-au-gcf-pour-financer-ses-projets-denergies-renouvelables\/\" \/>\n<meta property=\"og:site_name\" content=\"Kapitalis\" \/>\n<meta property=\"article:publisher\" content=\"https:\/\/www.facebook.com\/KapitalisInfo\/\" \/>\n<meta property=\"article:published_time\" content=\"2022-10-21T09:57:44+00:00\" \/>\n<meta property=\"article:modified_time\" content=\"2022-10-21T09:57:45+00:00\" \/>\n<meta property=\"og:image\" content=\"https:\/\/kapitalis.com\/tunisie\/wp-content\/uploads\/2022\/10\/Abdelkrim-Lassoued-GCF.jpg\" \/>\n\t<meta property=\"og:image:width\" content=\"1200\" \/>\n\t<meta property=\"og:image:height\" content=\"630\" \/>\n\t<meta property=\"og:image:type\" content=\"image\/jpeg\" \/>\n<meta name=\"author\" content=\"webmaster kapitalis\" \/>\n<meta name=\"twitter:card\" content=\"summary_large_image\" \/>\n<meta name=\"twitter:creator\" content=\"@KapitalisInfo\" \/>\n<meta name=\"twitter:site\" content=\"@KapitalisInfo\" \/>\n<meta name=\"twitter:label1\" content=\"\u00c9crit par\" \/>\n\t<meta name=\"twitter:data1\" content=\"webmaster kapitalis\" \/>\n\t<meta name=\"twitter:label2\" content=\"Dur\u00e9e de lecture estim\u00e9e\" \/>\n\t<meta name=\"twitter:data2\" content=\"3 minutes\" \/>\n<script type=\"application\/ld+json\" class=\"yoast-schema-graph\">{\"@context\":\"https:\/\/schema.org\",\"@graph\":[{\"@type\":\"Article\",\"@id\":\"https:\/\/kapitalis.com\/tunisie\/2022\/10\/21\/la-tunisie-sadresse-au-gcf-pour-financer-ses-projets-denergies-renouvelables\/#article\",\"isPartOf\":{\"@id\":\"https:\/\/kapitalis.com\/tunisie\/2022\/10\/21\/la-tunisie-sadresse-au-gcf-pour-financer-ses-projets-denergies-renouvelables\/\"},\"author\":{\"name\":\"webmaster kapitalis\",\"@id\":\"https:\/\/kapitalis.com\/tunisie\/#\/schema\/person\/d71f33a9ca44f7bad4698210b480c8e9\"},\"headline\":\"La Tunisie s\u2019adresse au GCF pour financer ses projets d\u2019\u00e9nergies renouvelables\",\"datePublished\":\"2022-10-21T09:57:44+00:00\",\"dateModified\":\"2022-10-21T09:57:45+00:00\",\"mainEntityOfPage\":{\"@id\":\"https:\/\/kapitalis.com\/tunisie\/2022\/10\/21\/la-tunisie-sadresse-au-gcf-pour-financer-ses-projets-denergies-renouvelables\/\"},\"wordCount\":487,\"commentCount\":0,\"publisher\":{\"@id\":\"https:\/\/kapitalis.com\/tunisie\/#organization\"},\"image\":{\"@id\":\"https:\/\/kapitalis.com\/tunisie\/2022\/10\/21\/la-tunisie-sadresse-au-gcf-pour-financer-ses-projets-denergies-renouvelables\/#primaryimage\"},\"thumbnailUrl\":\"https:\/\/kapitalis.com\/tunisie\/wp-content\/uploads\/2022\/10\/Abdelkrim-Lassoued-GCF.jpg\",\"keywords\":[\"Abdelkrim Lassoued\",\"Banque centrale de Tunisie\",\"efficacit\u00e9 \u00e9nerg\u00e9tique\",\"\u00e9nergies renouvelables\",\"Fatma Ben Abda\",\"Fonds vert pour le climat\",\"Green Climat Fund\",\"Plan solaire tunisien\"],\"articleSection\":[\"ECONOMIE\",\"Tunisie\"],\"inLanguage\":\"fr-FR\",\"potentialAction\":[{\"@type\":\"CommentAction\",\"name\":\"Comment\",\"target\":[\"https:\/\/kapitalis.com\/tunisie\/2022\/10\/21\/la-tunisie-sadresse-au-gcf-pour-financer-ses-projets-denergies-renouvelables\/#respond\"]}]},{\"@type\":\"WebPage\",\"@id\":\"https:\/\/kapitalis.com\/tunisie\/2022\/10\/21\/la-tunisie-sadresse-au-gcf-pour-financer-ses-projets-denergies-renouvelables\/\",\"url\":\"https:\/\/kapitalis.com\/tunisie\/2022\/10\/21\/la-tunisie-sadresse-au-gcf-pour-financer-ses-projets-denergies-renouvelables\/\",\"name\":\"La Tunisie s\u2019adresse au GCF pour financer ses projets d\u2019\u00e9nergies renouvelables - Kapitalis\",\"isPartOf\":{\"@id\":\"https:\/\/kapitalis.com\/tunisie\/#website\"},\"primaryImageOfPage\":{\"@id\":\"https:\/\/kapitalis.com\/tunisie\/2022\/10\/21\/la-tunisie-sadresse-au-gcf-pour-financer-ses-projets-denergies-renouvelables\/#primaryimage\"},\"image\":{\"@id\":\"https:\/\/kapitalis.com\/tunisie\/2022\/10\/21\/la-tunisie-sadresse-au-gcf-pour-financer-ses-projets-denergies-renouvelables\/#primaryimage\"},\"thumbnailUrl\":\"https:\/\/kapitalis.com\/tunisie\/wp-content\/uploads\/2022\/10\/Abdelkrim-Lassoued-GCF.jpg\",\"datePublished\":\"2022-10-21T09:57:44+00:00\",\"dateModified\":\"2022-10-21T09:57:45+00:00\",\"breadcrumb\":{\"@id\":\"https:\/\/kapitalis.com\/tunisie\/2022\/10\/21\/la-tunisie-sadresse-au-gcf-pour-financer-ses-projets-denergies-renouvelables\/#breadcrumb\"},\"inLanguage\":\"fr-FR\",\"potentialAction\":[{\"@type\":\"ReadAction\",\"target\":[\"https:\/\/kapitalis.com\/tunisie\/2022\/10\/21\/la-tunisie-sadresse-au-gcf-pour-financer-ses-projets-denergies-renouvelables\/\"]}]},{\"@type\":\"ImageObject\",\"inLanguage\":\"fr-FR\",\"@id\":\"https:\/\/kapitalis.com\/tunisie\/2022\/10\/21\/la-tunisie-sadresse-au-gcf-pour-financer-ses-projets-denergies-renouvelables\/#primaryimage\",\"url\":\"https:\/\/kapitalis.com\/tunisie\/wp-content\/uploads\/2022\/10\/Abdelkrim-Lassoued-GCF.jpg\",\"contentUrl\":\"https:\/\/kapitalis.com\/tunisie\/wp-content\/uploads\/2022\/10\/Abdelkrim-Lassoued-GCF.jpg\",\"width\":1200,\"height\":630},{\"@type\":\"BreadcrumbList\",\"@id\":\"https:\/\/kapitalis.com\/tunisie\/2022\/10\/21\/la-tunisie-sadresse-au-gcf-pour-financer-ses-projets-denergies-renouvelables\/#breadcrumb\",\"itemListElement\":[{\"@type\":\"ListItem\",\"position\":1,\"name\":\"Accueil\",\"item\":\"https:\/\/kapitalis.com\/tunisie\/\"},{\"@type\":\"ListItem\",\"position\":2,\"name\":\"La Tunisie s\u2019adresse au GCF pour financer ses projets d\u2019\u00e9nergies renouvelables\"}]},{\"@type\":\"WebSite\",\"@id\":\"https:\/\/kapitalis.com\/tunisie\/#website\",\"url\":\"https:\/\/kapitalis.com\/tunisie\/\",\"name\":\"Kapitalis\",\"description\":\"L&#039;actualit\u00e9 en Tunisie et dans le monde\",\"publisher\":{\"@id\":\"https:\/\/kapitalis.com\/tunisie\/#organization\"},\"potentialAction\":[{\"@type\":\"SearchAction\",\"target\":{\"@type\":\"EntryPoint\",\"urlTemplate\":\"https:\/\/kapitalis.com\/tunisie\/?s={search_term_string}\"},\"query-input\":{\"@type\":\"PropertyValueSpecification\",\"valueRequired\":true,\"valueName\":\"search_term_string\"}}],\"inLanguage\":\"fr-FR\"},{\"@type\":\"Organization\",\"@id\":\"https:\/\/kapitalis.com\/tunisie\/#organization\",\"name\":\"Kapitalis\",\"url\":\"https:\/\/kapitalis.com\/tunisie\/\",\"logo\":{\"@type\":\"ImageObject\",\"inLanguage\":\"fr-FR\",\"@id\":\"https:\/\/kapitalis.com\/tunisie\/#\/schema\/logo\/image\/\",\"url\":\"https:\/\/kapitalis.com\/tunisie\/wp-content\/uploads\/2022\/05\/Kapitalis-big-size.png\",\"contentUrl\":\"https:\/\/kapitalis.com\/tunisie\/wp-content\/uploads\/2022\/05\/Kapitalis-big-size.png\",\"width\":5000,\"height\":1500,\"caption\":\"Kapitalis\"},\"image\":{\"@id\":\"https:\/\/kapitalis.com\/tunisie\/#\/schema\/logo\/image\/\"},\"sameAs\":[\"https:\/\/www.facebook.com\/KapitalisInfo\/\",\"https:\/\/x.com\/KapitalisInfo\",\"https:\/\/www.youtube.com\/channel\/UC-yDYrHyfFBWWZaOw3FPg9Q\"]},{\"@type\":\"Person\",\"@id\":\"https:\/\/kapitalis.com\/tunisie\/#\/schema\/person\/d71f33a9ca44f7bad4698210b480c8e9\",\"name\":\"webmaster kapitalis\",\"url\":\"https:\/\/kapitalis.com\/tunisie\/author\/webmaster-kapitalis\/\"}]}<\/script>\n<!-- \/ Yoast SEO plugin. -->","yoast_head_json":{"title":"La Tunisie s\u2019adresse au GCF pour financer ses projets d\u2019\u00e9nergies renouvelables - Kapitalis","robots":{"index":"index","follow":"follow","max-snippet":"max-snippet:-1","max-image-preview":"max-image-preview:large","max-video-preview":"max-video-preview:-1"},"canonical":"https:\/\/kapitalis.com\/tunisie\/2022\/10\/21\/la-tunisie-sadresse-au-gcf-pour-financer-ses-projets-denergies-renouvelables\/","og_locale":"fr_FR","og_type":"article","og_title":"La Tunisie s\u2019adresse au GCF pour financer ses projets d\u2019\u00e9nergies renouvelables - Kapitalis","og_description":"D\u2019ici la fin de l'ann\u00e9e 2022, la Banque centrale de Tunisie annoncera un accord de financement avec le Fonds vert pour le climat.","og_url":"https:\/\/kapitalis.com\/tunisie\/2022\/10\/21\/la-tunisie-sadresse-au-gcf-pour-financer-ses-projets-denergies-renouvelables\/","og_site_name":"Kapitalis","article_publisher":"https:\/\/www.facebook.com\/KapitalisInfo\/","article_published_time":"2022-10-21T09:57:44+00:00","article_modified_time":"2022-10-21T09:57:45+00:00","og_image":[{"width":1200,"height":630,"url":"https:\/\/kapitalis.com\/tunisie\/wp-content\/uploads\/2022\/10\/Abdelkrim-Lassoued-GCF.jpg","type":"image\/jpeg"}],"author":"webmaster kapitalis","twitter_card":"summary_large_image","twitter_creator":"@KapitalisInfo","twitter_site":"@KapitalisInfo","twitter_misc":{"\u00c9crit par":"webmaster kapitalis","Dur\u00e9e de lecture estim\u00e9e":"3 minutes"},"schema":{"@context":"https:\/\/schema.org","@graph":[{"@type":"Article","@id":"https:\/\/kapitalis.com\/tunisie\/2022\/10\/21\/la-tunisie-sadresse-au-gcf-pour-financer-ses-projets-denergies-renouvelables\/#article","isPartOf":{"@id":"https:\/\/kapitalis.com\/tunisie\/2022\/10\/21\/la-tunisie-sadresse-au-gcf-pour-financer-ses-projets-denergies-renouvelables\/"},"author":{"name":"webmaster kapitalis","@id":"https:\/\/kapitalis.com\/tunisie\/#\/schema\/person\/d71f33a9ca44f7bad4698210b480c8e9"},"headline":"La Tunisie s\u2019adresse au GCF pour financer ses projets d\u2019\u00e9nergies renouvelables","datePublished":"2022-10-21T09:57:44+00:00","dateModified":"2022-10-21T09:57:45+00:00","mainEntityOfPage":{"@id":"https:\/\/kapitalis.com\/tunisie\/2022\/10\/21\/la-tunisie-sadresse-au-gcf-pour-financer-ses-projets-denergies-renouvelables\/"},"wordCount":487,"commentCount":0,"publisher":{"@id":"https:\/\/kapitalis.com\/tunisie\/#organization"},"image":{"@id":"https:\/\/kapitalis.com\/tunisie\/2022\/10\/21\/la-tunisie-sadresse-au-gcf-pour-financer-ses-projets-denergies-renouvelables\/#primaryimage"},"thumbnailUrl":"https:\/\/kapitalis.com\/tunisie\/wp-content\/uploads\/2022\/10\/Abdelkrim-Lassoued-GCF.jpg","keywords":["Abdelkrim Lassoued","Banque centrale de Tunisie","efficacit\u00e9 \u00e9nerg\u00e9tique","\u00e9nergies renouvelables","Fatma Ben Abda","Fonds vert pour le climat","Green Climat Fund","Plan solaire tunisien"],"articleSection":["ECONOMIE","Tunisie"],"inLanguage":"fr-FR","potentialAction":[{"@type":"CommentAction","name":"Comment","target":["https:\/\/kapitalis.com\/tunisie\/2022\/10\/21\/la-tunisie-sadresse-au-gcf-pour-financer-ses-projets-denergies-renouvelables\/#respond"]}]},{"@type":"WebPage","@id":"https:\/\/kapitalis.com\/tunisie\/2022\/10\/21\/la-tunisie-sadresse-au-gcf-pour-financer-ses-projets-denergies-renouvelables\/","url":"https:\/\/kapitalis.com\/tunisie\/2022\/10\/21\/la-tunisie-sadresse-au-gcf-pour-financer-ses-projets-denergies-renouvelables\/","name":"La Tunisie s\u2019adresse au GCF pour financer ses projets d\u2019\u00e9nergies renouvelables - Kapitalis","isPartOf":{"@id":"https:\/\/kapitalis.com\/tunisie\/#website"},"primaryImageOfPage":{"@id":"https:\/\/kapitalis.com\/tunisie\/2022\/10\/21\/la-tunisie-sadresse-au-gcf-pour-financer-ses-projets-denergies-renouvelables\/#primaryimage"},"image":{"@id":"https:\/\/kapitalis.com\/tunisie\/2022\/10\/21\/la-tunisie-sadresse-au-gcf-pour-financer-ses-projets-denergies-renouvelables\/#primaryimage"},"thumbnailUrl":"https:\/\/kapitalis.com\/tunisie\/wp-content\/uploads\/2022\/10\/Abdelkrim-Lassoued-GCF.jpg","datePublished":"2022-10-21T09:57:44+00:00","dateModified":"2022-10-21T09:57:45+00:00","breadcrumb":{"@id":"https:\/\/kapitalis.com\/tunisie\/2022\/10\/21\/la-tunisie-sadresse-au-gcf-pour-financer-ses-projets-denergies-renouvelables\/#breadcrumb"},"inLanguage":"fr-FR","potentialAction":[{"@type":"ReadAction","target":["https:\/\/kapitalis.com\/tunisie\/2022\/10\/21\/la-tunisie-sadresse-au-gcf-pour-financer-ses-projets-denergies-renouvelables\/"]}]},{"@type":"ImageObject","inLanguage":"fr-FR","@id":"https:\/\/kapitalis.com\/tunisie\/2022\/10\/21\/la-tunisie-sadresse-au-gcf-pour-financer-ses-projets-denergies-renouvelables\/#primaryimage","url":"https:\/\/kapitalis.com\/tunisie\/wp-content\/uploads\/2022\/10\/Abdelkrim-Lassoued-GCF.jpg","contentUrl":"https:\/\/kapitalis.com\/tunisie\/wp-content\/uploads\/2022\/10\/Abdelkrim-Lassoued-GCF.jpg","width":1200,"height":630},{"@type":"BreadcrumbList","@id":"https:\/\/kapitalis.com\/tunisie\/2022\/10\/21\/la-tunisie-sadresse-au-gcf-pour-financer-ses-projets-denergies-renouvelables\/#breadcrumb","itemListElement":[{"@type":"ListItem","position":1,"name":"Accueil","item":"https:\/\/kapitalis.com\/tunisie\/"},{"@type":"ListItem","position":2,"name":"La Tunisie s\u2019adresse au GCF pour financer ses projets d\u2019\u00e9nergies renouvelables"}]},{"@type":"WebSite","@id":"https:\/\/kapitalis.com\/tunisie\/#website","url":"https:\/\/kapitalis.com\/tunisie\/","name":"Kapitalis","description":"L&#039;actualit\u00e9 en Tunisie et dans le monde","publisher":{"@id":"https:\/\/kapitalis.com\/tunisie\/#organization"},"potentialAction":[{"@type":"SearchAction","target":{"@type":"EntryPoint","urlTemplate":"https:\/\/kapitalis.com\/tunisie\/?s={search_term_string}"},"query-input":{"@type":"PropertyValueSpecification","valueRequired":true,"valueName":"search_term_string"}}],"inLanguage":"fr-FR"},{"@type":"Organization","@id":"https:\/\/kapitalis.com\/tunisie\/#organization","name":"Kapitalis","url":"https:\/\/kapitalis.com\/tunisie\/","logo":{"@type":"ImageObject","inLanguage":"fr-FR","@id":"https:\/\/kapitalis.com\/tunisie\/#\/schema\/logo\/image\/","url":"https:\/\/kapitalis.com\/tunisie\/wp-content\/uploads\/2022\/05\/Kapitalis-big-size.png","contentUrl":"https:\/\/kapitalis.com\/tunisie\/wp-content\/uploads\/2022\/05\/Kapitalis-big-size.png","width":5000,"height":1500,"caption":"Kapitalis"},"image":{"@id":"https:\/\/kapitalis.com\/tunisie\/#\/schema\/logo\/image\/"},"sameAs":["https:\/\/www.facebook.com\/KapitalisInfo\/","https:\/\/x.com\/KapitalisInfo","https:\/\/www.youtube.com\/channel\/UC-yDYrHyfFBWWZaOw3FPg9Q"]},{"@type":"Person","@id":"https:\/\/kapitalis.com\/tunisie\/#\/schema\/person\/d71f33a9ca44f7bad4698210b480c8e9","name":"webmaster kapitalis","url":"https:\/\/kapitalis.com\/tunisie\/author\/webmaster-kapitalis\/"}]}},"_links":{"self":[{"href":"https:\/\/kapitalis.com\/tunisie\/wp-json\/wp\/v2\/posts\/4585766","targetHints":{"allow":["GET"]}}],"collection":[{"href":"https:\/\/kapitalis.com\/tunisie\/wp-json\/wp\/v2\/posts"}],"about":[{"href":"https:\/\/kapitalis.com\/tunisie\/wp-json\/wp\/v2\/types\/post"}],"author":[{"embeddable":true,"href":"https:\/\/kapitalis.com\/tunisie\/wp-json\/wp\/v2\/users\/8"}],"replies":[{"embeddable":true,"href":"https:\/\/kapitalis.com\/tunisie\/wp-json\/wp\/v2\/comments?post=4585766"}],"version-history":[{"count":0,"href":"https:\/\/kapitalis.com\/tunisie\/wp-json\/wp\/v2\/posts\/4585766\/revisions"}],"wp:featuredmedia":[{"embeddable":true,"href":"https:\/\/kapitalis.com\/tunisie\/wp-json\/wp\/v2\/media\/4585959"}],"wp:attachment":[{"href":"https:\/\/kapitalis.com\/tunisie\/wp-json\/wp\/v2\/media?parent=4585766"}],"wp:term":[{"taxonomy":"category","embeddable":true,"href":"https:\/\/kapitalis.com\/tunisie\/wp-json\/wp\/v2\/categories?post=4585766"},{"taxonomy":"post_tag","embeddable":true,"href":"https:\/\/kapitalis.com\/tunisie\/wp-json\/wp\/v2\/tags?post=4585766"}],"curies":[{"name":"wp","href":"https:\/\/api.w.org\/{rel}","templated":true}]}}