{"id":45991,"date":"2016-04-07T10:52:56","date_gmt":"2016-04-07T09:52:56","guid":{"rendered":"http:\/\/kapitalis.com\/tunisie\/?p=45991"},"modified":"2016-04-07T10:52:56","modified_gmt":"2016-04-07T09:52:56","slug":"tunis-encore-une-agression-policiere-contre-un-citoyen","status":"publish","type":"post","link":"https:\/\/kapitalis.com\/tunisie\/2016\/04\/07\/tunis-encore-une-agression-policiere-contre-un-citoyen\/","title":{"rendered":"Tunis : Encore une agression polici\u00e8re contre un citoyen !"},"content":{"rendered":"<p style=\"text-align: center;\"><img loading=\"lazy\" decoding=\"async\" class=\"alignnone size-full wp-image-45993\" src=\"http:\/\/kapitalis.com\/tunisie\/wp-content\/uploads\/2016\/04\/TGM-agression-polici\u00e8re.jpg\" alt=\"TGM agression polici\u00e8re\" width=\"626\" height=\"380\" \/><\/p>\n<p><em><strong>Un citoyen a port\u00e9 plainte, hier, contre un policier, pour coups et blessures et appelle les autorit\u00e9s \u00e0 faire cesser les agressions polici\u00e8res contre les citoyens.<\/strong><\/em><\/p>\n<p><!--more--><\/p>\n<p>Ka\u00efs Bouazaoui accuse un policier de l\u2019avoir violemment agress\u00e9, hier, peu avant 20h, pr\u00e8s de l\u2019arr\u00eat du train TGM, au centre-ville de Tunis. Conduit \u00e0 l\u2019h\u00f4pital, il s\u2019en sort avec des ecchymoses et des points de sutures.<\/p>\n<p>Le jeune homme revient sur sa m\u00e9saventure\u00a0: \u00ab<em>Je mangeais un sandwich, dans une gargote pr\u00e8s de l\u2019arr\u00eat du train, quand un homme, visiblement saoul, s\u2019est mis \u00e0 m\u2019insulter. Au d\u00e9but, je pensais que c\u2019\u00e9tait un fou, puis il s\u2019est dirig\u00e9 vers moi et a\u00a0trait\u00e9 ma m\u00e8re de tous les noms<\/em>\u00bb, raconte Ka\u00efs, qui avoue avoir r\u00e9pondu avec le m\u00eame ton. Ce qui n\u2019a visiblement pas plu \u00e0 son interlocuteur, qui l\u2019a frapp\u00e9 avec un objet dur sur la t\u00eate. Ka\u00efs est tomb\u00e9 et, une fois par terre, son agresseur l\u2019a rou\u00e9 de coups et lui\u00a0a pulv\u00e9ris\u00e9 du gaz lacrymog\u00e8ne sur le visage avec une bombe.<\/p>\n<p>\u00abUn autre homme est intervenu en lui disant\u00a0: \u00a0\u00bbC<em>oll\u00e8gue arr\u00eate, ce n\u2019est pas bon ce que tu fais, viens je te ram\u00e8ne \u00e0 la maison\u00a0\u00bb, et j\u2019ai compris que c\u2019\u00e9tait un policier en civil et que mon agresseur, qui puait l\u2019alcool, \u00e9tait en \u00e9tat d\u2019\u00e9bri\u00e9t\u00e9<\/em>\u00bb, raconte encore Ka\u00efs.<\/p>\n<p>Des t\u00e9moins sont intervenus et ont r\u00e9ussi \u00e0 \u00e9loigner l\u2019agresseur, qu\u2019ils auraient reconnus. Il s\u2019agirait d\u2019un policier, connu au centre-ville de Tunis, surnomm\u00e9 Issam Kahla.<\/p>\n<p>Ka\u00efs Bouazaoui a re\u00e7u les soins n\u00e9cessaires \u00e0 l\u2019h\u00f4pital, mais il a d\u00e9cid\u00e9 de porter plainte contre son agresseur, en appelant les autorit\u00e9s \u00e0 intervenir rapidement pour prendre les mesures n\u00e9cessaires contre les d\u00e9passements des agents. <em>\u00abC\u2019est \u00e0 cause de\u00a0l\u2019impunit\u00e9 dont ils b\u00e9n\u00e9ficient que les policiers r\u00e9cidivent. Nous devons mettre terme \u00e0 leurs agressions\u00bb<\/em>, a conclu Ka\u00efs, qui doit se rendre encore une fois \u00e0 l\u2019h\u00f4pital pour des examens compl\u00e9mentaires.<\/p>\n<p>Notons que la veille de cet incident, Khaled Melliti, footballeur \u00e9voluant \u00e0 au Club sportif Hammam-Lif, a \u00e9t\u00e9 agress\u00e9, par les policiers du commissariat de Medina Jadida, \u00e0 Ben Arous. Il\u00a0a \u00e9galement port\u00e9 l&rsquo;affaire en justice.<\/p>\n<p style=\"text-align: right;\"><strong>Y. N.<\/strong><\/p>\n","protected":false},"excerpt":{"rendered":"<p>Un citoyen a port\u00e9 plainte, hier, contre un policier, pour coups et blessures et appelle les autorit\u00e9s \u00e0 faire cesser les agressions polici\u00e8res contre les citoyens.<\/p>\n","protected":false},"author":6,"featured_media":45993,"comment_status":"open","ping_status":"open","sticky":false,"template":"","format":"standard","meta":{"footnotes":""},"categories":[998,2433],"tags":[11351,12106,1817,1919,9525,721,2596,13826,952],"class_list":["post-45991","post","type-post","status-publish","format-standard","has-post-thumbnail","hentry","category-societe","category-tunisie","tag-agresseur","tag-agression-policier","tag-centre-ville","tag-coups-et-blessures","tag-etat-debriete","tag-plainte","tag-policier","tag-tgm","tag-violence"],"yoast_head":"<!-- This site is optimized with the Yoast SEO plugin v26.6 - https:\/\/yoast.com\/wordpress\/plugins\/seo\/ -->\n<title>Tunis : Encore une agression polici\u00e8re contre un citoyen ! - Kapitalis<\/title>\n<meta name=\"robots\" content=\"index, follow, max-snippet:-1, max-image-preview:large, max-video-preview:-1\" \/>\n<link rel=\"canonical\" href=\"https:\/\/kapitalis.com\/tunisie\/2016\/04\/07\/tunis-encore-une-agression-policiere-contre-un-citoyen\/\" \/>\n<meta property=\"og:locale\" content=\"fr_FR\" \/>\n<meta property=\"og:type\" content=\"article\" \/>\n<meta property=\"og:title\" content=\"Tunis : Encore une agression polici\u00e8re contre un citoyen ! - Kapitalis\" \/>\n<meta property=\"og:description\" content=\"Un citoyen a port\u00e9 plainte, hier, contre un policier, pour coups et blessures et appelle les autorit\u00e9s \u00e0 faire cesser les agressions polici\u00e8res contre les citoyens.\" \/>\n<meta property=\"og:url\" content=\"https:\/\/kapitalis.com\/tunisie\/2016\/04\/07\/tunis-encore-une-agression-policiere-contre-un-citoyen\/\" \/>\n<meta property=\"og:site_name\" content=\"Kapitalis\" \/>\n<meta property=\"article:publisher\" content=\"https:\/\/www.facebook.com\/KapitalisInfo\/\" \/>\n<meta property=\"article:published_time\" content=\"2016-04-07T09:52:56+00:00\" \/>\n<meta property=\"og:image\" content=\"https:\/\/kapitalis.com\/tunisie\/wp-content\/uploads\/2022\/05\/kapitalis-logo-fb.png\" \/>\n\t<meta property=\"og:image:width\" content=\"1200\" \/>\n\t<meta property=\"og:image:height\" content=\"630\" \/>\n\t<meta property=\"og:image:type\" content=\"image\/png\" \/>\n<meta name=\"author\" content=\"Yusra NY\" \/>\n<meta name=\"twitter:card\" content=\"summary_large_image\" \/>\n<meta name=\"twitter:creator\" content=\"@KapitalisInfo\" \/>\n<meta name=\"twitter:site\" content=\"@KapitalisInfo\" \/>\n<meta name=\"twitter:label1\" content=\"\u00c9crit par\" \/>\n\t<meta name=\"twitter:data1\" content=\"Yusra NY\" \/>\n\t<meta name=\"twitter:label2\" content=\"Dur\u00e9e de lecture estim\u00e9e\" \/>\n\t<meta name=\"twitter:data2\" content=\"2 minutes\" \/>\n<script type=\"application\/ld+json\" class=\"yoast-schema-graph\">{\"@context\":\"https:\/\/schema.org\",\"@graph\":[{\"@type\":\"Article\",\"@id\":\"https:\/\/kapitalis.com\/tunisie\/2016\/04\/07\/tunis-encore-une-agression-policiere-contre-un-citoyen\/#article\",\"isPartOf\":{\"@id\":\"https:\/\/kapitalis.com\/tunisie\/2016\/04\/07\/tunis-encore-une-agression-policiere-contre-un-citoyen\/\"},\"author\":{\"name\":\"Yusra NY\",\"@id\":\"https:\/\/kapitalis.com\/tunisie\/#\/schema\/person\/74bbde0154d49d790a92aaeac5bc01d5\"},\"headline\":\"Tunis : Encore une agression polici\u00e8re contre un citoyen !\",\"datePublished\":\"2016-04-07T09:52:56+00:00\",\"mainEntityOfPage\":{\"@id\":\"https:\/\/kapitalis.com\/tunisie\/2016\/04\/07\/tunis-encore-une-agression-policiere-contre-un-citoyen\/\"},\"wordCount\":413,\"commentCount\":4,\"publisher\":{\"@id\":\"https:\/\/kapitalis.com\/tunisie\/#organization\"},\"image\":{\"@id\":\"https:\/\/kapitalis.com\/tunisie\/2016\/04\/07\/tunis-encore-une-agression-policiere-contre-un-citoyen\/#primaryimage\"},\"thumbnailUrl\":\"\",\"keywords\":[\"agresseur\",\"agression policier\",\"centre-ville\",\"coups et blessures\",\"\u00e9tat d\u2019\u00e9bri\u00e9t\u00e9\",\"plainte\",\"policier\",\"TGM\",\"violence\"],\"articleSection\":[\"SOCIETE\",\"Tunisie\"],\"inLanguage\":\"fr-FR\",\"potentialAction\":[{\"@type\":\"CommentAction\",\"name\":\"Comment\",\"target\":[\"https:\/\/kapitalis.com\/tunisie\/2016\/04\/07\/tunis-encore-une-agression-policiere-contre-un-citoyen\/#respond\"]}]},{\"@type\":\"WebPage\",\"@id\":\"https:\/\/kapitalis.com\/tunisie\/2016\/04\/07\/tunis-encore-une-agression-policiere-contre-un-citoyen\/\",\"url\":\"https:\/\/kapitalis.com\/tunisie\/2016\/04\/07\/tunis-encore-une-agression-policiere-contre-un-citoyen\/\",\"name\":\"Tunis : Encore une agression polici\u00e8re contre un citoyen ! - Kapitalis\",\"isPartOf\":{\"@id\":\"https:\/\/kapitalis.com\/tunisie\/#website\"},\"primaryImageOfPage\":{\"@id\":\"https:\/\/kapitalis.com\/tunisie\/2016\/04\/07\/tunis-encore-une-agression-policiere-contre-un-citoyen\/#primaryimage\"},\"image\":{\"@id\":\"https:\/\/kapitalis.com\/tunisie\/2016\/04\/07\/tunis-encore-une-agression-policiere-contre-un-citoyen\/#primaryimage\"},\"thumbnailUrl\":\"\",\"datePublished\":\"2016-04-07T09:52:56+00:00\",\"breadcrumb\":{\"@id\":\"https:\/\/kapitalis.com\/tunisie\/2016\/04\/07\/tunis-encore-une-agression-policiere-contre-un-citoyen\/#breadcrumb\"},\"inLanguage\":\"fr-FR\",\"potentialAction\":[{\"@type\":\"ReadAction\",\"target\":[\"https:\/\/kapitalis.com\/tunisie\/2016\/04\/07\/tunis-encore-une-agression-policiere-contre-un-citoyen\/\"]}]},{\"@type\":\"ImageObject\",\"inLanguage\":\"fr-FR\",\"@id\":\"https:\/\/kapitalis.com\/tunisie\/2016\/04\/07\/tunis-encore-une-agression-policiere-contre-un-citoyen\/#primaryimage\",\"url\":\"\",\"contentUrl\":\"\"},{\"@type\":\"BreadcrumbList\",\"@id\":\"https:\/\/kapitalis.com\/tunisie\/2016\/04\/07\/tunis-encore-une-agression-policiere-contre-un-citoyen\/#breadcrumb\",\"itemListElement\":[{\"@type\":\"ListItem\",\"position\":1,\"name\":\"Accueil\",\"item\":\"https:\/\/kapitalis.com\/tunisie\/\"},{\"@type\":\"ListItem\",\"position\":2,\"name\":\"Tunis : Encore une agression polici\u00e8re contre un citoyen !\"}]},{\"@type\":\"WebSite\",\"@id\":\"https:\/\/kapitalis.com\/tunisie\/#website\",\"url\":\"https:\/\/kapitalis.com\/tunisie\/\",\"name\":\"Kapitalis\",\"description\":\"L&#039;actualit\u00e9 en Tunisie et dans le monde\",\"publisher\":{\"@id\":\"https:\/\/kapitalis.com\/tunisie\/#organization\"},\"potentialAction\":[{\"@type\":\"SearchAction\",\"target\":{\"@type\":\"EntryPoint\",\"urlTemplate\":\"https:\/\/kapitalis.com\/tunisie\/?s={search_term_string}\"},\"query-input\":{\"@type\":\"PropertyValueSpecification\",\"valueRequired\":true,\"valueName\":\"search_term_string\"}}],\"inLanguage\":\"fr-FR\"},{\"@type\":\"Organization\",\"@id\":\"https:\/\/kapitalis.com\/tunisie\/#organization\",\"name\":\"Kapitalis\",\"url\":\"https:\/\/kapitalis.com\/tunisie\/\",\"logo\":{\"@type\":\"ImageObject\",\"inLanguage\":\"fr-FR\",\"@id\":\"https:\/\/kapitalis.com\/tunisie\/#\/schema\/logo\/image\/\",\"url\":\"https:\/\/kapitalis.com\/tunisie\/wp-content\/uploads\/2022\/05\/Kapitalis-big-size.png\",\"contentUrl\":\"https:\/\/kapitalis.com\/tunisie\/wp-content\/uploads\/2022\/05\/Kapitalis-big-size.png\",\"width\":5000,\"height\":1500,\"caption\":\"Kapitalis\"},\"image\":{\"@id\":\"https:\/\/kapitalis.com\/tunisie\/#\/schema\/logo\/image\/\"},\"sameAs\":[\"https:\/\/www.facebook.com\/KapitalisInfo\/\",\"https:\/\/x.com\/KapitalisInfo\",\"https:\/\/www.youtube.com\/channel\/UC-yDYrHyfFBWWZaOw3FPg9Q\"]},{\"@type\":\"Person\",\"@id\":\"https:\/\/kapitalis.com\/tunisie\/#\/schema\/person\/74bbde0154d49d790a92aaeac5bc01d5\",\"name\":\"Yusra NY\",\"url\":\"https:\/\/kapitalis.com\/tunisie\/author\/yuza_adam\/\"}]}<\/script>\n<!-- \/ Yoast SEO plugin. -->","yoast_head_json":{"title":"Tunis : Encore une agression polici\u00e8re contre un citoyen ! - Kapitalis","robots":{"index":"index","follow":"follow","max-snippet":"max-snippet:-1","max-image-preview":"max-image-preview:large","max-video-preview":"max-video-preview:-1"},"canonical":"https:\/\/kapitalis.com\/tunisie\/2016\/04\/07\/tunis-encore-une-agression-policiere-contre-un-citoyen\/","og_locale":"fr_FR","og_type":"article","og_title":"Tunis : Encore une agression polici\u00e8re contre un citoyen ! - Kapitalis","og_description":"Un citoyen a port\u00e9 plainte, hier, contre un policier, pour coups et blessures et appelle les autorit\u00e9s \u00e0 faire cesser les agressions polici\u00e8res contre les citoyens.","og_url":"https:\/\/kapitalis.com\/tunisie\/2016\/04\/07\/tunis-encore-une-agression-policiere-contre-un-citoyen\/","og_site_name":"Kapitalis","article_publisher":"https:\/\/www.facebook.com\/KapitalisInfo\/","article_published_time":"2016-04-07T09:52:56+00:00","og_image":[{"width":1200,"height":630,"url":"https:\/\/kapitalis.com\/tunisie\/wp-content\/uploads\/2022\/05\/kapitalis-logo-fb.png","type":"image\/png"}],"author":"Yusra NY","twitter_card":"summary_large_image","twitter_creator":"@KapitalisInfo","twitter_site":"@KapitalisInfo","twitter_misc":{"\u00c9crit par":"Yusra NY","Dur\u00e9e de lecture estim\u00e9e":"2 minutes"},"schema":{"@context":"https:\/\/schema.org","@graph":[{"@type":"Article","@id":"https:\/\/kapitalis.com\/tunisie\/2016\/04\/07\/tunis-encore-une-agression-policiere-contre-un-citoyen\/#article","isPartOf":{"@id":"https:\/\/kapitalis.com\/tunisie\/2016\/04\/07\/tunis-encore-une-agression-policiere-contre-un-citoyen\/"},"author":{"name":"Yusra NY","@id":"https:\/\/kapitalis.com\/tunisie\/#\/schema\/person\/74bbde0154d49d790a92aaeac5bc01d5"},"headline":"Tunis : Encore une agression polici\u00e8re contre un citoyen !","datePublished":"2016-04-07T09:52:56+00:00","mainEntityOfPage":{"@id":"https:\/\/kapitalis.com\/tunisie\/2016\/04\/07\/tunis-encore-une-agression-policiere-contre-un-citoyen\/"},"wordCount":413,"commentCount":4,"publisher":{"@id":"https:\/\/kapitalis.com\/tunisie\/#organization"},"image":{"@id":"https:\/\/kapitalis.com\/tunisie\/2016\/04\/07\/tunis-encore-une-agression-policiere-contre-un-citoyen\/#primaryimage"},"thumbnailUrl":"","keywords":["agresseur","agression policier","centre-ville","coups et blessures","\u00e9tat d\u2019\u00e9bri\u00e9t\u00e9","plainte","policier","TGM","violence"],"articleSection":["SOCIETE","Tunisie"],"inLanguage":"fr-FR","potentialAction":[{"@type":"CommentAction","name":"Comment","target":["https:\/\/kapitalis.com\/tunisie\/2016\/04\/07\/tunis-encore-une-agression-policiere-contre-un-citoyen\/#respond"]}]},{"@type":"WebPage","@id":"https:\/\/kapitalis.com\/tunisie\/2016\/04\/07\/tunis-encore-une-agression-policiere-contre-un-citoyen\/","url":"https:\/\/kapitalis.com\/tunisie\/2016\/04\/07\/tunis-encore-une-agression-policiere-contre-un-citoyen\/","name":"Tunis : Encore une agression polici\u00e8re contre un citoyen ! - Kapitalis","isPartOf":{"@id":"https:\/\/kapitalis.com\/tunisie\/#website"},"primaryImageOfPage":{"@id":"https:\/\/kapitalis.com\/tunisie\/2016\/04\/07\/tunis-encore-une-agression-policiere-contre-un-citoyen\/#primaryimage"},"image":{"@id":"https:\/\/kapitalis.com\/tunisie\/2016\/04\/07\/tunis-encore-une-agression-policiere-contre-un-citoyen\/#primaryimage"},"thumbnailUrl":"","datePublished":"2016-04-07T09:52:56+00:00","breadcrumb":{"@id":"https:\/\/kapitalis.com\/tunisie\/2016\/04\/07\/tunis-encore-une-agression-policiere-contre-un-citoyen\/#breadcrumb"},"inLanguage":"fr-FR","potentialAction":[{"@type":"ReadAction","target":["https:\/\/kapitalis.com\/tunisie\/2016\/04\/07\/tunis-encore-une-agression-policiere-contre-un-citoyen\/"]}]},{"@type":"ImageObject","inLanguage":"fr-FR","@id":"https:\/\/kapitalis.com\/tunisie\/2016\/04\/07\/tunis-encore-une-agression-policiere-contre-un-citoyen\/#primaryimage","url":"","contentUrl":""},{"@type":"BreadcrumbList","@id":"https:\/\/kapitalis.com\/tunisie\/2016\/04\/07\/tunis-encore-une-agression-policiere-contre-un-citoyen\/#breadcrumb","itemListElement":[{"@type":"ListItem","position":1,"name":"Accueil","item":"https:\/\/kapitalis.com\/tunisie\/"},{"@type":"ListItem","position":2,"name":"Tunis : Encore une agression polici\u00e8re contre un citoyen !"}]},{"@type":"WebSite","@id":"https:\/\/kapitalis.com\/tunisie\/#website","url":"https:\/\/kapitalis.com\/tunisie\/","name":"Kapitalis","description":"L&#039;actualit\u00e9 en Tunisie et dans le monde","publisher":{"@id":"https:\/\/kapitalis.com\/tunisie\/#organization"},"potentialAction":[{"@type":"SearchAction","target":{"@type":"EntryPoint","urlTemplate":"https:\/\/kapitalis.com\/tunisie\/?s={search_term_string}"},"query-input":{"@type":"PropertyValueSpecification","valueRequired":true,"valueName":"search_term_string"}}],"inLanguage":"fr-FR"},{"@type":"Organization","@id":"https:\/\/kapitalis.com\/tunisie\/#organization","name":"Kapitalis","url":"https:\/\/kapitalis.com\/tunisie\/","logo":{"@type":"ImageObject","inLanguage":"fr-FR","@id":"https:\/\/kapitalis.com\/tunisie\/#\/schema\/logo\/image\/","url":"https:\/\/kapitalis.com\/tunisie\/wp-content\/uploads\/2022\/05\/Kapitalis-big-size.png","contentUrl":"https:\/\/kapitalis.com\/tunisie\/wp-content\/uploads\/2022\/05\/Kapitalis-big-size.png","width":5000,"height":1500,"caption":"Kapitalis"},"image":{"@id":"https:\/\/kapitalis.com\/tunisie\/#\/schema\/logo\/image\/"},"sameAs":["https:\/\/www.facebook.com\/KapitalisInfo\/","https:\/\/x.com\/KapitalisInfo","https:\/\/www.youtube.com\/channel\/UC-yDYrHyfFBWWZaOw3FPg9Q"]},{"@type":"Person","@id":"https:\/\/kapitalis.com\/tunisie\/#\/schema\/person\/74bbde0154d49d790a92aaeac5bc01d5","name":"Yusra NY","url":"https:\/\/kapitalis.com\/tunisie\/author\/yuza_adam\/"}]}},"_links":{"self":[{"href":"https:\/\/kapitalis.com\/tunisie\/wp-json\/wp\/v2\/posts\/45991","targetHints":{"allow":["GET"]}}],"collection":[{"href":"https:\/\/kapitalis.com\/tunisie\/wp-json\/wp\/v2\/posts"}],"about":[{"href":"https:\/\/kapitalis.com\/tunisie\/wp-json\/wp\/v2\/types\/post"}],"author":[{"embeddable":true,"href":"https:\/\/kapitalis.com\/tunisie\/wp-json\/wp\/v2\/users\/6"}],"replies":[{"embeddable":true,"href":"https:\/\/kapitalis.com\/tunisie\/wp-json\/wp\/v2\/comments?post=45991"}],"version-history":[{"count":0,"href":"https:\/\/kapitalis.com\/tunisie\/wp-json\/wp\/v2\/posts\/45991\/revisions"}],"wp:featuredmedia":[{"embeddable":true,"href":"https:\/\/kapitalis.com\/tunisie\/wp-json\/wp\/v2\/media\/45993"}],"wp:attachment":[{"href":"https:\/\/kapitalis.com\/tunisie\/wp-json\/wp\/v2\/media?parent=45991"}],"wp:term":[{"taxonomy":"category","embeddable":true,"href":"https:\/\/kapitalis.com\/tunisie\/wp-json\/wp\/v2\/categories?post=45991"},{"taxonomy":"post_tag","embeddable":true,"href":"https:\/\/kapitalis.com\/tunisie\/wp-json\/wp\/v2\/tags?post=45991"}],"curies":[{"name":"wp","href":"https:\/\/api.w.org\/{rel}","templated":true}]}}