{"id":46014,"date":"2016-04-07T11:05:40","date_gmt":"2016-04-07T10:05:40","guid":{"rendered":"http:\/\/kapitalis.com\/tunisie\/?p=46014"},"modified":"2016-04-07T11:05:40","modified_gmt":"2016-04-07T10:05:40","slug":"attentat-de-bruxelles-le-kamikaze-lacharoui-a-travaille-au-parlement-europeen","status":"publish","type":"post","link":"https:\/\/kapitalis.com\/tunisie\/2016\/04\/07\/attentat-de-bruxelles-le-kamikaze-lacharoui-a-travaille-au-parlement-europeen\/","title":{"rendered":"Attentat de Bruxelles : Le kamikaze Lacharoui a travaill\u00e9 au Parlement europ\u00e9en"},"content":{"rendered":"<p><img loading=\"lazy\" decoding=\"async\" class=\"alignnone size-full wp-image-46015 aligncenter\" src=\"http:\/\/kapitalis.com\/tunisie\/wp-content\/uploads\/2016\/04\/Najim-Lachraoui.jpg\" alt=\"Najim-Lachraoui\" width=\"626\" height=\"380\" \/><\/p>\n<p><em><strong>L\u2019un des kamikazes des attaques de Bruxelles, revendiqu\u00e9es par l\u2019organisation terroriste de l\u2019Etat islamique (Daech), a travaill\u00e9 pendant 2 mois au Parlement europ\u00e9en.<\/strong><\/em><\/p>\n<p><!--more--><\/p>\n<p>Il s\u2019agit de Najim Lacharoui (24 ans) qui s\u2019est fait exploser mardi 22 mars dernier \u00e0 l&rsquo;a\u00e9roport international de Bruxelles-Zaventem. Il a travaill\u00e9 pour une entreprise de nettoyage en contrat avec le Parlement europ\u00e9en pendant un mois en 2009 et un mois en 2010. C\u2019est ce qu\u2019a annonc\u00e9 le Parlement europ\u00e9en dans un communiqu\u00e9.<\/p>\n<p>En f\u00e9vrier 2013, Najim Lachraoui avait gagn\u00e9 la Syrie et rejoint le camp de Daech et n\u2019a r\u00e9apparu qu\u2019en septembre dernier sous la fausse identit\u00e9 de Soufiane Kayal.<\/p>\n<p>Najim Lacharaoui est le fr\u00e8re du taekwondo\u00efste de haut niveau Mourad Lachraoui, champion de Belgique de sa discipline, qui a fermement condamn\u00e9 les agissements de son fr\u00e8re qu\u2019il avait perdu de vue depuis son d\u00e9part en Syrie.<\/p>\n<p style=\"text-align: right;\"><strong>Z. A. <\/strong><\/p>\n","protected":false},"excerpt":{"rendered":"<p>L\u2019un des kamikazes des attaques de Bruxelles, revendiqu\u00e9es par l\u2019organisation terroriste de l\u2019Etat islamique (Daech), a travaill\u00e9 pendant 2 mois au Parlement europ\u00e9en.<\/p>\n","protected":false},"author":8,"featured_media":46015,"comment_status":"open","ping_status":"open","sticky":false,"template":"","format":"standard","meta":{"footnotes":""},"categories":[998,2433],"tags":[2105,170,258,9697,693],"class_list":["post-46014","post","type-post","status-publish","format-standard","has-post-thumbnail","hentry","category-societe","category-tunisie","tag-attaques-terroristes","tag-bruxelles","tag-daech","tag-kamikaze","tag-parlement-europeen"],"yoast_head":"<!-- This site is optimized with the Yoast SEO plugin v26.6 - https:\/\/yoast.com\/wordpress\/plugins\/seo\/ -->\n<title>Attentat de Bruxelles : Le kamikaze Lacharoui a travaill\u00e9 au Parlement europ\u00e9en - Kapitalis<\/title>\n<meta name=\"robots\" content=\"index, follow, max-snippet:-1, max-image-preview:large, max-video-preview:-1\" \/>\n<link rel=\"canonical\" href=\"https:\/\/kapitalis.com\/tunisie\/2016\/04\/07\/attentat-de-bruxelles-le-kamikaze-lacharoui-a-travaille-au-parlement-europeen\/\" \/>\n<meta property=\"og:locale\" content=\"fr_FR\" \/>\n<meta property=\"og:type\" content=\"article\" \/>\n<meta property=\"og:title\" content=\"Attentat de Bruxelles : Le kamikaze Lacharoui a travaill\u00e9 au Parlement europ\u00e9en - Kapitalis\" \/>\n<meta property=\"og:description\" content=\"L\u2019un des kamikazes des attaques de Bruxelles, revendiqu\u00e9es par l\u2019organisation terroriste de l\u2019Etat islamique (Daech), a travaill\u00e9 pendant 2 mois au Parlement europ\u00e9en.\" \/>\n<meta property=\"og:url\" content=\"https:\/\/kapitalis.com\/tunisie\/2016\/04\/07\/attentat-de-bruxelles-le-kamikaze-lacharoui-a-travaille-au-parlement-europeen\/\" \/>\n<meta property=\"og:site_name\" content=\"Kapitalis\" \/>\n<meta property=\"article:publisher\" content=\"https:\/\/www.facebook.com\/KapitalisInfo\/\" \/>\n<meta property=\"article:published_time\" content=\"2016-04-07T10:05:40+00:00\" \/>\n<meta property=\"og:image\" content=\"https:\/\/kapitalis.com\/tunisie\/wp-content\/uploads\/2022\/05\/kapitalis-logo-fb.png\" \/>\n\t<meta property=\"og:image:width\" content=\"1200\" \/>\n\t<meta property=\"og:image:height\" content=\"630\" \/>\n\t<meta property=\"og:image:type\" content=\"image\/png\" \/>\n<meta name=\"author\" content=\"webmaster kapitalis\" \/>\n<meta name=\"twitter:card\" content=\"summary_large_image\" \/>\n<meta name=\"twitter:creator\" content=\"@KapitalisInfo\" \/>\n<meta name=\"twitter:site\" content=\"@KapitalisInfo\" \/>\n<meta name=\"twitter:label1\" content=\"\u00c9crit par\" \/>\n\t<meta name=\"twitter:data1\" content=\"webmaster kapitalis\" \/>\n\t<meta name=\"twitter:label2\" content=\"Dur\u00e9e de lecture estim\u00e9e\" \/>\n\t<meta name=\"twitter:data2\" content=\"1 minute\" \/>\n<script type=\"application\/ld+json\" class=\"yoast-schema-graph\">{\"@context\":\"https:\/\/schema.org\",\"@graph\":[{\"@type\":\"Article\",\"@id\":\"https:\/\/kapitalis.com\/tunisie\/2016\/04\/07\/attentat-de-bruxelles-le-kamikaze-lacharoui-a-travaille-au-parlement-europeen\/#article\",\"isPartOf\":{\"@id\":\"https:\/\/kapitalis.com\/tunisie\/2016\/04\/07\/attentat-de-bruxelles-le-kamikaze-lacharoui-a-travaille-au-parlement-europeen\/\"},\"author\":{\"name\":\"webmaster kapitalis\",\"@id\":\"https:\/\/kapitalis.com\/tunisie\/#\/schema\/person\/d71f33a9ca44f7bad4698210b480c8e9\"},\"headline\":\"Attentat de Bruxelles : Le kamikaze Lacharoui a travaill\u00e9 au Parlement europ\u00e9en\",\"datePublished\":\"2016-04-07T10:05:40+00:00\",\"mainEntityOfPage\":{\"@id\":\"https:\/\/kapitalis.com\/tunisie\/2016\/04\/07\/attentat-de-bruxelles-le-kamikaze-lacharoui-a-travaille-au-parlement-europeen\/\"},\"wordCount\":170,\"commentCount\":0,\"publisher\":{\"@id\":\"https:\/\/kapitalis.com\/tunisie\/#organization\"},\"image\":{\"@id\":\"https:\/\/kapitalis.com\/tunisie\/2016\/04\/07\/attentat-de-bruxelles-le-kamikaze-lacharoui-a-travaille-au-parlement-europeen\/#primaryimage\"},\"thumbnailUrl\":\"\",\"keywords\":[\"attaques terroristes\",\"Bruxelles\",\"Daech\",\"kamikaze\",\"Parlement europ\u00e9en\"],\"articleSection\":[\"SOCIETE\",\"Tunisie\"],\"inLanguage\":\"fr-FR\",\"potentialAction\":[{\"@type\":\"CommentAction\",\"name\":\"Comment\",\"target\":[\"https:\/\/kapitalis.com\/tunisie\/2016\/04\/07\/attentat-de-bruxelles-le-kamikaze-lacharoui-a-travaille-au-parlement-europeen\/#respond\"]}]},{\"@type\":\"WebPage\",\"@id\":\"https:\/\/kapitalis.com\/tunisie\/2016\/04\/07\/attentat-de-bruxelles-le-kamikaze-lacharoui-a-travaille-au-parlement-europeen\/\",\"url\":\"https:\/\/kapitalis.com\/tunisie\/2016\/04\/07\/attentat-de-bruxelles-le-kamikaze-lacharoui-a-travaille-au-parlement-europeen\/\",\"name\":\"Attentat de Bruxelles : Le kamikaze Lacharoui a travaill\u00e9 au Parlement europ\u00e9en - Kapitalis\",\"isPartOf\":{\"@id\":\"https:\/\/kapitalis.com\/tunisie\/#website\"},\"primaryImageOfPage\":{\"@id\":\"https:\/\/kapitalis.com\/tunisie\/2016\/04\/07\/attentat-de-bruxelles-le-kamikaze-lacharoui-a-travaille-au-parlement-europeen\/#primaryimage\"},\"image\":{\"@id\":\"https:\/\/kapitalis.com\/tunisie\/2016\/04\/07\/attentat-de-bruxelles-le-kamikaze-lacharoui-a-travaille-au-parlement-europeen\/#primaryimage\"},\"thumbnailUrl\":\"\",\"datePublished\":\"2016-04-07T10:05:40+00:00\",\"breadcrumb\":{\"@id\":\"https:\/\/kapitalis.com\/tunisie\/2016\/04\/07\/attentat-de-bruxelles-le-kamikaze-lacharoui-a-travaille-au-parlement-europeen\/#breadcrumb\"},\"inLanguage\":\"fr-FR\",\"potentialAction\":[{\"@type\":\"ReadAction\",\"target\":[\"https:\/\/kapitalis.com\/tunisie\/2016\/04\/07\/attentat-de-bruxelles-le-kamikaze-lacharoui-a-travaille-au-parlement-europeen\/\"]}]},{\"@type\":\"ImageObject\",\"inLanguage\":\"fr-FR\",\"@id\":\"https:\/\/kapitalis.com\/tunisie\/2016\/04\/07\/attentat-de-bruxelles-le-kamikaze-lacharoui-a-travaille-au-parlement-europeen\/#primaryimage\",\"url\":\"\",\"contentUrl\":\"\"},{\"@type\":\"BreadcrumbList\",\"@id\":\"https:\/\/kapitalis.com\/tunisie\/2016\/04\/07\/attentat-de-bruxelles-le-kamikaze-lacharoui-a-travaille-au-parlement-europeen\/#breadcrumb\",\"itemListElement\":[{\"@type\":\"ListItem\",\"position\":1,\"name\":\"Accueil\",\"item\":\"https:\/\/kapitalis.com\/tunisie\/\"},{\"@type\":\"ListItem\",\"position\":2,\"name\":\"Attentat de Bruxelles : Le kamikaze Lacharoui a travaill\u00e9 au Parlement europ\u00e9en\"}]},{\"@type\":\"WebSite\",\"@id\":\"https:\/\/kapitalis.com\/tunisie\/#website\",\"url\":\"https:\/\/kapitalis.com\/tunisie\/\",\"name\":\"Kapitalis\",\"description\":\"L&#039;actualit\u00e9 en Tunisie et dans le monde\",\"publisher\":{\"@id\":\"https:\/\/kapitalis.com\/tunisie\/#organization\"},\"potentialAction\":[{\"@type\":\"SearchAction\",\"target\":{\"@type\":\"EntryPoint\",\"urlTemplate\":\"https:\/\/kapitalis.com\/tunisie\/?s={search_term_string}\"},\"query-input\":{\"@type\":\"PropertyValueSpecification\",\"valueRequired\":true,\"valueName\":\"search_term_string\"}}],\"inLanguage\":\"fr-FR\"},{\"@type\":\"Organization\",\"@id\":\"https:\/\/kapitalis.com\/tunisie\/#organization\",\"name\":\"Kapitalis\",\"url\":\"https:\/\/kapitalis.com\/tunisie\/\",\"logo\":{\"@type\":\"ImageObject\",\"inLanguage\":\"fr-FR\",\"@id\":\"https:\/\/kapitalis.com\/tunisie\/#\/schema\/logo\/image\/\",\"url\":\"https:\/\/kapitalis.com\/tunisie\/wp-content\/uploads\/2022\/05\/Kapitalis-big-size.png\",\"contentUrl\":\"https:\/\/kapitalis.com\/tunisie\/wp-content\/uploads\/2022\/05\/Kapitalis-big-size.png\",\"width\":5000,\"height\":1500,\"caption\":\"Kapitalis\"},\"image\":{\"@id\":\"https:\/\/kapitalis.com\/tunisie\/#\/schema\/logo\/image\/\"},\"sameAs\":[\"https:\/\/www.facebook.com\/KapitalisInfo\/\",\"https:\/\/x.com\/KapitalisInfo\",\"https:\/\/www.youtube.com\/channel\/UC-yDYrHyfFBWWZaOw3FPg9Q\"]},{\"@type\":\"Person\",\"@id\":\"https:\/\/kapitalis.com\/tunisie\/#\/schema\/person\/d71f33a9ca44f7bad4698210b480c8e9\",\"name\":\"webmaster kapitalis\",\"url\":\"https:\/\/kapitalis.com\/tunisie\/author\/webmaster-kapitalis\/\"}]}<\/script>\n<!-- \/ Yoast SEO plugin. -->","yoast_head_json":{"title":"Attentat de Bruxelles : Le kamikaze Lacharoui a travaill\u00e9 au Parlement europ\u00e9en - Kapitalis","robots":{"index":"index","follow":"follow","max-snippet":"max-snippet:-1","max-image-preview":"max-image-preview:large","max-video-preview":"max-video-preview:-1"},"canonical":"https:\/\/kapitalis.com\/tunisie\/2016\/04\/07\/attentat-de-bruxelles-le-kamikaze-lacharoui-a-travaille-au-parlement-europeen\/","og_locale":"fr_FR","og_type":"article","og_title":"Attentat de Bruxelles : Le kamikaze Lacharoui a travaill\u00e9 au Parlement europ\u00e9en - Kapitalis","og_description":"L\u2019un des kamikazes des attaques de Bruxelles, revendiqu\u00e9es par l\u2019organisation terroriste de l\u2019Etat islamique (Daech), a travaill\u00e9 pendant 2 mois au Parlement europ\u00e9en.","og_url":"https:\/\/kapitalis.com\/tunisie\/2016\/04\/07\/attentat-de-bruxelles-le-kamikaze-lacharoui-a-travaille-au-parlement-europeen\/","og_site_name":"Kapitalis","article_publisher":"https:\/\/www.facebook.com\/KapitalisInfo\/","article_published_time":"2016-04-07T10:05:40+00:00","og_image":[{"width":1200,"height":630,"url":"https:\/\/kapitalis.com\/tunisie\/wp-content\/uploads\/2022\/05\/kapitalis-logo-fb.png","type":"image\/png"}],"author":"webmaster kapitalis","twitter_card":"summary_large_image","twitter_creator":"@KapitalisInfo","twitter_site":"@KapitalisInfo","twitter_misc":{"\u00c9crit par":"webmaster kapitalis","Dur\u00e9e de lecture estim\u00e9e":"1 minute"},"schema":{"@context":"https:\/\/schema.org","@graph":[{"@type":"Article","@id":"https:\/\/kapitalis.com\/tunisie\/2016\/04\/07\/attentat-de-bruxelles-le-kamikaze-lacharoui-a-travaille-au-parlement-europeen\/#article","isPartOf":{"@id":"https:\/\/kapitalis.com\/tunisie\/2016\/04\/07\/attentat-de-bruxelles-le-kamikaze-lacharoui-a-travaille-au-parlement-europeen\/"},"author":{"name":"webmaster kapitalis","@id":"https:\/\/kapitalis.com\/tunisie\/#\/schema\/person\/d71f33a9ca44f7bad4698210b480c8e9"},"headline":"Attentat de Bruxelles : Le kamikaze Lacharoui a travaill\u00e9 au Parlement europ\u00e9en","datePublished":"2016-04-07T10:05:40+00:00","mainEntityOfPage":{"@id":"https:\/\/kapitalis.com\/tunisie\/2016\/04\/07\/attentat-de-bruxelles-le-kamikaze-lacharoui-a-travaille-au-parlement-europeen\/"},"wordCount":170,"commentCount":0,"publisher":{"@id":"https:\/\/kapitalis.com\/tunisie\/#organization"},"image":{"@id":"https:\/\/kapitalis.com\/tunisie\/2016\/04\/07\/attentat-de-bruxelles-le-kamikaze-lacharoui-a-travaille-au-parlement-europeen\/#primaryimage"},"thumbnailUrl":"","keywords":["attaques terroristes","Bruxelles","Daech","kamikaze","Parlement europ\u00e9en"],"articleSection":["SOCIETE","Tunisie"],"inLanguage":"fr-FR","potentialAction":[{"@type":"CommentAction","name":"Comment","target":["https:\/\/kapitalis.com\/tunisie\/2016\/04\/07\/attentat-de-bruxelles-le-kamikaze-lacharoui-a-travaille-au-parlement-europeen\/#respond"]}]},{"@type":"WebPage","@id":"https:\/\/kapitalis.com\/tunisie\/2016\/04\/07\/attentat-de-bruxelles-le-kamikaze-lacharoui-a-travaille-au-parlement-europeen\/","url":"https:\/\/kapitalis.com\/tunisie\/2016\/04\/07\/attentat-de-bruxelles-le-kamikaze-lacharoui-a-travaille-au-parlement-europeen\/","name":"Attentat de Bruxelles : Le kamikaze Lacharoui a travaill\u00e9 au Parlement europ\u00e9en - Kapitalis","isPartOf":{"@id":"https:\/\/kapitalis.com\/tunisie\/#website"},"primaryImageOfPage":{"@id":"https:\/\/kapitalis.com\/tunisie\/2016\/04\/07\/attentat-de-bruxelles-le-kamikaze-lacharoui-a-travaille-au-parlement-europeen\/#primaryimage"},"image":{"@id":"https:\/\/kapitalis.com\/tunisie\/2016\/04\/07\/attentat-de-bruxelles-le-kamikaze-lacharoui-a-travaille-au-parlement-europeen\/#primaryimage"},"thumbnailUrl":"","datePublished":"2016-04-07T10:05:40+00:00","breadcrumb":{"@id":"https:\/\/kapitalis.com\/tunisie\/2016\/04\/07\/attentat-de-bruxelles-le-kamikaze-lacharoui-a-travaille-au-parlement-europeen\/#breadcrumb"},"inLanguage":"fr-FR","potentialAction":[{"@type":"ReadAction","target":["https:\/\/kapitalis.com\/tunisie\/2016\/04\/07\/attentat-de-bruxelles-le-kamikaze-lacharoui-a-travaille-au-parlement-europeen\/"]}]},{"@type":"ImageObject","inLanguage":"fr-FR","@id":"https:\/\/kapitalis.com\/tunisie\/2016\/04\/07\/attentat-de-bruxelles-le-kamikaze-lacharoui-a-travaille-au-parlement-europeen\/#primaryimage","url":"","contentUrl":""},{"@type":"BreadcrumbList","@id":"https:\/\/kapitalis.com\/tunisie\/2016\/04\/07\/attentat-de-bruxelles-le-kamikaze-lacharoui-a-travaille-au-parlement-europeen\/#breadcrumb","itemListElement":[{"@type":"ListItem","position":1,"name":"Accueil","item":"https:\/\/kapitalis.com\/tunisie\/"},{"@type":"ListItem","position":2,"name":"Attentat de Bruxelles : Le kamikaze Lacharoui a travaill\u00e9 au Parlement europ\u00e9en"}]},{"@type":"WebSite","@id":"https:\/\/kapitalis.com\/tunisie\/#website","url":"https:\/\/kapitalis.com\/tunisie\/","name":"Kapitalis","description":"L&#039;actualit\u00e9 en Tunisie et dans le monde","publisher":{"@id":"https:\/\/kapitalis.com\/tunisie\/#organization"},"potentialAction":[{"@type":"SearchAction","target":{"@type":"EntryPoint","urlTemplate":"https:\/\/kapitalis.com\/tunisie\/?s={search_term_string}"},"query-input":{"@type":"PropertyValueSpecification","valueRequired":true,"valueName":"search_term_string"}}],"inLanguage":"fr-FR"},{"@type":"Organization","@id":"https:\/\/kapitalis.com\/tunisie\/#organization","name":"Kapitalis","url":"https:\/\/kapitalis.com\/tunisie\/","logo":{"@type":"ImageObject","inLanguage":"fr-FR","@id":"https:\/\/kapitalis.com\/tunisie\/#\/schema\/logo\/image\/","url":"https:\/\/kapitalis.com\/tunisie\/wp-content\/uploads\/2022\/05\/Kapitalis-big-size.png","contentUrl":"https:\/\/kapitalis.com\/tunisie\/wp-content\/uploads\/2022\/05\/Kapitalis-big-size.png","width":5000,"height":1500,"caption":"Kapitalis"},"image":{"@id":"https:\/\/kapitalis.com\/tunisie\/#\/schema\/logo\/image\/"},"sameAs":["https:\/\/www.facebook.com\/KapitalisInfo\/","https:\/\/x.com\/KapitalisInfo","https:\/\/www.youtube.com\/channel\/UC-yDYrHyfFBWWZaOw3FPg9Q"]},{"@type":"Person","@id":"https:\/\/kapitalis.com\/tunisie\/#\/schema\/person\/d71f33a9ca44f7bad4698210b480c8e9","name":"webmaster kapitalis","url":"https:\/\/kapitalis.com\/tunisie\/author\/webmaster-kapitalis\/"}]}},"_links":{"self":[{"href":"https:\/\/kapitalis.com\/tunisie\/wp-json\/wp\/v2\/posts\/46014","targetHints":{"allow":["GET"]}}],"collection":[{"href":"https:\/\/kapitalis.com\/tunisie\/wp-json\/wp\/v2\/posts"}],"about":[{"href":"https:\/\/kapitalis.com\/tunisie\/wp-json\/wp\/v2\/types\/post"}],"author":[{"embeddable":true,"href":"https:\/\/kapitalis.com\/tunisie\/wp-json\/wp\/v2\/users\/8"}],"replies":[{"embeddable":true,"href":"https:\/\/kapitalis.com\/tunisie\/wp-json\/wp\/v2\/comments?post=46014"}],"version-history":[{"count":0,"href":"https:\/\/kapitalis.com\/tunisie\/wp-json\/wp\/v2\/posts\/46014\/revisions"}],"wp:featuredmedia":[{"embeddable":true,"href":"https:\/\/kapitalis.com\/tunisie\/wp-json\/wp\/v2\/media\/46015"}],"wp:attachment":[{"href":"https:\/\/kapitalis.com\/tunisie\/wp-json\/wp\/v2\/media?parent=46014"}],"wp:term":[{"taxonomy":"category","embeddable":true,"href":"https:\/\/kapitalis.com\/tunisie\/wp-json\/wp\/v2\/categories?post=46014"},{"taxonomy":"post_tag","embeddable":true,"href":"https:\/\/kapitalis.com\/tunisie\/wp-json\/wp\/v2\/tags?post=46014"}],"curies":[{"name":"wp","href":"https:\/\/api.w.org\/{rel}","templated":true}]}}