{"id":46202,"date":"2016-04-08T13:56:16","date_gmt":"2016-04-08T12:56:16","guid":{"rendered":"http:\/\/kapitalis.com\/tunisie\/?p=46202"},"modified":"2016-04-08T13:56:54","modified_gmt":"2016-04-08T12:56:54","slug":"le-3e-kidsfest-dimanche-a-sidi-bou-said","status":"publish","type":"post","link":"https:\/\/kapitalis.com\/tunisie\/2016\/04\/08\/le-3e-kidsfest-dimanche-a-sidi-bou-said\/","title":{"rendered":"Le 3e KidsFest dimanche \u00e0 Sidi Bou Sa\u00efd"},"content":{"rendered":"<p><img loading=\"lazy\" decoding=\"async\" class=\"alignnone size-full wp-image-46203 aligncenter\" src=\"http:\/\/kapitalis.com\/tunisie\/wp-content\/uploads\/2016\/04\/Kids-Fest.jpg\" alt=\"Kids-Fest\" width=\"626\" height=\"380\" \/><\/p>\n<p><em><strong>Le KidsFest Tunisie, un festival d\u2019enfants pour la paix, se tiendra dans l\u2019apr\u00e8s-midi du dimanche 10 avril 2016, \u00e0 Sidi Bou Sa\u00efd.<\/strong><\/em><\/p>\n<p><!--more--><\/p>\n<p>Le programme de cette manifestation, qui est \u00e0 sa 3e \u00e9dition, comprend une Kids Parade, des ateliers (masques, peintures, bande dessin\u00e9e, contes\u2026) et diverses animations culturelles dans diff\u00e9rents endroits du village arabo-andalous (caf\u00e9s, galeries, parkings\u2026) assur\u00e9es par des associations, des ambassades et des entreprises partenaires.<\/p>\n<p>Ce sera une occasion pour les enfants de montrer au grand public leurs talents et visions de l\u2019avenir.<\/p>\n<p style=\"text-align: right;\"><strong>I. B. <\/strong><\/p>\n<p><a href=\"https:\/\/www.facebook.com\/kidsfesttunisie\/\" target=\"_blank\"><em><strong>Page Facebook de l\u2019\u00e9v\u00e9nement.<\/strong><\/em><\/a><\/p>\n<p><em><strong><a href=\"http:\/\/www.kidsfest.ba\/tunis\" target=\"_blank\">Site de l\u2019\u00e9v\u00e9nement.\u00a0<\/a><\/strong><\/em><\/p>\n","protected":false},"excerpt":{"rendered":"<p>Le KidsFest Tunisie, un festival d\u2019enfants pour la paix, se tiendra dans l\u2019apr\u00e8s-midi du dimanche 10 avril 2016, \u00e0 Sidi Bou Sa\u00efd.<\/p>\n","protected":false},"author":8,"featured_media":46203,"comment_status":"open","ping_status":"open","sticky":false,"template":"","format":"standard","meta":{"footnotes":""},"categories":[994,2433],"tags":[321,379,1736,827],"class_list":["post-46202","post","type-post","status-publish","format-standard","has-post-thumbnail","hentry","category-culture","category-tunisie","tag-enfants","tag-festival","tag-paix","tag-sidi-bou-said"],"yoast_head":"<!-- This site is optimized with the Yoast SEO plugin v26.6 - https:\/\/yoast.com\/wordpress\/plugins\/seo\/ -->\n<title>Le 3e KidsFest dimanche \u00e0 Sidi Bou Sa\u00efd - Kapitalis<\/title>\n<meta name=\"robots\" content=\"index, follow, max-snippet:-1, max-image-preview:large, max-video-preview:-1\" \/>\n<link rel=\"canonical\" href=\"https:\/\/kapitalis.com\/tunisie\/2016\/04\/08\/le-3e-kidsfest-dimanche-a-sidi-bou-said\/\" \/>\n<meta property=\"og:locale\" content=\"fr_FR\" \/>\n<meta property=\"og:type\" content=\"article\" \/>\n<meta property=\"og:title\" content=\"Le 3e KidsFest dimanche \u00e0 Sidi Bou Sa\u00efd - Kapitalis\" \/>\n<meta property=\"og:description\" content=\"Le KidsFest Tunisie, un festival d\u2019enfants pour la paix, se tiendra dans l\u2019apr\u00e8s-midi du dimanche 10 avril 2016, \u00e0 Sidi Bou Sa\u00efd.\" \/>\n<meta property=\"og:url\" content=\"https:\/\/kapitalis.com\/tunisie\/2016\/04\/08\/le-3e-kidsfest-dimanche-a-sidi-bou-said\/\" \/>\n<meta property=\"og:site_name\" content=\"Kapitalis\" \/>\n<meta property=\"article:publisher\" content=\"https:\/\/www.facebook.com\/KapitalisInfo\/\" \/>\n<meta property=\"article:published_time\" content=\"2016-04-08T12:56:16+00:00\" \/>\n<meta property=\"article:modified_time\" content=\"2016-04-08T12:56:54+00:00\" \/>\n<meta property=\"og:image\" content=\"https:\/\/kapitalis.com\/tunisie\/wp-content\/uploads\/2022\/05\/kapitalis-logo-fb.png\" \/>\n\t<meta property=\"og:image:width\" content=\"1200\" \/>\n\t<meta property=\"og:image:height\" content=\"630\" \/>\n\t<meta property=\"og:image:type\" content=\"image\/png\" \/>\n<meta name=\"author\" content=\"webmaster kapitalis\" \/>\n<meta name=\"twitter:card\" content=\"summary_large_image\" \/>\n<meta name=\"twitter:creator\" content=\"@KapitalisInfo\" \/>\n<meta name=\"twitter:site\" content=\"@KapitalisInfo\" \/>\n<meta name=\"twitter:label1\" content=\"\u00c9crit par\" \/>\n\t<meta name=\"twitter:data1\" content=\"webmaster kapitalis\" \/>\n\t<meta name=\"twitter:label2\" content=\"Dur\u00e9e de lecture estim\u00e9e\" \/>\n\t<meta name=\"twitter:data2\" content=\"1 minute\" \/>\n<script type=\"application\/ld+json\" class=\"yoast-schema-graph\">{\"@context\":\"https:\/\/schema.org\",\"@graph\":[{\"@type\":\"Article\",\"@id\":\"https:\/\/kapitalis.com\/tunisie\/2016\/04\/08\/le-3e-kidsfest-dimanche-a-sidi-bou-said\/#article\",\"isPartOf\":{\"@id\":\"https:\/\/kapitalis.com\/tunisie\/2016\/04\/08\/le-3e-kidsfest-dimanche-a-sidi-bou-said\/\"},\"author\":{\"name\":\"webmaster kapitalis\",\"@id\":\"https:\/\/kapitalis.com\/tunisie\/#\/schema\/person\/d71f33a9ca44f7bad4698210b480c8e9\"},\"headline\":\"Le 3e KidsFest dimanche \u00e0 Sidi Bou Sa\u00efd\",\"datePublished\":\"2016-04-08T12:56:16+00:00\",\"dateModified\":\"2016-04-08T12:56:54+00:00\",\"mainEntityOfPage\":{\"@id\":\"https:\/\/kapitalis.com\/tunisie\/2016\/04\/08\/le-3e-kidsfest-dimanche-a-sidi-bou-said\/\"},\"wordCount\":111,\"commentCount\":0,\"publisher\":{\"@id\":\"https:\/\/kapitalis.com\/tunisie\/#organization\"},\"image\":{\"@id\":\"https:\/\/kapitalis.com\/tunisie\/2016\/04\/08\/le-3e-kidsfest-dimanche-a-sidi-bou-said\/#primaryimage\"},\"thumbnailUrl\":\"\",\"keywords\":[\"enfants\",\"Festival\",\"paix\",\"Sidi Bou Sa\u00efd\"],\"articleSection\":[\"CULTURE\",\"Tunisie\"],\"inLanguage\":\"fr-FR\",\"potentialAction\":[{\"@type\":\"CommentAction\",\"name\":\"Comment\",\"target\":[\"https:\/\/kapitalis.com\/tunisie\/2016\/04\/08\/le-3e-kidsfest-dimanche-a-sidi-bou-said\/#respond\"]}]},{\"@type\":\"WebPage\",\"@id\":\"https:\/\/kapitalis.com\/tunisie\/2016\/04\/08\/le-3e-kidsfest-dimanche-a-sidi-bou-said\/\",\"url\":\"https:\/\/kapitalis.com\/tunisie\/2016\/04\/08\/le-3e-kidsfest-dimanche-a-sidi-bou-said\/\",\"name\":\"Le 3e KidsFest dimanche \u00e0 Sidi Bou Sa\u00efd - Kapitalis\",\"isPartOf\":{\"@id\":\"https:\/\/kapitalis.com\/tunisie\/#website\"},\"primaryImageOfPage\":{\"@id\":\"https:\/\/kapitalis.com\/tunisie\/2016\/04\/08\/le-3e-kidsfest-dimanche-a-sidi-bou-said\/#primaryimage\"},\"image\":{\"@id\":\"https:\/\/kapitalis.com\/tunisie\/2016\/04\/08\/le-3e-kidsfest-dimanche-a-sidi-bou-said\/#primaryimage\"},\"thumbnailUrl\":\"\",\"datePublished\":\"2016-04-08T12:56:16+00:00\",\"dateModified\":\"2016-04-08T12:56:54+00:00\",\"breadcrumb\":{\"@id\":\"https:\/\/kapitalis.com\/tunisie\/2016\/04\/08\/le-3e-kidsfest-dimanche-a-sidi-bou-said\/#breadcrumb\"},\"inLanguage\":\"fr-FR\",\"potentialAction\":[{\"@type\":\"ReadAction\",\"target\":[\"https:\/\/kapitalis.com\/tunisie\/2016\/04\/08\/le-3e-kidsfest-dimanche-a-sidi-bou-said\/\"]}]},{\"@type\":\"ImageObject\",\"inLanguage\":\"fr-FR\",\"@id\":\"https:\/\/kapitalis.com\/tunisie\/2016\/04\/08\/le-3e-kidsfest-dimanche-a-sidi-bou-said\/#primaryimage\",\"url\":\"\",\"contentUrl\":\"\"},{\"@type\":\"BreadcrumbList\",\"@id\":\"https:\/\/kapitalis.com\/tunisie\/2016\/04\/08\/le-3e-kidsfest-dimanche-a-sidi-bou-said\/#breadcrumb\",\"itemListElement\":[{\"@type\":\"ListItem\",\"position\":1,\"name\":\"Accueil\",\"item\":\"https:\/\/kapitalis.com\/tunisie\/\"},{\"@type\":\"ListItem\",\"position\":2,\"name\":\"Le 3e KidsFest dimanche \u00e0 Sidi Bou Sa\u00efd\"}]},{\"@type\":\"WebSite\",\"@id\":\"https:\/\/kapitalis.com\/tunisie\/#website\",\"url\":\"https:\/\/kapitalis.com\/tunisie\/\",\"name\":\"Kapitalis\",\"description\":\"L&#039;actualit\u00e9 en Tunisie et dans le monde\",\"publisher\":{\"@id\":\"https:\/\/kapitalis.com\/tunisie\/#organization\"},\"potentialAction\":[{\"@type\":\"SearchAction\",\"target\":{\"@type\":\"EntryPoint\",\"urlTemplate\":\"https:\/\/kapitalis.com\/tunisie\/?s={search_term_string}\"},\"query-input\":{\"@type\":\"PropertyValueSpecification\",\"valueRequired\":true,\"valueName\":\"search_term_string\"}}],\"inLanguage\":\"fr-FR\"},{\"@type\":\"Organization\",\"@id\":\"https:\/\/kapitalis.com\/tunisie\/#organization\",\"name\":\"Kapitalis\",\"url\":\"https:\/\/kapitalis.com\/tunisie\/\",\"logo\":{\"@type\":\"ImageObject\",\"inLanguage\":\"fr-FR\",\"@id\":\"https:\/\/kapitalis.com\/tunisie\/#\/schema\/logo\/image\/\",\"url\":\"https:\/\/kapitalis.com\/tunisie\/wp-content\/uploads\/2022\/05\/Kapitalis-big-size.png\",\"contentUrl\":\"https:\/\/kapitalis.com\/tunisie\/wp-content\/uploads\/2022\/05\/Kapitalis-big-size.png\",\"width\":5000,\"height\":1500,\"caption\":\"Kapitalis\"},\"image\":{\"@id\":\"https:\/\/kapitalis.com\/tunisie\/#\/schema\/logo\/image\/\"},\"sameAs\":[\"https:\/\/www.facebook.com\/KapitalisInfo\/\",\"https:\/\/x.com\/KapitalisInfo\",\"https:\/\/www.youtube.com\/channel\/UC-yDYrHyfFBWWZaOw3FPg9Q\"]},{\"@type\":\"Person\",\"@id\":\"https:\/\/kapitalis.com\/tunisie\/#\/schema\/person\/d71f33a9ca44f7bad4698210b480c8e9\",\"name\":\"webmaster kapitalis\",\"url\":\"https:\/\/kapitalis.com\/tunisie\/author\/webmaster-kapitalis\/\"}]}<\/script>\n<!-- \/ Yoast SEO plugin. -->","yoast_head_json":{"title":"Le 3e KidsFest dimanche \u00e0 Sidi Bou Sa\u00efd - Kapitalis","robots":{"index":"index","follow":"follow","max-snippet":"max-snippet:-1","max-image-preview":"max-image-preview:large","max-video-preview":"max-video-preview:-1"},"canonical":"https:\/\/kapitalis.com\/tunisie\/2016\/04\/08\/le-3e-kidsfest-dimanche-a-sidi-bou-said\/","og_locale":"fr_FR","og_type":"article","og_title":"Le 3e KidsFest dimanche \u00e0 Sidi Bou Sa\u00efd - Kapitalis","og_description":"Le KidsFest Tunisie, un festival d\u2019enfants pour la paix, se tiendra dans l\u2019apr\u00e8s-midi du dimanche 10 avril 2016, \u00e0 Sidi Bou Sa\u00efd.","og_url":"https:\/\/kapitalis.com\/tunisie\/2016\/04\/08\/le-3e-kidsfest-dimanche-a-sidi-bou-said\/","og_site_name":"Kapitalis","article_publisher":"https:\/\/www.facebook.com\/KapitalisInfo\/","article_published_time":"2016-04-08T12:56:16+00:00","article_modified_time":"2016-04-08T12:56:54+00:00","og_image":[{"width":1200,"height":630,"url":"https:\/\/kapitalis.com\/tunisie\/wp-content\/uploads\/2022\/05\/kapitalis-logo-fb.png","type":"image\/png"}],"author":"webmaster kapitalis","twitter_card":"summary_large_image","twitter_creator":"@KapitalisInfo","twitter_site":"@KapitalisInfo","twitter_misc":{"\u00c9crit par":"webmaster kapitalis","Dur\u00e9e de lecture estim\u00e9e":"1 minute"},"schema":{"@context":"https:\/\/schema.org","@graph":[{"@type":"Article","@id":"https:\/\/kapitalis.com\/tunisie\/2016\/04\/08\/le-3e-kidsfest-dimanche-a-sidi-bou-said\/#article","isPartOf":{"@id":"https:\/\/kapitalis.com\/tunisie\/2016\/04\/08\/le-3e-kidsfest-dimanche-a-sidi-bou-said\/"},"author":{"name":"webmaster kapitalis","@id":"https:\/\/kapitalis.com\/tunisie\/#\/schema\/person\/d71f33a9ca44f7bad4698210b480c8e9"},"headline":"Le 3e KidsFest dimanche \u00e0 Sidi Bou Sa\u00efd","datePublished":"2016-04-08T12:56:16+00:00","dateModified":"2016-04-08T12:56:54+00:00","mainEntityOfPage":{"@id":"https:\/\/kapitalis.com\/tunisie\/2016\/04\/08\/le-3e-kidsfest-dimanche-a-sidi-bou-said\/"},"wordCount":111,"commentCount":0,"publisher":{"@id":"https:\/\/kapitalis.com\/tunisie\/#organization"},"image":{"@id":"https:\/\/kapitalis.com\/tunisie\/2016\/04\/08\/le-3e-kidsfest-dimanche-a-sidi-bou-said\/#primaryimage"},"thumbnailUrl":"","keywords":["enfants","Festival","paix","Sidi Bou Sa\u00efd"],"articleSection":["CULTURE","Tunisie"],"inLanguage":"fr-FR","potentialAction":[{"@type":"CommentAction","name":"Comment","target":["https:\/\/kapitalis.com\/tunisie\/2016\/04\/08\/le-3e-kidsfest-dimanche-a-sidi-bou-said\/#respond"]}]},{"@type":"WebPage","@id":"https:\/\/kapitalis.com\/tunisie\/2016\/04\/08\/le-3e-kidsfest-dimanche-a-sidi-bou-said\/","url":"https:\/\/kapitalis.com\/tunisie\/2016\/04\/08\/le-3e-kidsfest-dimanche-a-sidi-bou-said\/","name":"Le 3e KidsFest dimanche \u00e0 Sidi Bou Sa\u00efd - Kapitalis","isPartOf":{"@id":"https:\/\/kapitalis.com\/tunisie\/#website"},"primaryImageOfPage":{"@id":"https:\/\/kapitalis.com\/tunisie\/2016\/04\/08\/le-3e-kidsfest-dimanche-a-sidi-bou-said\/#primaryimage"},"image":{"@id":"https:\/\/kapitalis.com\/tunisie\/2016\/04\/08\/le-3e-kidsfest-dimanche-a-sidi-bou-said\/#primaryimage"},"thumbnailUrl":"","datePublished":"2016-04-08T12:56:16+00:00","dateModified":"2016-04-08T12:56:54+00:00","breadcrumb":{"@id":"https:\/\/kapitalis.com\/tunisie\/2016\/04\/08\/le-3e-kidsfest-dimanche-a-sidi-bou-said\/#breadcrumb"},"inLanguage":"fr-FR","potentialAction":[{"@type":"ReadAction","target":["https:\/\/kapitalis.com\/tunisie\/2016\/04\/08\/le-3e-kidsfest-dimanche-a-sidi-bou-said\/"]}]},{"@type":"ImageObject","inLanguage":"fr-FR","@id":"https:\/\/kapitalis.com\/tunisie\/2016\/04\/08\/le-3e-kidsfest-dimanche-a-sidi-bou-said\/#primaryimage","url":"","contentUrl":""},{"@type":"BreadcrumbList","@id":"https:\/\/kapitalis.com\/tunisie\/2016\/04\/08\/le-3e-kidsfest-dimanche-a-sidi-bou-said\/#breadcrumb","itemListElement":[{"@type":"ListItem","position":1,"name":"Accueil","item":"https:\/\/kapitalis.com\/tunisie\/"},{"@type":"ListItem","position":2,"name":"Le 3e KidsFest dimanche \u00e0 Sidi Bou Sa\u00efd"}]},{"@type":"WebSite","@id":"https:\/\/kapitalis.com\/tunisie\/#website","url":"https:\/\/kapitalis.com\/tunisie\/","name":"Kapitalis","description":"L&#039;actualit\u00e9 en Tunisie et dans le monde","publisher":{"@id":"https:\/\/kapitalis.com\/tunisie\/#organization"},"potentialAction":[{"@type":"SearchAction","target":{"@type":"EntryPoint","urlTemplate":"https:\/\/kapitalis.com\/tunisie\/?s={search_term_string}"},"query-input":{"@type":"PropertyValueSpecification","valueRequired":true,"valueName":"search_term_string"}}],"inLanguage":"fr-FR"},{"@type":"Organization","@id":"https:\/\/kapitalis.com\/tunisie\/#organization","name":"Kapitalis","url":"https:\/\/kapitalis.com\/tunisie\/","logo":{"@type":"ImageObject","inLanguage":"fr-FR","@id":"https:\/\/kapitalis.com\/tunisie\/#\/schema\/logo\/image\/","url":"https:\/\/kapitalis.com\/tunisie\/wp-content\/uploads\/2022\/05\/Kapitalis-big-size.png","contentUrl":"https:\/\/kapitalis.com\/tunisie\/wp-content\/uploads\/2022\/05\/Kapitalis-big-size.png","width":5000,"height":1500,"caption":"Kapitalis"},"image":{"@id":"https:\/\/kapitalis.com\/tunisie\/#\/schema\/logo\/image\/"},"sameAs":["https:\/\/www.facebook.com\/KapitalisInfo\/","https:\/\/x.com\/KapitalisInfo","https:\/\/www.youtube.com\/channel\/UC-yDYrHyfFBWWZaOw3FPg9Q"]},{"@type":"Person","@id":"https:\/\/kapitalis.com\/tunisie\/#\/schema\/person\/d71f33a9ca44f7bad4698210b480c8e9","name":"webmaster kapitalis","url":"https:\/\/kapitalis.com\/tunisie\/author\/webmaster-kapitalis\/"}]}},"_links":{"self":[{"href":"https:\/\/kapitalis.com\/tunisie\/wp-json\/wp\/v2\/posts\/46202","targetHints":{"allow":["GET"]}}],"collection":[{"href":"https:\/\/kapitalis.com\/tunisie\/wp-json\/wp\/v2\/posts"}],"about":[{"href":"https:\/\/kapitalis.com\/tunisie\/wp-json\/wp\/v2\/types\/post"}],"author":[{"embeddable":true,"href":"https:\/\/kapitalis.com\/tunisie\/wp-json\/wp\/v2\/users\/8"}],"replies":[{"embeddable":true,"href":"https:\/\/kapitalis.com\/tunisie\/wp-json\/wp\/v2\/comments?post=46202"}],"version-history":[{"count":0,"href":"https:\/\/kapitalis.com\/tunisie\/wp-json\/wp\/v2\/posts\/46202\/revisions"}],"wp:featuredmedia":[{"embeddable":true,"href":"https:\/\/kapitalis.com\/tunisie\/wp-json\/wp\/v2\/media\/46203"}],"wp:attachment":[{"href":"https:\/\/kapitalis.com\/tunisie\/wp-json\/wp\/v2\/media?parent=46202"}],"wp:term":[{"taxonomy":"category","embeddable":true,"href":"https:\/\/kapitalis.com\/tunisie\/wp-json\/wp\/v2\/categories?post=46202"},{"taxonomy":"post_tag","embeddable":true,"href":"https:\/\/kapitalis.com\/tunisie\/wp-json\/wp\/v2\/tags?post=46202"}],"curies":[{"name":"wp","href":"https:\/\/api.w.org\/{rel}","templated":true}]}}